{"id":156319,"date":"2018-04-08T22:16:32","date_gmt":"2018-04-09T01:16:32","guid":{"rendered":"http:\/\/franciscanos.org.br\/?p=156319"},"modified":"2019-04-04T21:03:02","modified_gmt":"2019-04-05T00:03:02","slug":"frei-roberto-aparecido-um-diacono-para-servir","status":"publish","type":"post","link":"https:\/\/franciscanos.org.br\/noticias\/frei-roberto-aparecido-um-diacono-para-servir.html","title":{"rendered":"Frei Roberto Aparecido: um di\u00e1cono para servir"},"content":{"rendered":"<p><strong><img loading=\"lazy\" src=\"http:\/\/franciscanos.org.br\/wp-content\/uploads\/2018\/04\/roberto_080418_1.jpg\" alt=\"roberto_080418_1\" width=\"830\" height=\"433\" \/><\/strong><\/p>\n<p><strong>Frei Marx Reis (texto) e Seminaristas do Semin\u00e1rio S\u00e3o Francisco (fotos)<\/strong><\/p>\n<p><strong>\u00a0Ituporanga (SC)<\/strong> \u00a0&#8211; \u201cAnimados pela ordena\u00e7\u00e3o diaconal de Frei Roberto n\u00f3s cantamos: \u201cDai gra\u00e7as ao Senhor, porque Ele \u00e9 bom; eterna \u00e9 sua miseric\u00f3rdia!\u201d. Com essas palavras, Dom On\u00e9cimo Alberton, bispo de Rio do Sul \u2013 SC, introduziu a celebra\u00e7\u00e3o de ordena\u00e7\u00e3o diaconal de Frei Roberto Aparecido Pereira, que ocorreu na Igreja Matriz Santo Est\u00eav\u00e3o de Ituporanga \u00e0s 10 horas, em um clima de festa e amizade.<\/p>\n<p>Natural de Len\u00e7\u00f3is Paulista, Frei Roberto Aparecido Pereira nasceu no dia 1\u00ba de agosto de 1987 e ingressou no Semin\u00e1rio Franciscano S\u00e3o Francisco de Assis de Ituporanga no ano de 2008. Hoje, ap\u00f3s dez anos, ele recebe o primeiro grau da Ordem, com a sua ordena\u00e7\u00e3o diaconal, no mesmo lugar em que deu os seus primeiros passos na Vida Religiosa Franciscana. Se outrora Ituporanga foi o lugar onde Deus o enviou para iniciar o caminho de frade menor, hoje essa terra \u00e9 o lugar onde ele dar\u00e1 os seus primeiros passos como Di\u00e1cono da Igreja e do povo de Deus.<\/p>\n<p>Estiveram presentes nessa celebra\u00e7\u00e3o a sua irm\u00e3, Luana Maria Leite Pereira, os confrades das Fraternidade local e vizinhas, os seminaristas e aspirantes franciscanos e os seminaristas diocesanos. A Igreja de Santo Est\u00eav\u00e3o ficou cheia de fi\u00e9is provenientes dos munic\u00edpios que comp\u00f5e a Par\u00f3quia.<\/p>\n<p><img loading=\"lazy\" class=\"alignright size-full wp-image-156321\" src=\"http:\/\/franciscanos.org.br\/wp-content\/uploads\/2018\/04\/roberto_080418_3.jpg\" alt=\"roberto_080418_3\" width=\"400\" height=\"364\" \/>Dom On\u00e9cimo iniciou a sua homilia saudando a todos os presentes e aos pais de Frei Roberto, com as seguintes palavras: \u201cAos pais de Frei Roberto nossa gratid\u00e3o, por t\u00e3o grande dom dado a igreja\u201d. O bispo afirmou que a ordena\u00e7\u00e3o diaconal de Frei Roberto nos une e nos faz externar: \u201cDai gra\u00e7as ao Senhor, porque Ele \u00e9 bom; eterna \u00e9 sua miseric\u00f3rdia! Pois a voca\u00e7\u00e3o do di\u00e1cono lembra-nos que a f\u00e9 crist\u00e3 \u00e9 uma voca\u00e7\u00e3o para servir. Convida-nos, portanto, a viver o nosso cristianismo em atitude de servi\u00e7o. Como Cristo se fez servo, tamb\u00e9m n\u00f3s, seus disc\u00edpulos somos chamados para servir: servir o Evangelho, servir os pobres, servir a Deus e todas as pessoas\u201d.<\/p>\n<p>O bispo ordenante ainda complementou afirmando que \u201cO Evangelho de hoje nos apresenta o Ressuscitado que entrou e mostrou os sinais da paix\u00e3o [&#8230;] Em nossa miss\u00e3o evangelizadora como Igreja diante de tantos desafios, j\u00e1 n\u00e3o temos o direito de continuar a dormir, presos \u00e0 mentalidade de s\u00e9culos passados e de permanecermos ref\u00e9ns de medos e trancados em falsas seguran\u00e7as [&#8230;] hoje \u00e9 preciso manifestar as marcas da paix\u00e3o\u201d.<\/p>\n<p><img loading=\"lazy\" src=\"http:\/\/franciscanos.org.br\/wp-content\/uploads\/2018\/04\/roberto_080418.jpg\" alt=\"roberto_080418\" width=\"830\" height=\"511\" \/><\/p>\n<h2>Agradecimentos de Frei Roberto<\/h2>\n<p>Frei Roberto agradeceu a Prov\u00edncia Franciscana e de modo especial a sua Fraternidade, que segundo ele, lhe ensina a cada dia a ser franciscano e amar os pobres em uma atitude de servi\u00e7o e gratid\u00e3o. Agradeceu tamb\u00e9m ao bispo Dom On\u00e9cimo por ser um pastor zeloso ao povo de Deus e por sua amizade. \u201cEu me surpreendi quando conhecei o senhor, por ser uma pessoas t\u00e3o simples e depois me surpreendi por sua amizade. Quando lhe convidei para presidir essa celebra\u00e7\u00e3o, tu nem hesitastes, mas prontamente se colocou dispon\u00edvel para presidir essa celebra\u00e7\u00e3o e inclusive os tr\u00eas dias do tr\u00edduo\u201d.<\/p>\n<p>Frei Roberto fez uma homenagem aos freis de Ituporanga, a Frei Alberto e Frei Robson, que se colocaram \u00e0 disposi\u00e7\u00e3o dessa ordena\u00e7\u00e3o desde o dia em que foi marcada e nesses \u00faltimos dias apresentaram como se serve ao Senhor Ressuscitado: \u201cNo primeiro dia do tr\u00edduo Frei Robson disse que se torna vis\u00edvel o servi\u00e7o ao Senhor nas coisas concretas da vida, quando somos capazes de trocar as fraldas de nossa m\u00e3e quando ela n\u00e3o lembra mais da gente devido ao Alzheimer. E hoje eles me apresentaram o Ressuscitado no cuidado fraterno, quando Frei Alberto precisa de aten\u00e7\u00e3o\u201d. Por fim, ele concluiu os seus agradecimentos pedindo para o povo rezar pela sa\u00fade de Frei Alberto e pelos pobres que necessitam da miseric\u00f3rdia divina.<\/p>\n","protected":false},"excerpt":{"rendered":"<p>Ordena\u00e7\u00e3o Diaconal<\/p>\n","protected":false},"author":1,"featured_media":202280,"comment_status":"open","ping_status":"open","sticky":false,"template":"","format":"standard","meta":[],"categories":[1],"tags":[552],"acf":[],"yoast_head":"<!-- This site is optimized with the Yoast SEO plugin v19.2 - https:\/\/yoast.com\/wordpress\/plugins\/seo\/ -->\n<title>Frei Roberto Aparecido: um di\u00e1cono para servir - Not\u00edcias - Franciscanos<\/title>\n<meta name=\"robots\" content=\"index, follow, max-snippet:-1, max-image-preview:large, max-video-preview:-1\" \/>\n<link rel=\"canonical\" href=\"https:\/\/franciscanos.org.br\/noticias\/frei-roberto-aparecido-um-diacono-para-servir.html\" \/>\n<meta property=\"og:locale\" content=\"pt_BR\" \/>\n<meta property=\"og:type\" content=\"article\" \/>\n<meta property=\"og:title\" content=\"Frei Roberto Aparecido: um di\u00e1cono para servir - Not\u00edcias - Franciscanos\" \/>\n<meta property=\"og:description\" content=\"Ordena\u00e7\u00e3o Diaconal\" \/>\n<meta property=\"og:url\" content=\"https:\/\/franciscanos.org.br\/noticias\/frei-roberto-aparecido-um-diacono-para-servir.html\" \/>\n<meta property=\"og:site_name\" content=\"Not\u00edcias - Franciscanos\" \/>\n<meta property=\"article:published_time\" content=\"2018-04-09T01:16:32+00:00\" \/>\n<meta property=\"article:modified_time\" content=\"2019-04-05T00:03:02+00:00\" \/>\n<meta property=\"og:image\" content=\"https:\/\/franciscanos.org.br\/noticias\/wp-content\/uploads\/2018\/04\/roberto_080418_1.jpg\" \/>\n\t<meta property=\"og:image:width\" content=\"273\" \/>\n\t<meta property=\"og:image:height\" content=\"181\" \/>\n\t<meta property=\"og:image:type\" content=\"image\/jpeg\" \/>\n<meta name=\"author\" content=\"admin\" \/>\n<meta name=\"twitter:card\" content=\"summary_large_image\" \/>\n<meta name=\"twitter:label1\" content=\"Escrito por\" \/>\n\t<meta name=\"twitter:data1\" content=\"admin\" \/>\n\t<meta name=\"twitter:label2\" content=\"Est. tempo de leitura\" \/>\n\t<meta name=\"twitter:data2\" content=\"3 minutos\" \/>\n<script type=\"application\/ld+json\" class=\"yoast-schema-graph\">{\"@context\":\"https:\/\/schema.org\",\"@graph\":[{\"@type\":\"WebSite\",\"@id\":\"https:\/\/franciscanos.org.br\/noticias\/#website\",\"url\":\"https:\/\/franciscanos.org.br\/noticias\/\",\"name\":\"Not\u00edcias - Franciscanos\",\"description\":\"Prov\u00edncia Franciscana da Imaculada Concei\u00e7\u00e3o do Brasil - Ordem dos Frades Menores - OFM\",\"potentialAction\":[{\"@type\":\"SearchAction\",\"target\":{\"@type\":\"EntryPoint\",\"urlTemplate\":\"https:\/\/franciscanos.org.br\/noticias\/?s={search_term_string}\"},\"query-input\":\"required name=search_term_string\"}],\"inLanguage\":\"pt-BR\"},{\"@type\":\"ImageObject\",\"inLanguage\":\"pt-BR\",\"@id\":\"https:\/\/franciscanos.org.br\/noticias\/frei-roberto-aparecido-um-diacono-para-servir.html#primaryimage\",\"url\":\"https:\/\/franciscanos.org.br\/noticias\/wp-content\/uploads\/2018\/04\/roberto_080418_1.jpg\",\"contentUrl\":\"https:\/\/franciscanos.org.br\/noticias\/wp-content\/uploads\/2018\/04\/roberto_080418_1.jpg\",\"width\":273,\"height\":181},{\"@type\":\"WebPage\",\"@id\":\"https:\/\/franciscanos.org.br\/noticias\/frei-roberto-aparecido-um-diacono-para-servir.html#webpage\",\"url\":\"https:\/\/franciscanos.org.br\/noticias\/frei-roberto-aparecido-um-diacono-para-servir.html\",\"name\":\"Frei Roberto Aparecido: um di\u00e1cono para servir - Not\u00edcias - Franciscanos\",\"isPartOf\":{\"@id\":\"https:\/\/franciscanos.org.br\/noticias\/#website\"},\"primaryImageOfPage\":{\"@id\":\"https:\/\/franciscanos.org.br\/noticias\/frei-roberto-aparecido-um-diacono-para-servir.html#primaryimage\"},\"datePublished\":\"2018-04-09T01:16:32+00:00\",\"dateModified\":\"2019-04-05T00:03:02+00:00\",\"author\":{\"@id\":\"https:\/\/franciscanos.org.br\/noticias\/#\/schema\/person\/b38fbf43118f02820bd932f2e4b14ad3\"},\"breadcrumb\":{\"@id\":\"https:\/\/franciscanos.org.br\/noticias\/frei-roberto-aparecido-um-diacono-para-servir.html#breadcrumb\"},\"inLanguage\":\"pt-BR\",\"potentialAction\":[{\"@type\":\"ReadAction\",\"target\":[\"https:\/\/franciscanos.org.br\/noticias\/frei-roberto-aparecido-um-diacono-para-servir.html\"]}]},{\"@type\":\"BreadcrumbList\",\"@id\":\"https:\/\/franciscanos.org.br\/noticias\/frei-roberto-aparecido-um-diacono-para-servir.html#breadcrumb\",\"itemListElement\":[{\"@type\":\"ListItem\",\"position\":1,\"name\":\"Home\",\"item\":\"https:\/\/franciscanos.org.br\/noticias\"},{\"@type\":\"ListItem\",\"position\":2,\"name\":\"Frei Roberto Aparecido: um di\u00e1cono para servir\"}]},{\"@type\":\"Person\",\"@id\":\"https:\/\/franciscanos.org.br\/noticias\/#\/schema\/person\/b38fbf43118f02820bd932f2e4b14ad3\",\"name\":\"admin\",\"image\":{\"@type\":\"ImageObject\",\"inLanguage\":\"pt-BR\",\"@id\":\"https:\/\/franciscanos.org.br\/noticias\/#\/schema\/person\/image\/\",\"url\":\"https:\/\/secure.gravatar.com\/avatar\/e8495742d34d0ba6448ea1c628263b3e?s=96&d=mm&r=g\",\"contentUrl\":\"https:\/\/secure.gravatar.com\/avatar\/e8495742d34d0ba6448ea1c628263b3e?s=96&d=mm&r=g\",\"caption\":\"admin\"},\"url\":\"https:\/\/franciscanos.org.br\/noticias\/author\/admin\"}]}<\/script>\n<!-- \/ Yoast SEO plugin. -->","yoast_head_json":{"title":"Frei Roberto Aparecido: um di\u00e1cono para servir - Not\u00edcias - Franciscanos","robots":{"index":"index","follow":"follow","max-snippet":"max-snippet:-1","max-image-preview":"max-image-preview:large","max-video-preview":"max-video-preview:-1"},"canonical":"https:\/\/franciscanos.org.br\/noticias\/frei-roberto-aparecido-um-diacono-para-servir.html","og_locale":"pt_BR","og_type":"article","og_title":"Frei Roberto Aparecido: um di\u00e1cono para servir - Not\u00edcias - Franciscanos","og_description":"Ordena\u00e7\u00e3o Diaconal","og_url":"https:\/\/franciscanos.org.br\/noticias\/frei-roberto-aparecido-um-diacono-para-servir.html","og_site_name":"Not\u00edcias - Franciscanos","article_published_time":"2018-04-09T01:16:32+00:00","article_modified_time":"2019-04-05T00:03:02+00:00","og_image":[{"width":273,"height":181,"url":"https:\/\/franciscanos.org.br\/noticias\/wp-content\/uploads\/2018\/04\/roberto_080418_1.jpg","type":"image\/jpeg"}],"author":"admin","twitter_card":"summary_large_image","twitter_misc":{"Escrito por":"admin","Est. tempo de leitura":"3 minutos"},"schema":{"@context":"https:\/\/schema.org","@graph":[{"@type":"WebSite","@id":"https:\/\/franciscanos.org.br\/noticias\/#website","url":"https:\/\/franciscanos.org.br\/noticias\/","name":"Not\u00edcias - Franciscanos","description":"Prov\u00edncia Franciscana da Imaculada Concei\u00e7\u00e3o do Brasil - Ordem dos Frades Menores - OFM","potentialAction":[{"@type":"SearchAction","target":{"@type":"EntryPoint","urlTemplate":"https:\/\/franciscanos.org.br\/noticias\/?s={search_term_string}"},"query-input":"required name=search_term_string"}],"inLanguage":"pt-BR"},{"@type":"ImageObject","inLanguage":"pt-BR","@id":"https:\/\/franciscanos.org.br\/noticias\/frei-roberto-aparecido-um-diacono-para-servir.html#primaryimage","url":"https:\/\/franciscanos.org.br\/noticias\/wp-content\/uploads\/2018\/04\/roberto_080418_1.jpg","contentUrl":"https:\/\/franciscanos.org.br\/noticias\/wp-content\/uploads\/2018\/04\/roberto_080418_1.jpg","width":273,"height":181},{"@type":"WebPage","@id":"https:\/\/franciscanos.org.br\/noticias\/frei-roberto-aparecido-um-diacono-para-servir.html#webpage","url":"https:\/\/franciscanos.org.br\/noticias\/frei-roberto-aparecido-um-diacono-para-servir.html","name":"Frei Roberto Aparecido: um di\u00e1cono para servir - Not\u00edcias - Franciscanos","isPartOf":{"@id":"https:\/\/franciscanos.org.br\/noticias\/#website"},"primaryImageOfPage":{"@id":"https:\/\/franciscanos.org.br\/noticias\/frei-roberto-aparecido-um-diacono-para-servir.html#primaryimage"},"datePublished":"2018-04-09T01:16:32+00:00","dateModified":"2019-04-05T00:03:02+00:00","author":{"@id":"https:\/\/franciscanos.org.br\/noticias\/#\/schema\/person\/b38fbf43118f02820bd932f2e4b14ad3"},"breadcrumb":{"@id":"https:\/\/franciscanos.org.br\/noticias\/frei-roberto-aparecido-um-diacono-para-servir.html#breadcrumb"},"inLanguage":"pt-BR","potentialAction":[{"@type":"ReadAction","target":["https:\/\/franciscanos.org.br\/noticias\/frei-roberto-aparecido-um-diacono-para-servir.html"]}]},{"@type":"BreadcrumbList","@id":"https:\/\/franciscanos.org.br\/noticias\/frei-roberto-aparecido-um-diacono-para-servir.html#breadcrumb","itemListElement":[{"@type":"ListItem","position":1,"name":"Home","item":"https:\/\/franciscanos.org.br\/noticias"},{"@type":"ListItem","position":2,"name":"Frei Roberto Aparecido: um di\u00e1cono para servir"}]},{"@type":"Person","@id":"https:\/\/franciscanos.org.br\/noticias\/#\/schema\/person\/b38fbf43118f02820bd932f2e4b14ad3","name":"admin","image":{"@type":"ImageObject","inLanguage":"pt-BR","@id":"https:\/\/franciscanos.org.br\/noticias\/#\/schema\/person\/image\/","url":"https:\/\/secure.gravatar.com\/avatar\/e8495742d34d0ba6448ea1c628263b3e?s=96&d=mm&r=g","contentUrl":"https:\/\/secure.gravatar.com\/avatar\/e8495742d34d0ba6448ea1c628263b3e?s=96&d=mm&r=g","caption":"admin"},"url":"https:\/\/franciscanos.org.br\/noticias\/author\/admin"}]}},"_links":{"self":[{"href":"https:\/\/franciscanos.org.br\/noticias\/wp-json\/wp\/v2\/posts\/156319"}],"collection":[{"href":"https:\/\/franciscanos.org.br\/noticias\/wp-json\/wp\/v2\/posts"}],"about":[{"href":"https:\/\/franciscanos.org.br\/noticias\/wp-json\/wp\/v2\/types\/post"}],"author":[{"embeddable":true,"href":"https:\/\/franciscanos.org.br\/noticias\/wp-json\/wp\/v2\/users\/1"}],"replies":[{"embeddable":true,"href":"https:\/\/franciscanos.org.br\/noticias\/wp-json\/wp\/v2\/comments?post=156319"}],"version-history":[{"count":0,"href":"https:\/\/franciscanos.org.br\/noticias\/wp-json\/wp\/v2\/posts\/156319\/revisions"}],"wp:featuredmedia":[{"embeddable":true,"href":"https:\/\/franciscanos.org.br\/noticias\/wp-json\/wp\/v2\/media\/202280"}],"wp:attachment":[{"href":"https:\/\/franciscanos.org.br\/noticias\/wp-json\/wp\/v2\/media?parent=156319"}],"wp:term":[{"taxonomy":"category","embeddable":true,"href":"https:\/\/franciscanos.org.br\/noticias\/wp-json\/wp\/v2\/categories?post=156319"},{"taxonomy":"post_tag","embeddable":true,"href":"https:\/\/franciscanos.org.br\/noticias\/wp-json\/wp\/v2\/tags?post=156319"}],"curies":[{"name":"wp","href":"https:\/\/api.w.org\/{rel}","templated":true}]}}