{"id":156166,"date":"2018-04-08T13:00:38","date_gmt":"2018-04-08T16:00:38","guid":{"rendered":"http:\/\/franciscanos.org.br\/?p=156166"},"modified":"2019-04-08T21:50:45","modified_gmt":"2019-04-09T00:50:45","slug":"d-dario-torne-a-sua-vida-uma-expressao-de-amor","status":"publish","type":"post","link":"https:\/\/franciscanos.org.br\/noticias\/d-dario-torne-a-sua-vida-uma-expressao-de-amor.html","title":{"rendered":"D. Dario: &#8220;Torne a sua vida uma express\u00e3o de amor&#8221;"},"content":{"rendered":"<p><img loading=\"lazy\" src=\"http:\/\/franciscanos.org.br\/wp-content\/uploads\/2018\/04\/sabado_080418_2.jpg\" alt=\"sabado_080418_2\" width=\"830\" height=\"614\" \/><\/p>\n<p><strong>Frei Augusto Luiz Gabriel e Moacir Beggo<\/strong><\/p>\n<p><strong>\u00a0<\/strong><strong>Vila Velha (ES)<\/strong> &#8211; Uma das romarias mais participativas da Festa da Penha \u00e9 a da Diocese de Cachoeiro de Itapemirim. Neste ano, celebrando 60 anos de funda\u00e7\u00e3o, seus fi\u00e9is devotos lotaram cerca de 50 \u00f4nibus, vans e um grande n\u00famero de ve\u00edculos particulares para participar desta homenagem a Nossa Senhora da Penha.<\/p>\n<p>O bispo franciscano Dom Dario Campos presidiu a Celebra\u00e7\u00e3o Eucar\u00edstica \u00e0s 15 horas e fez uma reflex\u00e3o, com base no tema da Campanha da Fraternidade deste ano, sobre o individualismo e desamor que imperam no nosso tempo. Para o povo, que n\u00e3o tinha como se locomover no Campinho lotado, brincou antes de fazer a homilia. &#8220;Eu conversei com o guardi\u00e3o da Penha, e ele disse que eu poderia fazer uma homilia at\u00e9 9 horas&#8221; (risos). E emendou: &#8220;S\u00f3 n\u00e3o poderia ficar depois da Romaria dos Homens, viu!&#8221; (mais risos). E fechando a brincadeira para riso geral, disse:\u00a0 &#8220;E depois ele iria convidar todo mundo para jantar!&#8221; Ele agradeceu com carinho a acolhida dos seus confrades franciscanos do Convento e saudou o bispo \u00a0auxiliar do Rio de Janeiro, Dom Juarez.<\/p>\n<p><img loading=\"lazy\" src=\"http:\/\/franciscanos.org.br\/wp-content\/uploads\/2018\/04\/sabado_080418_3.jpg\" alt=\"sabado_080418_3\" width=\"830\" height=\"515\" \/><\/p>\n<p>A Diocese de Cachoeiro de Itapemirim foi erigida canonicamente pelo Papa Pio XII, por meio da Bula &#8220;Cum Territorium&#8221;, de 16 de fevereiro de 1958, a partir de territ\u00f3rio desmembrado da ent\u00e3o Diocese do Esp\u00edrito Santo, hoje Arquidiocese de Vit\u00f3ria.<\/p>\n<p>Segundo D. Dario, vivemos num tempo em que muitos fizeram a op\u00e7\u00e3o por viver o individualismo. &#8220;Est\u00e1 muito marcada, hoje, essa quest\u00e3o do individualismo e que se agarra em inst\u00e2ncias muito tang\u00edveis. \u00c0s vezes, causa tristeza, solid\u00e3o, doen\u00e7a e morte. E cada vez mais temos que testemunhar o amor, porque o desamor impera nos nossos dias e na nossa vida. Ele vem, muitas vezes, disfar\u00e7ado pela falta de acolhida que vai se estabelecendo os relacionamentos humanos. Corremos o risco de descaracterizar o humano que est\u00e1 dentro de cada um de n\u00f3s&#8221;, alertou o bispo de Cachoeiro.<\/p>\n<p><img loading=\"lazy\" src=\"http:\/\/franciscanos.org.br\/wp-content\/uploads\/2018\/04\/sabado_080418_4.jpg\" alt=\"sabado_080418_4\" width=\"830\" height=\"452\" \/><\/p>\n<p>Citando o tema &#8220;Fraternidade e supera\u00e7\u00e3o da viol\u00eancia&#8221; da CF 2018, disse que quando falamos de viol\u00eancia, logo pensamos nas pessoas violentas e nas consequ\u00eancias que elas causam. &#8220;Acontece que a viol\u00eancia pode ser praticada em momentos e atitudes nossas que nem percebemos. Um destrato, um olhar indiferente, uma cr\u00edtica maldosa, uma fofoca, um relacionamento familiar com pouca falta de amor, falta de aten\u00e7\u00e3o para com a esposa, para com o esposo ou os filhos. Muitas vezes falta de tempo dentro de casa&#8221;, lamentou, revelando uma confiss\u00e3o de um jovem. &#8220;Certa vez um jovem me contou que estava querendo conversar com o pai \u00e0 noite, mas ele queria ver jornal, as novelas etc. Por mais que ele insistisse, o pai nunca tinha tempo.\u00a0 &#8220;Deixa pra depois! Deixa para o intervalo!&#8221; At\u00e9 que o menino ficou enfurecido, e disse: &#8220;O sr. s\u00f3 teve tempo para mim nove meses antes de eu nascer!&#8221;<\/p>\n<p>&#8220;Essa falta de carinho, de ternura, muitas vezes assola o nosso lar. Quando abrimos nosso jornal ou ligamos a TV, o que vemos? S\u00f3 manchetes desastrosas, que muitas vezes tiram o nosso sossego, j\u00e1 que est\u00e3o t\u00e3o carregadas de maldade e destrui\u00e7\u00e3o da vida. Diante dessa nossa realidade, podemos perguntar: Onde vamos parar? Que mundo estamos construindo para n\u00f3s e para nossos filhos?&#8221;, questionou.<\/p>\n<p><img loading=\"lazy\" src=\"http:\/\/franciscanos.org.br\/wp-content\/uploads\/2018\/04\/sabado_080418_5.jpg\" alt=\"sabado_080418_5\" width=\"830\" height=\"553\" \/><\/p>\n<p>Para ele, a resposta a essas perguntas est\u00e1 em voltar ao ideal de Deus. &#8220;Qual \u00e9 o ideal de nosso Deus? Qual \u00e9 o ideal de Jesus de Nazar\u00e9? Ideal de Jesus de Nazar\u00e9 \u00e9 um Deus que tudo criou e viu que tudo era bom. Ele jamais desiste de n\u00f3s. Durante toda a hist\u00f3ria do povo de Israel podemos perceber Deus se revelando enquanto n\u00e3o abandona seus filhos amados e prediletos. Mesmo quando o povo se revolta contra ele. Paciente e misericordioso, Ele se apresenta. Na ressurrei\u00e7\u00e3o de Jesus d\u00e1 essa prova m\u00e1xima de amor. E na ressurrei\u00e7\u00e3o que estamos celebrando, Deus proclama, Deus grita, pede que cada de um n\u00f3s: tire de dentro de seu cora\u00e7\u00e3o aquilo que \u00e9 mau, aquilo que n\u00e3o \u00e9 vida. Jogue, liberte-se disso, meu irm\u00e3o e minha irm\u00e3, porque o esp\u00edrito de amor vai renovando toda a face da Terra e n\u00f3s somos testemunhas de Jesus de Nazar\u00e9. Hoje, aqui, agora, temos que fazer tudo novo, tudo com amor&#8221;, ensinou.<\/p>\n<p>&#8220;O mundo que queremos para n\u00f3s \u00e9 o mundo que impera a vida. A viol\u00eancia e a morte n\u00e3o t\u00eam a palavra final. A palavra final \u00e9 a miseric\u00f3rdia e o amor de Deus&#8221;, disse.<\/p>\n<p>&#8220;Aqui presente, nesta tarde, ao constatar tamanha prova de amor de Deus por todos n\u00f3s, faz-se importante voltar o nosso cora\u00e7\u00e3o ao cora\u00e7\u00e3o de Deus e entender que Ele nos d\u00e1 oportunidade e aponta caminhos novos para cada um, para que torne a sua vida uma express\u00e3o de amor, que se prolongue pelo tempo, e que cada um, diante de um irm\u00e3o e irm\u00e3, n\u00e3o saia correndo de medo, mas possa correr em sua dire\u00e7\u00e3o para dar um abra\u00e7o de eterna alegria&#8221;, completou.<\/p>\n<p>No final, o guardi\u00e3o da Penha, Frei Paulo Pereira, deu os avisos e fez os agradecimentos.<\/p>\n<p><img loading=\"lazy\" src=\"http:\/\/franciscanos.org.br\/wp-content\/uploads\/2018\/04\/sabado_080418_1.jpg\" alt=\"sabado_080418_1\" width=\"830\" height=\"437\" \/><\/p>\n<p><strong>FREI MEDELLA TAMB\u00c9M PEDE PELA VIDA<\/strong><\/p>\n<p>O s\u00e9timo dia do Oitav\u00e1rio, o Momento Devocional Franciscano e Mariano, foi presidido neste s\u00e1bado (7\/4), antes da Santa Missa, pelo Definidor da Prov\u00edncia da Imaculada, Frei Gustavo Medella, que na sua reflex\u00e3o, partindo do tema &#8220;Frei Pal\u00e1cios recebido por Nossa Senhora no c\u00e9u&#8221;, pediu vida digna para todos.<\/p>\n<p>&#8220;Frei Pal\u00e1cios teve uma morte, que podemos considerar, uma morte santa. J\u00e1 de idade, debilitado, suas for\u00e7as se foram e ele partiu para perto da M\u00e3e&#8221;, disse Frei Gustavo, enquanto um leigo e uma jovem encenaram o frade sendo acolhido pela M\u00e3e de Deus.<\/p>\n<p>&#8220;Como crist\u00e3os n\u00f3s devemos lutar e trabalhar para que maior n\u00famero poss\u00edvel de pessoas tenham uma morte nessa situa\u00e7\u00e3o. E como n\u00f3s trabalhamos? Cuidando bem da vida&#8221;, ensinou Frei Medella.<\/p>\n<p><img loading=\"lazy\" src=\"http:\/\/franciscanos.org.br\/wp-content\/uploads\/2018\/04\/sabado_080418_6.jpg\" alt=\"sabado_080418_6\" width=\"830\" height=\"509\" \/><\/p>\n<p>&#8220;A mulher engravidou, aten\u00e7\u00e3o a ela! Cuidado, exame, todo acompanhamento m\u00e9dico; nasceu a crian\u00e7a: hospital, alimento, carinho, fam\u00edlia; cresceu, ficou maiorzinho: escola, atividades, valores, religi\u00e3o; ficou maior ainda: trabalho, orienta\u00e7\u00e3o, ajuda, carinho; adoeceu: cuidado, todo cuidado poss\u00edvel, m\u00e9dico, rem\u00e9dio, aten\u00e7\u00e3o, olhos atentos da fam\u00edlia, para que ent\u00e3o, quando Deus chamar, possa, mansamente, tomar o rumo da eternidade. Nada de tiro, nada de morte violenta, nada de viol\u00eancia, nada de agress\u00e3o, nada de malcria\u00e7\u00e3o, que machuca o cora\u00e7\u00e3o de Deus e o nosso. N\u00f3s nascemos para viver e, quando Deus chamar, n\u00f3s vamos na mansid\u00e3o do cora\u00e7\u00e3o. Ningu\u00e9m nasce para ter a vida ceifada num ato de estupidez, ignor\u00e2ncia, agress\u00e3o, de uma bala, de uma faca, de uma arma, que fere e mata e nada constr\u00f3i.\u00a0 Trabalhemos para que o maior n\u00famero de pessoas poss\u00edvel possa ter uma morte santa, aben\u00e7oada, assistida e que seja essa pessoa acolhida na miseric\u00f3rdia do Pai&#8221;, pediu Frei Medella.<\/p>\n<p><img loading=\"lazy\" src=\"http:\/\/franciscanos.org.br\/wp-content\/uploads\/2018\/04\/depoimento_110418.jpg\" alt=\"depoimento_110418\" width=\"830\" height=\"500\" \/><\/p>\n<p><strong>A PROMESSA DE IGOR E PATR\u00cdCIA<\/strong><\/p>\n<p>Em todas as Celebra\u00e7\u00f5es no Campinho, a devota Patr\u00edcia Eggert Daniel est\u00e1 acompanhada com seu filho, Igor, e uma imagem de pano de Nossa Senhora da Penha. Ela e o filho pagam uma promessa de sete anos. Este ano \u00e9 o sexto desta peregrina\u00e7\u00e3o, coincidindo com o m\u00eas de nascimento do seu filho Igor.<\/p>\n<p>&#8220;Depois de muito tempo fazendo tratamento para engravidar, a m\u00e9dica me disse que eu s\u00f3 poderia ter filhos fazendo insemina\u00e7\u00e3o artificial. Ent\u00e3o, resolvi fazer uma promessa a Nossa Senhora da Penha: se eu conseguisse realizar o meu sonho, iria participar das missas no seu dia. Depois de 7 anos, consegui a gra\u00e7a de engravidar, e naturalmente&#8221;, conta Patr\u00edcia.<\/p>\n<p>Mas uma nova prova\u00e7\u00e3o surgiu no seu caminho: &#8220;Quando completei 12 semanas, fiz um exame de rotina gestacional. O m\u00e9dico n\u00e3o gostou do resultado e, com o parecer de outros m\u00e9dicos, informaram-me que meu beb\u00ea teria 50% de chances de nascer com s\u00edndrome de Down. Fiquei muito abalada mas n\u00e3o perdi a minha f\u00e9. Aos p\u00e9s de Nossa Senhora da Penha, depois de muito choro, entreguei o meu beb\u00ea aos cuidados dela! E reforcei a promessa que tinha feito h\u00e1 7 anos! Ainda n\u00e3o sabia o sexo do beb\u00ea, mas prometi que se nascesse com sa\u00fade, apesar da s\u00edndrome, iria fazer todo o Oitav\u00e1rio e Missa durante 7 anos. Se fosse menina, ela iria vestida de Nossa Senhora da Penha; se fosse menino, iria confeccionar uma imagem para ele levar em m\u00e3os durante os sete anos todos os dias do Oitav\u00e1rio. Fiz acompanhamento gestacional com ultrassom mensal, mas n\u00e3o quis realizar o exame que colhe l\u00edquido amni\u00f3tico da placenta pelo risco de aborto. Com isso, s\u00f3 ao nascer conhecer\u00edamos suas condi\u00e7\u00f5es f\u00edsicas. Ao nascer, a emo\u00e7\u00e3o foi inimagin\u00e1vel! Pois, al\u00e9m de eu estar com meu pequeno nos bra\u00e7os, ele nasceu saud\u00e1vel e sem a s\u00edndrome. Eu tinha f\u00e9, e acreditava fielmente que a M\u00e3e tinha me concedido a minha gra\u00e7a!&#8221;.<\/p>\n<p><iframe loading=\"lazy\" src=\"https:\/\/www.youtube.com\/embed\/MpbHMY-QV4g\" width=\"100%\" height=\"480\" frameborder=\"0\" allowfullscreen=\"allowfullscreen\"><\/iframe><\/p>\n<p>&nbsp;<\/p>\n","protected":false},"excerpt":{"rendered":"<p>Festa da Penha 2018<\/p>\n","protected":false},"author":1,"featured_media":202348,"comment_status":"open","ping_status":"open","sticky":false,"template":"","format":"standard","meta":[],"categories":[1],"tags":[245],"acf":[],"yoast_head":"<!-- This site is optimized with the Yoast SEO plugin v19.2 - https:\/\/yoast.com\/wordpress\/plugins\/seo\/ -->\n<title>D. Dario: &quot;Torne a sua vida uma express\u00e3o de amor&quot; - Not\u00edcias - Franciscanos<\/title>\n<meta name=\"robots\" content=\"index, follow, max-snippet:-1, max-image-preview:large, max-video-preview:-1\" \/>\n<link rel=\"canonical\" href=\"https:\/\/franciscanos.org.br\/noticias\/d-dario-torne-a-sua-vida-uma-expressao-de-amor.html\" \/>\n<meta property=\"og:locale\" content=\"pt_BR\" \/>\n<meta property=\"og:type\" content=\"article\" \/>\n<meta property=\"og:title\" content=\"D. Dario: &quot;Torne a sua vida uma express\u00e3o de amor&quot; - Not\u00edcias - Franciscanos\" \/>\n<meta property=\"og:description\" content=\"Festa da Penha 2018\" \/>\n<meta property=\"og:url\" content=\"https:\/\/franciscanos.org.br\/noticias\/d-dario-torne-a-sua-vida-uma-expressao-de-amor.html\" \/>\n<meta property=\"og:site_name\" content=\"Not\u00edcias - Franciscanos\" \/>\n<meta property=\"article:published_time\" content=\"2018-04-08T16:00:38+00:00\" \/>\n<meta property=\"article:modified_time\" content=\"2019-04-09T00:50:45+00:00\" \/>\n<meta property=\"og:image\" content=\"https:\/\/franciscanos.org.br\/noticias\/wp-content\/uploads\/2018\/04\/sabado_080418_2.jpg\" \/>\n\t<meta property=\"og:image:width\" content=\"273\" \/>\n\t<meta property=\"og:image:height\" content=\"181\" \/>\n\t<meta property=\"og:image:type\" content=\"image\/jpeg\" \/>\n<meta name=\"author\" content=\"admin\" \/>\n<meta name=\"twitter:card\" content=\"summary_large_image\" \/>\n<meta name=\"twitter:label1\" content=\"Escrito por\" \/>\n\t<meta name=\"twitter:data1\" content=\"admin\" \/>\n\t<meta name=\"twitter:label2\" content=\"Est. tempo de leitura\" \/>\n\t<meta name=\"twitter:data2\" content=\"8 minutos\" \/>\n<script type=\"application\/ld+json\" class=\"yoast-schema-graph\">{\"@context\":\"https:\/\/schema.org\",\"@graph\":[{\"@type\":\"WebSite\",\"@id\":\"https:\/\/franciscanos.org.br\/noticias\/#website\",\"url\":\"https:\/\/franciscanos.org.br\/noticias\/\",\"name\":\"Not\u00edcias - Franciscanos\",\"description\":\"Prov\u00edncia Franciscana da Imaculada Concei\u00e7\u00e3o do Brasil - Ordem dos Frades Menores - OFM\",\"potentialAction\":[{\"@type\":\"SearchAction\",\"target\":{\"@type\":\"EntryPoint\",\"urlTemplate\":\"https:\/\/franciscanos.org.br\/noticias\/?s={search_term_string}\"},\"query-input\":\"required name=search_term_string\"}],\"inLanguage\":\"pt-BR\"},{\"@type\":\"ImageObject\",\"inLanguage\":\"pt-BR\",\"@id\":\"https:\/\/franciscanos.org.br\/noticias\/d-dario-torne-a-sua-vida-uma-expressao-de-amor.html#primaryimage\",\"url\":\"https:\/\/franciscanos.org.br\/noticias\/wp-content\/uploads\/2018\/04\/sabado_080418_2.jpg\",\"contentUrl\":\"https:\/\/franciscanos.org.br\/noticias\/wp-content\/uploads\/2018\/04\/sabado_080418_2.jpg\",\"width\":273,\"height\":181},{\"@type\":\"WebPage\",\"@id\":\"https:\/\/franciscanos.org.br\/noticias\/d-dario-torne-a-sua-vida-uma-expressao-de-amor.html#webpage\",\"url\":\"https:\/\/franciscanos.org.br\/noticias\/d-dario-torne-a-sua-vida-uma-expressao-de-amor.html\",\"name\":\"D. Dario: \\\"Torne a sua vida uma express\u00e3o de amor\\\" - Not\u00edcias - Franciscanos\",\"isPartOf\":{\"@id\":\"https:\/\/franciscanos.org.br\/noticias\/#website\"},\"primaryImageOfPage\":{\"@id\":\"https:\/\/franciscanos.org.br\/noticias\/d-dario-torne-a-sua-vida-uma-expressao-de-amor.html#primaryimage\"},\"datePublished\":\"2018-04-08T16:00:38+00:00\",\"dateModified\":\"2019-04-09T00:50:45+00:00\",\"author\":{\"@id\":\"https:\/\/franciscanos.org.br\/noticias\/#\/schema\/person\/b38fbf43118f02820bd932f2e4b14ad3\"},\"breadcrumb\":{\"@id\":\"https:\/\/franciscanos.org.br\/noticias\/d-dario-torne-a-sua-vida-uma-expressao-de-amor.html#breadcrumb\"},\"inLanguage\":\"pt-BR\",\"potentialAction\":[{\"@type\":\"ReadAction\",\"target\":[\"https:\/\/franciscanos.org.br\/noticias\/d-dario-torne-a-sua-vida-uma-expressao-de-amor.html\"]}]},{\"@type\":\"BreadcrumbList\",\"@id\":\"https:\/\/franciscanos.org.br\/noticias\/d-dario-torne-a-sua-vida-uma-expressao-de-amor.html#breadcrumb\",\"itemListElement\":[{\"@type\":\"ListItem\",\"position\":1,\"name\":\"Home\",\"item\":\"https:\/\/franciscanos.org.br\/noticias\"},{\"@type\":\"ListItem\",\"position\":2,\"name\":\"D. Dario: &#8220;Torne a sua vida uma express\u00e3o de amor&#8221;\"}]},{\"@type\":\"Person\",\"@id\":\"https:\/\/franciscanos.org.br\/noticias\/#\/schema\/person\/b38fbf43118f02820bd932f2e4b14ad3\",\"name\":\"admin\",\"image\":{\"@type\":\"ImageObject\",\"inLanguage\":\"pt-BR\",\"@id\":\"https:\/\/franciscanos.org.br\/noticias\/#\/schema\/person\/image\/\",\"url\":\"https:\/\/secure.gravatar.com\/avatar\/e8495742d34d0ba6448ea1c628263b3e?s=96&d=mm&r=g\",\"contentUrl\":\"https:\/\/secure.gravatar.com\/avatar\/e8495742d34d0ba6448ea1c628263b3e?s=96&d=mm&r=g\",\"caption\":\"admin\"},\"url\":\"https:\/\/franciscanos.org.br\/noticias\/author\/admin\"}]}<\/script>\n<!-- \/ Yoast SEO plugin. -->","yoast_head_json":{"title":"D. Dario: \"Torne a sua vida uma express\u00e3o de amor\" - Not\u00edcias - Franciscanos","robots":{"index":"index","follow":"follow","max-snippet":"max-snippet:-1","max-image-preview":"max-image-preview:large","max-video-preview":"max-video-preview:-1"},"canonical":"https:\/\/franciscanos.org.br\/noticias\/d-dario-torne-a-sua-vida-uma-expressao-de-amor.html","og_locale":"pt_BR","og_type":"article","og_title":"D. Dario: \"Torne a sua vida uma express\u00e3o de amor\" - Not\u00edcias - Franciscanos","og_description":"Festa da Penha 2018","og_url":"https:\/\/franciscanos.org.br\/noticias\/d-dario-torne-a-sua-vida-uma-expressao-de-amor.html","og_site_name":"Not\u00edcias - Franciscanos","article_published_time":"2018-04-08T16:00:38+00:00","article_modified_time":"2019-04-09T00:50:45+00:00","og_image":[{"width":273,"height":181,"url":"https:\/\/franciscanos.org.br\/noticias\/wp-content\/uploads\/2018\/04\/sabado_080418_2.jpg","type":"image\/jpeg"}],"author":"admin","twitter_card":"summary_large_image","twitter_misc":{"Escrito por":"admin","Est. tempo de leitura":"8 minutos"},"schema":{"@context":"https:\/\/schema.org","@graph":[{"@type":"WebSite","@id":"https:\/\/franciscanos.org.br\/noticias\/#website","url":"https:\/\/franciscanos.org.br\/noticias\/","name":"Not\u00edcias - Franciscanos","description":"Prov\u00edncia Franciscana da Imaculada Concei\u00e7\u00e3o do Brasil - Ordem dos Frades Menores - OFM","potentialAction":[{"@type":"SearchAction","target":{"@type":"EntryPoint","urlTemplate":"https:\/\/franciscanos.org.br\/noticias\/?s={search_term_string}"},"query-input":"required name=search_term_string"}],"inLanguage":"pt-BR"},{"@type":"ImageObject","inLanguage":"pt-BR","@id":"https:\/\/franciscanos.org.br\/noticias\/d-dario-torne-a-sua-vida-uma-expressao-de-amor.html#primaryimage","url":"https:\/\/franciscanos.org.br\/noticias\/wp-content\/uploads\/2018\/04\/sabado_080418_2.jpg","contentUrl":"https:\/\/franciscanos.org.br\/noticias\/wp-content\/uploads\/2018\/04\/sabado_080418_2.jpg","width":273,"height":181},{"@type":"WebPage","@id":"https:\/\/franciscanos.org.br\/noticias\/d-dario-torne-a-sua-vida-uma-expressao-de-amor.html#webpage","url":"https:\/\/franciscanos.org.br\/noticias\/d-dario-torne-a-sua-vida-uma-expressao-de-amor.html","name":"D. Dario: \"Torne a sua vida uma express\u00e3o de amor\" - Not\u00edcias - Franciscanos","isPartOf":{"@id":"https:\/\/franciscanos.org.br\/noticias\/#website"},"primaryImageOfPage":{"@id":"https:\/\/franciscanos.org.br\/noticias\/d-dario-torne-a-sua-vida-uma-expressao-de-amor.html#primaryimage"},"datePublished":"2018-04-08T16:00:38+00:00","dateModified":"2019-04-09T00:50:45+00:00","author":{"@id":"https:\/\/franciscanos.org.br\/noticias\/#\/schema\/person\/b38fbf43118f02820bd932f2e4b14ad3"},"breadcrumb":{"@id":"https:\/\/franciscanos.org.br\/noticias\/d-dario-torne-a-sua-vida-uma-expressao-de-amor.html#breadcrumb"},"inLanguage":"pt-BR","potentialAction":[{"@type":"ReadAction","target":["https:\/\/franciscanos.org.br\/noticias\/d-dario-torne-a-sua-vida-uma-expressao-de-amor.html"]}]},{"@type":"BreadcrumbList","@id":"https:\/\/franciscanos.org.br\/noticias\/d-dario-torne-a-sua-vida-uma-expressao-de-amor.html#breadcrumb","itemListElement":[{"@type":"ListItem","position":1,"name":"Home","item":"https:\/\/franciscanos.org.br\/noticias"},{"@type":"ListItem","position":2,"name":"D. Dario: &#8220;Torne a sua vida uma express\u00e3o de amor&#8221;"}]},{"@type":"Person","@id":"https:\/\/franciscanos.org.br\/noticias\/#\/schema\/person\/b38fbf43118f02820bd932f2e4b14ad3","name":"admin","image":{"@type":"ImageObject","inLanguage":"pt-BR","@id":"https:\/\/franciscanos.org.br\/noticias\/#\/schema\/person\/image\/","url":"https:\/\/secure.gravatar.com\/avatar\/e8495742d34d0ba6448ea1c628263b3e?s=96&d=mm&r=g","contentUrl":"https:\/\/secure.gravatar.com\/avatar\/e8495742d34d0ba6448ea1c628263b3e?s=96&d=mm&r=g","caption":"admin"},"url":"https:\/\/franciscanos.org.br\/noticias\/author\/admin"}]}},"_links":{"self":[{"href":"https:\/\/franciscanos.org.br\/noticias\/wp-json\/wp\/v2\/posts\/156166"}],"collection":[{"href":"https:\/\/franciscanos.org.br\/noticias\/wp-json\/wp\/v2\/posts"}],"about":[{"href":"https:\/\/franciscanos.org.br\/noticias\/wp-json\/wp\/v2\/types\/post"}],"author":[{"embeddable":true,"href":"https:\/\/franciscanos.org.br\/noticias\/wp-json\/wp\/v2\/users\/1"}],"replies":[{"embeddable":true,"href":"https:\/\/franciscanos.org.br\/noticias\/wp-json\/wp\/v2\/comments?post=156166"}],"version-history":[{"count":0,"href":"https:\/\/franciscanos.org.br\/noticias\/wp-json\/wp\/v2\/posts\/156166\/revisions"}],"wp:featuredmedia":[{"embeddable":true,"href":"https:\/\/franciscanos.org.br\/noticias\/wp-json\/wp\/v2\/media\/202348"}],"wp:attachment":[{"href":"https:\/\/franciscanos.org.br\/noticias\/wp-json\/wp\/v2\/media?parent=156166"}],"wp:term":[{"taxonomy":"category","embeddable":true,"href":"https:\/\/franciscanos.org.br\/noticias\/wp-json\/wp\/v2\/categories?post=156166"},{"taxonomy":"post_tag","embeddable":true,"href":"https:\/\/franciscanos.org.br\/noticias\/wp-json\/wp\/v2\/tags?post=156166"}],"curies":[{"name":"wp","href":"https:\/\/api.w.org\/{rel}","templated":true}]}}