{"id":15613,"date":"2012-04-13T08:33:43","date_gmt":"2012-04-13T11:33:43","guid":{"rendered":"http:\/\/new.franciscanos.org.br\/?p=15613"},"modified":"2020-06-16T16:08:53","modified_gmt":"2020-06-16T19:08:53","slug":"nota-da-cnbb-sobre-o-aborto-de-feto-anencefalico","status":"publish","type":"post","link":"https:\/\/franciscanos.org.br\/noticias\/nota-da-cnbb-sobre-o-aborto-de-feto-anencefalico.html","title":{"rendered":"Nota da CNBB sobre o aborto de Feto \u201cAnencef\u00e1lico\u201d"},"content":{"rendered":"<p><a href=\"http:\/\/franciscanos.org.br\/wp-content\/uploads\/2012\/04\/1956_130412.jpg\"><img loading=\"lazy\" class=\"alignright size-full wp-image-15614\" title=\"1956_130412\" src=\"http:\/\/franciscanos.org.br\/wp-content\/uploads\/2012\/04\/1956_130412.jpg\" alt=\"\" width=\"270\" height=\"191\" \/><\/a>A Confer\u00eancia Nacional dos bispos do Brasil, logo ap\u00f3s a conclus\u00e3o do julgamento do Supremo Tribunal Federal sobre a Argui\u00e7\u00e3o de Descumprimento de Preceito Fundamental n\u00ba 54, emitiu nota oficial\u00a0 lamentando a decis\u00e3o. No texto, os bispos afirmam que &#8220;Legalizar o aborto de fetos com anencefalia, erroneamente diagnosticados como mortos cerebrais, \u00e9 descartar um ser humano fr\u00e1gil e indefeso&#8221;.<br \/>\nLeia a integra da Nota:<\/p>\n<p align=\"center\"><strong>Referente ao julgamento do Supremo Tribunal Federal sobre a Argui\u00e7\u00e3o de Descumprimento de Preceito Fundamental n\u00ba 54<\/strong><\/p>\n<p>\u00a0A Confer\u00eancia Nacional dos Bispos do Brasil \u2013 CNBB lamenta profundamente a decis\u00e3o do Supremo Tribunal Federal que descriminalizou o aborto de feto com anencefalia ao julgar favor\u00e1vel a Argui\u00e7\u00e3o de Descumprimento de Preceito Fundamental n. 54. Com esta decis\u00e3o, a Suprema Corte parece n\u00e3o ter levado em conta a prerrogativa do Congresso Nacional cuja responsabilidade \u00faltima \u00e9 legislar.<br \/>\nOs princ\u00edpios da \u201cinviolabilidade do direito \u00e0 vida\u201d, da \u201cdignidade da pessoa humana\u201d e da promo\u00e7\u00e3o do bem de todos, sem qualquer forma de discrimina\u00e7\u00e3o (cf. art. 5\u00b0, caput; 1\u00b0, III e 3\u00b0, IV, Constitui\u00e7\u00e3o Federal), referem-se tanto \u00e0 mulher quanto aos fetos anencef\u00e1licos. Quando a vida n\u00e3o \u00e9 respeitada, todos os outros direitos s\u00e3o menosprezados, e rompem-se as rela\u00e7\u00f5es mais profundas.<br \/>\nLegalizar o aborto de fetos com anencefalia, erroneamente diagnosticados como mortos cerebrais, \u00e9 descartar um ser humano fr\u00e1gil e indefeso. A \u00e9tica que pro\u00edbe a elimina\u00e7\u00e3o de um ser humano inocente, n\u00e3o aceita exce\u00e7\u00f5es. Os fetos anencef\u00e1licos, como todos os seres inocentes e fr\u00e1geis, n\u00e3o podem ser descartados e nem ter seus direitos fundamentais vilipendiados!<br \/>\nA gesta\u00e7\u00e3o de uma crian\u00e7a com anencefalia \u00e9 um drama para a fam\u00edlia, especialmente para a m\u00e3e. Considerar que o aborto \u00e9 a melhor op\u00e7\u00e3o para a mulher, al\u00e9m de negar o direito inviol\u00e1vel do nascituro, ignora as consequ\u00eancias psicol\u00f3gicas negativas para a m\u00e3e.\u00a0\u00a0 Estado e a sociedade devem oferecer \u00e0 gestante amparo e prote\u00e7\u00e3o<br \/>\nAo defender o direito \u00e0 vida dos anencef\u00e1licos, a Igreja se fundamenta numa vis\u00e3o antropol\u00f3gica do ser humano, baseando-se em argumentos teol\u00f3gicos \u00e9ticos, cient\u00edficos e jur\u00eddicos. Exclui-se, portanto, qualquer argumenta\u00e7\u00e3o que afirme tratar-se de inger\u00eancia da religi\u00e3o no Estado laico. A participa\u00e7\u00e3o efetiva na defesa e na promo\u00e7\u00e3o da dignidade e liberdade humanas deve ser legitimamente assegurada tamb\u00e9m \u00e0 Igreja.<br \/>\nA P\u00e1scoa de Jesus que comemora a vit\u00f3ria da vida sobre a morte, nos inspira a reafirmar com convic\u00e7\u00e3o que a vida humana \u00e9 sagrada e sua dignidade inviol\u00e1vel.<br \/>\nNossa Senhora Aparecida, Padroeira do Brasil, nos ajude em nossa miss\u00e3o de fazer ecoar a Palavra de Deus: \u201cEscolhe, pois, a vida\u201d (<em>Dt<\/em> 30,19).<\/p>\n<p><strong>Cardeal Raymundo Damasceno Assis<\/strong>,\u00a0 Arcebispo de Aparecida, Presidente da CNBB<br \/>\n<strong>Leonardo Ulrich Steiner<\/strong>, Bispo Auxiliar de Bras\u00edlia, Secret\u00e1rio Geral da CNBB<\/p>\n","protected":false},"excerpt":{"rendered":"<p>CNBB<\/p>\n","protected":false},"author":1,"featured_media":211150,"comment_status":"closed","ping_status":"closed","sticky":false,"template":"","format":"standard","meta":[],"categories":[1],"tags":[29],"acf":[],"yoast_head":"<!-- This site is optimized with the Yoast SEO plugin v19.2 - https:\/\/yoast.com\/wordpress\/plugins\/seo\/ -->\n<title>Nota da CNBB sobre o aborto de Feto \u201cAnencef\u00e1lico\u201d - Not\u00edcias - Franciscanos<\/title>\n<meta name=\"robots\" content=\"index, follow, max-snippet:-1, max-image-preview:large, max-video-preview:-1\" \/>\n<link rel=\"canonical\" href=\"https:\/\/franciscanos.org.br\/noticias\/nota-da-cnbb-sobre-o-aborto-de-feto-anencefalico.html\" \/>\n<meta property=\"og:locale\" content=\"pt_BR\" \/>\n<meta property=\"og:type\" content=\"article\" \/>\n<meta property=\"og:title\" content=\"Nota da CNBB sobre o aborto de Feto \u201cAnencef\u00e1lico\u201d - Not\u00edcias - Franciscanos\" \/>\n<meta property=\"og:description\" content=\"CNBB\" \/>\n<meta property=\"og:url\" content=\"https:\/\/franciscanos.org.br\/noticias\/nota-da-cnbb-sobre-o-aborto-de-feto-anencefalico.html\" \/>\n<meta property=\"og:site_name\" content=\"Not\u00edcias - Franciscanos\" \/>\n<meta property=\"article:published_time\" content=\"2012-04-13T11:33:43+00:00\" \/>\n<meta property=\"article:modified_time\" content=\"2020-06-16T19:08:53+00:00\" \/>\n<meta property=\"og:image\" content=\"https:\/\/franciscanos.org.br\/noticias\/wp-content\/uploads\/2012\/04\/1956_130412.jpg\" \/>\n\t<meta property=\"og:image:width\" content=\"273\" \/>\n\t<meta property=\"og:image:height\" content=\"181\" \/>\n\t<meta property=\"og:image:type\" content=\"image\/jpeg\" \/>\n<meta name=\"author\" content=\"admin\" \/>\n<meta name=\"twitter:card\" content=\"summary_large_image\" \/>\n<meta name=\"twitter:label1\" content=\"Escrito por\" \/>\n\t<meta name=\"twitter:data1\" content=\"admin\" \/>\n\t<meta name=\"twitter:label2\" content=\"Est. tempo de leitura\" \/>\n\t<meta name=\"twitter:data2\" content=\"2 minutos\" \/>\n<script type=\"application\/ld+json\" class=\"yoast-schema-graph\">{\"@context\":\"https:\/\/schema.org\",\"@graph\":[{\"@type\":\"WebSite\",\"@id\":\"https:\/\/franciscanos.org.br\/noticias\/#website\",\"url\":\"https:\/\/franciscanos.org.br\/noticias\/\",\"name\":\"Not\u00edcias - Franciscanos\",\"description\":\"Prov\u00edncia Franciscana da Imaculada Concei\u00e7\u00e3o do Brasil - Ordem dos Frades Menores - OFM\",\"potentialAction\":[{\"@type\":\"SearchAction\",\"target\":{\"@type\":\"EntryPoint\",\"urlTemplate\":\"https:\/\/franciscanos.org.br\/noticias\/?s={search_term_string}\"},\"query-input\":\"required name=search_term_string\"}],\"inLanguage\":\"pt-BR\"},{\"@type\":\"ImageObject\",\"inLanguage\":\"pt-BR\",\"@id\":\"https:\/\/franciscanos.org.br\/noticias\/nota-da-cnbb-sobre-o-aborto-de-feto-anencefalico.html#primaryimage\",\"url\":\"https:\/\/franciscanos.org.br\/noticias\/wp-content\/uploads\/2012\/04\/1956_130412.jpg\",\"contentUrl\":\"https:\/\/franciscanos.org.br\/noticias\/wp-content\/uploads\/2012\/04\/1956_130412.jpg\",\"width\":273,\"height\":181},{\"@type\":\"WebPage\",\"@id\":\"https:\/\/franciscanos.org.br\/noticias\/nota-da-cnbb-sobre-o-aborto-de-feto-anencefalico.html#webpage\",\"url\":\"https:\/\/franciscanos.org.br\/noticias\/nota-da-cnbb-sobre-o-aborto-de-feto-anencefalico.html\",\"name\":\"Nota da CNBB sobre o aborto de Feto \u201cAnencef\u00e1lico\u201d - Not\u00edcias - Franciscanos\",\"isPartOf\":{\"@id\":\"https:\/\/franciscanos.org.br\/noticias\/#website\"},\"primaryImageOfPage\":{\"@id\":\"https:\/\/franciscanos.org.br\/noticias\/nota-da-cnbb-sobre-o-aborto-de-feto-anencefalico.html#primaryimage\"},\"datePublished\":\"2012-04-13T11:33:43+00:00\",\"dateModified\":\"2020-06-16T19:08:53+00:00\",\"author\":{\"@id\":\"https:\/\/franciscanos.org.br\/noticias\/#\/schema\/person\/b38fbf43118f02820bd932f2e4b14ad3\"},\"breadcrumb\":{\"@id\":\"https:\/\/franciscanos.org.br\/noticias\/nota-da-cnbb-sobre-o-aborto-de-feto-anencefalico.html#breadcrumb\"},\"inLanguage\":\"pt-BR\",\"potentialAction\":[{\"@type\":\"ReadAction\",\"target\":[\"https:\/\/franciscanos.org.br\/noticias\/nota-da-cnbb-sobre-o-aborto-de-feto-anencefalico.html\"]}]},{\"@type\":\"BreadcrumbList\",\"@id\":\"https:\/\/franciscanos.org.br\/noticias\/nota-da-cnbb-sobre-o-aborto-de-feto-anencefalico.html#breadcrumb\",\"itemListElement\":[{\"@type\":\"ListItem\",\"position\":1,\"name\":\"Home\",\"item\":\"https:\/\/franciscanos.org.br\/noticias\"},{\"@type\":\"ListItem\",\"position\":2,\"name\":\"Nota da CNBB sobre o aborto de Feto \u201cAnencef\u00e1lico\u201d\"}]},{\"@type\":\"Person\",\"@id\":\"https:\/\/franciscanos.org.br\/noticias\/#\/schema\/person\/b38fbf43118f02820bd932f2e4b14ad3\",\"name\":\"admin\",\"image\":{\"@type\":\"ImageObject\",\"inLanguage\":\"pt-BR\",\"@id\":\"https:\/\/franciscanos.org.br\/noticias\/#\/schema\/person\/image\/\",\"url\":\"https:\/\/secure.gravatar.com\/avatar\/e8495742d34d0ba6448ea1c628263b3e?s=96&d=mm&r=g\",\"contentUrl\":\"https:\/\/secure.gravatar.com\/avatar\/e8495742d34d0ba6448ea1c628263b3e?s=96&d=mm&r=g\",\"caption\":\"admin\"},\"url\":\"https:\/\/franciscanos.org.br\/noticias\/author\/admin\"}]}<\/script>\n<!-- \/ Yoast SEO plugin. -->","yoast_head_json":{"title":"Nota da CNBB sobre o aborto de Feto \u201cAnencef\u00e1lico\u201d - Not\u00edcias - Franciscanos","robots":{"index":"index","follow":"follow","max-snippet":"max-snippet:-1","max-image-preview":"max-image-preview:large","max-video-preview":"max-video-preview:-1"},"canonical":"https:\/\/franciscanos.org.br\/noticias\/nota-da-cnbb-sobre-o-aborto-de-feto-anencefalico.html","og_locale":"pt_BR","og_type":"article","og_title":"Nota da CNBB sobre o aborto de Feto \u201cAnencef\u00e1lico\u201d - Not\u00edcias - Franciscanos","og_description":"CNBB","og_url":"https:\/\/franciscanos.org.br\/noticias\/nota-da-cnbb-sobre-o-aborto-de-feto-anencefalico.html","og_site_name":"Not\u00edcias - Franciscanos","article_published_time":"2012-04-13T11:33:43+00:00","article_modified_time":"2020-06-16T19:08:53+00:00","og_image":[{"width":273,"height":181,"url":"https:\/\/franciscanos.org.br\/noticias\/wp-content\/uploads\/2012\/04\/1956_130412.jpg","type":"image\/jpeg"}],"author":"admin","twitter_card":"summary_large_image","twitter_misc":{"Escrito por":"admin","Est. tempo de leitura":"2 minutos"},"schema":{"@context":"https:\/\/schema.org","@graph":[{"@type":"WebSite","@id":"https:\/\/franciscanos.org.br\/noticias\/#website","url":"https:\/\/franciscanos.org.br\/noticias\/","name":"Not\u00edcias - Franciscanos","description":"Prov\u00edncia Franciscana da Imaculada Concei\u00e7\u00e3o do Brasil - Ordem dos Frades Menores - OFM","potentialAction":[{"@type":"SearchAction","target":{"@type":"EntryPoint","urlTemplate":"https:\/\/franciscanos.org.br\/noticias\/?s={search_term_string}"},"query-input":"required name=search_term_string"}],"inLanguage":"pt-BR"},{"@type":"ImageObject","inLanguage":"pt-BR","@id":"https:\/\/franciscanos.org.br\/noticias\/nota-da-cnbb-sobre-o-aborto-de-feto-anencefalico.html#primaryimage","url":"https:\/\/franciscanos.org.br\/noticias\/wp-content\/uploads\/2012\/04\/1956_130412.jpg","contentUrl":"https:\/\/franciscanos.org.br\/noticias\/wp-content\/uploads\/2012\/04\/1956_130412.jpg","width":273,"height":181},{"@type":"WebPage","@id":"https:\/\/franciscanos.org.br\/noticias\/nota-da-cnbb-sobre-o-aborto-de-feto-anencefalico.html#webpage","url":"https:\/\/franciscanos.org.br\/noticias\/nota-da-cnbb-sobre-o-aborto-de-feto-anencefalico.html","name":"Nota da CNBB sobre o aborto de Feto \u201cAnencef\u00e1lico\u201d - Not\u00edcias - Franciscanos","isPartOf":{"@id":"https:\/\/franciscanos.org.br\/noticias\/#website"},"primaryImageOfPage":{"@id":"https:\/\/franciscanos.org.br\/noticias\/nota-da-cnbb-sobre-o-aborto-de-feto-anencefalico.html#primaryimage"},"datePublished":"2012-04-13T11:33:43+00:00","dateModified":"2020-06-16T19:08:53+00:00","author":{"@id":"https:\/\/franciscanos.org.br\/noticias\/#\/schema\/person\/b38fbf43118f02820bd932f2e4b14ad3"},"breadcrumb":{"@id":"https:\/\/franciscanos.org.br\/noticias\/nota-da-cnbb-sobre-o-aborto-de-feto-anencefalico.html#breadcrumb"},"inLanguage":"pt-BR","potentialAction":[{"@type":"ReadAction","target":["https:\/\/franciscanos.org.br\/noticias\/nota-da-cnbb-sobre-o-aborto-de-feto-anencefalico.html"]}]},{"@type":"BreadcrumbList","@id":"https:\/\/franciscanos.org.br\/noticias\/nota-da-cnbb-sobre-o-aborto-de-feto-anencefalico.html#breadcrumb","itemListElement":[{"@type":"ListItem","position":1,"name":"Home","item":"https:\/\/franciscanos.org.br\/noticias"},{"@type":"ListItem","position":2,"name":"Nota da CNBB sobre o aborto de Feto \u201cAnencef\u00e1lico\u201d"}]},{"@type":"Person","@id":"https:\/\/franciscanos.org.br\/noticias\/#\/schema\/person\/b38fbf43118f02820bd932f2e4b14ad3","name":"admin","image":{"@type":"ImageObject","inLanguage":"pt-BR","@id":"https:\/\/franciscanos.org.br\/noticias\/#\/schema\/person\/image\/","url":"https:\/\/secure.gravatar.com\/avatar\/e8495742d34d0ba6448ea1c628263b3e?s=96&d=mm&r=g","contentUrl":"https:\/\/secure.gravatar.com\/avatar\/e8495742d34d0ba6448ea1c628263b3e?s=96&d=mm&r=g","caption":"admin"},"url":"https:\/\/franciscanos.org.br\/noticias\/author\/admin"}]}},"_links":{"self":[{"href":"https:\/\/franciscanos.org.br\/noticias\/wp-json\/wp\/v2\/posts\/15613"}],"collection":[{"href":"https:\/\/franciscanos.org.br\/noticias\/wp-json\/wp\/v2\/posts"}],"about":[{"href":"https:\/\/franciscanos.org.br\/noticias\/wp-json\/wp\/v2\/types\/post"}],"author":[{"embeddable":true,"href":"https:\/\/franciscanos.org.br\/noticias\/wp-json\/wp\/v2\/users\/1"}],"replies":[{"embeddable":true,"href":"https:\/\/franciscanos.org.br\/noticias\/wp-json\/wp\/v2\/comments?post=15613"}],"version-history":[{"count":1,"href":"https:\/\/franciscanos.org.br\/noticias\/wp-json\/wp\/v2\/posts\/15613\/revisions"}],"predecessor-version":[{"id":226565,"href":"https:\/\/franciscanos.org.br\/noticias\/wp-json\/wp\/v2\/posts\/15613\/revisions\/226565"}],"wp:featuredmedia":[{"embeddable":true,"href":"https:\/\/franciscanos.org.br\/noticias\/wp-json\/wp\/v2\/media\/211150"}],"wp:attachment":[{"href":"https:\/\/franciscanos.org.br\/noticias\/wp-json\/wp\/v2\/media?parent=15613"}],"wp:term":[{"taxonomy":"category","embeddable":true,"href":"https:\/\/franciscanos.org.br\/noticias\/wp-json\/wp\/v2\/categories?post=15613"},{"taxonomy":"post_tag","embeddable":true,"href":"https:\/\/franciscanos.org.br\/noticias\/wp-json\/wp\/v2\/tags?post=15613"}],"curies":[{"name":"wp","href":"https:\/\/api.w.org\/{rel}","templated":true}]}}