{"id":156081,"date":"2018-04-08T01:44:51","date_gmt":"2018-04-08T04:44:51","guid":{"rendered":"http:\/\/franciscanos.org.br\/?p=156081"},"modified":"2019-04-08T21:49:18","modified_gmt":"2019-04-09T00:49:18","slug":"maria-a-alegria-dos-caminhantes","status":"publish","type":"post","link":"https:\/\/franciscanos.org.br\/noticias\/maria-a-alegria-dos-caminhantes.html","title":{"rendered":"Maria, a alegria dos caminhantes"},"content":{"rendered":"<p><img loading=\"lazy\" src=\"http:\/\/franciscanos.org.br\/wp-content\/uploads\/2018\/04\/homens_080418_5.jpg\" alt=\"homens_080418_5\" width=\"830\" height=\"623\" \/><\/p>\n<p><strong>Frei Augusto Luiz Gabriel e Moacir Beggo<\/strong><\/p>\n<p><strong>Vila Velha (ES)<\/strong>\u00a0&#8211;\u00a0Virgem da Penha, Minha Alegria&#8221;. Foi com essa motiva\u00e7\u00e3o que uma multid\u00e3o de cerca de 700 mil romeiros foi \u00e0s ruas, rezando e cantando o tempo todo, sem incidentes, para homenagear Nossa Senhora da Penha na maior manifesta\u00e7\u00e3o religiosa do Estado do Esp\u00edrito Santo. Com esta Romaria dos Homens, neste s\u00e1bado (07\/4), 60 anos se passaram desde que passou a ser noturna, j\u00e1 que em 1958, sob o governo diocesano de Dom Jo\u00e3o Batista da Mota e Albuquerque, passou a ser noturna no s\u00e1bado que antecede a Festa, somente para homens. Mas ela foi institu\u00edda em 1955, por Dom Jos\u00e9 Joaquim Gon\u00e7alves, quando na \u00e9poca era diurna e frequentada por homens e mulheres (Carnielli, 2006, p. 124). Hoje, s\u00f3 no t\u00edtulo \u00e9 para homens. Ela \u00e9 a grande concentra\u00e7\u00e3o de todos os fi\u00e9is da Penha.<\/p>\n<p><iframe loading=\"lazy\" src=\"https:\/\/www.youtube.com\/embed\/Tc_koTXX28I\" width=\"100%\" height=\"480\" frameborder=\"0\" allowfullscreen=\"allowfullscreen\"><\/iframe><\/p>\n<p>Essa grandiosa manifesta\u00e7\u00e3o de f\u00e9 percorreu 14 quil\u00f4metros, entre as cidades de Vit\u00f3ria, a capital, e Vila Velha, onde est\u00e1 o Convento da Penha. Quase meia-noite ainda havia romeiros chegando no Parque da Prainha, enquanto Dom Luiz Mancilha presidia a Celebra\u00e7\u00e3o Eucar\u00edstica, encerrando esta grande manifesta\u00e7\u00e3o do Oitav\u00e1rio. A Missa foi\u00a0 concelebrada por D. Rubens Sevilha, sacerdotes de todo o Estado e os frades do Convento da Penha e da Prov\u00edncia da Imaculada Concei\u00e7\u00e3o.<\/p>\n<p><img loading=\"lazy\" src=\"http:\/\/franciscanos.org.br\/wp-content\/uploads\/2018\/04\/homens_080418_1.jpg\" alt=\"homens_080418_1\" width=\"830\" height=\"553\" \/><\/p>\n<p>Para o povo, n\u00e3o importa o tempo, se com calor, chuva ou ventos, no dia desta Romaria. Todos querem estar neste grande cortejo mariano. \u00c9 interessante ver a massa se formando aos poucos no entorno da Catedral. As velas acesas, aos poucos, iluminam a noite como um &#8220;rio&#8221; de vagalumes. Hoje, a tecnologia dos celulares se juntam \u00e0s velas para iluminar ainda mais a caminhada. Hoje, outra romaria cibern\u00e9tica tem in\u00edcio: a multid\u00e3o, de 700 mil pessoas reproduz em tempo real imagens e v\u00eddeos para o mundo inteiro.\u00a0 A partida s\u00f3 foi dada depois da Missa do envio, presidida por Dom Rubens Sevilha, \u00e0s 18 horas. \u00c0s 19h20, Dom Sevilha deu a b\u00ean\u00e7\u00e3o e pediu ao povo que caminhasse com Maria e Jesus Ressuscitado com muita calma.<\/p>\n<p>O in\u00edcio da romaria \u00e9 sempre emocionante: os sinos da Catedral avisam que chegou a hora da partida, as velas se acendem e um grupo de homens, conhecido como a \u201cCorrente da Penha\u201d ou \u201cGuardi\u00e3es da Penha\u201d, come\u00e7a a abrir caminho para o \u2018Penham\u00f3vel\u2019 passar, especialmente nas ruas mais estreitas do Centro da capital capixaba, a partir da pra\u00e7a Dom Luiz Scortegagna.<\/p>\n<p><img loading=\"lazy\" src=\"http:\/\/franciscanos.org.br\/wp-content\/uploads\/2018\/04\/homens_080418.jpg\" alt=\"homens_080418\" width=\"830\" height=\"553\" \/><\/p>\n<p>Nas ruas mais estreitas do centro de Vit\u00f3ria, a multid\u00e3o teve calma para esperar que a caminhada ganhasse ritmo. A primeira rua a reunir a multid\u00e3o na partida tem um nome especial: Frei Pedro Pal\u00e1cios, o dono da festa. At\u00e9 chegar \u00e0 Segunda Ponte, o percurso seguiu pelas ruas Jos\u00e9 Marcelino, Dr. Benjamim Costa, S\u00e3o Francisco, Caramuru, Cais de S\u00e3o Francisco e Cleto Nunes, al\u00e9m das avenidas Marcos de Azevedo, Duarte Lemos e Nair de Azevedo.<\/p>\n<p>Quando a marcha dos peregrinos de Maria atingiu a Segunda Ponte e a avenida Carlos Lindenberg (liberada nas duas pistas), o ritmo foi um pouco mais forte e, duas horas depois, alguns romeiros j\u00e1 chegavam na Prainha ou subiam o Morro da Penha. A grande multid\u00e3o, contudo, caminhou tranquilamente no trajeto, rezando e cantando, acompanhando os carros de som. No percurso de 14 quil\u00f4metros, o p\u00fablico foi se juntando \u00e0 marcha. Quem n\u00e3o quis caminhar, mesmo assim foi para as ruas e saudou os romeiros. A Prefeitura fez interdi\u00e7\u00f5es tamb\u00e9m em um trecho da Avenida Jer\u00f4nimo Monteiro e o in\u00edcio da Avenida Champagnat, at\u00e9 o acesso final \u00e0 Rua Ant\u00f4nio Ata\u00edde.<\/p>\n<p><img loading=\"lazy\" src=\"http:\/\/franciscanos.org.br\/wp-content\/uploads\/2018\/04\/homens_080418_2.jpg\" alt=\"homens_080418_2\" width=\"830\" height=\"533\" \/><\/p>\n<p>Do alto do trio el\u00e9trico, n\u00e3o se consegue ter uma vis\u00e3o total da multid\u00e3o. Ela perde de vista. Alguns c\u00e1lculos diziam de cinco a sete quil\u00f4metros tomados pela multid\u00e3o. O que se v\u00ea \u00e9 que, \u00e0 medida em que a Regi\u00e3o Metropolitana de Vit\u00f3ria cresce, a Romaria tamb\u00e9m cresce. No Esp\u00edrito Santo, 48% da popula\u00e7\u00e3o est\u00e1 na Grande Vit\u00f3ria. Dos mais de 4 milh\u00f5es de habitantes, 1.960.213 vivem em Vit\u00f3ria, Vila Velha, Serra, Cariacica, Viana, Fund\u00e3o e Guarapari (segundo dados do IBGE 2017). S\u00f3 a cidade de Serra tem mais de 500 mil habitantes.<\/p>\n<p>N\u00e3o bastasse isso, h\u00e1 romarias que v\u00eam de todas as cidades do Estado. S\u00f3 para se ter uma ideia, a Romaria da Diocese de S\u00e3o Mateus, que celebrou no Campinho \u00e0s 8 horas, trouxe mais 30 \u00f4nibus de romeiros, e a Romaria da Diocese de Cachoeiro de Itapemirim, que celebrou \u00e0s 15h00 no Campinho, trouxe mais de 50 \u00f4nibus. H\u00e1 romeiros que v\u00eam a p\u00e9, por exemplo, de Guarapari, cidade litor\u00e2nea pr\u00f3xima de Vila Velha. A prociss\u00e3o de Guarapari acontece h\u00e1 39 anos e os romeiros caminham aproximadamente 11 horas, sendo assistidos por uma equipe de apoio com socorristas e ambul\u00e2ncias.<\/p>\n<p><img loading=\"lazy\" src=\"http:\/\/franciscanos.org.br\/wp-content\/uploads\/2018\/04\/homens_080418_3.jpg\" alt=\"homens_080418_3\" width=\"830\" height=\"489\" \/><\/p>\n<p>Uma multid\u00e3o preferiu aguardar e garantir o lugar na Prainha para a Celebra\u00e7\u00e3o Eucar\u00edstica, que come\u00e7ou com a chegada da imagem \u00e0 Prainha por volta das 23h30, quando teve in\u00edcio a Santa Missa presidida por Dom Luiz Mancilha Vilela e concelebrada pelos bispos auxiliares de Vit\u00f3ria, pelo Guardi\u00e3o e Definidor da Prov\u00edncia da Imaculada Concei\u00e7\u00e3o, Frei Paulo Pereira, o Definidor Frei Gustavo Medella, sacerdotes de toda a Arquidiocese e do Estado.\u00a0 Religiosos, seminaristas, autoridades civis e militares participaram da celebra\u00e7\u00e3o que terminou por volta da 1 hora desta madrugada do domingo.<\/p>\n<p>\u00c9 importante destacar que a multid\u00e3o que se viu na Prainha \u00e9 apenas uma parte dos romeiros que marcharam depois de 4 horas. Muitos n\u00e3o acompanharam todo o cortejo, outro grupo grande ainda teve f\u00f4lego para subir o Morro da Penha. Ao mesmo tempo que as ruas pr\u00f3ximas da Prainha recebiam a multid\u00e3o, outras milhares de pessoas voltavam para suas casas.<\/p>\n<p>A Gruta de Frei Pedro Pal\u00e1cios na Prainha, a entrada do Port\u00e3o Principal e o vel\u00e1rio do Campinho s\u00e3o usados pelos romeiros para deixar as velas acesas que foram carregadas no percurso da romaria. Na Prainha, muitos peregrinos descansavam os p\u00e9s, os joelhos e as m\u00e3os, deitados ou sentados no ch\u00e3o.<\/p>\n<p>A Festa da Penha, a mais antiga festa mariana do Brasil, j\u00e1 \u00e9 o terceiro maior evento mariano do pa\u00eds, atualmente reunindo mais de 1,5 milh\u00e3o de devotos, que durante os nove dias da festa participam de cerca de 43 missas, al\u00e9m das Romarias. Neste domingo, \u00e0s 16 horas, o povo vai dar outra grande demonstra\u00e7\u00e3o de f\u00e9 na Romaria das Mulheres.<\/p>\n<blockquote><p>\u00a0CARNIELLI, Adwalter Antonio. Hist\u00f3ria da Igreja Cat\u00f3lica no Esp\u00edrito Santo: 1535-2000. 2.\u00aa Ed. Vila Velha: Comunica\u00e7\u00e3o Impressa, 2006<\/p><\/blockquote>\n","protected":false},"excerpt":{"rendered":"<p>Festa da Penha 2018<\/p>\n","protected":false},"author":1,"featured_media":202347,"comment_status":"open","ping_status":"open","sticky":false,"template":"","format":"standard","meta":[],"categories":[1],"tags":[245],"acf":[],"yoast_head":"<!-- This site is optimized with the Yoast SEO plugin v19.2 - https:\/\/yoast.com\/wordpress\/plugins\/seo\/ -->\n<title>Maria, a alegria dos caminhantes - Not\u00edcias - Franciscanos<\/title>\n<meta name=\"robots\" content=\"index, follow, max-snippet:-1, max-image-preview:large, max-video-preview:-1\" \/>\n<link rel=\"canonical\" href=\"https:\/\/franciscanos.org.br\/noticias\/maria-a-alegria-dos-caminhantes.html\" \/>\n<meta property=\"og:locale\" content=\"pt_BR\" \/>\n<meta property=\"og:type\" content=\"article\" \/>\n<meta property=\"og:title\" content=\"Maria, a alegria dos caminhantes - Not\u00edcias - Franciscanos\" \/>\n<meta property=\"og:description\" content=\"Festa da Penha 2018\" \/>\n<meta property=\"og:url\" content=\"https:\/\/franciscanos.org.br\/noticias\/maria-a-alegria-dos-caminhantes.html\" \/>\n<meta property=\"og:site_name\" content=\"Not\u00edcias - Franciscanos\" \/>\n<meta property=\"article:published_time\" content=\"2018-04-08T04:44:51+00:00\" \/>\n<meta property=\"article:modified_time\" content=\"2019-04-09T00:49:18+00:00\" \/>\n<meta property=\"og:image\" content=\"https:\/\/franciscanos.org.br\/noticias\/wp-content\/uploads\/2018\/04\/homens_080418_1.jpg\" \/>\n\t<meta property=\"og:image:width\" content=\"273\" \/>\n\t<meta property=\"og:image:height\" content=\"181\" \/>\n\t<meta property=\"og:image:type\" content=\"image\/jpeg\" \/>\n<meta name=\"author\" content=\"admin\" \/>\n<meta name=\"twitter:card\" content=\"summary_large_image\" \/>\n<meta name=\"twitter:label1\" content=\"Escrito por\" \/>\n\t<meta name=\"twitter:data1\" content=\"admin\" \/>\n\t<meta name=\"twitter:label2\" content=\"Est. tempo de leitura\" \/>\n\t<meta name=\"twitter:data2\" content=\"6 minutos\" \/>\n<script type=\"application\/ld+json\" class=\"yoast-schema-graph\">{\"@context\":\"https:\/\/schema.org\",\"@graph\":[{\"@type\":\"WebSite\",\"@id\":\"https:\/\/franciscanos.org.br\/noticias\/#website\",\"url\":\"https:\/\/franciscanos.org.br\/noticias\/\",\"name\":\"Not\u00edcias - Franciscanos\",\"description\":\"Prov\u00edncia Franciscana da Imaculada Concei\u00e7\u00e3o do Brasil - Ordem dos Frades Menores - OFM\",\"potentialAction\":[{\"@type\":\"SearchAction\",\"target\":{\"@type\":\"EntryPoint\",\"urlTemplate\":\"https:\/\/franciscanos.org.br\/noticias\/?s={search_term_string}\"},\"query-input\":\"required name=search_term_string\"}],\"inLanguage\":\"pt-BR\"},{\"@type\":\"ImageObject\",\"inLanguage\":\"pt-BR\",\"@id\":\"https:\/\/franciscanos.org.br\/noticias\/maria-a-alegria-dos-caminhantes.html#primaryimage\",\"url\":\"https:\/\/franciscanos.org.br\/noticias\/wp-content\/uploads\/2018\/04\/homens_080418_1.jpg\",\"contentUrl\":\"https:\/\/franciscanos.org.br\/noticias\/wp-content\/uploads\/2018\/04\/homens_080418_1.jpg\",\"width\":273,\"height\":181},{\"@type\":\"WebPage\",\"@id\":\"https:\/\/franciscanos.org.br\/noticias\/maria-a-alegria-dos-caminhantes.html#webpage\",\"url\":\"https:\/\/franciscanos.org.br\/noticias\/maria-a-alegria-dos-caminhantes.html\",\"name\":\"Maria, a alegria dos caminhantes - Not\u00edcias - Franciscanos\",\"isPartOf\":{\"@id\":\"https:\/\/franciscanos.org.br\/noticias\/#website\"},\"primaryImageOfPage\":{\"@id\":\"https:\/\/franciscanos.org.br\/noticias\/maria-a-alegria-dos-caminhantes.html#primaryimage\"},\"datePublished\":\"2018-04-08T04:44:51+00:00\",\"dateModified\":\"2019-04-09T00:49:18+00:00\",\"author\":{\"@id\":\"https:\/\/franciscanos.org.br\/noticias\/#\/schema\/person\/b38fbf43118f02820bd932f2e4b14ad3\"},\"breadcrumb\":{\"@id\":\"https:\/\/franciscanos.org.br\/noticias\/maria-a-alegria-dos-caminhantes.html#breadcrumb\"},\"inLanguage\":\"pt-BR\",\"potentialAction\":[{\"@type\":\"ReadAction\",\"target\":[\"https:\/\/franciscanos.org.br\/noticias\/maria-a-alegria-dos-caminhantes.html\"]}]},{\"@type\":\"BreadcrumbList\",\"@id\":\"https:\/\/franciscanos.org.br\/noticias\/maria-a-alegria-dos-caminhantes.html#breadcrumb\",\"itemListElement\":[{\"@type\":\"ListItem\",\"position\":1,\"name\":\"Home\",\"item\":\"https:\/\/franciscanos.org.br\/noticias\"},{\"@type\":\"ListItem\",\"position\":2,\"name\":\"Maria, a alegria dos caminhantes\"}]},{\"@type\":\"Person\",\"@id\":\"https:\/\/franciscanos.org.br\/noticias\/#\/schema\/person\/b38fbf43118f02820bd932f2e4b14ad3\",\"name\":\"admin\",\"image\":{\"@type\":\"ImageObject\",\"inLanguage\":\"pt-BR\",\"@id\":\"https:\/\/franciscanos.org.br\/noticias\/#\/schema\/person\/image\/\",\"url\":\"https:\/\/secure.gravatar.com\/avatar\/e8495742d34d0ba6448ea1c628263b3e?s=96&d=mm&r=g\",\"contentUrl\":\"https:\/\/secure.gravatar.com\/avatar\/e8495742d34d0ba6448ea1c628263b3e?s=96&d=mm&r=g\",\"caption\":\"admin\"},\"url\":\"https:\/\/franciscanos.org.br\/noticias\/author\/admin\"}]}<\/script>\n<!-- \/ Yoast SEO plugin. -->","yoast_head_json":{"title":"Maria, a alegria dos caminhantes - Not\u00edcias - Franciscanos","robots":{"index":"index","follow":"follow","max-snippet":"max-snippet:-1","max-image-preview":"max-image-preview:large","max-video-preview":"max-video-preview:-1"},"canonical":"https:\/\/franciscanos.org.br\/noticias\/maria-a-alegria-dos-caminhantes.html","og_locale":"pt_BR","og_type":"article","og_title":"Maria, a alegria dos caminhantes - Not\u00edcias - Franciscanos","og_description":"Festa da Penha 2018","og_url":"https:\/\/franciscanos.org.br\/noticias\/maria-a-alegria-dos-caminhantes.html","og_site_name":"Not\u00edcias - Franciscanos","article_published_time":"2018-04-08T04:44:51+00:00","article_modified_time":"2019-04-09T00:49:18+00:00","og_image":[{"width":273,"height":181,"url":"https:\/\/franciscanos.org.br\/noticias\/wp-content\/uploads\/2018\/04\/homens_080418_1.jpg","type":"image\/jpeg"}],"author":"admin","twitter_card":"summary_large_image","twitter_misc":{"Escrito por":"admin","Est. tempo de leitura":"6 minutos"},"schema":{"@context":"https:\/\/schema.org","@graph":[{"@type":"WebSite","@id":"https:\/\/franciscanos.org.br\/noticias\/#website","url":"https:\/\/franciscanos.org.br\/noticias\/","name":"Not\u00edcias - Franciscanos","description":"Prov\u00edncia Franciscana da Imaculada Concei\u00e7\u00e3o do Brasil - Ordem dos Frades Menores - OFM","potentialAction":[{"@type":"SearchAction","target":{"@type":"EntryPoint","urlTemplate":"https:\/\/franciscanos.org.br\/noticias\/?s={search_term_string}"},"query-input":"required name=search_term_string"}],"inLanguage":"pt-BR"},{"@type":"ImageObject","inLanguage":"pt-BR","@id":"https:\/\/franciscanos.org.br\/noticias\/maria-a-alegria-dos-caminhantes.html#primaryimage","url":"https:\/\/franciscanos.org.br\/noticias\/wp-content\/uploads\/2018\/04\/homens_080418_1.jpg","contentUrl":"https:\/\/franciscanos.org.br\/noticias\/wp-content\/uploads\/2018\/04\/homens_080418_1.jpg","width":273,"height":181},{"@type":"WebPage","@id":"https:\/\/franciscanos.org.br\/noticias\/maria-a-alegria-dos-caminhantes.html#webpage","url":"https:\/\/franciscanos.org.br\/noticias\/maria-a-alegria-dos-caminhantes.html","name":"Maria, a alegria dos caminhantes - Not\u00edcias - Franciscanos","isPartOf":{"@id":"https:\/\/franciscanos.org.br\/noticias\/#website"},"primaryImageOfPage":{"@id":"https:\/\/franciscanos.org.br\/noticias\/maria-a-alegria-dos-caminhantes.html#primaryimage"},"datePublished":"2018-04-08T04:44:51+00:00","dateModified":"2019-04-09T00:49:18+00:00","author":{"@id":"https:\/\/franciscanos.org.br\/noticias\/#\/schema\/person\/b38fbf43118f02820bd932f2e4b14ad3"},"breadcrumb":{"@id":"https:\/\/franciscanos.org.br\/noticias\/maria-a-alegria-dos-caminhantes.html#breadcrumb"},"inLanguage":"pt-BR","potentialAction":[{"@type":"ReadAction","target":["https:\/\/franciscanos.org.br\/noticias\/maria-a-alegria-dos-caminhantes.html"]}]},{"@type":"BreadcrumbList","@id":"https:\/\/franciscanos.org.br\/noticias\/maria-a-alegria-dos-caminhantes.html#breadcrumb","itemListElement":[{"@type":"ListItem","position":1,"name":"Home","item":"https:\/\/franciscanos.org.br\/noticias"},{"@type":"ListItem","position":2,"name":"Maria, a alegria dos caminhantes"}]},{"@type":"Person","@id":"https:\/\/franciscanos.org.br\/noticias\/#\/schema\/person\/b38fbf43118f02820bd932f2e4b14ad3","name":"admin","image":{"@type":"ImageObject","inLanguage":"pt-BR","@id":"https:\/\/franciscanos.org.br\/noticias\/#\/schema\/person\/image\/","url":"https:\/\/secure.gravatar.com\/avatar\/e8495742d34d0ba6448ea1c628263b3e?s=96&d=mm&r=g","contentUrl":"https:\/\/secure.gravatar.com\/avatar\/e8495742d34d0ba6448ea1c628263b3e?s=96&d=mm&r=g","caption":"admin"},"url":"https:\/\/franciscanos.org.br\/noticias\/author\/admin"}]}},"_links":{"self":[{"href":"https:\/\/franciscanos.org.br\/noticias\/wp-json\/wp\/v2\/posts\/156081"}],"collection":[{"href":"https:\/\/franciscanos.org.br\/noticias\/wp-json\/wp\/v2\/posts"}],"about":[{"href":"https:\/\/franciscanos.org.br\/noticias\/wp-json\/wp\/v2\/types\/post"}],"author":[{"embeddable":true,"href":"https:\/\/franciscanos.org.br\/noticias\/wp-json\/wp\/v2\/users\/1"}],"replies":[{"embeddable":true,"href":"https:\/\/franciscanos.org.br\/noticias\/wp-json\/wp\/v2\/comments?post=156081"}],"version-history":[{"count":0,"href":"https:\/\/franciscanos.org.br\/noticias\/wp-json\/wp\/v2\/posts\/156081\/revisions"}],"wp:featuredmedia":[{"embeddable":true,"href":"https:\/\/franciscanos.org.br\/noticias\/wp-json\/wp\/v2\/media\/202347"}],"wp:attachment":[{"href":"https:\/\/franciscanos.org.br\/noticias\/wp-json\/wp\/v2\/media?parent=156081"}],"wp:term":[{"taxonomy":"category","embeddable":true,"href":"https:\/\/franciscanos.org.br\/noticias\/wp-json\/wp\/v2\/categories?post=156081"},{"taxonomy":"post_tag","embeddable":true,"href":"https:\/\/franciscanos.org.br\/noticias\/wp-json\/wp\/v2\/tags?post=156081"}],"curies":[{"name":"wp","href":"https:\/\/api.w.org\/{rel}","templated":true}]}}