{"id":156036,"date":"2018-04-07T16:37:01","date_gmt":"2018-04-07T19:37:01","guid":{"rendered":"http:\/\/franciscanos.org.br\/?p=156036"},"modified":"2019-04-08T21:47:21","modified_gmt":"2019-04-09T00:47:21","slug":"com-pedro-e-joao-a-igreja-nao-morrera","status":"publish","type":"post","link":"https:\/\/franciscanos.org.br\/noticias\/com-pedro-e-joao-a-igreja-nao-morrera.html","title":{"rendered":"Com Pedro e Jo\u00e3o, a Igreja n\u00e3o morrer\u00e1"},"content":{"rendered":"<p><img loading=\"lazy\" src=\"http:\/\/franciscanos.org.br\/wp-content\/uploads\/2018\/04\/jovens_070418_1.jpg\" alt=\"jovens_070418_1\" width=\"830\" height=\"401\" \/><\/p>\n<p><strong>Frei Augusto Luiz Gabriel e Moacir Beggo<\/strong><\/p>\n<p><strong>\u00a0<\/strong><strong>Vila Velha (ES)<\/strong> &#8211; As Celebra\u00e7\u00f5es Eucar\u00edsticas deste s\u00e1bado, 7 de abril, na Festa da Penha trouxeram para o Campinho duas Romarias: a da Diocese de S\u00e3o Mateus e a dos Adolescentes.<\/p>\n<p>Logo cedo, \u00e0s 7 horas, os romeiros do Norte capixaba come\u00e7avam a subir o Morro a p\u00e9, debaixo de muita chuva e depois de viajarem tr\u00eas horas para chegarem at\u00e9 Vila Velha. Segundo o bispo de S\u00e3o Mateus, Dom Paulo Dalb\u00f3, alguns devotos sa\u00edram \u00e0s 23 horas de ontem. Ele veio acompanhando o seu povo, representando 720 CEB\u2019s em 19 munic\u00edpios. Ele foi acolhido por Frei Valdecir Schwambach, representando o guardi\u00e3o do Convento da Penha, Frei Paulo Pereira.<\/p>\n<p><iframe loading=\"lazy\" src=\"https:\/\/www.youtube.com\/embed\/Tc_koTXX28I\" width=\"100%\" height=\"480\" frameborder=\"0\" allowfullscreen=\"allowfullscreen\"><\/iframe><\/p>\n<p>Dom Paulo presidiu a Santa Missa, \u00e0s 8 horas, e em suas palavras iniciais, saudou todos os presentes e falou da import\u00e2ncia da Diocese de S\u00e3o Mateus nesses 60 anos de caminhada, enquanto os romeiros mostravam em um banner o tema \u201cIgreja Prof\u00e9tica e mission\u00e1ria a servi\u00e7o da vida\u201d e o lema \u201cA Miss\u00e3o Continua\u2026\u201d.<\/p>\n<p><img loading=\"lazy\" src=\"http:\/\/franciscanos.org.br\/wp-content\/uploads\/2018\/04\/jovens_070418_3.jpg\" alt=\"jovens_070418_3\" width=\"830\" height=\"430\" \/><\/p>\n<p>A Diocese de S\u00e3o Mateus foi criada em 16 de fevereiro de 1958 pelo Papa Pio XII, com territ\u00f3rio desmembrado da ent\u00e3o Diocese do Esp\u00edrito Santo, hoje Arquidiocese de Vit\u00f3ria. Localizada ao norte do Esp\u00edrito Santo, \u00e9 composta por 23 par\u00f3quias em 19 munic\u00edpios. Desta Romaria, cerca de 30 \u00f4nibus participaram.<\/p>\n<p>Logo depois, \u00e0s 9h30, chegaram os jovens trazendo sua anima\u00e7\u00e3o, enchendo o Campinho de alegria. Eles, os jovens, ainda n\u00e3o tinham chegado quando Dom Paulo fez uma homilia mostrando que os dois ap\u00f3stolos, Pedro e Jo\u00e3o, da liturgia deste ano, simbolizam a tradi\u00e7\u00e3o e a juventude da Igreja.<\/p>\n<p>&#8220;Chama a aten\u00e7\u00e3o deste Evangelho, Pedro, o mais velho, e Jo\u00e3o, o disc\u00edpulo que Jesus amava. Talvez Jesus n\u00e3o amava mais Jo\u00e3o do que a outros ap\u00f3stolos, mas talvez Jo\u00e3o era o menino do grupo que precisava de um olhar atento e cuidadoso, n\u00e3o s\u00f3 por parte de Jesus, mas por parte de todos os ap\u00f3stolos. E quando ele sai nessa caminhada correndo ao t\u00famulo de Jesus, ele chega primeiro. Mas ele n\u00e3o faz a experi\u00eancia do Ressuscitado, mas espera por Pedro, o mais experiente dos ap\u00f3stolos, que pudesse chegar primeiro para fazer a experi\u00eancia&#8221;, explicou.<\/p>\n<p>&#8220;Pedro e Jo\u00e3o representam muito a nossa Igreja, principalmente o esp\u00edrito que n\u00f3s estamos celebrando nesses 60 anos. Pedro, o homem da chave, da experi\u00eancia, e Jo\u00e3o, o menino, o jovem que chega e que necessita de todo o cuidado. Para n\u00f3s, quem \u00e9 o Jo\u00e3o de hoje que necessita desse olhar cuidadosos de todos n\u00f3s?&#8221;, perguntou Dom Paulo.<\/p>\n<p><img loading=\"lazy\" src=\"http:\/\/franciscanos.org.br\/wp-content\/uploads\/2018\/04\/jovens_070418_5.jpg\" alt=\"jovens_070418_5\" width=\"830\" height=\"623\" \/><\/p>\n<p>&#8220;Se a Igreja for s\u00f3 uma Igreja-Pedro, ela envelhece e morre. \u00c9 preciso sempre ter tamb\u00e9m o outro lado da juventude que chega. Ent\u00e3o, a crian\u00e7a, o adolescente, a juventude, representam a figura de Jo\u00e3o, que temos de ter um olhar preocupante e cuidadoso para que chegue e seja acolhido. Talvez Jo\u00e3o seja esse grupo que precisa ser acolhido e cuidado. Na caminhada de nossa Igreja, talvez Jo\u00e3o seja aqueles que ainda n\u00e3o entraram e precisam ser olhados e cuidados para que estejam tamb\u00e9m aqui.<\/p>\n<p>Jo\u00e3o significa ou representa aqueles que n\u00e3o cuidamos. Talvez quantos chegaram e cristalizamos a nossa Igreja com conceitos e mais conceitos, racionalidade, mas perdemos o esp\u00edrito da acolhida e da gratuidade. Hoje esses seriam talvez Jo\u00e3o, os novos que chegariam para injetar \u00e2nimo e for\u00e7a na Igreja e que est\u00e3o em muitas outras religi\u00f5es, em outras denomina\u00e7\u00f5es religiosas ou em outros caminhos perversos que o mundo lhe indicou.<\/p>\n<p><img loading=\"lazy\" src=\"http:\/\/franciscanos.org.br\/wp-content\/uploads\/2018\/04\/jovens_070418_6.jpg\" alt=\"jovens_070418_6\" width=\"830\" height=\"469\" \/><\/p>\n<p>Dom Paulo questionou, nesses 60 anos, quem fez o papel de Pedro e quem fez o papel de Jo\u00e3o. &#8220;N\u00f3s n\u00e3o podemos jogar fora o Jo\u00e3o, a crian\u00e7a, o adolescente que est\u00e1 chegando. N\u00f3s vemos muitas postagens no meio virtual, jovens ainda imaturos que falam &#8216;a Igreja tem que ser assim&#8217;, &#8216;tem que ser desse jeito porque se n\u00e3o vou por outro caminho&#8217;. Ent\u00e3o tem muita gente que quer que a Igreja seja do jeito que ele quer. A Igreja n\u00e3o pode ser do jeito que eu quero, do jeito que eu determino. Eu n\u00e3o posso jogar no lixo uma tradi\u00e7\u00e3o de 2 mil anos, uma Igreja capixaba de 60 anos, madura na f\u00e9. Ent\u00e3o, temos que ser Pedro, com esp\u00edrito de sensibilidade e abertura e acolhida, mas temos que ser uma Igreja-Jo\u00e3o, que se encanta e que vai para a miss\u00e3o respeitando toda a hist\u00f3ria, do cristinianismo, da Igreja, universal ou local.\u00a0 Se assim compreendermos a nossa Igreja e trabalharmos nesse paralelo, a Igreja madura na figura de Pedro e a jovem na figura de Jo\u00e3o, acolhendo os novos, a Igreja jamais morrer\u00e1&#8221;, ensinou.<\/p>\n<p>Um momento bonito da Celebra\u00e7\u00e3o foi a Ladainha dos Padroeiros das Par\u00f3quias: &#8220;Virgem de F\u00e1tima de Pedro Can\u00e1rio e Mucurici, Negra Aparecida t\u00e3o querida em Montanha, Nossa Senhora das Gra\u00e7as de Boa Esperan\u00e7a e Vila Val\u00e9rio&#8230;.&#8221;, assim por diante.<\/p>\n<p><img loading=\"lazy\" src=\"http:\/\/franciscanos.org.br\/wp-content\/uploads\/2018\/04\/jovens_070418_2.jpg\" alt=\"jovens_070418_2\" width=\"830\" height=\"352\" \/><\/p>\n<p><strong>JOVENS PEDEM O FIM DA VIOL\u00caNCIA<\/strong><\/p>\n<p>Com anima\u00e7\u00e3o de Frei Gustavo Medella, os adolescentes foram recebidos no Campinho \u00e0s 9h30. Frei Gustavo retomou o tema da Campanha da Fraternidade e lamentou a viol\u00eancia no Estado do Esp\u00edrito Santo, lembrando que Pe. Kelder informou ontem que 320 pessoas foram mortas no in\u00edcio deste ano. &#8220;N\u00f3s queremos a vida e n\u00e3o a morte&#8221;, disse o frade e os jovens repetiram &#8220;Chega de viol\u00eancia!&#8221;.<\/p>\n<p>Ele chamou um representante de cada grupo de jovens das Par\u00f3quias presentes no Campinho para se deitarem no ch\u00e3o e pediu um minuto de sil\u00eancio em mem\u00f3ria dessas v\u00edtimas.<\/p>\n<p>O jovem sacerdote Pe. Gudialace Oliveira presidiu a Celebra\u00e7\u00e3o Eucar\u00edstica no Campinho. A celebra\u00e7\u00e3o terminou com um <em>flash mob<\/em> homenageando a Virgem da Penha.<\/p>\n<p><img loading=\"lazy\" class=\"alignright size-full wp-image-156042\" src=\"http:\/\/franciscanos.org.br\/wp-content\/uploads\/2018\/04\/jovens_070418_4.jpg\" alt=\"jovens_070418_4\" width=\"830\" height=\"467\" \/><\/p>\n<p><strong>PESSOAS COM DEFICI\u00caNCIA<\/strong><\/p>\n<p><strong>Negar a igualdade de oportunidades \u00e9 um incentivo \u00e0 exclus\u00e3o<\/strong><\/p>\n<p>A Festa da Penha, como espa\u00e7o de manifesta\u00e7\u00e3o da f\u00e9 e da devo\u00e7\u00e3o do povo capixaba, acolheu mais uma vez neste ano a Romaria das Pessoas com Defici\u00eancia. Foi a 13\u00aa edi\u00e7\u00e3o deste ato, que re\u00fane diversas institui\u00e7\u00f5es de aten\u00e7\u00e3o e apoio aos deficientes e seus familiares da capital Vit\u00f3ria, de Vila Velha e de outras cidades do Estado.<\/p>\n<p>A concentra\u00e7\u00e3o ocorreu na Pra\u00e7a Duque de Caxias, no Centro de Vila Velha, de onde os participantes percorreram a dist\u00e2ncia de 01 quil\u00f4metro, at\u00e9 chegar \u00e0 Igreja do Ros\u00e1rio, onde foram acolhidos pelo Frei G\u00edlson Kammer e pela equipe de volunt\u00e1rios da Romaria.<\/p>\n<p>Chegando ao destino, os romeiros fizeram sauda\u00e7\u00f5es a Nossa Senhora da Penha e, em seguida, come\u00e7ou a Missa de encerramento, presidida pelo Padre Carlos Pinto, da Par\u00f3quia de S\u00e3o Camilo de Leles, de Vit\u00f3ria. Ele deu trechos da Carta divulgada por ocasi\u00e3o da Romaria. &#8220;Superamos, em parte, a exclus\u00e3o e o esquecimento e conquistamos o direito de participa\u00e7\u00e3o e de cidadania. Entretanto, para assegurar nossa autonomia, liberdade e o exerc\u00edcio de nossa cidadania como uma pr\u00e1tica cotidiana de toda a sociedade, e avan\u00e7ar na inclus\u00e3o de todas e todos, precisamos de pol\u00edticas p\u00fablicas eficazes, a\u00e7\u00f5es e atitudes que garantam o pleno exerc\u00edcio de nossos direitos. Negar a igualdade de oportunidades \u00e9 um incentivo \u00e0 exclus\u00e3o.<\/p>\n","protected":false},"excerpt":{"rendered":"<p>Festa da Penha 2018<\/p>\n","protected":false},"author":1,"featured_media":202346,"comment_status":"open","ping_status":"open","sticky":false,"template":"","format":"standard","meta":[],"categories":[1],"tags":[245],"acf":[],"yoast_head":"<!-- This site is optimized with the Yoast SEO plugin v19.2 - https:\/\/yoast.com\/wordpress\/plugins\/seo\/ -->\n<title>Com Pedro e Jo\u00e3o, a Igreja n\u00e3o morrer\u00e1 - Not\u00edcias - Franciscanos<\/title>\n<meta name=\"robots\" content=\"index, follow, max-snippet:-1, max-image-preview:large, max-video-preview:-1\" \/>\n<link rel=\"canonical\" href=\"https:\/\/franciscanos.org.br\/noticias\/com-pedro-e-joao-a-igreja-nao-morrera.html\" \/>\n<meta property=\"og:locale\" content=\"pt_BR\" \/>\n<meta property=\"og:type\" content=\"article\" \/>\n<meta property=\"og:title\" content=\"Com Pedro e Jo\u00e3o, a Igreja n\u00e3o morrer\u00e1 - Not\u00edcias - Franciscanos\" \/>\n<meta property=\"og:description\" content=\"Festa da Penha 2018\" \/>\n<meta property=\"og:url\" content=\"https:\/\/franciscanos.org.br\/noticias\/com-pedro-e-joao-a-igreja-nao-morrera.html\" \/>\n<meta property=\"og:site_name\" content=\"Not\u00edcias - Franciscanos\" \/>\n<meta property=\"article:published_time\" content=\"2018-04-07T19:37:01+00:00\" \/>\n<meta property=\"article:modified_time\" content=\"2019-04-09T00:47:21+00:00\" \/>\n<meta property=\"og:image\" content=\"https:\/\/franciscanos.org.br\/noticias\/wp-content\/uploads\/2018\/04\/jovens_070418_1.jpg\" \/>\n\t<meta property=\"og:image:width\" content=\"273\" \/>\n\t<meta property=\"og:image:height\" content=\"181\" \/>\n\t<meta property=\"og:image:type\" content=\"image\/jpeg\" \/>\n<meta name=\"author\" content=\"admin\" \/>\n<meta name=\"twitter:card\" content=\"summary_large_image\" \/>\n<meta name=\"twitter:label1\" content=\"Escrito por\" \/>\n\t<meta name=\"twitter:data1\" content=\"admin\" \/>\n\t<meta name=\"twitter:label2\" content=\"Est. tempo de leitura\" \/>\n\t<meta name=\"twitter:data2\" content=\"6 minutos\" \/>\n<script type=\"application\/ld+json\" class=\"yoast-schema-graph\">{\"@context\":\"https:\/\/schema.org\",\"@graph\":[{\"@type\":\"WebSite\",\"@id\":\"https:\/\/franciscanos.org.br\/noticias\/#website\",\"url\":\"https:\/\/franciscanos.org.br\/noticias\/\",\"name\":\"Not\u00edcias - Franciscanos\",\"description\":\"Prov\u00edncia Franciscana da Imaculada Concei\u00e7\u00e3o do Brasil - Ordem dos Frades Menores - OFM\",\"potentialAction\":[{\"@type\":\"SearchAction\",\"target\":{\"@type\":\"EntryPoint\",\"urlTemplate\":\"https:\/\/franciscanos.org.br\/noticias\/?s={search_term_string}\"},\"query-input\":\"required name=search_term_string\"}],\"inLanguage\":\"pt-BR\"},{\"@type\":\"ImageObject\",\"inLanguage\":\"pt-BR\",\"@id\":\"https:\/\/franciscanos.org.br\/noticias\/com-pedro-e-joao-a-igreja-nao-morrera.html#primaryimage\",\"url\":\"https:\/\/franciscanos.org.br\/noticias\/wp-content\/uploads\/2018\/04\/jovens_070418_1.jpg\",\"contentUrl\":\"https:\/\/franciscanos.org.br\/noticias\/wp-content\/uploads\/2018\/04\/jovens_070418_1.jpg\",\"width\":273,\"height\":181},{\"@type\":\"WebPage\",\"@id\":\"https:\/\/franciscanos.org.br\/noticias\/com-pedro-e-joao-a-igreja-nao-morrera.html#webpage\",\"url\":\"https:\/\/franciscanos.org.br\/noticias\/com-pedro-e-joao-a-igreja-nao-morrera.html\",\"name\":\"Com Pedro e Jo\u00e3o, a Igreja n\u00e3o morrer\u00e1 - Not\u00edcias - Franciscanos\",\"isPartOf\":{\"@id\":\"https:\/\/franciscanos.org.br\/noticias\/#website\"},\"primaryImageOfPage\":{\"@id\":\"https:\/\/franciscanos.org.br\/noticias\/com-pedro-e-joao-a-igreja-nao-morrera.html#primaryimage\"},\"datePublished\":\"2018-04-07T19:37:01+00:00\",\"dateModified\":\"2019-04-09T00:47:21+00:00\",\"author\":{\"@id\":\"https:\/\/franciscanos.org.br\/noticias\/#\/schema\/person\/b38fbf43118f02820bd932f2e4b14ad3\"},\"breadcrumb\":{\"@id\":\"https:\/\/franciscanos.org.br\/noticias\/com-pedro-e-joao-a-igreja-nao-morrera.html#breadcrumb\"},\"inLanguage\":\"pt-BR\",\"potentialAction\":[{\"@type\":\"ReadAction\",\"target\":[\"https:\/\/franciscanos.org.br\/noticias\/com-pedro-e-joao-a-igreja-nao-morrera.html\"]}]},{\"@type\":\"BreadcrumbList\",\"@id\":\"https:\/\/franciscanos.org.br\/noticias\/com-pedro-e-joao-a-igreja-nao-morrera.html#breadcrumb\",\"itemListElement\":[{\"@type\":\"ListItem\",\"position\":1,\"name\":\"Home\",\"item\":\"https:\/\/franciscanos.org.br\/noticias\"},{\"@type\":\"ListItem\",\"position\":2,\"name\":\"Com Pedro e Jo\u00e3o, a Igreja n\u00e3o morrer\u00e1\"}]},{\"@type\":\"Person\",\"@id\":\"https:\/\/franciscanos.org.br\/noticias\/#\/schema\/person\/b38fbf43118f02820bd932f2e4b14ad3\",\"name\":\"admin\",\"image\":{\"@type\":\"ImageObject\",\"inLanguage\":\"pt-BR\",\"@id\":\"https:\/\/franciscanos.org.br\/noticias\/#\/schema\/person\/image\/\",\"url\":\"https:\/\/secure.gravatar.com\/avatar\/e8495742d34d0ba6448ea1c628263b3e?s=96&d=mm&r=g\",\"contentUrl\":\"https:\/\/secure.gravatar.com\/avatar\/e8495742d34d0ba6448ea1c628263b3e?s=96&d=mm&r=g\",\"caption\":\"admin\"},\"url\":\"https:\/\/franciscanos.org.br\/noticias\/author\/admin\"}]}<\/script>\n<!-- \/ Yoast SEO plugin. -->","yoast_head_json":{"title":"Com Pedro e Jo\u00e3o, a Igreja n\u00e3o morrer\u00e1 - Not\u00edcias - Franciscanos","robots":{"index":"index","follow":"follow","max-snippet":"max-snippet:-1","max-image-preview":"max-image-preview:large","max-video-preview":"max-video-preview:-1"},"canonical":"https:\/\/franciscanos.org.br\/noticias\/com-pedro-e-joao-a-igreja-nao-morrera.html","og_locale":"pt_BR","og_type":"article","og_title":"Com Pedro e Jo\u00e3o, a Igreja n\u00e3o morrer\u00e1 - Not\u00edcias - Franciscanos","og_description":"Festa da Penha 2018","og_url":"https:\/\/franciscanos.org.br\/noticias\/com-pedro-e-joao-a-igreja-nao-morrera.html","og_site_name":"Not\u00edcias - Franciscanos","article_published_time":"2018-04-07T19:37:01+00:00","article_modified_time":"2019-04-09T00:47:21+00:00","og_image":[{"width":273,"height":181,"url":"https:\/\/franciscanos.org.br\/noticias\/wp-content\/uploads\/2018\/04\/jovens_070418_1.jpg","type":"image\/jpeg"}],"author":"admin","twitter_card":"summary_large_image","twitter_misc":{"Escrito por":"admin","Est. tempo de leitura":"6 minutos"},"schema":{"@context":"https:\/\/schema.org","@graph":[{"@type":"WebSite","@id":"https:\/\/franciscanos.org.br\/noticias\/#website","url":"https:\/\/franciscanos.org.br\/noticias\/","name":"Not\u00edcias - Franciscanos","description":"Prov\u00edncia Franciscana da Imaculada Concei\u00e7\u00e3o do Brasil - Ordem dos Frades Menores - OFM","potentialAction":[{"@type":"SearchAction","target":{"@type":"EntryPoint","urlTemplate":"https:\/\/franciscanos.org.br\/noticias\/?s={search_term_string}"},"query-input":"required name=search_term_string"}],"inLanguage":"pt-BR"},{"@type":"ImageObject","inLanguage":"pt-BR","@id":"https:\/\/franciscanos.org.br\/noticias\/com-pedro-e-joao-a-igreja-nao-morrera.html#primaryimage","url":"https:\/\/franciscanos.org.br\/noticias\/wp-content\/uploads\/2018\/04\/jovens_070418_1.jpg","contentUrl":"https:\/\/franciscanos.org.br\/noticias\/wp-content\/uploads\/2018\/04\/jovens_070418_1.jpg","width":273,"height":181},{"@type":"WebPage","@id":"https:\/\/franciscanos.org.br\/noticias\/com-pedro-e-joao-a-igreja-nao-morrera.html#webpage","url":"https:\/\/franciscanos.org.br\/noticias\/com-pedro-e-joao-a-igreja-nao-morrera.html","name":"Com Pedro e Jo\u00e3o, a Igreja n\u00e3o morrer\u00e1 - Not\u00edcias - Franciscanos","isPartOf":{"@id":"https:\/\/franciscanos.org.br\/noticias\/#website"},"primaryImageOfPage":{"@id":"https:\/\/franciscanos.org.br\/noticias\/com-pedro-e-joao-a-igreja-nao-morrera.html#primaryimage"},"datePublished":"2018-04-07T19:37:01+00:00","dateModified":"2019-04-09T00:47:21+00:00","author":{"@id":"https:\/\/franciscanos.org.br\/noticias\/#\/schema\/person\/b38fbf43118f02820bd932f2e4b14ad3"},"breadcrumb":{"@id":"https:\/\/franciscanos.org.br\/noticias\/com-pedro-e-joao-a-igreja-nao-morrera.html#breadcrumb"},"inLanguage":"pt-BR","potentialAction":[{"@type":"ReadAction","target":["https:\/\/franciscanos.org.br\/noticias\/com-pedro-e-joao-a-igreja-nao-morrera.html"]}]},{"@type":"BreadcrumbList","@id":"https:\/\/franciscanos.org.br\/noticias\/com-pedro-e-joao-a-igreja-nao-morrera.html#breadcrumb","itemListElement":[{"@type":"ListItem","position":1,"name":"Home","item":"https:\/\/franciscanos.org.br\/noticias"},{"@type":"ListItem","position":2,"name":"Com Pedro e Jo\u00e3o, a Igreja n\u00e3o morrer\u00e1"}]},{"@type":"Person","@id":"https:\/\/franciscanos.org.br\/noticias\/#\/schema\/person\/b38fbf43118f02820bd932f2e4b14ad3","name":"admin","image":{"@type":"ImageObject","inLanguage":"pt-BR","@id":"https:\/\/franciscanos.org.br\/noticias\/#\/schema\/person\/image\/","url":"https:\/\/secure.gravatar.com\/avatar\/e8495742d34d0ba6448ea1c628263b3e?s=96&d=mm&r=g","contentUrl":"https:\/\/secure.gravatar.com\/avatar\/e8495742d34d0ba6448ea1c628263b3e?s=96&d=mm&r=g","caption":"admin"},"url":"https:\/\/franciscanos.org.br\/noticias\/author\/admin"}]}},"_links":{"self":[{"href":"https:\/\/franciscanos.org.br\/noticias\/wp-json\/wp\/v2\/posts\/156036"}],"collection":[{"href":"https:\/\/franciscanos.org.br\/noticias\/wp-json\/wp\/v2\/posts"}],"about":[{"href":"https:\/\/franciscanos.org.br\/noticias\/wp-json\/wp\/v2\/types\/post"}],"author":[{"embeddable":true,"href":"https:\/\/franciscanos.org.br\/noticias\/wp-json\/wp\/v2\/users\/1"}],"replies":[{"embeddable":true,"href":"https:\/\/franciscanos.org.br\/noticias\/wp-json\/wp\/v2\/comments?post=156036"}],"version-history":[{"count":0,"href":"https:\/\/franciscanos.org.br\/noticias\/wp-json\/wp\/v2\/posts\/156036\/revisions"}],"wp:featuredmedia":[{"embeddable":true,"href":"https:\/\/franciscanos.org.br\/noticias\/wp-json\/wp\/v2\/media\/202346"}],"wp:attachment":[{"href":"https:\/\/franciscanos.org.br\/noticias\/wp-json\/wp\/v2\/media?parent=156036"}],"wp:term":[{"taxonomy":"category","embeddable":true,"href":"https:\/\/franciscanos.org.br\/noticias\/wp-json\/wp\/v2\/categories?post=156036"},{"taxonomy":"post_tag","embeddable":true,"href":"https:\/\/franciscanos.org.br\/noticias\/wp-json\/wp\/v2\/tags?post=156036"}],"curies":[{"name":"wp","href":"https:\/\/api.w.org\/{rel}","templated":true}]}}