{"id":155640,"date":"2018-04-04T18:46:03","date_gmt":"2018-04-04T21:46:03","guid":{"rendered":"http:\/\/franciscanos.org.br\/?p=155640"},"modified":"2019-04-08T21:38:06","modified_gmt":"2019-04-09T00:38:06","slug":"a-experiencia-de-partilhar-o-pao-e-a-palavra","status":"publish","type":"post","link":"https:\/\/franciscanos.org.br\/noticias\/a-experiencia-de-partilhar-o-pao-e-a-palavra.html","title":{"rendered":"A experi\u00eancia de partilhar o P\u00e3o e a Palavra"},"content":{"rendered":"<p><img loading=\"lazy\" src=\"http:\/\/franciscanos.org.br\/wp-content\/uploads\/2018\/04\/quarto_040418_1.jpg\" alt=\"quarto_040418_1\" width=\"830\" height=\"445\" \/><\/p>\n<p><strong>Frei Augusto Luiz Gabriel e Moacir Beggo<\/strong><\/p>\n<p><strong>Vila Velha (ES)<\/strong> &#8211; O Evangelho de Ema\u00fas serviu de inspira\u00e7\u00e3o para o Pe. Eduardo S\u00e9rgio Magalh\u00e3es fazer a homilia em tom orante nesta quarta-feira, 4 de abril, 4\u00ba dia do Oitav\u00e1rio da Festa da Penha. &#8220;O sentimento desse evangelho de hoje \u00e9 o sentimento de algu\u00e9m que perdeu algu\u00e9m muito querido. \u00c9 o sentimento de algu\u00e9m que perdeu a esperan\u00e7a com a morte de Jesus&#8221;, disse. Dois disc\u00edpulos, desanimados por n\u00e3o terem a presen\u00e7a f\u00edsica de Jesus, o encontram, o acolhem e o reconhecem, mas Ele desapareceu. &#8220;Ficaram as palavras que fizeram arder os cora\u00e7\u00f5es. Ficou a inebriante alegria em que Ele transformou o desespero dos disc\u00edpulos&#8221;, lembrou o sacerdote, que \u00e9 p\u00e1roco da Par\u00f3quia S\u00e3o Francisco Xavier, de Iriri \u2013 Anchieta\/ES.<\/p>\n<p><iframe loading=\"lazy\" src=\"https:\/\/www.youtube.com\/embed\/O2cwQL9HdCE\" width=\"100%\" height=\"480\" frameborder=\"0\" allowfullscreen=\"allowfullscreen\"><\/iframe><\/p>\n<p>&#8220;Que fique para n\u00f3s, nesta tarde do quarto dia, essa experi\u00eancia de comer do p\u00e3o partilhado, mas tamb\u00e9m partilhar do pouco que tem com aquele que n\u00e3o tem nada. E fazer a experi\u00eancia da Palavra que se torna carne no Verbo Encarnado de Jesus. Que essa palavra ganhe vida e for\u00e7a no cora\u00e7\u00e3o de cada um de n\u00f3s que hoje ouvimos a Palavra de Deus, que aqui estamos no Campinho aos p\u00e9s de Nossa Senhora! Que essa Palavra possa frutificar na sua vida e animar voc\u00ea que est\u00e1 na ang\u00fastia do seu dia a dia, no desemprego, na dor, na desesperan\u00e7a! Que Jesus te visite ainda hoje e que Nossa Senhora te d\u00ea a m\u00e3o e diga: &#8216;Levante-te e anda!&#8217;.<\/p>\n<p>O quarto dia do Oitav\u00e1rio da Festa da Penha reuniu, no Campinho do Morro da Penha, os sacerdotes, movimentos, pastorais e o povo da \u00e1rea pastoral de Benevente (formada pelas cidades Anchieta, Alfredo Chaves, Peroc\u00e3o, Meaipe, Praia do Morro, Muqui\u00e7aba e Guarapari) para homenagear Nossa Senhora das Alegrias, o t\u00edtulo pascal de Maria. Foi o primeiro dia da Festa com tempo nublado e amea\u00e7a de chuva.<\/p>\n<p><img loading=\"lazy\" src=\"http:\/\/franciscanos.org.br\/wp-content\/uploads\/2018\/04\/quarto_040418_2.jpg\" alt=\"quarto_040418_2\" width=\"830\" height=\"452\" \/><\/p>\n<p>&#8220;Hoje n\u00f3s estamos aqui, aos p\u00e9s de Nossa Senhora da Penha, Nossa Senhora das Alturas, pedindo a ela que rogue por todos n\u00f3s, incr\u00e9dulos, que n\u00e3o fizemos a experi\u00eancia do Evangelho, a experi\u00eancia da Palavra de Deus, a experi\u00eancia do p\u00e3o partilhado, que deve ser uma experi\u00eancia profunda de vida, pois quando conhecemos bem a liturgia da Missa, celebramos melhor. Quando n\u00e3o conhecemos achamos que \u00e9 um rito pelo rito&#8221;, observou.<\/p>\n<p>Pe. Eduardo lembrou dos 60 anos que a Arquidiocese de Vit\u00f3ria celebra este ano. &#8220;Gratid\u00e3o a cada um que ajudou a construir essa hist\u00f3ria, a cada que ajudou a vivenciar esse momento de experi\u00eancia com Jesus, com Nossa Senhora protegendo e aben\u00e7oando toda nossa Arquidiocese, aben\u00e7oando cada um de seus filhos e filhas amados e queridos por Deus, um Deus que n\u00e3o faz acep\u00e7\u00e3o de pessoas, um Deus que n\u00e3o coloca condi\u00e7\u00f5es ao seu amor. Ama porque \u00e9 amor. Como S\u00e3o Francisco diz: &#8216;O Amor n\u00e3o \u00e9 amado&#8217;. Ama porque \u00e9 amor&#8221;, enfatizou Pe. Eduardo.<\/p>\n<p><img loading=\"lazy\" src=\"http:\/\/franciscanos.org.br\/wp-content\/uploads\/2018\/04\/quarto_040418_3.jpg\" alt=\"quarto_040418_3\" width=\"830\" height=\"530\" \/><\/p>\n<h3><strong>VIDA ALICER\u00c7ADAS<\/strong><\/h3>\n<p>O Oitav\u00e1rio, o Momento Devocional Franciscano e Mariano do Oitav\u00e1rio come\u00e7ou \u00e0s 14h30, quando Frei G\u00edlson Kammer, da Fraternidade de Colatina, convidou o povo a conhecer um pouco o devoto da Virgem da Penha, Frei Pedro Pal\u00e1cios, e como ele fez para atender o desejo de Nossa Senhora das Alegrias de ter uma Ermida no alto do morro. Este exemplo de Frei Pal\u00e1cios motivou a reflex\u00e3o de Frei G\u00edlson, tendo como base a par\u00e1bola da casa sobre a rocha.<\/p>\n<p>&#8220;Quem ouve estas minhas palavras e as p\u00f5e em pr\u00e1tica, \u00e9 como um homem prudente, que construiu sua casa sobre a rocha. Caiu a chuva, vieram as enchentes, os ventos deram contra a casa, mas a casa n\u00e3o caiu, porque estava constru\u00edda sobre a rocha&#8221;. Segundo Frei G\u00edlson, nossa vida deve ser constru\u00edda sobre alicerces &#8220;capazes de suportar as tormentas da nossa exist\u00eancia humana&#8221;.<\/p>\n<p><img loading=\"lazy\" src=\"http:\/\/franciscanos.org.br\/wp-content\/uploads\/2018\/04\/quarto_040418_4.jpg\" alt=\"quarto_040418_4\" width=\"830\" height=\"623\" \/><\/p>\n<p>Esses alicerces, para ele, devem ser, em primeiro lugar, a nossa f\u00e9. &#8220;\u00c9 ela que nos sustenta, nos fortalece e alimenta a nossa intimidade com Deus. Outro alicerce que devemos edificar na nossa vida s\u00e3o os valores que fazem com que nos preocupemos com o bem comum e n\u00e3o somente com nossos interesses pessoais, que limitam a caminhada de tantas e tantas pessoas&#8221;, frisou, lembrando que este \u00e9 um ano eleitoral e, como crist\u00e3os aut\u00eanticos que todos buscamos ser, n\u00e3o podemos fechar nossos olhos diante das tribula\u00e7\u00f5es, diante do sofrimento imposto a todo povo pelo &#8220;desvio de recursos que devem ser aplicados na busca da paz e do bem comum&#8221;. Ele chamou a aten\u00e7\u00e3o para forma\u00e7\u00e3o de um esp\u00edrito cr\u00edtico e construtivo.<\/p>\n<p>&#8220;Por isso, como leigos e leigas, neste Ano do Laicato, como Igreja viva do Senhor, busquemos ser luz que ilumina e sal que d\u00ea sabor \u00e0s nossas fam\u00edlias, nossas comunidades e nossa sociedade. Por isso, como crist\u00e3os, sejamos sinais de esperan\u00e7a, verdade e alegria&#8221;, completou.<\/p>\n<p><img loading=\"lazy\" src=\"http:\/\/franciscanos.org.br\/wp-content\/uploads\/2018\/04\/quarto_040418_5.jpg\" alt=\"quarto_040418_5\" width=\"830\" height=\"432\" \/><\/p>\n<p>A Festa da Penha \u00e9 devocional e cultural, predominantemente marcada pelas grandes celebra\u00e7\u00f5es e romarias. \u00c9 uma realiza\u00e7\u00e3o do Convento da Penha, da Associa\u00e7\u00e3o dos Amigos do Convento da Penha (AACP) e da Mitra Arquidiocesana de Vit\u00f3ria.<\/p>\n<p>Em sua 447\u00aa edi\u00e7\u00e3o, a Festa de Nossa Senhora da Penha come\u00e7ar\u00e1 neste domingo de P\u00e1scoa, 1\u00ba de abril, e terminar\u00e1 na segunda-feira, 9 de abril, dia em que se celebra a Padroeira do Esp\u00edrito Santo, Nossa Senhora da Penha.<\/p>\n<p><img loading=\"lazy\" src=\"http:\/\/franciscanos.org.br\/wp-content\/uploads\/2018\/04\/quarto_040418_6.jpg\" alt=\"quarto_040418_6\" width=\"830\" height=\"553\" \/><\/p>\n<p style=\"text-align: center;\"><strong><em>\u00a0<\/em><\/strong><em>Encena\u00e7\u00e3o durante o Momento Devocional: Frei Pedro Pal\u00e1cios e os colonos diante do quadro da Virgem.<\/em><\/p>\n<h3>QUINTO DIA DO OITAV\u00c1RIO<\/h3>\n<p>O guardi\u00e3o do Convento da Penha, Frei Paulo Pereira, deu as boas vindas a Frei Valdecir Schwambach, que at\u00e9 2016 esteve \u00e0 frente da Fraternidade do Convento.\u00a0 Frei Paulo tamb\u00e9m lembrou aos devotos que nesta quinta-feira, \u00e0s 19h30, a Orquestra Sinf\u00f4nica do Esp\u00edrito Santo se apresenta no Santu\u00e1rio do Divino Esp\u00edrito Santo, em Vila Velha.<\/p>\n<p>Tamb\u00e9m nesta quinta-feira, 5 de abril, haver\u00e1 Missas na Capela: 6h00, 7h00 e 9h30. \u00c0s 14h30 come\u00e7a o Oitav\u00e1rio, com o Momento Devocional Franciscano\u00a0 e a Santa Missa no Campinho, que ser\u00e1 coordenada pela \u00c1rea Pastoral\u00a0 Serra\/Fund\u00e3o. As confiss\u00f5es s\u00e3o atendidas das 8h00 \u00e0s 11h00 e das 14h00 \u00e0s 16h00.<\/p>\n","protected":false},"excerpt":{"rendered":"<p>Festa da Penha 2018<\/p>\n","protected":false},"author":1,"featured_media":202338,"comment_status":"open","ping_status":"open","sticky":false,"template":"","format":"standard","meta":[],"categories":[1],"tags":[245],"acf":[],"yoast_head":"<!-- This site is optimized with the Yoast SEO plugin v19.2 - https:\/\/yoast.com\/wordpress\/plugins\/seo\/ -->\n<title>A experi\u00eancia de partilhar o P\u00e3o e a Palavra - Not\u00edcias - Franciscanos<\/title>\n<meta name=\"robots\" content=\"index, follow, max-snippet:-1, max-image-preview:large, max-video-preview:-1\" \/>\n<link rel=\"canonical\" href=\"https:\/\/franciscanos.org.br\/noticias\/a-experiencia-de-partilhar-o-pao-e-a-palavra.html\" \/>\n<meta property=\"og:locale\" content=\"pt_BR\" \/>\n<meta property=\"og:type\" content=\"article\" \/>\n<meta property=\"og:title\" content=\"A experi\u00eancia de partilhar o P\u00e3o e a Palavra - Not\u00edcias - Franciscanos\" \/>\n<meta property=\"og:description\" content=\"Festa da Penha 2018\" \/>\n<meta property=\"og:url\" content=\"https:\/\/franciscanos.org.br\/noticias\/a-experiencia-de-partilhar-o-pao-e-a-palavra.html\" \/>\n<meta property=\"og:site_name\" content=\"Not\u00edcias - Franciscanos\" \/>\n<meta property=\"article:published_time\" content=\"2018-04-04T21:46:03+00:00\" \/>\n<meta property=\"article:modified_time\" content=\"2019-04-09T00:38:06+00:00\" \/>\n<meta property=\"og:image\" content=\"https:\/\/franciscanos.org.br\/noticias\/wp-content\/uploads\/2018\/04\/quarto_040418_4.jpg\" \/>\n\t<meta property=\"og:image:width\" content=\"273\" \/>\n\t<meta property=\"og:image:height\" content=\"181\" \/>\n\t<meta property=\"og:image:type\" content=\"image\/jpeg\" \/>\n<meta name=\"author\" content=\"admin\" \/>\n<meta name=\"twitter:card\" content=\"summary_large_image\" \/>\n<meta name=\"twitter:label1\" content=\"Escrito por\" \/>\n\t<meta name=\"twitter:data1\" content=\"admin\" \/>\n\t<meta name=\"twitter:label2\" content=\"Est. tempo de leitura\" \/>\n\t<meta name=\"twitter:data2\" content=\"5 minutos\" \/>\n<script type=\"application\/ld+json\" class=\"yoast-schema-graph\">{\"@context\":\"https:\/\/schema.org\",\"@graph\":[{\"@type\":\"WebSite\",\"@id\":\"https:\/\/franciscanos.org.br\/noticias\/#website\",\"url\":\"https:\/\/franciscanos.org.br\/noticias\/\",\"name\":\"Not\u00edcias - Franciscanos\",\"description\":\"Prov\u00edncia Franciscana da Imaculada Concei\u00e7\u00e3o do Brasil - Ordem dos Frades Menores - OFM\",\"potentialAction\":[{\"@type\":\"SearchAction\",\"target\":{\"@type\":\"EntryPoint\",\"urlTemplate\":\"https:\/\/franciscanos.org.br\/noticias\/?s={search_term_string}\"},\"query-input\":\"required name=search_term_string\"}],\"inLanguage\":\"pt-BR\"},{\"@type\":\"ImageObject\",\"inLanguage\":\"pt-BR\",\"@id\":\"https:\/\/franciscanos.org.br\/noticias\/a-experiencia-de-partilhar-o-pao-e-a-palavra.html#primaryimage\",\"url\":\"https:\/\/franciscanos.org.br\/noticias\/wp-content\/uploads\/2018\/04\/quarto_040418_4.jpg\",\"contentUrl\":\"https:\/\/franciscanos.org.br\/noticias\/wp-content\/uploads\/2018\/04\/quarto_040418_4.jpg\",\"width\":273,\"height\":181},{\"@type\":\"WebPage\",\"@id\":\"https:\/\/franciscanos.org.br\/noticias\/a-experiencia-de-partilhar-o-pao-e-a-palavra.html#webpage\",\"url\":\"https:\/\/franciscanos.org.br\/noticias\/a-experiencia-de-partilhar-o-pao-e-a-palavra.html\",\"name\":\"A experi\u00eancia de partilhar o P\u00e3o e a Palavra - Not\u00edcias - Franciscanos\",\"isPartOf\":{\"@id\":\"https:\/\/franciscanos.org.br\/noticias\/#website\"},\"primaryImageOfPage\":{\"@id\":\"https:\/\/franciscanos.org.br\/noticias\/a-experiencia-de-partilhar-o-pao-e-a-palavra.html#primaryimage\"},\"datePublished\":\"2018-04-04T21:46:03+00:00\",\"dateModified\":\"2019-04-09T00:38:06+00:00\",\"author\":{\"@id\":\"https:\/\/franciscanos.org.br\/noticias\/#\/schema\/person\/b38fbf43118f02820bd932f2e4b14ad3\"},\"breadcrumb\":{\"@id\":\"https:\/\/franciscanos.org.br\/noticias\/a-experiencia-de-partilhar-o-pao-e-a-palavra.html#breadcrumb\"},\"inLanguage\":\"pt-BR\",\"potentialAction\":[{\"@type\":\"ReadAction\",\"target\":[\"https:\/\/franciscanos.org.br\/noticias\/a-experiencia-de-partilhar-o-pao-e-a-palavra.html\"]}]},{\"@type\":\"BreadcrumbList\",\"@id\":\"https:\/\/franciscanos.org.br\/noticias\/a-experiencia-de-partilhar-o-pao-e-a-palavra.html#breadcrumb\",\"itemListElement\":[{\"@type\":\"ListItem\",\"position\":1,\"name\":\"Home\",\"item\":\"https:\/\/franciscanos.org.br\/noticias\"},{\"@type\":\"ListItem\",\"position\":2,\"name\":\"A experi\u00eancia de partilhar o P\u00e3o e a Palavra\"}]},{\"@type\":\"Person\",\"@id\":\"https:\/\/franciscanos.org.br\/noticias\/#\/schema\/person\/b38fbf43118f02820bd932f2e4b14ad3\",\"name\":\"admin\",\"image\":{\"@type\":\"ImageObject\",\"inLanguage\":\"pt-BR\",\"@id\":\"https:\/\/franciscanos.org.br\/noticias\/#\/schema\/person\/image\/\",\"url\":\"https:\/\/secure.gravatar.com\/avatar\/e8495742d34d0ba6448ea1c628263b3e?s=96&d=mm&r=g\",\"contentUrl\":\"https:\/\/secure.gravatar.com\/avatar\/e8495742d34d0ba6448ea1c628263b3e?s=96&d=mm&r=g\",\"caption\":\"admin\"},\"url\":\"https:\/\/franciscanos.org.br\/noticias\/author\/admin\"}]}<\/script>\n<!-- \/ Yoast SEO plugin. -->","yoast_head_json":{"title":"A experi\u00eancia de partilhar o P\u00e3o e a Palavra - Not\u00edcias - Franciscanos","robots":{"index":"index","follow":"follow","max-snippet":"max-snippet:-1","max-image-preview":"max-image-preview:large","max-video-preview":"max-video-preview:-1"},"canonical":"https:\/\/franciscanos.org.br\/noticias\/a-experiencia-de-partilhar-o-pao-e-a-palavra.html","og_locale":"pt_BR","og_type":"article","og_title":"A experi\u00eancia de partilhar o P\u00e3o e a Palavra - Not\u00edcias - Franciscanos","og_description":"Festa da Penha 2018","og_url":"https:\/\/franciscanos.org.br\/noticias\/a-experiencia-de-partilhar-o-pao-e-a-palavra.html","og_site_name":"Not\u00edcias - Franciscanos","article_published_time":"2018-04-04T21:46:03+00:00","article_modified_time":"2019-04-09T00:38:06+00:00","og_image":[{"width":273,"height":181,"url":"https:\/\/franciscanos.org.br\/noticias\/wp-content\/uploads\/2018\/04\/quarto_040418_4.jpg","type":"image\/jpeg"}],"author":"admin","twitter_card":"summary_large_image","twitter_misc":{"Escrito por":"admin","Est. tempo de leitura":"5 minutos"},"schema":{"@context":"https:\/\/schema.org","@graph":[{"@type":"WebSite","@id":"https:\/\/franciscanos.org.br\/noticias\/#website","url":"https:\/\/franciscanos.org.br\/noticias\/","name":"Not\u00edcias - Franciscanos","description":"Prov\u00edncia Franciscana da Imaculada Concei\u00e7\u00e3o do Brasil - Ordem dos Frades Menores - OFM","potentialAction":[{"@type":"SearchAction","target":{"@type":"EntryPoint","urlTemplate":"https:\/\/franciscanos.org.br\/noticias\/?s={search_term_string}"},"query-input":"required name=search_term_string"}],"inLanguage":"pt-BR"},{"@type":"ImageObject","inLanguage":"pt-BR","@id":"https:\/\/franciscanos.org.br\/noticias\/a-experiencia-de-partilhar-o-pao-e-a-palavra.html#primaryimage","url":"https:\/\/franciscanos.org.br\/noticias\/wp-content\/uploads\/2018\/04\/quarto_040418_4.jpg","contentUrl":"https:\/\/franciscanos.org.br\/noticias\/wp-content\/uploads\/2018\/04\/quarto_040418_4.jpg","width":273,"height":181},{"@type":"WebPage","@id":"https:\/\/franciscanos.org.br\/noticias\/a-experiencia-de-partilhar-o-pao-e-a-palavra.html#webpage","url":"https:\/\/franciscanos.org.br\/noticias\/a-experiencia-de-partilhar-o-pao-e-a-palavra.html","name":"A experi\u00eancia de partilhar o P\u00e3o e a Palavra - Not\u00edcias - Franciscanos","isPartOf":{"@id":"https:\/\/franciscanos.org.br\/noticias\/#website"},"primaryImageOfPage":{"@id":"https:\/\/franciscanos.org.br\/noticias\/a-experiencia-de-partilhar-o-pao-e-a-palavra.html#primaryimage"},"datePublished":"2018-04-04T21:46:03+00:00","dateModified":"2019-04-09T00:38:06+00:00","author":{"@id":"https:\/\/franciscanos.org.br\/noticias\/#\/schema\/person\/b38fbf43118f02820bd932f2e4b14ad3"},"breadcrumb":{"@id":"https:\/\/franciscanos.org.br\/noticias\/a-experiencia-de-partilhar-o-pao-e-a-palavra.html#breadcrumb"},"inLanguage":"pt-BR","potentialAction":[{"@type":"ReadAction","target":["https:\/\/franciscanos.org.br\/noticias\/a-experiencia-de-partilhar-o-pao-e-a-palavra.html"]}]},{"@type":"BreadcrumbList","@id":"https:\/\/franciscanos.org.br\/noticias\/a-experiencia-de-partilhar-o-pao-e-a-palavra.html#breadcrumb","itemListElement":[{"@type":"ListItem","position":1,"name":"Home","item":"https:\/\/franciscanos.org.br\/noticias"},{"@type":"ListItem","position":2,"name":"A experi\u00eancia de partilhar o P\u00e3o e a Palavra"}]},{"@type":"Person","@id":"https:\/\/franciscanos.org.br\/noticias\/#\/schema\/person\/b38fbf43118f02820bd932f2e4b14ad3","name":"admin","image":{"@type":"ImageObject","inLanguage":"pt-BR","@id":"https:\/\/franciscanos.org.br\/noticias\/#\/schema\/person\/image\/","url":"https:\/\/secure.gravatar.com\/avatar\/e8495742d34d0ba6448ea1c628263b3e?s=96&d=mm&r=g","contentUrl":"https:\/\/secure.gravatar.com\/avatar\/e8495742d34d0ba6448ea1c628263b3e?s=96&d=mm&r=g","caption":"admin"},"url":"https:\/\/franciscanos.org.br\/noticias\/author\/admin"}]}},"_links":{"self":[{"href":"https:\/\/franciscanos.org.br\/noticias\/wp-json\/wp\/v2\/posts\/155640"}],"collection":[{"href":"https:\/\/franciscanos.org.br\/noticias\/wp-json\/wp\/v2\/posts"}],"about":[{"href":"https:\/\/franciscanos.org.br\/noticias\/wp-json\/wp\/v2\/types\/post"}],"author":[{"embeddable":true,"href":"https:\/\/franciscanos.org.br\/noticias\/wp-json\/wp\/v2\/users\/1"}],"replies":[{"embeddable":true,"href":"https:\/\/franciscanos.org.br\/noticias\/wp-json\/wp\/v2\/comments?post=155640"}],"version-history":[{"count":0,"href":"https:\/\/franciscanos.org.br\/noticias\/wp-json\/wp\/v2\/posts\/155640\/revisions"}],"wp:featuredmedia":[{"embeddable":true,"href":"https:\/\/franciscanos.org.br\/noticias\/wp-json\/wp\/v2\/media\/202338"}],"wp:attachment":[{"href":"https:\/\/franciscanos.org.br\/noticias\/wp-json\/wp\/v2\/media?parent=155640"}],"wp:term":[{"taxonomy":"category","embeddable":true,"href":"https:\/\/franciscanos.org.br\/noticias\/wp-json\/wp\/v2\/categories?post=155640"},{"taxonomy":"post_tag","embeddable":true,"href":"https:\/\/franciscanos.org.br\/noticias\/wp-json\/wp\/v2\/tags?post=155640"}],"curies":[{"name":"wp","href":"https:\/\/api.w.org\/{rel}","templated":true}]}}