{"id":155589,"date":"2018-04-04T08:32:24","date_gmt":"2018-04-04T11:32:24","guid":{"rendered":"http:\/\/franciscanos.org.br\/?p=155589"},"modified":"2019-08-06T11:25:34","modified_gmt":"2019-08-06T14:25:34","slug":"jovens-vao-a-luta-e-educafro-chega-a-ferraria","status":"publish","type":"post","link":"https:\/\/franciscanos.org.br\/noticias\/jovens-vao-a-luta-e-educafro-chega-a-ferraria.html","title":{"rendered":"Jovens v\u00e3o \u00e0 luta e Educafro chega a Campo Largo"},"content":{"rendered":"<p><img loading=\"lazy\" src=\"http:\/\/franciscanos.org.br\/wp-content\/uploads\/2018\/04\/educafro_040418.jpg\" alt=\"educafro_040418\" width=\"830\" height=\"401\" \/><\/p>\n<p>Um post no <em>Facebook<\/em> anteontem, 2 de abril, mostrava a alegria de Mariana Rogoski com o in\u00edcio das atividades da Educafro (Educa\u00e7\u00e3o e Cidadania de afrodescendentes e carentes) no bairro da Ferraria, periferia de Campo Largo, na regi\u00e3o metropolitana de Curitiba (PR). &#8220;Hoje plantamos a semente!&#8221;, celebrava Mariana ao ver a sala com 31 alunos e j\u00e1 com uma lista de espera para alunos que ser\u00e3o chamados conforme abertura de vagas. &#8220;Sonho se realizando: fazer acontecer no meio da nossa realidade, 31 jovens de baixa renda tendo acesso \u00e0 educa\u00e7\u00e3o e com possibilidade de transformar a sua realidade! Minha gratid\u00e3o a todos os envolvidos, em especial aos professores volunt\u00e1rios, eterna gratid\u00e3o!&#8221;, dizia Mariana, uma lideran\u00e7a no trabalho com jovens e nos eventos ligados \u00e0 juventude promovidos pela Prov\u00edncia da Imaculada Concei\u00e7\u00e3o do Brasil.<\/p>\n<p>Esse &#8220;sonho&#8221; nasceu quando Mariana e Patrik Doka se hospedaram no Convento S\u00e3o Francisco durante passagem por S\u00e3o Paulo por ocasi\u00e3o do Curso de Ver\u00e3o do CESEEP\u00a0 (Centro Ecum\u00eanico de Servi\u00e7os \u00e0 Evangeliza\u00e7\u00e3o e Educa\u00e7\u00e3o Popular), em janeiro de 2018. No Convento, no centro de S\u00e3o Paulo, conheceram Frei Davi Raimundo dos Santos, o fundador e representante da Educafro (Educa\u00e7\u00e3o e Cidadania de afrodescendentes e carentes), rede de cursinhos comunit\u00e1rios pr\u00e9-vestibular, que tem por objetivo reunir pessoas volunt\u00e1rias, solid\u00e1rias e benefici\u00e1rias desta causa, que lutam pela inclus\u00e3o de negros, em especial, e pobres em geral, nas universidades p\u00fablicas, prioritariamente, ou em uma universidade particular com bolsa de estudos.<\/p>\n<p><img loading=\"lazy\" src=\"http:\/\/franciscanos.org.br\/wp-content\/uploads\/2018\/04\/educafro_040418_2.jpg\" alt=\"educafro_040418_2\" width=\"830\" height=\"411\" \/><\/p>\n<p style=\"text-align: center;\"><em>Professores do primeiro n\u00facleo da Educafro em Campo Largo: resposta imediata de solidariedade<\/em><\/p>\n<p>&#8220;Ficamos encantados com o projeto e o quanto estava alinhado com os princ\u00edpios do Evangelho, na promo\u00e7\u00e3o dos mais necessitados e exclu\u00eddos, neste caso, por meio da Educa\u00e7\u00e3o. Eu e o Patrik crescemos no bairro da Ferraria, periferia de Campo Largo, uma realidade pobre com dif\u00edcil acesso \u00e0 educa\u00e7\u00e3o e com alto \u00edndice de criminalidade e mortalidade entre os jovens. Participamos de Grupo de Jovens da regi\u00e3o e, desde 2014, participamos dos eventos ligados \u00e0 juventude promovidos pela Prov\u00edncia da Imaculada Concei\u00e7\u00e3o do Brasil, o que fez abrirmos os olhos e o pensamento para uma realidade socioecon\u00f4mica do pa\u00eds, onde \u00e9 necess\u00e1ria nossa atua\u00e7\u00e3o como protagonistas de uma nova realidade em nosso meio&#8221;, explicou Mariana, que junto com Frei Diego Atalino de Melo, embarcar\u00e1 no dia 15 de maio para Roma, onde v\u00e3o participar e falar deste trabalho com a juventude brasileira, representando os ramos franciscanos no Encontro dos Superiores Gerais de todas as Ordens.<\/p>\n<p>Segundo Mariana, no bairro da Ferraria, poucos jovens procuravam as universidades ap\u00f3s terminar o Ensino M\u00e9dio, algumas vezes por ser um sonho muito distante da realidade deles, outras tantas por n\u00e3o possu\u00edrem condi\u00e7\u00f5es financeiras. &#8220;Ao conhecer o modelo da Educafro, vislumbramos a possibilidade de alguma forma ajudar os jovens daquela regi\u00e3o a realizarem seus sonhos, e com isso, passar por uma transforma\u00e7\u00e3o social local&#8221;, contou.<\/p>\n<p><img loading=\"lazy\" src=\"http:\/\/franciscanos.org.br\/wp-content\/uploads\/2018\/04\/educafro_040418_4.jpg\" alt=\"educafro_040418_4\" width=\"830\" height=\"412\" \/><\/p>\n<p style=\"text-align: center;\"><em>Mariana:\u00a0&#8220;Ficamos encantados com o projeto e o quanto estava alinhado com os princ\u00edpios do Evangelho&#8221;\u00a0\u00a0<\/em><\/p>\n<p>Depois de trocas de contatos com Frei Davi, a aproxima\u00e7\u00e3o ficou mais f\u00e1cil porque a Educafro estava vindo para Curitiba. &#8220;Neste momento das primeiras trocas de informa\u00e7\u00e3o o Doka foi o respons\u00e1vel por interagir com o Frei David e com a Suelen Queiroz, coordenadora da Educafro Paran\u00e1. Ele participou das primeiras reuni\u00f5es e me chamou para ajudar na coordena\u00e7\u00e3o administrativa. Meu marido Maur\u00edcio Bernz, participando tamb\u00e9m de todos esses momentos, topou ajudar na coordena\u00e7\u00e3o pedag\u00f3gica&#8221;, informou Mariana, que tiveram apoio do diretor do Col\u00e9gio Estadual Prof. Edithe, Rafael Hauer, para usar as instala\u00e7\u00f5es da regi\u00e3o na cria\u00e7\u00e3o do primeiro n\u00facleo do cursinho. &#8220;Frei Davi veio conhecer a sede iniciamos de fato o projeto&#8221;, acrescentou Mariana.<\/p>\n<p><img loading=\"lazy\" src=\"http:\/\/franciscanos.org.br\/wp-content\/uploads\/2018\/04\/educafro_040418_1.jpg\" alt=\"educafro_040418_1\" width=\"830\" height=\"516\" \/><\/p>\n<p style=\"text-align: center;\"><em>Patrik Doka:\u00a0\u201cSenti que estou participando de algo grande&#8221;<\/em><\/p>\n<p>Atrav\u00e9s das redes sociais, conta Mariana, conseguiram os professores volunt\u00e1rios para todas as disciplinas. &#8220;Muita gente entrou em contato porque achou excelente o projeto e queria fazer parte de alguma forma. Conseguimos merenda para os alunos, material para c\u00f3pia doados pelo col\u00e9gio, al\u00e9m de uma sala de aula exclusiva para uso do cursinho. Em conson\u00e2ncia com a estrutura do cursinho, o material de apoio usado pelos professores ser\u00e1 o Sistema Poliedro de Ensino. Fizemos a divulga\u00e7\u00e3o em sala de aula para os alunos do terceir\u00e3o e via rede social para a comunidade em geral. E o resultado foi positivo, alunos n\u00e3o s\u00f3 de Ferraria, mas de outros bairros e de v\u00e1rias faixas et\u00e1rias, era um sinal de que as pessoas em geral acreditavam no sonho do Ensino Superior&#8221;, comemorou Mariana.<\/p>\n<p>\u201cSenti que estou participando de algo grande, de um projeto que muda realidades. Muito feliz por estar envolvido\u201d, completou Doka.<\/p>\n<p><strong>Por Moacir Beggo (fotos de Mariana e Frei Augusto Luiz Gabriel)<\/strong><\/p>\n<p><img loading=\"lazy\" src=\"http:\/\/franciscanos.org.br\/wp-content\/uploads\/2018\/04\/educafro_040418_3.jpg\" alt=\"educafro_040418_3\" width=\"830\" height=\"383\" \/><\/p>\n","protected":false},"excerpt":{"rendered":"<p>Juventude<\/p>\n","protected":false},"author":1,"featured_media":208867,"comment_status":"open","ping_status":"open","sticky":false,"template":"","format":"standard","meta":[],"categories":[1],"tags":[],"acf":[],"yoast_head":"<!-- This site is optimized with the Yoast SEO plugin v19.2 - https:\/\/yoast.com\/wordpress\/plugins\/seo\/ -->\n<title>Jovens v\u00e3o \u00e0 luta e Educafro chega a Campo Largo - Not\u00edcias - Franciscanos<\/title>\n<meta name=\"robots\" content=\"index, follow, max-snippet:-1, max-image-preview:large, max-video-preview:-1\" \/>\n<link rel=\"canonical\" href=\"https:\/\/franciscanos.org.br\/noticias\/jovens-vao-a-luta-e-educafro-chega-a-ferraria.html\" \/>\n<meta property=\"og:locale\" content=\"pt_BR\" \/>\n<meta property=\"og:type\" content=\"article\" \/>\n<meta property=\"og:title\" content=\"Jovens v\u00e3o \u00e0 luta e Educafro chega a Campo Largo - Not\u00edcias - Franciscanos\" \/>\n<meta property=\"og:description\" content=\"Juventude\" \/>\n<meta property=\"og:url\" content=\"https:\/\/franciscanos.org.br\/noticias\/jovens-vao-a-luta-e-educafro-chega-a-ferraria.html\" \/>\n<meta property=\"og:site_name\" content=\"Not\u00edcias - Franciscanos\" \/>\n<meta property=\"article:published_time\" content=\"2018-04-04T11:32:24+00:00\" \/>\n<meta property=\"article:modified_time\" content=\"2019-08-06T14:25:34+00:00\" \/>\n<meta property=\"og:image\" content=\"https:\/\/franciscanos.org.br\/noticias\/wp-content\/uploads\/2018\/04\/educafro_040418.jpg\" \/>\n\t<meta property=\"og:image:width\" content=\"273\" \/>\n\t<meta property=\"og:image:height\" content=\"181\" \/>\n\t<meta property=\"og:image:type\" content=\"image\/jpeg\" \/>\n<meta name=\"author\" content=\"admin\" \/>\n<meta name=\"twitter:card\" content=\"summary_large_image\" \/>\n<meta name=\"twitter:label1\" content=\"Escrito por\" \/>\n\t<meta name=\"twitter:data1\" content=\"admin\" \/>\n\t<meta name=\"twitter:label2\" content=\"Est. tempo de leitura\" \/>\n\t<meta name=\"twitter:data2\" content=\"4 minutos\" \/>\n<script type=\"application\/ld+json\" class=\"yoast-schema-graph\">{\"@context\":\"https:\/\/schema.org\",\"@graph\":[{\"@type\":\"WebSite\",\"@id\":\"https:\/\/franciscanos.org.br\/noticias\/#website\",\"url\":\"https:\/\/franciscanos.org.br\/noticias\/\",\"name\":\"Not\u00edcias - Franciscanos\",\"description\":\"Prov\u00edncia Franciscana da Imaculada Concei\u00e7\u00e3o do Brasil - Ordem dos Frades Menores - OFM\",\"potentialAction\":[{\"@type\":\"SearchAction\",\"target\":{\"@type\":\"EntryPoint\",\"urlTemplate\":\"https:\/\/franciscanos.org.br\/noticias\/?s={search_term_string}\"},\"query-input\":\"required name=search_term_string\"}],\"inLanguage\":\"pt-BR\"},{\"@type\":\"ImageObject\",\"inLanguage\":\"pt-BR\",\"@id\":\"https:\/\/franciscanos.org.br\/noticias\/jovens-vao-a-luta-e-educafro-chega-a-ferraria.html#primaryimage\",\"url\":\"https:\/\/franciscanos.org.br\/noticias\/wp-content\/uploads\/2018\/04\/educafro_040418.jpg\",\"contentUrl\":\"https:\/\/franciscanos.org.br\/noticias\/wp-content\/uploads\/2018\/04\/educafro_040418.jpg\",\"width\":273,\"height\":181},{\"@type\":\"WebPage\",\"@id\":\"https:\/\/franciscanos.org.br\/noticias\/jovens-vao-a-luta-e-educafro-chega-a-ferraria.html#webpage\",\"url\":\"https:\/\/franciscanos.org.br\/noticias\/jovens-vao-a-luta-e-educafro-chega-a-ferraria.html\",\"name\":\"Jovens v\u00e3o \u00e0 luta e Educafro chega a Campo Largo - Not\u00edcias - Franciscanos\",\"isPartOf\":{\"@id\":\"https:\/\/franciscanos.org.br\/noticias\/#website\"},\"primaryImageOfPage\":{\"@id\":\"https:\/\/franciscanos.org.br\/noticias\/jovens-vao-a-luta-e-educafro-chega-a-ferraria.html#primaryimage\"},\"datePublished\":\"2018-04-04T11:32:24+00:00\",\"dateModified\":\"2019-08-06T14:25:34+00:00\",\"author\":{\"@id\":\"https:\/\/franciscanos.org.br\/noticias\/#\/schema\/person\/b38fbf43118f02820bd932f2e4b14ad3\"},\"breadcrumb\":{\"@id\":\"https:\/\/franciscanos.org.br\/noticias\/jovens-vao-a-luta-e-educafro-chega-a-ferraria.html#breadcrumb\"},\"inLanguage\":\"pt-BR\",\"potentialAction\":[{\"@type\":\"ReadAction\",\"target\":[\"https:\/\/franciscanos.org.br\/noticias\/jovens-vao-a-luta-e-educafro-chega-a-ferraria.html\"]}]},{\"@type\":\"BreadcrumbList\",\"@id\":\"https:\/\/franciscanos.org.br\/noticias\/jovens-vao-a-luta-e-educafro-chega-a-ferraria.html#breadcrumb\",\"itemListElement\":[{\"@type\":\"ListItem\",\"position\":1,\"name\":\"Home\",\"item\":\"https:\/\/franciscanos.org.br\/noticias\"},{\"@type\":\"ListItem\",\"position\":2,\"name\":\"Jovens v\u00e3o \u00e0 luta e Educafro chega a Campo Largo\"}]},{\"@type\":\"Person\",\"@id\":\"https:\/\/franciscanos.org.br\/noticias\/#\/schema\/person\/b38fbf43118f02820bd932f2e4b14ad3\",\"name\":\"admin\",\"image\":{\"@type\":\"ImageObject\",\"inLanguage\":\"pt-BR\",\"@id\":\"https:\/\/franciscanos.org.br\/noticias\/#\/schema\/person\/image\/\",\"url\":\"https:\/\/secure.gravatar.com\/avatar\/e8495742d34d0ba6448ea1c628263b3e?s=96&d=mm&r=g\",\"contentUrl\":\"https:\/\/secure.gravatar.com\/avatar\/e8495742d34d0ba6448ea1c628263b3e?s=96&d=mm&r=g\",\"caption\":\"admin\"},\"url\":\"https:\/\/franciscanos.org.br\/noticias\/author\/admin\"}]}<\/script>\n<!-- \/ Yoast SEO plugin. -->","yoast_head_json":{"title":"Jovens v\u00e3o \u00e0 luta e Educafro chega a Campo Largo - Not\u00edcias - Franciscanos","robots":{"index":"index","follow":"follow","max-snippet":"max-snippet:-1","max-image-preview":"max-image-preview:large","max-video-preview":"max-video-preview:-1"},"canonical":"https:\/\/franciscanos.org.br\/noticias\/jovens-vao-a-luta-e-educafro-chega-a-ferraria.html","og_locale":"pt_BR","og_type":"article","og_title":"Jovens v\u00e3o \u00e0 luta e Educafro chega a Campo Largo - Not\u00edcias - Franciscanos","og_description":"Juventude","og_url":"https:\/\/franciscanos.org.br\/noticias\/jovens-vao-a-luta-e-educafro-chega-a-ferraria.html","og_site_name":"Not\u00edcias - Franciscanos","article_published_time":"2018-04-04T11:32:24+00:00","article_modified_time":"2019-08-06T14:25:34+00:00","og_image":[{"width":273,"height":181,"url":"https:\/\/franciscanos.org.br\/noticias\/wp-content\/uploads\/2018\/04\/educafro_040418.jpg","type":"image\/jpeg"}],"author":"admin","twitter_card":"summary_large_image","twitter_misc":{"Escrito por":"admin","Est. tempo de leitura":"4 minutos"},"schema":{"@context":"https:\/\/schema.org","@graph":[{"@type":"WebSite","@id":"https:\/\/franciscanos.org.br\/noticias\/#website","url":"https:\/\/franciscanos.org.br\/noticias\/","name":"Not\u00edcias - Franciscanos","description":"Prov\u00edncia Franciscana da Imaculada Concei\u00e7\u00e3o do Brasil - Ordem dos Frades Menores - OFM","potentialAction":[{"@type":"SearchAction","target":{"@type":"EntryPoint","urlTemplate":"https:\/\/franciscanos.org.br\/noticias\/?s={search_term_string}"},"query-input":"required name=search_term_string"}],"inLanguage":"pt-BR"},{"@type":"ImageObject","inLanguage":"pt-BR","@id":"https:\/\/franciscanos.org.br\/noticias\/jovens-vao-a-luta-e-educafro-chega-a-ferraria.html#primaryimage","url":"https:\/\/franciscanos.org.br\/noticias\/wp-content\/uploads\/2018\/04\/educafro_040418.jpg","contentUrl":"https:\/\/franciscanos.org.br\/noticias\/wp-content\/uploads\/2018\/04\/educafro_040418.jpg","width":273,"height":181},{"@type":"WebPage","@id":"https:\/\/franciscanos.org.br\/noticias\/jovens-vao-a-luta-e-educafro-chega-a-ferraria.html#webpage","url":"https:\/\/franciscanos.org.br\/noticias\/jovens-vao-a-luta-e-educafro-chega-a-ferraria.html","name":"Jovens v\u00e3o \u00e0 luta e Educafro chega a Campo Largo - Not\u00edcias - Franciscanos","isPartOf":{"@id":"https:\/\/franciscanos.org.br\/noticias\/#website"},"primaryImageOfPage":{"@id":"https:\/\/franciscanos.org.br\/noticias\/jovens-vao-a-luta-e-educafro-chega-a-ferraria.html#primaryimage"},"datePublished":"2018-04-04T11:32:24+00:00","dateModified":"2019-08-06T14:25:34+00:00","author":{"@id":"https:\/\/franciscanos.org.br\/noticias\/#\/schema\/person\/b38fbf43118f02820bd932f2e4b14ad3"},"breadcrumb":{"@id":"https:\/\/franciscanos.org.br\/noticias\/jovens-vao-a-luta-e-educafro-chega-a-ferraria.html#breadcrumb"},"inLanguage":"pt-BR","potentialAction":[{"@type":"ReadAction","target":["https:\/\/franciscanos.org.br\/noticias\/jovens-vao-a-luta-e-educafro-chega-a-ferraria.html"]}]},{"@type":"BreadcrumbList","@id":"https:\/\/franciscanos.org.br\/noticias\/jovens-vao-a-luta-e-educafro-chega-a-ferraria.html#breadcrumb","itemListElement":[{"@type":"ListItem","position":1,"name":"Home","item":"https:\/\/franciscanos.org.br\/noticias"},{"@type":"ListItem","position":2,"name":"Jovens v\u00e3o \u00e0 luta e Educafro chega a Campo Largo"}]},{"@type":"Person","@id":"https:\/\/franciscanos.org.br\/noticias\/#\/schema\/person\/b38fbf43118f02820bd932f2e4b14ad3","name":"admin","image":{"@type":"ImageObject","inLanguage":"pt-BR","@id":"https:\/\/franciscanos.org.br\/noticias\/#\/schema\/person\/image\/","url":"https:\/\/secure.gravatar.com\/avatar\/e8495742d34d0ba6448ea1c628263b3e?s=96&d=mm&r=g","contentUrl":"https:\/\/secure.gravatar.com\/avatar\/e8495742d34d0ba6448ea1c628263b3e?s=96&d=mm&r=g","caption":"admin"},"url":"https:\/\/franciscanos.org.br\/noticias\/author\/admin"}]}},"_links":{"self":[{"href":"https:\/\/franciscanos.org.br\/noticias\/wp-json\/wp\/v2\/posts\/155589"}],"collection":[{"href":"https:\/\/franciscanos.org.br\/noticias\/wp-json\/wp\/v2\/posts"}],"about":[{"href":"https:\/\/franciscanos.org.br\/noticias\/wp-json\/wp\/v2\/types\/post"}],"author":[{"embeddable":true,"href":"https:\/\/franciscanos.org.br\/noticias\/wp-json\/wp\/v2\/users\/1"}],"replies":[{"embeddable":true,"href":"https:\/\/franciscanos.org.br\/noticias\/wp-json\/wp\/v2\/comments?post=155589"}],"version-history":[{"count":0,"href":"https:\/\/franciscanos.org.br\/noticias\/wp-json\/wp\/v2\/posts\/155589\/revisions"}],"wp:featuredmedia":[{"embeddable":true,"href":"https:\/\/franciscanos.org.br\/noticias\/wp-json\/wp\/v2\/media\/208867"}],"wp:attachment":[{"href":"https:\/\/franciscanos.org.br\/noticias\/wp-json\/wp\/v2\/media?parent=155589"}],"wp:term":[{"taxonomy":"category","embeddable":true,"href":"https:\/\/franciscanos.org.br\/noticias\/wp-json\/wp\/v2\/categories?post=155589"},{"taxonomy":"post_tag","embeddable":true,"href":"https:\/\/franciscanos.org.br\/noticias\/wp-json\/wp\/v2\/tags?post=155589"}],"curies":[{"name":"wp","href":"https:\/\/api.w.org\/{rel}","templated":true}]}}