{"id":155489,"date":"2018-04-03T18:49:48","date_gmt":"2018-04-03T21:49:48","guid":{"rendered":"http:\/\/franciscanos.org.br\/?p=155489"},"modified":"2019-04-08T21:35:15","modified_gmt":"2019-04-09T00:35:15","slug":"dia-de-pedidos-de-paz-na-penha","status":"publish","type":"post","link":"https:\/\/franciscanos.org.br\/noticias\/dia-de-pedidos-de-paz-na-penha.html","title":{"rendered":"Dia de pedidos de paz na Festa da Penha"},"content":{"rendered":"<p><img loading=\"lazy\" src=\"http:\/\/franciscanos.org.br\/wp-content\/uploads\/2018\/04\/terceiro_030418_4.jpg\" alt=\"terceiro_030418_4\" width=\"830\" height=\"597\" \/><\/p>\n<p><strong>Frei Augusto Luiz Gabriel e Moacir Beggo<\/strong><\/p>\n<p><strong>Vila Velha (ES) &#8211;\u00a0<\/strong>&#8220;Basta de viol\u00eancia!&#8221;, estava escrito na faixa no centro do Campinho do Morro do Convento da Penha, neste terceiro dia (3\/4) do Oitav\u00e1rio da Festa em homenagem a Nossa Senhora da Penha. Esta foi uma das manifesta\u00e7\u00f5es contra a viol\u00eancia que faz o nosso pa\u00eds superar, em n\u00fameros de assassinatos, as zonas de guerra. Frei Pedro Oliveira, na sua reflex\u00e3o durante o Momento Devocional Franciscano e Mariano, destacou o exterm\u00ednio de jovens, especialmente negros e favelados. &#8220;At\u00e9 quando vamos ter que conviver silenciosamente com este massacre, com este exterm\u00ednio?&#8221;, clamou o frade.<\/p>\n<p><iframe loading=\"lazy\" src=\"https:\/\/www.youtube.com\/embed\/NtZqZWZT-e4\" width=\"100%\" height=\"480\" frameborder=\"0\" allowfullscreen=\"allowfullscreen\"><\/iframe><\/p>\n<p>Na Celebra\u00e7\u00e3o Eucar\u00edstica, Frei Jos\u00e9 Wiliam Correa de Ara\u00fajo, p\u00e1roco da Par\u00f3quia Santa Clara de Assis, em Viana, emendou na sua homilia uma lista intermin\u00e1vel de viol\u00eancias: viol\u00eancia contra a mulher, viol\u00eancia contra os homens e jovens, viol\u00eancia sexual, viol\u00eancia do tr\u00e1fico de drogas, viol\u00eancia no tr\u00e2nsito, viol\u00eancia contra a natureza, viol\u00eancia contra os ind\u00edgenas, viol\u00eancia contra a crian\u00e7a, assim por diante. O Esp\u00edrito Santo tem seis cidades na lista de munic\u00edpios com o maior n\u00famero de mortes por armas de fogo no Brasil, segundo Mapa da Viol\u00eancia do Brasil. Uma dessas cidades \u00e9 Cariacica, que hoje estava presente com Viana na coordena\u00e7\u00e3o lit\u00fargica da Missa do Oitav\u00e1rio.<\/p>\n<p><img loading=\"lazy\" src=\"http:\/\/franciscanos.org.br\/wp-content\/uploads\/2018\/04\/terceiro_030418_5.jpg\" alt=\"terceiro_030418_5\" width=\"830\" height=\"423\" \/><\/p>\n<p>Frei Pedro, que \u00e9 natural de Cariacica, iniciou sua reflex\u00e3o lembrando o tema da Campanha da Fraternidade deste ano e a morte de mais um jovem nesta ter\u00e7a-feira na sua cidade. &#8220;O exterm\u00ednio da nossa juventude \u00e9 um clamor que sobe aos c\u00e9us. Vidas s\u00e3o ceifadas, sonhos s\u00e3o interrompidos. E o que muito nos assusta, nos entristece e nos angustia \u00e9 constatarmos que a maioria dos nossos jovens assassinados \u00e9 negra e favelada. Por que isso? Recentemente tivemos a morte do Juan e do Dami\u00e3o, dois jovens negros do Morro da Piedade e um deles era membro da Pastoral da Juventude&#8221;, constatou o frade.<\/p>\n<p>&#8220;O que foi feito? Onde est\u00e3o os culpados? At\u00e9 quando vamos ter que presenciar a morte de tantos Juans e tantos Dami\u00e3os? At\u00e9 quando? Quantos pais e m\u00e3es choram pela perda de seus filhos, que tinham sonhos, projetos de dar uma estabilidade melhor aos seus pais. Mas algu\u00e9m se achou no direito de interromper esse sonho, este projeto de vida. E, muitas vezes, somos omissos quando nos calamos diante dessa barbaridade, desse massacre, desse exterm\u00ednio da nossa juventude. Calar \u00e9 omitir&#8221;, insistiu o frade, dirigindo a Maria uma prece: &#8220;Pe\u00e7amos \u00e0 Virgem da Penha, a M\u00e3e das Alegrias, por todos esses nossos jovens que foram assassinados!&#8221;.<\/p>\n<p>Para Frei Pedro, a \u00fanica arma capaz de vencer a viol\u00eancia \u00e9 a paz. &#8220;S\u00e3o Francisco de Assis nos exorta a sermos instrumentos de paz&#8221;, pediu.<\/p>\n<p><img loading=\"lazy\" src=\"http:\/\/franciscanos.org.br\/wp-content\/uploads\/2018\/04\/pedro_030418_10.jpg\" alt=\"pedro_030418_10\" width=\"830\" height=\"436\" \/><\/p>\n<p>Pe. Robson Prati Neves de Oliveira, da Par\u00f3quia Bom Pastor, presidiu a Celebra\u00e7\u00e3o Eucar\u00edstica \u00e0s 15 horas. Frei Jos\u00e9 William fez a homilia e iniciou lembrando o sentido de se estar no Santu\u00e1rio mais antigo do Brasil, em homenagem a Nossa Senhora das Alegrias. &#8220;E \u00e9 com alegria que estamos aqui hoje porque queremos viver esse compromisso com Deus, queremos viver essa fidelidade de seguidores de Jesus Cristo no nosso dia a dia, sempre juntos com Maria&#8221;, disse.<\/p>\n<p>Para Frei Jos\u00e9, Maria tamb\u00e9m n\u00e3o viveu em um tempo f\u00e1cil, basta recordar a persegui\u00e7\u00e3o do Rei Herodes que obrigou a Fam\u00edlia Sagrada se refugiar no Egito e toda a caminhada de Jesus. &#8220;Nesse sentindo, \u00e9 preciso termos em conta que Maria sempre nos inspira na nossa caminhada diante dos desafios de hoje. Ela foi essa mulher forte capaz de enfrentar tudo isso com coragem e fidelidade, na observ\u00e2ncia da Palavra, na escuta da Palavra. \u00c9 assim que devemos caminhar&#8221;, orientou o pregador.<\/p>\n<p><img loading=\"lazy\" src=\"http:\/\/franciscanos.org.br\/wp-content\/uploads\/2018\/04\/terceiro_030418_6.jpg\" alt=\"terceiro_030418_6\" width=\"830\" height=\"536\" \/><\/p>\n<p>Para o frade, a coragem de Maria ao assumir o projeto libertador de Deus, projeto de salva\u00e7\u00e3o para todos n\u00f3s, \u00e9 um convite para que todos tenhamos essa coragem diante dos desafios que nos cercam hoje. &#8220;Que n\u00f3s possamos viver essa fidelidade no projeto de salva\u00e7\u00e3o, lembrando que Maria est\u00e1 sempre presente junto a n\u00f3s. E ela nos diz a mesma coisa como em Can\u00e1: &#8216;Fazei tudo o que o meu Filho lhes disser&#8217;. E o que Jesus Cristo quer de n\u00f3s \u00e9 que caminhemos com coragem, com \u00e2nimo, com esperan\u00e7a, sempre acreditando num mundo melhor, numa vida melhor, e ao mesmo tempo lutando,\u00a0 assumindo as nossas for\u00e7as para sermos capazes de transformar a nossa realidade, que muitas vezes \u00e9 uma realidade dura. Que n\u00f3s fa\u00e7amos verdadeiramente a experi\u00eancia da salva\u00e7\u00e3o. Que o Esp\u00edrito de Deus nos fortale\u00e7a e nos ilumine e que possamos sempre nos inspirar em Maria na nossa caminhada!&#8221;, ensinou.<\/p>\n<p>Residindo no Convento da Penha, o capixaba Frei Pedro Oliveira presidiu o Momento Devocional Franciscano, que antecedeu \u00e0 Santa Missa, \u00e0s 14h30. Al\u00e9m de ora\u00e7\u00f5es e cantos, Frei Pedro falou um pouco sobre Frei Pedro Pal\u00e1cios, o franciscano respons\u00e1vel pela devo\u00e7\u00e3o \u00e0 Virgem da Penha, que veio com ele desde Portugal em 1558. Frei Pedro explicou que o piedoso frade queria um local reservado para a sua ora\u00e7\u00e3o e retiro. Encontrou na gruta que at\u00e9 hoje existe na Prainha. Ali teve origem uma caminhada de f\u00e9, gra\u00e7a e esperan\u00e7a que j\u00e1 dura mais de quatro s\u00e9culos.<\/p>\n<p><img loading=\"lazy\" src=\"http:\/\/franciscanos.org.br\/wp-content\/uploads\/2018\/04\/terceiro_030418_7.jpg\" alt=\"terceiro_030418_7\" width=\"830\" height=\"445\" \/><\/p>\n<p>O quarto dia da Festa da Penha ter\u00e1 Missas na capela \u00e0s 6h00, 7h00, 8h00 e 9h30.\u00a0 \u00c0s 14h30 ter\u00e1 in\u00edcio o Oitav\u00e1rio e, em seguida, a Santa Missa, coordenada pela \u00e1rea Pastoral de Benevente. As confiss\u00f5es ser\u00e3o atendidas das 8h00 \u00e0s 11h00 e das 14h00 \u00e0s 16h00.<\/p>\n<h1 style=\"text-align: center;\"><strong>Uma noite s\u00f3 para os casais<\/strong><\/h1>\n<p>O Campinho do Morro da Penha voltou a ficar lotado na noite desta ter\u00e7a-feira, \u00e0s 19h30, com a B\u00ean\u00e7\u00e3o aos Casais conduzida por Padre Anderson Gomes, Coordenador da Pastoral Familiar e Padre Renato Criste, Coordenador da Comiss\u00e3o para Vida e Fam\u00edlia.<\/p>\n<p><img loading=\"lazy\" src=\"http:\/\/franciscanos.org.br\/wp-content\/uploads\/2018\/04\/casais_030418.jpg\" alt=\"casais_030418\" width=\"830\" height=\"385\" \/><\/p>\n<p>Pe. Anderson abriu o evento com cantos e Pe. Renato fez a reflex\u00e3o do Evangelho falando diretamente para os casais. &#8220;Todos n\u00f3s podemos nos sentir profundamente amados. O que falta, \u00e0s vezes, \u00e9 abrir o cora\u00e7\u00e3o para esse amor de Deus por cada um de n\u00f3s&#8221;, disse. Segundo o sacerdote, se n\u00e3o mergulharmos nesse amor, toda e qualquer forma de amor humano ser\u00e1 sempre uma experi\u00eancia limitada e fracassada. &#8220;O nosso amor \u00e9 assim. O nosso amor \u00e9 fr\u00e1gil. O nosso amor sempre comete erros e vacilos. Isso faz parte da nossa condi\u00e7\u00e3o humana&#8221;, explicou.<\/p>\n<p>Uma rela\u00e7\u00e3o humana precisa ser uma manifesta\u00e7\u00e3o sincera, profunda e verdadeira do amor de Deus. &#8220;O amor de Deus \u00e9 a fonte do amor humano&#8221;, insistiu, lembrando que muitas rela\u00e7\u00f5es falham porque falta essa compreens\u00e3o. &#8220;A par\u00e1bola de Jesus traduz isso. O homem prudente constr\u00f3i a sua casa sobre a rocha. O homem sem ju\u00edzo \u00e9 aquele que constr\u00f3i sua casa sobre a areia e n\u00f3s n\u00e3o precisamos ter nenhuma forma\u00e7\u00e3o espec\u00edfica, ser engenheiro, arquiteto ou qualquer outra especialidade no ramo, para entender que uma casa, se n\u00e3o estiver bem alicer\u00e7ada, ela cai. Nenhuma rela\u00e7\u00e3o humana se conserva de p\u00e9, s\u00f3lida, se n\u00e3o estiver bem alicer\u00e7ada&#8221;, frisou.<\/p>\n<p><img loading=\"lazy\" src=\"http:\/\/franciscanos.org.br\/wp-content\/uploads\/2018\/04\/casais_030418_1.jpg\" alt=\"casais_030418_1\" width=\"830\" height=\"553\" \/><\/p>\n<p>Pe. Renato demorou um bom tempo explicando que existe um grande inimigo para uma uni\u00e3o s\u00f3lida: o ego\u00edsmo. &#8220;A pessoa n\u00e3o pode ser entendida como um bem que eu posso usar como quiser. O seu bem n\u00e3o \u00e9 propriedade sua. Ele continua sendo uma pessoa&#8221;, observou.<\/p>\n<p>Outro modo que o inimigo se manifesta \u00e9 a pretens\u00e3o de exigir sempre do outro a compreens\u00e3o. &#8220;Sempre cobrando do outro que me compreenda e aceite. N\u00e3o podemos ser ego\u00edstas de achar que eu tenho a raz\u00e3o&#8221;, ponderou.<\/p>\n<p>Outra forma \u00e9 o ego\u00edsmo de n\u00e3o querer cultivar o amor. &#8220;O amor \u00e9 como uma planta, se n\u00e3o cultivamos ela murcha, seca e morre. O amor acaba quando n\u00e3o foi cultivado, n\u00e3o foi verdadeiro, n\u00e3o foi compreendido na medida do amor de Deus&#8221;, disse. &#8220;O amor acaba quando ao inv\u00e9s de buscar e promover a pessoa amada eu estava interessado naquilo que ela podia me favorecer para mim. O amor aut\u00eantico, que est\u00e1 mergulhado no amor de Deus, n\u00e3o acaba&#8221;, destacou Pe. Renato. E pediu aos casais: &#8220;N\u00e3o sejam ego\u00edstas a tal ponto de achar que j\u00e1 t\u00eam a pessoa amada&#8221;, completou.<\/p>\n<p>Pe. Anderson conduziu a Adora\u00e7\u00e3o ao Sant\u00edssimo Sacramento e terminou aben\u00e7oando os casais no Campinho.<\/p>\n<p><img loading=\"lazy\" src=\"http:\/\/franciscanos.org.br\/wp-content\/uploads\/2018\/04\/casais_030418_3.jpg\" alt=\"casais_030418_3\" width=\"830\" height=\"538\" \/><\/p>\n<p>&nbsp;<\/p>\n<p><img loading=\"lazy\" src=\"http:\/\/franciscanos.org.br\/wp-content\/uploads\/2018\/04\/terceiro_030418_3.jpg\" alt=\"terceiro_030418_3\" width=\"830\" height=\"322\" \/><\/p>\n<p>&nbsp;<\/p>\n","protected":false},"excerpt":{"rendered":"<p>Festa da Penha 2018<\/p>\n","protected":false},"author":1,"featured_media":202334,"comment_status":"open","ping_status":"open","sticky":false,"template":"","format":"standard","meta":[],"categories":[1],"tags":[245],"acf":[],"yoast_head":"<!-- This site is optimized with the Yoast SEO plugin v19.2 - https:\/\/yoast.com\/wordpress\/plugins\/seo\/ -->\n<title>Dia de pedidos de paz na Festa da Penha - Not\u00edcias - Franciscanos<\/title>\n<meta name=\"robots\" content=\"index, follow, max-snippet:-1, max-image-preview:large, max-video-preview:-1\" \/>\n<link rel=\"canonical\" href=\"https:\/\/franciscanos.org.br\/noticias\/dia-de-pedidos-de-paz-na-penha.html\" \/>\n<meta property=\"og:locale\" content=\"pt_BR\" \/>\n<meta property=\"og:type\" content=\"article\" \/>\n<meta property=\"og:title\" content=\"Dia de pedidos de paz na Festa da Penha - Not\u00edcias - Franciscanos\" \/>\n<meta property=\"og:description\" content=\"Festa da Penha 2018\" \/>\n<meta property=\"og:url\" content=\"https:\/\/franciscanos.org.br\/noticias\/dia-de-pedidos-de-paz-na-penha.html\" \/>\n<meta property=\"og:site_name\" content=\"Not\u00edcias - Franciscanos\" \/>\n<meta property=\"article:published_time\" content=\"2018-04-03T21:49:48+00:00\" \/>\n<meta property=\"article:modified_time\" content=\"2019-04-09T00:35:15+00:00\" \/>\n<meta property=\"og:image\" content=\"https:\/\/franciscanos.org.br\/noticias\/wp-content\/uploads\/2018\/04\/terceiro_030418_6.jpg\" \/>\n\t<meta property=\"og:image:width\" content=\"273\" \/>\n\t<meta property=\"og:image:height\" content=\"181\" \/>\n\t<meta property=\"og:image:type\" content=\"image\/jpeg\" \/>\n<meta name=\"author\" content=\"admin\" \/>\n<meta name=\"twitter:card\" content=\"summary_large_image\" \/>\n<meta name=\"twitter:label1\" content=\"Escrito por\" \/>\n\t<meta name=\"twitter:data1\" content=\"admin\" \/>\n\t<meta name=\"twitter:label2\" content=\"Est. tempo de leitura\" \/>\n\t<meta name=\"twitter:data2\" content=\"7 minutos\" \/>\n<script type=\"application\/ld+json\" class=\"yoast-schema-graph\">{\"@context\":\"https:\/\/schema.org\",\"@graph\":[{\"@type\":\"WebSite\",\"@id\":\"https:\/\/franciscanos.org.br\/noticias\/#website\",\"url\":\"https:\/\/franciscanos.org.br\/noticias\/\",\"name\":\"Not\u00edcias - Franciscanos\",\"description\":\"Prov\u00edncia Franciscana da Imaculada Concei\u00e7\u00e3o do Brasil - Ordem dos Frades Menores - OFM\",\"potentialAction\":[{\"@type\":\"SearchAction\",\"target\":{\"@type\":\"EntryPoint\",\"urlTemplate\":\"https:\/\/franciscanos.org.br\/noticias\/?s={search_term_string}\"},\"query-input\":\"required name=search_term_string\"}],\"inLanguage\":\"pt-BR\"},{\"@type\":\"ImageObject\",\"inLanguage\":\"pt-BR\",\"@id\":\"https:\/\/franciscanos.org.br\/noticias\/dia-de-pedidos-de-paz-na-penha.html#primaryimage\",\"url\":\"https:\/\/franciscanos.org.br\/noticias\/wp-content\/uploads\/2018\/04\/terceiro_030418_6.jpg\",\"contentUrl\":\"https:\/\/franciscanos.org.br\/noticias\/wp-content\/uploads\/2018\/04\/terceiro_030418_6.jpg\",\"width\":273,\"height\":181},{\"@type\":\"WebPage\",\"@id\":\"https:\/\/franciscanos.org.br\/noticias\/dia-de-pedidos-de-paz-na-penha.html#webpage\",\"url\":\"https:\/\/franciscanos.org.br\/noticias\/dia-de-pedidos-de-paz-na-penha.html\",\"name\":\"Dia de pedidos de paz na Festa da Penha - Not\u00edcias - Franciscanos\",\"isPartOf\":{\"@id\":\"https:\/\/franciscanos.org.br\/noticias\/#website\"},\"primaryImageOfPage\":{\"@id\":\"https:\/\/franciscanos.org.br\/noticias\/dia-de-pedidos-de-paz-na-penha.html#primaryimage\"},\"datePublished\":\"2018-04-03T21:49:48+00:00\",\"dateModified\":\"2019-04-09T00:35:15+00:00\",\"author\":{\"@id\":\"https:\/\/franciscanos.org.br\/noticias\/#\/schema\/person\/b38fbf43118f02820bd932f2e4b14ad3\"},\"breadcrumb\":{\"@id\":\"https:\/\/franciscanos.org.br\/noticias\/dia-de-pedidos-de-paz-na-penha.html#breadcrumb\"},\"inLanguage\":\"pt-BR\",\"potentialAction\":[{\"@type\":\"ReadAction\",\"target\":[\"https:\/\/franciscanos.org.br\/noticias\/dia-de-pedidos-de-paz-na-penha.html\"]}]},{\"@type\":\"BreadcrumbList\",\"@id\":\"https:\/\/franciscanos.org.br\/noticias\/dia-de-pedidos-de-paz-na-penha.html#breadcrumb\",\"itemListElement\":[{\"@type\":\"ListItem\",\"position\":1,\"name\":\"Home\",\"item\":\"https:\/\/franciscanos.org.br\/noticias\"},{\"@type\":\"ListItem\",\"position\":2,\"name\":\"Dia de pedidos de paz na Festa da Penha\"}]},{\"@type\":\"Person\",\"@id\":\"https:\/\/franciscanos.org.br\/noticias\/#\/schema\/person\/b38fbf43118f02820bd932f2e4b14ad3\",\"name\":\"admin\",\"image\":{\"@type\":\"ImageObject\",\"inLanguage\":\"pt-BR\",\"@id\":\"https:\/\/franciscanos.org.br\/noticias\/#\/schema\/person\/image\/\",\"url\":\"https:\/\/secure.gravatar.com\/avatar\/e8495742d34d0ba6448ea1c628263b3e?s=96&d=mm&r=g\",\"contentUrl\":\"https:\/\/secure.gravatar.com\/avatar\/e8495742d34d0ba6448ea1c628263b3e?s=96&d=mm&r=g\",\"caption\":\"admin\"},\"url\":\"https:\/\/franciscanos.org.br\/noticias\/author\/admin\"}]}<\/script>\n<!-- \/ Yoast SEO plugin. -->","yoast_head_json":{"title":"Dia de pedidos de paz na Festa da Penha - Not\u00edcias - Franciscanos","robots":{"index":"index","follow":"follow","max-snippet":"max-snippet:-1","max-image-preview":"max-image-preview:large","max-video-preview":"max-video-preview:-1"},"canonical":"https:\/\/franciscanos.org.br\/noticias\/dia-de-pedidos-de-paz-na-penha.html","og_locale":"pt_BR","og_type":"article","og_title":"Dia de pedidos de paz na Festa da Penha - Not\u00edcias - Franciscanos","og_description":"Festa da Penha 2018","og_url":"https:\/\/franciscanos.org.br\/noticias\/dia-de-pedidos-de-paz-na-penha.html","og_site_name":"Not\u00edcias - Franciscanos","article_published_time":"2018-04-03T21:49:48+00:00","article_modified_time":"2019-04-09T00:35:15+00:00","og_image":[{"width":273,"height":181,"url":"https:\/\/franciscanos.org.br\/noticias\/wp-content\/uploads\/2018\/04\/terceiro_030418_6.jpg","type":"image\/jpeg"}],"author":"admin","twitter_card":"summary_large_image","twitter_misc":{"Escrito por":"admin","Est. tempo de leitura":"7 minutos"},"schema":{"@context":"https:\/\/schema.org","@graph":[{"@type":"WebSite","@id":"https:\/\/franciscanos.org.br\/noticias\/#website","url":"https:\/\/franciscanos.org.br\/noticias\/","name":"Not\u00edcias - Franciscanos","description":"Prov\u00edncia Franciscana da Imaculada Concei\u00e7\u00e3o do Brasil - Ordem dos Frades Menores - OFM","potentialAction":[{"@type":"SearchAction","target":{"@type":"EntryPoint","urlTemplate":"https:\/\/franciscanos.org.br\/noticias\/?s={search_term_string}"},"query-input":"required name=search_term_string"}],"inLanguage":"pt-BR"},{"@type":"ImageObject","inLanguage":"pt-BR","@id":"https:\/\/franciscanos.org.br\/noticias\/dia-de-pedidos-de-paz-na-penha.html#primaryimage","url":"https:\/\/franciscanos.org.br\/noticias\/wp-content\/uploads\/2018\/04\/terceiro_030418_6.jpg","contentUrl":"https:\/\/franciscanos.org.br\/noticias\/wp-content\/uploads\/2018\/04\/terceiro_030418_6.jpg","width":273,"height":181},{"@type":"WebPage","@id":"https:\/\/franciscanos.org.br\/noticias\/dia-de-pedidos-de-paz-na-penha.html#webpage","url":"https:\/\/franciscanos.org.br\/noticias\/dia-de-pedidos-de-paz-na-penha.html","name":"Dia de pedidos de paz na Festa da Penha - Not\u00edcias - Franciscanos","isPartOf":{"@id":"https:\/\/franciscanos.org.br\/noticias\/#website"},"primaryImageOfPage":{"@id":"https:\/\/franciscanos.org.br\/noticias\/dia-de-pedidos-de-paz-na-penha.html#primaryimage"},"datePublished":"2018-04-03T21:49:48+00:00","dateModified":"2019-04-09T00:35:15+00:00","author":{"@id":"https:\/\/franciscanos.org.br\/noticias\/#\/schema\/person\/b38fbf43118f02820bd932f2e4b14ad3"},"breadcrumb":{"@id":"https:\/\/franciscanos.org.br\/noticias\/dia-de-pedidos-de-paz-na-penha.html#breadcrumb"},"inLanguage":"pt-BR","potentialAction":[{"@type":"ReadAction","target":["https:\/\/franciscanos.org.br\/noticias\/dia-de-pedidos-de-paz-na-penha.html"]}]},{"@type":"BreadcrumbList","@id":"https:\/\/franciscanos.org.br\/noticias\/dia-de-pedidos-de-paz-na-penha.html#breadcrumb","itemListElement":[{"@type":"ListItem","position":1,"name":"Home","item":"https:\/\/franciscanos.org.br\/noticias"},{"@type":"ListItem","position":2,"name":"Dia de pedidos de paz na Festa da Penha"}]},{"@type":"Person","@id":"https:\/\/franciscanos.org.br\/noticias\/#\/schema\/person\/b38fbf43118f02820bd932f2e4b14ad3","name":"admin","image":{"@type":"ImageObject","inLanguage":"pt-BR","@id":"https:\/\/franciscanos.org.br\/noticias\/#\/schema\/person\/image\/","url":"https:\/\/secure.gravatar.com\/avatar\/e8495742d34d0ba6448ea1c628263b3e?s=96&d=mm&r=g","contentUrl":"https:\/\/secure.gravatar.com\/avatar\/e8495742d34d0ba6448ea1c628263b3e?s=96&d=mm&r=g","caption":"admin"},"url":"https:\/\/franciscanos.org.br\/noticias\/author\/admin"}]}},"_links":{"self":[{"href":"https:\/\/franciscanos.org.br\/noticias\/wp-json\/wp\/v2\/posts\/155489"}],"collection":[{"href":"https:\/\/franciscanos.org.br\/noticias\/wp-json\/wp\/v2\/posts"}],"about":[{"href":"https:\/\/franciscanos.org.br\/noticias\/wp-json\/wp\/v2\/types\/post"}],"author":[{"embeddable":true,"href":"https:\/\/franciscanos.org.br\/noticias\/wp-json\/wp\/v2\/users\/1"}],"replies":[{"embeddable":true,"href":"https:\/\/franciscanos.org.br\/noticias\/wp-json\/wp\/v2\/comments?post=155489"}],"version-history":[{"count":0,"href":"https:\/\/franciscanos.org.br\/noticias\/wp-json\/wp\/v2\/posts\/155489\/revisions"}],"wp:featuredmedia":[{"embeddable":true,"href":"https:\/\/franciscanos.org.br\/noticias\/wp-json\/wp\/v2\/media\/202334"}],"wp:attachment":[{"href":"https:\/\/franciscanos.org.br\/noticias\/wp-json\/wp\/v2\/media?parent=155489"}],"wp:term":[{"taxonomy":"category","embeddable":true,"href":"https:\/\/franciscanos.org.br\/noticias\/wp-json\/wp\/v2\/categories?post=155489"},{"taxonomy":"post_tag","embeddable":true,"href":"https:\/\/franciscanos.org.br\/noticias\/wp-json\/wp\/v2\/tags?post=155489"}],"curies":[{"name":"wp","href":"https:\/\/api.w.org\/{rel}","templated":true}]}}