{"id":15537,"date":"2012-05-02T12:31:29","date_gmt":"2012-05-02T15:31:29","guid":{"rendered":"http:\/\/new.franciscanos.org.br\/?p=15537"},"modified":"2021-07-05T19:52:18","modified_gmt":"2021-07-05T22:52:18","slug":"hoje-os-jovens-tem-sede-do-sagrado","status":"publish","type":"post","link":"https:\/\/franciscanos.org.br\/noticias\/hoje-os-jovens-tem-sede-do-sagrado.html","title":{"rendered":"\u201cHoje os jovens t\u00eam sede  do sagrado\u201d"},"content":{"rendered":"<p><img loading=\"lazy\" class=\"alignnone  wp-image-198913\" src=\"https:\/\/franciscanos.org.br\/noticias\/wp-content\/uploads\/2012\/05\/1952_120412.jpg\" alt=\"\" width=\"1035\" height=\"317\" srcset=\"https:\/\/franciscanos.org.br\/noticias\/wp-content\/uploads\/2012\/05\/1952_120412.jpg 830w, https:\/\/franciscanos.org.br\/noticias\/wp-content\/uploads\/2012\/05\/1952_120412-450x138.jpg 450w, https:\/\/franciscanos.org.br\/noticias\/wp-content\/uploads\/2012\/05\/1952_120412-768x235.jpg 768w, https:\/\/franciscanos.org.br\/noticias\/wp-content\/uploads\/2012\/05\/1952_120412-150x46.jpg 150w\" sizes=\"(max-width: 1035px) 100vw, 1035px\" \/><\/p>\n<p><em>Natural de Amamba\u00ed, no Mato Grosso do Sul, Frei Wilson Batista Sim\u00e3o nasceu no dia 13 de agosto de 1975 e vai ser ordenado presb\u00edtero em Londrina, PR, onde viveu com sua fam\u00edlia. Foi ali, que em 1996, come\u00e7ou a fazer o seu discernimento vocacional at\u00e9 escolher a vida religiosa franciscana. E \u00e9 em Londrina, na Par\u00f3quia S\u00e3o Tiago Ap\u00f3stolo, no Jardim Santiago, que Frei Wilson ser\u00e1 ordenado presb\u00edtero pelo Arcebispo Metropolitano de Londrina, Dom Orlando Brandes, no dia 5 de maio, \u00e0s 19 horas. Sua Primeira Missa ser\u00e1 celebrada na mesma par\u00f3quia no domingo, 6 de maio, \u00e0s 9 horas.<\/em><\/p>\n<p><em>Frei Wilson recebeu o h\u00e1bito franciscano no dia 9 de janeiro de 2003 e professou solenemente na Ordem Franciscana no dia 5 de novembro de 2009. Foi ordenado di\u00e1cono no dia 4 de dezembro de 2010. \u00a0<\/em><\/p>\n<p><strong>Site Franciscanos &#8211;<\/strong><strong>\u00a0<\/strong><strong>Como come\u00e7ou o seu discernimento vocacional?<\/strong><\/p>\n<p><strong>Frei Wilson &#8211;<\/strong> Falar da minha voca\u00e7\u00e3o \u00e9 voltar os olhos para a minha inf\u00e2ncia. Desde pequeno j\u00e1 queria ser padre, sem mesmo saber como era a vida de um padre. Meus pais n\u00e3o s\u00e3o de frequentar muito a Igreja, todavia, recebi uma boa forma\u00e7\u00e3o crist\u00e3 em casa. Na catequese fui convidado para ser coroinha, e pude perceber mais um pouco da voca\u00e7\u00e3o sacerdotal. Com o passar dos tempos fui crescendo, participando das atividades da Igreja, tanto dos grupos de reflex\u00e3o (eu era coordenador no meu bairro), quanto do grupo de jovens, que foi de imprescind\u00edvel import\u00e2ncia para eu perceber como trabalhar meu discernimento vocacional. Em 1996, os meninos de minha par\u00f3quia foram convidados para participar de um encontro vocacional da Diocese no centro de Londrina. Foi muito bom passar o dia, mas n\u00e3o era bem aquilo que eu queria. Lembrei que quando eu ia para o col\u00e9gio \u00e0 noite, participava das missas do Col\u00e9gio M\u00e3e de Deus, onde tinha uma imagem de S\u00e3o Francisco. Foi a partir da\u00ed que procurei saber como eu poderia ser frade, pois at\u00e9 ent\u00e3o n\u00e3o tinha no\u00e7\u00e3o do significado de frei, padre e do ser religioso.<\/p>\n<p><strong>Site Franciscanos &#8211;<\/strong><strong>\u00a0<\/strong><strong>Por que escolheu a vida religiosa franciscana para seguir esse caminho?<\/strong><\/p>\n<p><strong>Frei Wilson &#8211; <\/strong>Falar da vida franciscana \u00e9 falar de uma espiritualidade presente em muitos lugares e muitos movimentos. Vejo que a vida franciscana pode muito contribuir para a Igreja e para a sociedade, no mundo hoje, onde as pessoas pensam mais em si e se esquecem do outro. Mas n\u00e3o podemos esquecer que o outro \u00e9 nosso irm\u00e3o e nos revela um Deus presente e um Deus oculto. No entanto, a vida religiosa franciscana nos conduz para a m\u00edstica do cuidado com a vida e o zelo pela natureza. Por outro lado, quando falamos de vida religiosa franciscana, precisamos ter em mente o verbo encarnado na hist\u00f3ria da humanidade.<\/p>\n<p><strong>Site Franciscanos &#8211;<\/strong><strong>\u00a0<\/strong><strong>Como apresentar S\u00e3o Francisco aos jovens de hoje?<\/strong><\/p>\n<p><strong>Frei Wilson &#8211; <\/strong>Olhando a nossa sociedade, hoje nos deparamos com muitos jovens que t\u00eam sede do sagrado. Como frade franciscano, posso dizer que a imagem de Francisco de Assis para os nossos jovens est\u00e1 ligada com o cuidado da natureza e do planeta.\u00a0 Por\u00e9m, a imagem de S\u00e3o Francisco que podemos passar para os jovens \u00e9 que ele foi um jovem que soube viver bem o seu tempo e compreendeu que tudo aquilo que acreditamos tem algum valor, realmente. Assim, a imagem de S\u00e3o Francisco pode ajudar muito os nossos jovens hoje.<\/p>\n<p><strong>Site Franciscanos &#8211;<\/strong><strong>\u00a0<\/strong><strong>Quais os desafios para o presb\u00edtero rec\u00e9m-ordenado?<\/strong><\/p>\n<p><strong>Frei Wilson &#8211;<\/strong> Vejo e percebo que um dos grandes desafios para o presb\u00edtero rec\u00e9m-ordenado \u00e9 entrar numa nova compreens\u00e3o de vida eclesial. At\u00e9 porque o rec\u00e9m-ordenado precisa estar aberto para o novo e acolher de cora\u00e7\u00e3o aberto aquilo que lhe \u00e9 apresentado na vida presbiteral. Por outro lado, vejo que \u00e9 um grande desafio conduzir a comunidade e animar o povo de Deus para uma dimens\u00e3o fraterna. Al\u00e9m disso, \u00e9 de extrema import\u00e2ncia que o pr\u00f3prio presb\u00edtero nunca esque\u00e7a a sua pr\u00f3pria forma\u00e7\u00e3o, t\u00e3o indispens\u00e1vel para os dias de hoje.<\/p>\n<p><strong>Site Franciscanos &#8211;<\/strong><strong>\u00a0<\/strong><strong>Como \u00e9 o seu trabalho no Servi\u00e7o Franciscano de Solidariedade?<\/strong><\/p>\n<p><strong>Frei Wilson &#8211;<\/strong> Ao ser transferido para trabalhar no Sefras S\u00e3o Paulo, fiquei com grande expectativa de como \u00e9 ser um frade voltado para o trabalho social, quando a maioria dos frades e padres hoje est\u00e1 voltada para a a\u00e7\u00e3o evangelizadora numa \u00f3tica religiosa, n\u00e3o tanto social. Hoje, estando presente nos projetos e conhecendo melhor o trabalho social, posso dizer que \u00e9 muito gratificante estar contribuindo com os mais necessitados, conjugando o trabalho evangelizador com a miss\u00e3o social.<\/p>\n<p><strong>Site Franciscanos &#8211;<\/strong><strong>\u00a0<\/strong><strong>\u00c9 poss\u00edvel ser solid\u00e1rio numa sociedade capitalista e consumista?<\/strong><\/p>\n<p><strong>Frei Wilson &#8211; <\/strong>Numa sociedade chamada e convocada a ser uma consumista, podemos, sim, fazer um trabalho voltado para uma a\u00e7\u00e3o solid\u00e1ria e evangelizadora. Contrapondo a l\u00f3gica do mercado capitalista com o servi\u00e7o social, podemos perceber que h\u00e1 um grande n\u00famero de pessoas que acredita no servi\u00e7o solid\u00e1rio e que nos leva a prestar este trabalho t\u00e3o gratificante e importante para a miss\u00e3o evangelizadora e social da Igreja.<\/p>\n","protected":false},"excerpt":{"rendered":"<p>Entrevista <\/p>\n","protected":false},"author":1,"featured_media":210735,"comment_status":"closed","ping_status":"closed","sticky":false,"template":"","format":"standard","meta":[],"categories":[758],"tags":[157],"acf":[],"yoast_head":"<!-- This site is optimized with the Yoast SEO plugin v19.2 - https:\/\/yoast.com\/wordpress\/plugins\/seo\/ -->\n<title>\u201cHoje os jovens t\u00eam sede do sagrado\u201d - Not\u00edcias - Franciscanos<\/title>\n<meta name=\"robots\" content=\"index, follow, max-snippet:-1, max-image-preview:large, max-video-preview:-1\" \/>\n<link rel=\"canonical\" href=\"https:\/\/franciscanos.org.br\/noticias\/hoje-os-jovens-tem-sede-do-sagrado.html\" \/>\n<meta property=\"og:locale\" content=\"pt_BR\" \/>\n<meta property=\"og:type\" content=\"article\" \/>\n<meta property=\"og:title\" content=\"\u201cHoje os jovens t\u00eam sede do sagrado\u201d - Not\u00edcias - Franciscanos\" \/>\n<meta property=\"og:description\" content=\"Entrevista\" \/>\n<meta property=\"og:url\" content=\"https:\/\/franciscanos.org.br\/noticias\/hoje-os-jovens-tem-sede-do-sagrado.html\" \/>\n<meta property=\"og:site_name\" content=\"Not\u00edcias - Franciscanos\" \/>\n<meta property=\"article:published_time\" content=\"2012-05-02T15:31:29+00:00\" \/>\n<meta property=\"article:modified_time\" content=\"2021-07-05T22:52:18+00:00\" \/>\n<meta property=\"og:image\" content=\"https:\/\/franciscanos.org.br\/noticias\/wp-content\/uploads\/2012\/05\/1952_120412-1.jpg\" \/>\n\t<meta property=\"og:image:width\" content=\"273\" \/>\n\t<meta property=\"og:image:height\" content=\"181\" \/>\n\t<meta property=\"og:image:type\" content=\"image\/jpeg\" \/>\n<meta name=\"author\" content=\"admin\" \/>\n<meta name=\"twitter:card\" content=\"summary_large_image\" \/>\n<meta name=\"twitter:label1\" content=\"Escrito por\" \/>\n\t<meta name=\"twitter:data1\" content=\"admin\" \/>\n\t<meta name=\"twitter:label2\" content=\"Est. tempo de leitura\" \/>\n\t<meta name=\"twitter:data2\" content=\"4 minutos\" \/>\n<script type=\"application\/ld+json\" class=\"yoast-schema-graph\">{\"@context\":\"https:\/\/schema.org\",\"@graph\":[{\"@type\":\"WebSite\",\"@id\":\"https:\/\/franciscanos.org.br\/noticias\/#website\",\"url\":\"https:\/\/franciscanos.org.br\/noticias\/\",\"name\":\"Not\u00edcias - Franciscanos\",\"description\":\"Prov\u00edncia Franciscana da Imaculada Concei\u00e7\u00e3o do Brasil - Ordem dos Frades Menores - OFM\",\"potentialAction\":[{\"@type\":\"SearchAction\",\"target\":{\"@type\":\"EntryPoint\",\"urlTemplate\":\"https:\/\/franciscanos.org.br\/noticias\/?s={search_term_string}\"},\"query-input\":\"required name=search_term_string\"}],\"inLanguage\":\"pt-BR\"},{\"@type\":\"ImageObject\",\"inLanguage\":\"pt-BR\",\"@id\":\"https:\/\/franciscanos.org.br\/noticias\/hoje-os-jovens-tem-sede-do-sagrado.html#primaryimage\",\"url\":\"https:\/\/franciscanos.org.br\/noticias\/wp-content\/uploads\/2012\/05\/1952_120412-1.jpg\",\"contentUrl\":\"https:\/\/franciscanos.org.br\/noticias\/wp-content\/uploads\/2012\/05\/1952_120412-1.jpg\",\"width\":273,\"height\":181},{\"@type\":\"WebPage\",\"@id\":\"https:\/\/franciscanos.org.br\/noticias\/hoje-os-jovens-tem-sede-do-sagrado.html#webpage\",\"url\":\"https:\/\/franciscanos.org.br\/noticias\/hoje-os-jovens-tem-sede-do-sagrado.html\",\"name\":\"\u201cHoje os jovens t\u00eam sede do sagrado\u201d - Not\u00edcias - Franciscanos\",\"isPartOf\":{\"@id\":\"https:\/\/franciscanos.org.br\/noticias\/#website\"},\"primaryImageOfPage\":{\"@id\":\"https:\/\/franciscanos.org.br\/noticias\/hoje-os-jovens-tem-sede-do-sagrado.html#primaryimage\"},\"datePublished\":\"2012-05-02T15:31:29+00:00\",\"dateModified\":\"2021-07-05T22:52:18+00:00\",\"author\":{\"@id\":\"https:\/\/franciscanos.org.br\/noticias\/#\/schema\/person\/b38fbf43118f02820bd932f2e4b14ad3\"},\"breadcrumb\":{\"@id\":\"https:\/\/franciscanos.org.br\/noticias\/hoje-os-jovens-tem-sede-do-sagrado.html#breadcrumb\"},\"inLanguage\":\"pt-BR\",\"potentialAction\":[{\"@type\":\"ReadAction\",\"target\":[\"https:\/\/franciscanos.org.br\/noticias\/hoje-os-jovens-tem-sede-do-sagrado.html\"]}]},{\"@type\":\"BreadcrumbList\",\"@id\":\"https:\/\/franciscanos.org.br\/noticias\/hoje-os-jovens-tem-sede-do-sagrado.html#breadcrumb\",\"itemListElement\":[{\"@type\":\"ListItem\",\"position\":1,\"name\":\"Home\",\"item\":\"https:\/\/franciscanos.org.br\/noticias\"},{\"@type\":\"ListItem\",\"position\":2,\"name\":\"\u201cHoje os jovens t\u00eam sede do sagrado\u201d\"}]},{\"@type\":\"Person\",\"@id\":\"https:\/\/franciscanos.org.br\/noticias\/#\/schema\/person\/b38fbf43118f02820bd932f2e4b14ad3\",\"name\":\"admin\",\"image\":{\"@type\":\"ImageObject\",\"inLanguage\":\"pt-BR\",\"@id\":\"https:\/\/franciscanos.org.br\/noticias\/#\/schema\/person\/image\/\",\"url\":\"https:\/\/secure.gravatar.com\/avatar\/e8495742d34d0ba6448ea1c628263b3e?s=96&d=mm&r=g\",\"contentUrl\":\"https:\/\/secure.gravatar.com\/avatar\/e8495742d34d0ba6448ea1c628263b3e?s=96&d=mm&r=g\",\"caption\":\"admin\"},\"url\":\"https:\/\/franciscanos.org.br\/noticias\/author\/admin\"}]}<\/script>\n<!-- \/ Yoast SEO plugin. -->","yoast_head_json":{"title":"\u201cHoje os jovens t\u00eam sede do sagrado\u201d - Not\u00edcias - Franciscanos","robots":{"index":"index","follow":"follow","max-snippet":"max-snippet:-1","max-image-preview":"max-image-preview:large","max-video-preview":"max-video-preview:-1"},"canonical":"https:\/\/franciscanos.org.br\/noticias\/hoje-os-jovens-tem-sede-do-sagrado.html","og_locale":"pt_BR","og_type":"article","og_title":"\u201cHoje os jovens t\u00eam sede do sagrado\u201d - Not\u00edcias - Franciscanos","og_description":"Entrevista","og_url":"https:\/\/franciscanos.org.br\/noticias\/hoje-os-jovens-tem-sede-do-sagrado.html","og_site_name":"Not\u00edcias - Franciscanos","article_published_time":"2012-05-02T15:31:29+00:00","article_modified_time":"2021-07-05T22:52:18+00:00","og_image":[{"width":273,"height":181,"url":"https:\/\/franciscanos.org.br\/noticias\/wp-content\/uploads\/2012\/05\/1952_120412-1.jpg","type":"image\/jpeg"}],"author":"admin","twitter_card":"summary_large_image","twitter_misc":{"Escrito por":"admin","Est. tempo de leitura":"4 minutos"},"schema":{"@context":"https:\/\/schema.org","@graph":[{"@type":"WebSite","@id":"https:\/\/franciscanos.org.br\/noticias\/#website","url":"https:\/\/franciscanos.org.br\/noticias\/","name":"Not\u00edcias - Franciscanos","description":"Prov\u00edncia Franciscana da Imaculada Concei\u00e7\u00e3o do Brasil - Ordem dos Frades Menores - OFM","potentialAction":[{"@type":"SearchAction","target":{"@type":"EntryPoint","urlTemplate":"https:\/\/franciscanos.org.br\/noticias\/?s={search_term_string}"},"query-input":"required name=search_term_string"}],"inLanguage":"pt-BR"},{"@type":"ImageObject","inLanguage":"pt-BR","@id":"https:\/\/franciscanos.org.br\/noticias\/hoje-os-jovens-tem-sede-do-sagrado.html#primaryimage","url":"https:\/\/franciscanos.org.br\/noticias\/wp-content\/uploads\/2012\/05\/1952_120412-1.jpg","contentUrl":"https:\/\/franciscanos.org.br\/noticias\/wp-content\/uploads\/2012\/05\/1952_120412-1.jpg","width":273,"height":181},{"@type":"WebPage","@id":"https:\/\/franciscanos.org.br\/noticias\/hoje-os-jovens-tem-sede-do-sagrado.html#webpage","url":"https:\/\/franciscanos.org.br\/noticias\/hoje-os-jovens-tem-sede-do-sagrado.html","name":"\u201cHoje os jovens t\u00eam sede do sagrado\u201d - Not\u00edcias - Franciscanos","isPartOf":{"@id":"https:\/\/franciscanos.org.br\/noticias\/#website"},"primaryImageOfPage":{"@id":"https:\/\/franciscanos.org.br\/noticias\/hoje-os-jovens-tem-sede-do-sagrado.html#primaryimage"},"datePublished":"2012-05-02T15:31:29+00:00","dateModified":"2021-07-05T22:52:18+00:00","author":{"@id":"https:\/\/franciscanos.org.br\/noticias\/#\/schema\/person\/b38fbf43118f02820bd932f2e4b14ad3"},"breadcrumb":{"@id":"https:\/\/franciscanos.org.br\/noticias\/hoje-os-jovens-tem-sede-do-sagrado.html#breadcrumb"},"inLanguage":"pt-BR","potentialAction":[{"@type":"ReadAction","target":["https:\/\/franciscanos.org.br\/noticias\/hoje-os-jovens-tem-sede-do-sagrado.html"]}]},{"@type":"BreadcrumbList","@id":"https:\/\/franciscanos.org.br\/noticias\/hoje-os-jovens-tem-sede-do-sagrado.html#breadcrumb","itemListElement":[{"@type":"ListItem","position":1,"name":"Home","item":"https:\/\/franciscanos.org.br\/noticias"},{"@type":"ListItem","position":2,"name":"\u201cHoje os jovens t\u00eam sede do sagrado\u201d"}]},{"@type":"Person","@id":"https:\/\/franciscanos.org.br\/noticias\/#\/schema\/person\/b38fbf43118f02820bd932f2e4b14ad3","name":"admin","image":{"@type":"ImageObject","inLanguage":"pt-BR","@id":"https:\/\/franciscanos.org.br\/noticias\/#\/schema\/person\/image\/","url":"https:\/\/secure.gravatar.com\/avatar\/e8495742d34d0ba6448ea1c628263b3e?s=96&d=mm&r=g","contentUrl":"https:\/\/secure.gravatar.com\/avatar\/e8495742d34d0ba6448ea1c628263b3e?s=96&d=mm&r=g","caption":"admin"},"url":"https:\/\/franciscanos.org.br\/noticias\/author\/admin"}]}},"_links":{"self":[{"href":"https:\/\/franciscanos.org.br\/noticias\/wp-json\/wp\/v2\/posts\/15537"}],"collection":[{"href":"https:\/\/franciscanos.org.br\/noticias\/wp-json\/wp\/v2\/posts"}],"about":[{"href":"https:\/\/franciscanos.org.br\/noticias\/wp-json\/wp\/v2\/types\/post"}],"author":[{"embeddable":true,"href":"https:\/\/franciscanos.org.br\/noticias\/wp-json\/wp\/v2\/users\/1"}],"replies":[{"embeddable":true,"href":"https:\/\/franciscanos.org.br\/noticias\/wp-json\/wp\/v2\/comments?post=15537"}],"version-history":[{"count":2,"href":"https:\/\/franciscanos.org.br\/noticias\/wp-json\/wp\/v2\/posts\/15537\/revisions"}],"predecessor-version":[{"id":226570,"href":"https:\/\/franciscanos.org.br\/noticias\/wp-json\/wp\/v2\/posts\/15537\/revisions\/226570"}],"wp:featuredmedia":[{"embeddable":true,"href":"https:\/\/franciscanos.org.br\/noticias\/wp-json\/wp\/v2\/media\/210735"}],"wp:attachment":[{"href":"https:\/\/franciscanos.org.br\/noticias\/wp-json\/wp\/v2\/media?parent=15537"}],"wp:term":[{"taxonomy":"category","embeddable":true,"href":"https:\/\/franciscanos.org.br\/noticias\/wp-json\/wp\/v2\/categories?post=15537"},{"taxonomy":"post_tag","embeddable":true,"href":"https:\/\/franciscanos.org.br\/noticias\/wp-json\/wp\/v2\/tags?post=15537"}],"curies":[{"name":"wp","href":"https:\/\/api.w.org\/{rel}","templated":true}]}}