{"id":155355,"date":"2018-04-02T18:38:45","date_gmt":"2018-04-02T21:38:45","guid":{"rendered":"http:\/\/franciscanos.org.br\/?p=155355"},"modified":"2019-04-08T21:32:54","modified_gmt":"2019-04-09T00:32:54","slug":"vida-e-missao-aos-cuidados-da-virgem-maria","status":"publish","type":"post","link":"https:\/\/franciscanos.org.br\/noticias\/vida-e-missao-aos-cuidados-da-virgem-maria.html","title":{"rendered":"Vida e miss\u00e3o aos cuidados da Virgem Maria"},"content":{"rendered":"<p><img loading=\"lazy\" src=\"http:\/\/franciscanos.org.br\/wp-content\/uploads\/2018\/04\/segundo_020418_5.jpg\" alt=\"segundo_020418_5\" width=\"830\" height=\"522\" \/><\/p>\n<p><strong>Frei Augusto Luiz Gabriel e Moacir Beggo<\/strong><\/p>\n<p><strong>Vila Velha (ES)<\/strong> &#8211; O bom p\u00fablico que veio ao Campinho do Morro da Penha nesta segunda-feira da P\u00e1scoa (02\/04) ouviu a reflex\u00e3o do jovem rec\u00e9m-ordenado di\u00e1cono Frei Leandro Costa Santos, frade do Santu\u00e1rio do Divino Esp\u00edrito Santo, durante o Momento Devocional Franciscano e Mariano do segundo dia do Oitav\u00e1rio da Festa da Penha, que come\u00e7ou \u00e0s 14h30 com a acolhida do guardi\u00e3o do Convento, Frei Paulo Pereira. A Santa Missa, neste dia sob a responsabilidade lit\u00fargica da Regi\u00e3o Serrana do Esp\u00edrito Santo, foi presidida pelo Pe. M\u00e1rcio Almeida Ghil, da cidade de Afonso Cl\u00e1udio.<\/p>\n<p><iframe loading=\"lazy\" src=\"https:\/\/www.youtube.com\/embed\/xT_2TrxaChw\" width=\"100%\" height=\"480\" frameborder=\"0\" allowfullscreen=\"allowfullscreen\"><\/iframe><\/p>\n<p>Depois de uma encena\u00e7\u00e3o mostrando a chegada de Frei Pedro Pal\u00e1cios como mission\u00e1rio em terras capixabas, envolvendo crian\u00e7as com as alegorias de barcos e um leigo representando o frade com o quadro de Nossa Senhora das Alegrias, Frei Leandro destacou que ao receber o mandato de Jesus, Frei Pedro saiu em miss\u00e3o sem nada, mas confiante no Deus providente. &#8220;Nada trouxe consigo esse homem. Veio movido pela simplicidade e ardente desejo mission\u00e1rio de pregar o Evangelho. Como outro Francisco, fez aos p\u00e9s deste morro seu claustro, sua casa, sua morada&#8221;, disse.<\/p>\n<p><img loading=\"lazy\" src=\"http:\/\/franciscanos.org.br\/wp-content\/uploads\/2018\/04\/segundo_020418.jpg\" alt=\"segundo_020418\" width=\"830\" height=\"463\" \/><\/p>\n<p>&#8220;Mais uma vez, como outro S\u00e3o Francisco de Assis, Frei Pedro Pal\u00e1cios delegou aos cuidados da Virgem Maria sua vida e sua miss\u00e3o. Como S\u00e3o Francisco fez um dia da Porci\u00fancula o lugar de sua morada, o lugar do encontro com Deus, do mesmo modo, aos p\u00e9s do morro, Frei Pedro Pal\u00e1cios confiou sua vida e miss\u00e3o. Essa \u00e9 a heran\u00e7a de Frei Pedro Pal\u00e1cios, deixada para cada um de n\u00f3s: recordar o Deus que vence a morte, que vence o sofrimento e tem a Virgem Maria como guia e protetora&#8221;, ensinou o frade. &#8220;Portanto, recordando nesse dia o homem simples, humilde e mission\u00e1rio, vivamos, irm\u00e3os e irm\u00e3s, nossa f\u00e9 no Deus que, por meio de Maria, escuta, cuida e envia a cada um de n\u00f3s em miss\u00e3o para an\u00fancio da Palavra, do Deus que se encarna e quer permanecer conosco&#8221;, completou Frei Leandro.<\/p>\n<p>Durante meia hora, o povo cantou com Frei Florival Mariano Toledo e Frei Paulo Ferreira e foi convidado por Frei Leandro a refletir sobre a devo\u00e7\u00e3o mariana do primeiro franciscano que chegou aqui (Frei Pedro Pal\u00e1cios). O Momento Devocional terminou com a Ladainha de Nossa Senhora, ora\u00e7\u00f5es e b\u00ean\u00e7\u00e3o.<\/p>\n<p><img loading=\"lazy\" src=\"http:\/\/franciscanos.org.br\/wp-content\/uploads\/2018\/04\/segundo_020418_3.jpg\" alt=\"segundo_020418_3\" width=\"830\" height=\"560\" \/><\/p>\n<p><strong>A SANTA MISSA<\/strong><\/p>\n<p>Na Celebra\u00e7\u00e3o Eucar\u00edstica, \u00e0s 15 horas, estavam presentes todos os sacerdotes da Regi\u00e3o Serrana e frades do Convento, da Prov\u00edncia e do Santu\u00e1rio Divino Esp\u00edrito Santo. Na sua homilia, Pe. M\u00e1rcio citou que Jesus, ap\u00f3s a Sua Ressurrei\u00e7\u00e3o, apareceu primeiro \u00e0s mulheres que, corajosamente, durante a madrugada, dirigiram-se at\u00e9 o sepulcro do Senhor, mesmo sabendo que l\u00e1 encontrariam soldados vigiando \u00e0 porta. Foi ali, no sepulcro, que Jesus falou \u00e0 Madalena e \u00e0s outras mulheres, e lhes deu a ordem de anunciar aos ap\u00f3stolos a Ressurrei\u00e7\u00e3o d\u2019Ele. &#8220;Elas fizeram a sua parte.\u00a0 As primeiras a anunciar o Cristo ressuscitado. Elas foram as primeiras ap\u00f3stolas&#8221;, disse Pe. M\u00e1rcio, destacando o protagonismo das mulheres diante do Ressuscitado.<\/p>\n<p><img loading=\"lazy\" src=\"http:\/\/franciscanos.org.br\/wp-content\/uploads\/2018\/04\/segundo_020418_1.jpg\" alt=\"segundo_020418_1\" width=\"830\" height=\"423\" \/><\/p>\n<p>Nesta ter\u00e7a-feira, terceiro dia do Oitav\u00e1rio, a \u00c1rea Pastoral Cariacica\/Viana ser\u00e1 respons\u00e1vel pela liturgia da Celebra\u00e7\u00e3o Eucar\u00edstica. E, \u00e0s 19h30, Pe. Anderson Gomes e Pe. Renato Criste dar\u00e3o a b\u00ean\u00e7\u00e3o para casais.<\/p>\n<h2><strong>Gratid\u00e3o na abertura oficial da Festa<\/strong><\/h2>\n<p>No encontro com os parceiros e apoiadores da Festa da Penha, nesta segunda-feira \u00e0 noite, no Campinho, o guardi\u00e3o do Convento da Penha, Frei Paulo Pereira, n\u00e3o economizou palavras de agradecimentos. &#8220;Minha gratid\u00e3o aos poderes p\u00fablicos do Estado do Esp\u00edrito Santo e tamb\u00e9m aos servidores p\u00fablicos de Vila Velha. Gratid\u00e3o tamb\u00e9m ao que neste ato representam a Arcelor Mittal, o Caf\u00e9 Tr\u00eas Cora\u00e7\u00f5es e o Banestes&#8221;, disse.<\/p>\n<p><img loading=\"lazy\" src=\"http:\/\/franciscanos.org.br\/wp-content\/uploads\/2018\/04\/paulo_020418_2.jpg\" alt=\"paulo_020418_2\" width=\"830\" height=\"376\" \/><\/p>\n<p>&#8220;A converg\u00eancia de esfor\u00e7os faz a Festa da Penha poss\u00edvel. \u00c9 bem verdade que os poderes p\u00fablicos e a iniciativa privada n\u00e3o t\u00eam a obriga\u00e7\u00e3o da catequese, da liturgia, ou da devo\u00e7\u00e3o. Mas n\u00e3o erra quem afirma que tanto os poderes p\u00fablicos quanto as empresas n\u00e3o poder\u00e3o jamais descuidar de uma semeadura de uma cultura geradora de paz e de entendimento. E ainda dever\u00e3o constantemente procurar estabelecer v\u00ednculos com organismos e pessoas que possam conferir concretude ao sonho que acalentam no cora\u00e7\u00e3o de todos&#8221;, disse Frei Paulo, falando em nome da Arquidiocese de Vit\u00f3ria, da Associa\u00e7\u00e3o Amigos do Convento e dos Freis Franciscanos da Prov\u00edncia da Imaculada Concei\u00e7\u00e3o do Brasil, que t\u00eam a honra de guardar a casa da M\u00e3e de todos os capixabas. &#8220;Ainda mais uma vez agrade\u00e7o a todos que se juntaram a n\u00f3s na Festa da Penha 2018, todos que tomarem parte das atividades programadas, sejam aqui neste Campinho, sejam nas ruas da cidade ou no parque da Prainha, que todos descubram o \u00e2nimo e a coragem de promover e viver a verdadeira alegria&#8221;, desejou Frei Paulo.<\/p>\n<div id=\"attachment_155393\" style=\"width: 410px\" class=\"wp-caption alignleft\"><img aria-describedby=\"caption-attachment-155393\" loading=\"lazy\" class=\"wp-image-155393 size-full\" src=\"http:\/\/franciscanos.org.br\/wp-content\/uploads\/2018\/04\/ana_020418.jpg\" alt=\"ana_020418\" width=\"400\" height=\"353\" \/><p id=\"caption-attachment-155393\" class=\"wp-caption-text\">Ana Maria Lemos<\/p><\/div>\n<p>&#8220;Sa\u00fado a todos os parceiros e ao povo aqui presente. A Festa da Penha \u00e9 um momento maravilhoso. A Mitra Arquidiocesana de Vit\u00f3ria se compromete com esta Festa da Penha, principalmente nos momentos onde a gente celebra a liturgia e as romarias. \u00c9 uma alegria muito grande organizar essa Festa porque ela j\u00e1 vem do povo. N\u00e3o \u00e9 uma coisa institu\u00edda, mas ela acontece de uma forma natural, do amor que o povo de Deus tem por sua M\u00e3e, Nossa Senhora da Penha. A gente que vive aqui n\u00e3o teria outra forma de se expressar. \u00c9 uma festa que acontece pela for\u00e7a do amor dessa M\u00e3e que cuida de n\u00f3s e a nossa participa\u00e7\u00e3o \u00e9 pequena e visa fazer acontecer as coisas com mais qualidade. Por isso, agradecemos muito o privil\u00e9gio de morar nesse Estado, de ter como Padroeira Nossa Senhora da Penha e o privil\u00e9gio de ter tantos parceiros que fazem esta Festa cada dia mais bonita&#8221;, destacou Ana Maria Lemos, representando o Departamento de Pastoral da Arquidiocese de Vit\u00f3ria.<\/p>\n<p>Pela Prefeitura de Vila Velha, participaram do ato o secret\u00e1rio de Esporte, Cultura e Lazer, Luiz Felipe Faria de Azevedo, e o secret\u00e1rio de Gest\u00e3o e Planejamento, Rafael Gumiero.\u00a0 &#8220;Estamos representando o Prefeito Max Freitas Mauro Filho que, desde o ano passado, no in\u00edcio de sua gest\u00e3o, n\u00e3o mediu esfor\u00e7os em promover\u00a0 a import\u00e2ncia da Festa da Penha para o munic\u00edpio de Vila Velha. N\u00f3s sabemos hoje da magnitude desta Festa, pois ela transcende o munic\u00edpio de Vila Velha. Estamos muito felizes, frei, de estar participando de uma forma efetiva, organizada e contribuindo para a qualidade desta Festa, que \u00e9 magn\u00edfica&#8221;, disse Luiz Felipe.<\/p>\n<p>&#8220;Estamos aqui com a gra\u00e7a de Deus com certeza. \u00c9 o momento feliz para n\u00f3s, da Arcelor Mittal, poder participar deste evento. Acho que engrandece quem mora no Estado do Esp\u00edrito Santo, como j\u00e1 foi dito aqui. Eu tenho 31 anos morando no Esp\u00edrito Santo, j\u00e1 sou capixaba. Com todo prazer, estaremos na Missa de encerramento no dia 9&#8221;, disse Jorge Lu\u00eds, vice-presidente de opera\u00e7\u00f5es Arcelor Mittal, que cedeu um grupo de volunt\u00e1rios para realizarem uma pintura e limpeza da \u201cEstrada da Penit\u00eancia\u201d.<\/p>\n<p><img loading=\"lazy\" src=\"http:\/\/franciscanos.org.br\/wp-content\/uploads\/2018\/04\/paulo_020418_1.jpg\" alt=\"paulo_020418_1\" width=\"830\" height=\"468\" \/><\/p>\n<p>Estavam presentes neste ato o\u00a0 sr. \u00c9dson Ros\u00e1rio, representando o Banestes; Amanda Franco Paulino, representando o Caf\u00e9 Tr\u00eas Cora\u00e7\u00f5es; e tamb\u00e9m a secret\u00e1ria de Sa\u00fade de Vila Velha, Fl\u00e1via Guimar\u00e3es.<\/p>\n<p>Frei Paulo terminou seu discurso ressaltando a alegria da Ressurrei\u00e7\u00e3o. &#8220;Ao celebrar a Festa da Penha queremos experimentar a mesma alegria que inundou o cora\u00e7\u00e3o de Maria na aurora pascal&#8221;, completou.<\/p>\n<p>Logo ap\u00f3s o ato oficial, um show de cantos e ora\u00e7\u00f5es marianas marcou o segundo dia da Festa da Penha.<\/p>\n<p><img loading=\"lazy\" src=\"http:\/\/franciscanos.org.br\/wp-content\/uploads\/2018\/04\/show_020418.jpg\" alt=\"show_020418\" width=\"830\" height=\"469\" \/><\/p>\n","protected":false},"excerpt":{"rendered":"<p>Festa da Penha 2018<\/p>\n","protected":false},"author":1,"featured_media":202333,"comment_status":"open","ping_status":"open","sticky":false,"template":"","format":"standard","meta":[],"categories":[1],"tags":[245],"acf":[],"yoast_head":"<!-- This site is optimized with the Yoast SEO plugin v19.2 - https:\/\/yoast.com\/wordpress\/plugins\/seo\/ -->\n<title>Vida e miss\u00e3o aos cuidados da Virgem Maria - Not\u00edcias - Franciscanos<\/title>\n<meta name=\"robots\" content=\"index, follow, max-snippet:-1, max-image-preview:large, max-video-preview:-1\" \/>\n<link rel=\"canonical\" href=\"https:\/\/franciscanos.org.br\/noticias\/vida-e-missao-aos-cuidados-da-virgem-maria.html\" \/>\n<meta property=\"og:locale\" content=\"pt_BR\" \/>\n<meta property=\"og:type\" content=\"article\" \/>\n<meta property=\"og:title\" content=\"Vida e miss\u00e3o aos cuidados da Virgem Maria - Not\u00edcias - Franciscanos\" \/>\n<meta property=\"og:description\" content=\"Festa da Penha 2018\" \/>\n<meta property=\"og:url\" content=\"https:\/\/franciscanos.org.br\/noticias\/vida-e-missao-aos-cuidados-da-virgem-maria.html\" \/>\n<meta property=\"og:site_name\" content=\"Not\u00edcias - Franciscanos\" \/>\n<meta property=\"article:published_time\" content=\"2018-04-02T21:38:45+00:00\" \/>\n<meta property=\"article:modified_time\" content=\"2019-04-09T00:32:54+00:00\" \/>\n<meta property=\"og:image\" content=\"https:\/\/franciscanos.org.br\/noticias\/wp-content\/uploads\/2018\/04\/show_020418.jpg\" \/>\n\t<meta property=\"og:image:width\" content=\"273\" \/>\n\t<meta property=\"og:image:height\" content=\"181\" \/>\n\t<meta property=\"og:image:type\" content=\"image\/jpeg\" \/>\n<meta name=\"author\" content=\"admin\" \/>\n<meta name=\"twitter:card\" content=\"summary_large_image\" \/>\n<meta name=\"twitter:label1\" content=\"Escrito por\" \/>\n\t<meta name=\"twitter:data1\" content=\"admin\" \/>\n\t<meta name=\"twitter:label2\" content=\"Est. tempo de leitura\" \/>\n\t<meta name=\"twitter:data2\" content=\"7 minutos\" \/>\n<script type=\"application\/ld+json\" class=\"yoast-schema-graph\">{\"@context\":\"https:\/\/schema.org\",\"@graph\":[{\"@type\":\"WebSite\",\"@id\":\"https:\/\/franciscanos.org.br\/noticias\/#website\",\"url\":\"https:\/\/franciscanos.org.br\/noticias\/\",\"name\":\"Not\u00edcias - Franciscanos\",\"description\":\"Prov\u00edncia Franciscana da Imaculada Concei\u00e7\u00e3o do Brasil - Ordem dos Frades Menores - OFM\",\"potentialAction\":[{\"@type\":\"SearchAction\",\"target\":{\"@type\":\"EntryPoint\",\"urlTemplate\":\"https:\/\/franciscanos.org.br\/noticias\/?s={search_term_string}\"},\"query-input\":\"required name=search_term_string\"}],\"inLanguage\":\"pt-BR\"},{\"@type\":\"ImageObject\",\"inLanguage\":\"pt-BR\",\"@id\":\"https:\/\/franciscanos.org.br\/noticias\/vida-e-missao-aos-cuidados-da-virgem-maria.html#primaryimage\",\"url\":\"https:\/\/franciscanos.org.br\/noticias\/wp-content\/uploads\/2018\/04\/show_020418.jpg\",\"contentUrl\":\"https:\/\/franciscanos.org.br\/noticias\/wp-content\/uploads\/2018\/04\/show_020418.jpg\",\"width\":273,\"height\":181},{\"@type\":\"WebPage\",\"@id\":\"https:\/\/franciscanos.org.br\/noticias\/vida-e-missao-aos-cuidados-da-virgem-maria.html#webpage\",\"url\":\"https:\/\/franciscanos.org.br\/noticias\/vida-e-missao-aos-cuidados-da-virgem-maria.html\",\"name\":\"Vida e miss\u00e3o aos cuidados da Virgem Maria - Not\u00edcias - Franciscanos\",\"isPartOf\":{\"@id\":\"https:\/\/franciscanos.org.br\/noticias\/#website\"},\"primaryImageOfPage\":{\"@id\":\"https:\/\/franciscanos.org.br\/noticias\/vida-e-missao-aos-cuidados-da-virgem-maria.html#primaryimage\"},\"datePublished\":\"2018-04-02T21:38:45+00:00\",\"dateModified\":\"2019-04-09T00:32:54+00:00\",\"author\":{\"@id\":\"https:\/\/franciscanos.org.br\/noticias\/#\/schema\/person\/b38fbf43118f02820bd932f2e4b14ad3\"},\"breadcrumb\":{\"@id\":\"https:\/\/franciscanos.org.br\/noticias\/vida-e-missao-aos-cuidados-da-virgem-maria.html#breadcrumb\"},\"inLanguage\":\"pt-BR\",\"potentialAction\":[{\"@type\":\"ReadAction\",\"target\":[\"https:\/\/franciscanos.org.br\/noticias\/vida-e-missao-aos-cuidados-da-virgem-maria.html\"]}]},{\"@type\":\"BreadcrumbList\",\"@id\":\"https:\/\/franciscanos.org.br\/noticias\/vida-e-missao-aos-cuidados-da-virgem-maria.html#breadcrumb\",\"itemListElement\":[{\"@type\":\"ListItem\",\"position\":1,\"name\":\"Home\",\"item\":\"https:\/\/franciscanos.org.br\/noticias\"},{\"@type\":\"ListItem\",\"position\":2,\"name\":\"Vida e miss\u00e3o aos cuidados da Virgem Maria\"}]},{\"@type\":\"Person\",\"@id\":\"https:\/\/franciscanos.org.br\/noticias\/#\/schema\/person\/b38fbf43118f02820bd932f2e4b14ad3\",\"name\":\"admin\",\"image\":{\"@type\":\"ImageObject\",\"inLanguage\":\"pt-BR\",\"@id\":\"https:\/\/franciscanos.org.br\/noticias\/#\/schema\/person\/image\/\",\"url\":\"https:\/\/secure.gravatar.com\/avatar\/e8495742d34d0ba6448ea1c628263b3e?s=96&d=mm&r=g\",\"contentUrl\":\"https:\/\/secure.gravatar.com\/avatar\/e8495742d34d0ba6448ea1c628263b3e?s=96&d=mm&r=g\",\"caption\":\"admin\"},\"url\":\"https:\/\/franciscanos.org.br\/noticias\/author\/admin\"}]}<\/script>\n<!-- \/ Yoast SEO plugin. -->","yoast_head_json":{"title":"Vida e miss\u00e3o aos cuidados da Virgem Maria - Not\u00edcias - Franciscanos","robots":{"index":"index","follow":"follow","max-snippet":"max-snippet:-1","max-image-preview":"max-image-preview:large","max-video-preview":"max-video-preview:-1"},"canonical":"https:\/\/franciscanos.org.br\/noticias\/vida-e-missao-aos-cuidados-da-virgem-maria.html","og_locale":"pt_BR","og_type":"article","og_title":"Vida e miss\u00e3o aos cuidados da Virgem Maria - Not\u00edcias - Franciscanos","og_description":"Festa da Penha 2018","og_url":"https:\/\/franciscanos.org.br\/noticias\/vida-e-missao-aos-cuidados-da-virgem-maria.html","og_site_name":"Not\u00edcias - Franciscanos","article_published_time":"2018-04-02T21:38:45+00:00","article_modified_time":"2019-04-09T00:32:54+00:00","og_image":[{"width":273,"height":181,"url":"https:\/\/franciscanos.org.br\/noticias\/wp-content\/uploads\/2018\/04\/show_020418.jpg","type":"image\/jpeg"}],"author":"admin","twitter_card":"summary_large_image","twitter_misc":{"Escrito por":"admin","Est. tempo de leitura":"7 minutos"},"schema":{"@context":"https:\/\/schema.org","@graph":[{"@type":"WebSite","@id":"https:\/\/franciscanos.org.br\/noticias\/#website","url":"https:\/\/franciscanos.org.br\/noticias\/","name":"Not\u00edcias - Franciscanos","description":"Prov\u00edncia Franciscana da Imaculada Concei\u00e7\u00e3o do Brasil - Ordem dos Frades Menores - OFM","potentialAction":[{"@type":"SearchAction","target":{"@type":"EntryPoint","urlTemplate":"https:\/\/franciscanos.org.br\/noticias\/?s={search_term_string}"},"query-input":"required name=search_term_string"}],"inLanguage":"pt-BR"},{"@type":"ImageObject","inLanguage":"pt-BR","@id":"https:\/\/franciscanos.org.br\/noticias\/vida-e-missao-aos-cuidados-da-virgem-maria.html#primaryimage","url":"https:\/\/franciscanos.org.br\/noticias\/wp-content\/uploads\/2018\/04\/show_020418.jpg","contentUrl":"https:\/\/franciscanos.org.br\/noticias\/wp-content\/uploads\/2018\/04\/show_020418.jpg","width":273,"height":181},{"@type":"WebPage","@id":"https:\/\/franciscanos.org.br\/noticias\/vida-e-missao-aos-cuidados-da-virgem-maria.html#webpage","url":"https:\/\/franciscanos.org.br\/noticias\/vida-e-missao-aos-cuidados-da-virgem-maria.html","name":"Vida e miss\u00e3o aos cuidados da Virgem Maria - Not\u00edcias - Franciscanos","isPartOf":{"@id":"https:\/\/franciscanos.org.br\/noticias\/#website"},"primaryImageOfPage":{"@id":"https:\/\/franciscanos.org.br\/noticias\/vida-e-missao-aos-cuidados-da-virgem-maria.html#primaryimage"},"datePublished":"2018-04-02T21:38:45+00:00","dateModified":"2019-04-09T00:32:54+00:00","author":{"@id":"https:\/\/franciscanos.org.br\/noticias\/#\/schema\/person\/b38fbf43118f02820bd932f2e4b14ad3"},"breadcrumb":{"@id":"https:\/\/franciscanos.org.br\/noticias\/vida-e-missao-aos-cuidados-da-virgem-maria.html#breadcrumb"},"inLanguage":"pt-BR","potentialAction":[{"@type":"ReadAction","target":["https:\/\/franciscanos.org.br\/noticias\/vida-e-missao-aos-cuidados-da-virgem-maria.html"]}]},{"@type":"BreadcrumbList","@id":"https:\/\/franciscanos.org.br\/noticias\/vida-e-missao-aos-cuidados-da-virgem-maria.html#breadcrumb","itemListElement":[{"@type":"ListItem","position":1,"name":"Home","item":"https:\/\/franciscanos.org.br\/noticias"},{"@type":"ListItem","position":2,"name":"Vida e miss\u00e3o aos cuidados da Virgem Maria"}]},{"@type":"Person","@id":"https:\/\/franciscanos.org.br\/noticias\/#\/schema\/person\/b38fbf43118f02820bd932f2e4b14ad3","name":"admin","image":{"@type":"ImageObject","inLanguage":"pt-BR","@id":"https:\/\/franciscanos.org.br\/noticias\/#\/schema\/person\/image\/","url":"https:\/\/secure.gravatar.com\/avatar\/e8495742d34d0ba6448ea1c628263b3e?s=96&d=mm&r=g","contentUrl":"https:\/\/secure.gravatar.com\/avatar\/e8495742d34d0ba6448ea1c628263b3e?s=96&d=mm&r=g","caption":"admin"},"url":"https:\/\/franciscanos.org.br\/noticias\/author\/admin"}]}},"_links":{"self":[{"href":"https:\/\/franciscanos.org.br\/noticias\/wp-json\/wp\/v2\/posts\/155355"}],"collection":[{"href":"https:\/\/franciscanos.org.br\/noticias\/wp-json\/wp\/v2\/posts"}],"about":[{"href":"https:\/\/franciscanos.org.br\/noticias\/wp-json\/wp\/v2\/types\/post"}],"author":[{"embeddable":true,"href":"https:\/\/franciscanos.org.br\/noticias\/wp-json\/wp\/v2\/users\/1"}],"replies":[{"embeddable":true,"href":"https:\/\/franciscanos.org.br\/noticias\/wp-json\/wp\/v2\/comments?post=155355"}],"version-history":[{"count":0,"href":"https:\/\/franciscanos.org.br\/noticias\/wp-json\/wp\/v2\/posts\/155355\/revisions"}],"wp:featuredmedia":[{"embeddable":true,"href":"https:\/\/franciscanos.org.br\/noticias\/wp-json\/wp\/v2\/media\/202333"}],"wp:attachment":[{"href":"https:\/\/franciscanos.org.br\/noticias\/wp-json\/wp\/v2\/media?parent=155355"}],"wp:term":[{"taxonomy":"category","embeddable":true,"href":"https:\/\/franciscanos.org.br\/noticias\/wp-json\/wp\/v2\/categories?post=155355"},{"taxonomy":"post_tag","embeddable":true,"href":"https:\/\/franciscanos.org.br\/noticias\/wp-json\/wp\/v2\/tags?post=155355"}],"curies":[{"name":"wp","href":"https:\/\/api.w.org\/{rel}","templated":true}]}}