{"id":155336,"date":"2018-04-02T12:50:38","date_gmt":"2018-04-02T15:50:38","guid":{"rendered":"http:\/\/franciscanos.org.br\/?p=155336"},"modified":"2019-04-08T21:31:42","modified_gmt":"2019-04-09T00:31:42","slug":"aberta-a-exposicao-as-sete-alegrias-de-nossa-senhora","status":"publish","type":"post","link":"https:\/\/franciscanos.org.br\/noticias\/aberta-a-exposicao-as-sete-alegrias-de-nossa-senhora.html","title":{"rendered":"Aberta a Exposi\u00e7\u00e3o &#8220;As Sete Alegrias de Nossa Senhora&#8221;"},"content":{"rendered":"<p><img loading=\"lazy\" src=\"http:\/\/franciscanos.org.br\/wp-content\/uploads\/2018\/04\/expo_020418.jpg\" alt=\"expo_020418\" width=\"830\" height=\"460\" \/><\/p>\n<p><strong>Frei Augusto Luiz Gabriel e Moacir Beggo<\/strong><\/p>\n<p><strong>Vila Velha (ES) &#8211;\u00a0<\/strong>Os romeiros devotos de Nossa Senhora da Penha podem fazer uma parada, antes de chegarem diante do altar de Nossa Senhora da Penha, na Sala de Exposi\u00e7\u00f5es do Convento da Penha para admirar e conhecer, atrav\u00e9s da arte, as Sete Alegrias de Nossa Senhora. A Mostra, que teve in\u00edcio neste domingo, re\u00fane artistas capixabas e vai at\u00e9 o dia 26 de maio.<\/p>\n<p>O curador Celso Adolfo reuniu artistas capixabas para retratar, com destaque, as Sete Alegrias de Maria, uma tradi\u00e7\u00e3o franciscana do s\u00e9culo XIV e que faz parte da devo\u00e7\u00e3o &#8220;Coroa Franciscana&#8221;, e o Convento da Penha. A miss\u00e3o do curador n\u00e3o poderia ter tido melhor resultado, j\u00e1 que conseguiu reunir 43 obras.<\/p>\n<p><img loading=\"lazy\" class=\"alignleft size-full wp-image-155339\" src=\"http:\/\/franciscanos.org.br\/wp-content\/uploads\/2018\/04\/expo_020418_2.jpg\" alt=\"expo_020418_2\" width=\"400\" height=\"397\" \/>O guardi\u00e3o do Convento da Penha, Frei Paulo Pereira, elogiou o trabalho dos artistas. &#8220;Eles foram muito felizes apresentando as alegrias de Nossa Senhora na vis\u00e3o deles&#8221;, disse. &#8220;Eles mostraram essas alegrias em cada tela, nas suas mais diferentes manifesta\u00e7\u00f5es. Depois, a outra parte da exposi\u00e7\u00e3o \u00e9 o Convento da Penha, um espa\u00e7o de refer\u00eancia para o povo. Para o capixaba, o Convento fala muito e, para o artista capixaba, fala mais ainda, com detalhes que um olho desatento n\u00e3o consegue captar. Essa sensibilidade do olhar a gente tamb\u00e9m pode oferecer. A arte leva a isso: despertar sensibilidade. A gente vive num mundo bruto e insens\u00edvel&#8221;, acrescentou Frei Paulo, lembrando que o pintor de uma obra sacra, o faz em uma perspectiva de mais concentra\u00e7\u00e3o, de reza, de encontro. &#8220;Ent\u00e3o, todos os conventos ali pintados n\u00e3o s\u00e3o feitos na perspectiva &#8216;ah vou pintar uma paisagem bonita&#8217;, mas, sim, de uma paisagem bonita que me leva \u00e0 contempla\u00e7\u00e3o do mist\u00e9rio bonito que o Convento guarda&#8221;, acredita o guardi\u00e3o.<\/p>\n<p>Para Frei Paulo, a Igreja sempre promoveu a arte como catequese, como manifesta\u00e7\u00e3o do sagrado. &#8220;Pela pintura, pela imagem, pela pr\u00f3pria configura\u00e7\u00e3o de templos, isso tudo \u00e9\u00a0pensado para ajudar o povo a rezar&#8221;, observa Frei Paulo.<\/p>\n<p>&nbsp;<\/p>\n<p><img loading=\"lazy\" class=\"alignright size-full wp-image-155340\" src=\"http:\/\/franciscanos.org.br\/wp-content\/uploads\/2018\/04\/expo_020418_3.jpg\" alt=\"expo_020418_3\" width=\"400\" height=\"383\" \/>&#8220;Na linguagem dele, o artista tem uma vis\u00e3o de mundo, de futuro, de c\u00e9u &#8211; mesmo que nem sempre seja crist\u00e3o cat\u00f3lico -, que faz com\u00a0maestria. Na arte, ele apresenta um projeto de mundo diferente, um projeto de sonhos novos.\u00a0 A\u00ed ele consegue pintar, consegue colocar cor, consegue forma aos seus sentimentos de mundo novo. Ent\u00e3o, a Festa da Penha, a ressurrei\u00e7\u00e3o do Senhor,\u00a0inaugura um mundo novo, e o artista traz isso para n\u00f3s. \u00c9 importante que o Convento da Penha possa tamb\u00e9m oferecer espa\u00e7o para a contribui\u00e7\u00e3o dos artistas&#8221;, explicou Frei Paulo.<\/p>\n<p>Para Celso Adolfo, esta mostra celebra alegrias. &#8220;Aqui, para n\u00f3s, capixabas, esta devo\u00e7\u00e3o \u00e9 revivida na ladeira &#8216;velha&#8217; do Convento. A ladeira da Penit\u00eancia, das sete curvas, das Sete Alegrias. Caminho que nos leva \u00e0 &#8216;ermida branca, onde est\u00e1 a nossa esperan\u00e7a&#8217;, Nossa Senhora da Penha, seu santu\u00e1rio, nosso convento. Para os artistas, uma fonte de inspira\u00e7\u00e3o. Caminhos po\u00e9ticos de um doce catecismo. Alegrias narradas no \u00edntimo do cora\u00e7\u00e3o, transparecendo a f\u00e9&#8221;, ensinou. Para o curador, as imagens do Convento da Penha, presentes em todos os momentos de nossa hist\u00f3ria, tornam-se versos da identidade cultural capixaba.<\/p>\n<p><img loading=\"lazy\" src=\"http:\/\/franciscanos.org.br\/wp-content\/uploads\/2018\/04\/expo_020418_4.jpg\" alt=\"expo_020418_4\" width=\"830\" height=\"623\" \/><\/p>\n<p>As Sete Alegrias est\u00e3o retratadas pelos seguintes artistas:<\/p>\n<p><strong>S\u00e9tima alegria:<\/strong>\u00a0Assun\u00e7\u00e3o de Maria e sua Coroa\u00e7\u00e3o no C\u00e9u, autor Lu\u00eds Keiper, t\u00eampera acr\u00edlica sobre tela.<\/p>\n<p><strong>Sexta alegria:<\/strong>\u00a0Maria v\u00ea Jesus Ressuscitado autor Last\u00eanio Scopel, acr\u00edlica sobre tela.<\/p>\n<p><strong>Quinta alegria:<\/strong>\u00a0O encontro do Menino Jesus no Templo, autora Vanessa Xavier, mista sobre tela.<\/p>\n<p><strong>Quarta alegria:<\/strong>\u00a0A adora\u00e7\u00e3o dos tr\u00eas Reis Magos, autor J\u00falio Braga, \u00f3leo sobre tela.<\/p>\n<p><strong>Terceira alegria<\/strong>: o nascimento do Menino Jesus em Bel\u00e9m, autora Anna Maria Villa-Forte, mista e pastel sobre tela.<\/p>\n<p><strong>Segunda alegria:<\/strong>\u00a0A visita\u00e7\u00e3o \u00e0 Santa Isabel, autora Bianca Romano, acr\u00edlico e carv\u00e3o fuseain sobre tela.<\/p>\n<p><strong>Primeira alegria<\/strong>: A anuncia\u00e7\u00e3o do Arcanjo Gabriel, autor Israel Sc\u00e1rdua, acr\u00edlica e giz pastel sobre tela.<\/p>\n<p>A maioria dos trabalhos expostos ser\u00e3o leiloados no final da Mostra, em 26 de maio. Este evento \u00e9 uma realiza\u00e7\u00e3o do Convento da Penha e tem o apoio do Sindiappes, Sindicato dos Artistas Capixabas; da Koletivo Arquitetura; Luminalle e Look\u00a0Comunica\u00e7\u00e3o Visual.<\/p>\n<p><img loading=\"lazy\" src=\"http:\/\/franciscanos.org.br\/wp-content\/uploads\/2018\/04\/expo_020418_7.jpg\" alt=\"expo_020418_7\" width=\"830\" height=\"623\" \/><\/p>\n<p>&nbsp;<\/p>\n","protected":false},"excerpt":{"rendered":"<p>Festa da Penha 2018<\/p>\n","protected":false},"author":1,"featured_media":202332,"comment_status":"open","ping_status":"open","sticky":false,"template":"","format":"standard","meta":[],"categories":[1],"tags":[245],"acf":[],"yoast_head":"<!-- This site is optimized with the Yoast SEO plugin v19.2 - https:\/\/yoast.com\/wordpress\/plugins\/seo\/ -->\n<title>Aberta a Exposi\u00e7\u00e3o &quot;As Sete Alegrias de Nossa Senhora&quot; - Not\u00edcias - Franciscanos<\/title>\n<meta name=\"robots\" content=\"index, follow, max-snippet:-1, max-image-preview:large, max-video-preview:-1\" \/>\n<link rel=\"canonical\" href=\"https:\/\/franciscanos.org.br\/noticias\/aberta-a-exposicao-as-sete-alegrias-de-nossa-senhora.html\" \/>\n<meta property=\"og:locale\" content=\"pt_BR\" \/>\n<meta property=\"og:type\" content=\"article\" \/>\n<meta property=\"og:title\" content=\"Aberta a Exposi\u00e7\u00e3o &quot;As Sete Alegrias de Nossa Senhora&quot; - Not\u00edcias - Franciscanos\" \/>\n<meta property=\"og:description\" content=\"Festa da Penha 2018\" \/>\n<meta property=\"og:url\" content=\"https:\/\/franciscanos.org.br\/noticias\/aberta-a-exposicao-as-sete-alegrias-de-nossa-senhora.html\" \/>\n<meta property=\"og:site_name\" content=\"Not\u00edcias - Franciscanos\" \/>\n<meta property=\"article:published_time\" content=\"2018-04-02T15:50:38+00:00\" \/>\n<meta property=\"article:modified_time\" content=\"2019-04-09T00:31:42+00:00\" \/>\n<meta property=\"og:image\" content=\"https:\/\/franciscanos.org.br\/noticias\/wp-content\/uploads\/2018\/04\/expo_020418_4.jpg\" \/>\n\t<meta property=\"og:image:width\" content=\"273\" \/>\n\t<meta property=\"og:image:height\" content=\"181\" \/>\n\t<meta property=\"og:image:type\" content=\"image\/jpeg\" \/>\n<meta name=\"author\" content=\"admin\" \/>\n<meta name=\"twitter:card\" content=\"summary_large_image\" \/>\n<meta name=\"twitter:label1\" content=\"Escrito por\" \/>\n\t<meta name=\"twitter:data1\" content=\"admin\" \/>\n\t<meta name=\"twitter:label2\" content=\"Est. tempo de leitura\" \/>\n\t<meta name=\"twitter:data2\" content=\"4 minutos\" \/>\n<script type=\"application\/ld+json\" class=\"yoast-schema-graph\">{\"@context\":\"https:\/\/schema.org\",\"@graph\":[{\"@type\":\"WebSite\",\"@id\":\"https:\/\/franciscanos.org.br\/noticias\/#website\",\"url\":\"https:\/\/franciscanos.org.br\/noticias\/\",\"name\":\"Not\u00edcias - Franciscanos\",\"description\":\"Prov\u00edncia Franciscana da Imaculada Concei\u00e7\u00e3o do Brasil - Ordem dos Frades Menores - OFM\",\"potentialAction\":[{\"@type\":\"SearchAction\",\"target\":{\"@type\":\"EntryPoint\",\"urlTemplate\":\"https:\/\/franciscanos.org.br\/noticias\/?s={search_term_string}\"},\"query-input\":\"required name=search_term_string\"}],\"inLanguage\":\"pt-BR\"},{\"@type\":\"ImageObject\",\"inLanguage\":\"pt-BR\",\"@id\":\"https:\/\/franciscanos.org.br\/noticias\/aberta-a-exposicao-as-sete-alegrias-de-nossa-senhora.html#primaryimage\",\"url\":\"https:\/\/franciscanos.org.br\/noticias\/wp-content\/uploads\/2018\/04\/expo_020418_4.jpg\",\"contentUrl\":\"https:\/\/franciscanos.org.br\/noticias\/wp-content\/uploads\/2018\/04\/expo_020418_4.jpg\",\"width\":273,\"height\":181},{\"@type\":\"WebPage\",\"@id\":\"https:\/\/franciscanos.org.br\/noticias\/aberta-a-exposicao-as-sete-alegrias-de-nossa-senhora.html#webpage\",\"url\":\"https:\/\/franciscanos.org.br\/noticias\/aberta-a-exposicao-as-sete-alegrias-de-nossa-senhora.html\",\"name\":\"Aberta a Exposi\u00e7\u00e3o \\\"As Sete Alegrias de Nossa Senhora\\\" - Not\u00edcias - Franciscanos\",\"isPartOf\":{\"@id\":\"https:\/\/franciscanos.org.br\/noticias\/#website\"},\"primaryImageOfPage\":{\"@id\":\"https:\/\/franciscanos.org.br\/noticias\/aberta-a-exposicao-as-sete-alegrias-de-nossa-senhora.html#primaryimage\"},\"datePublished\":\"2018-04-02T15:50:38+00:00\",\"dateModified\":\"2019-04-09T00:31:42+00:00\",\"author\":{\"@id\":\"https:\/\/franciscanos.org.br\/noticias\/#\/schema\/person\/b38fbf43118f02820bd932f2e4b14ad3\"},\"breadcrumb\":{\"@id\":\"https:\/\/franciscanos.org.br\/noticias\/aberta-a-exposicao-as-sete-alegrias-de-nossa-senhora.html#breadcrumb\"},\"inLanguage\":\"pt-BR\",\"potentialAction\":[{\"@type\":\"ReadAction\",\"target\":[\"https:\/\/franciscanos.org.br\/noticias\/aberta-a-exposicao-as-sete-alegrias-de-nossa-senhora.html\"]}]},{\"@type\":\"BreadcrumbList\",\"@id\":\"https:\/\/franciscanos.org.br\/noticias\/aberta-a-exposicao-as-sete-alegrias-de-nossa-senhora.html#breadcrumb\",\"itemListElement\":[{\"@type\":\"ListItem\",\"position\":1,\"name\":\"Home\",\"item\":\"https:\/\/franciscanos.org.br\/noticias\"},{\"@type\":\"ListItem\",\"position\":2,\"name\":\"Aberta a Exposi\u00e7\u00e3o &#8220;As Sete Alegrias de Nossa Senhora&#8221;\"}]},{\"@type\":\"Person\",\"@id\":\"https:\/\/franciscanos.org.br\/noticias\/#\/schema\/person\/b38fbf43118f02820bd932f2e4b14ad3\",\"name\":\"admin\",\"image\":{\"@type\":\"ImageObject\",\"inLanguage\":\"pt-BR\",\"@id\":\"https:\/\/franciscanos.org.br\/noticias\/#\/schema\/person\/image\/\",\"url\":\"https:\/\/secure.gravatar.com\/avatar\/e8495742d34d0ba6448ea1c628263b3e?s=96&d=mm&r=g\",\"contentUrl\":\"https:\/\/secure.gravatar.com\/avatar\/e8495742d34d0ba6448ea1c628263b3e?s=96&d=mm&r=g\",\"caption\":\"admin\"},\"url\":\"https:\/\/franciscanos.org.br\/noticias\/author\/admin\"}]}<\/script>\n<!-- \/ Yoast SEO plugin. -->","yoast_head_json":{"title":"Aberta a Exposi\u00e7\u00e3o \"As Sete Alegrias de Nossa Senhora\" - Not\u00edcias - Franciscanos","robots":{"index":"index","follow":"follow","max-snippet":"max-snippet:-1","max-image-preview":"max-image-preview:large","max-video-preview":"max-video-preview:-1"},"canonical":"https:\/\/franciscanos.org.br\/noticias\/aberta-a-exposicao-as-sete-alegrias-de-nossa-senhora.html","og_locale":"pt_BR","og_type":"article","og_title":"Aberta a Exposi\u00e7\u00e3o \"As Sete Alegrias de Nossa Senhora\" - Not\u00edcias - Franciscanos","og_description":"Festa da Penha 2018","og_url":"https:\/\/franciscanos.org.br\/noticias\/aberta-a-exposicao-as-sete-alegrias-de-nossa-senhora.html","og_site_name":"Not\u00edcias - Franciscanos","article_published_time":"2018-04-02T15:50:38+00:00","article_modified_time":"2019-04-09T00:31:42+00:00","og_image":[{"width":273,"height":181,"url":"https:\/\/franciscanos.org.br\/noticias\/wp-content\/uploads\/2018\/04\/expo_020418_4.jpg","type":"image\/jpeg"}],"author":"admin","twitter_card":"summary_large_image","twitter_misc":{"Escrito por":"admin","Est. tempo de leitura":"4 minutos"},"schema":{"@context":"https:\/\/schema.org","@graph":[{"@type":"WebSite","@id":"https:\/\/franciscanos.org.br\/noticias\/#website","url":"https:\/\/franciscanos.org.br\/noticias\/","name":"Not\u00edcias - Franciscanos","description":"Prov\u00edncia Franciscana da Imaculada Concei\u00e7\u00e3o do Brasil - Ordem dos Frades Menores - OFM","potentialAction":[{"@type":"SearchAction","target":{"@type":"EntryPoint","urlTemplate":"https:\/\/franciscanos.org.br\/noticias\/?s={search_term_string}"},"query-input":"required name=search_term_string"}],"inLanguage":"pt-BR"},{"@type":"ImageObject","inLanguage":"pt-BR","@id":"https:\/\/franciscanos.org.br\/noticias\/aberta-a-exposicao-as-sete-alegrias-de-nossa-senhora.html#primaryimage","url":"https:\/\/franciscanos.org.br\/noticias\/wp-content\/uploads\/2018\/04\/expo_020418_4.jpg","contentUrl":"https:\/\/franciscanos.org.br\/noticias\/wp-content\/uploads\/2018\/04\/expo_020418_4.jpg","width":273,"height":181},{"@type":"WebPage","@id":"https:\/\/franciscanos.org.br\/noticias\/aberta-a-exposicao-as-sete-alegrias-de-nossa-senhora.html#webpage","url":"https:\/\/franciscanos.org.br\/noticias\/aberta-a-exposicao-as-sete-alegrias-de-nossa-senhora.html","name":"Aberta a Exposi\u00e7\u00e3o \"As Sete Alegrias de Nossa Senhora\" - Not\u00edcias - Franciscanos","isPartOf":{"@id":"https:\/\/franciscanos.org.br\/noticias\/#website"},"primaryImageOfPage":{"@id":"https:\/\/franciscanos.org.br\/noticias\/aberta-a-exposicao-as-sete-alegrias-de-nossa-senhora.html#primaryimage"},"datePublished":"2018-04-02T15:50:38+00:00","dateModified":"2019-04-09T00:31:42+00:00","author":{"@id":"https:\/\/franciscanos.org.br\/noticias\/#\/schema\/person\/b38fbf43118f02820bd932f2e4b14ad3"},"breadcrumb":{"@id":"https:\/\/franciscanos.org.br\/noticias\/aberta-a-exposicao-as-sete-alegrias-de-nossa-senhora.html#breadcrumb"},"inLanguage":"pt-BR","potentialAction":[{"@type":"ReadAction","target":["https:\/\/franciscanos.org.br\/noticias\/aberta-a-exposicao-as-sete-alegrias-de-nossa-senhora.html"]}]},{"@type":"BreadcrumbList","@id":"https:\/\/franciscanos.org.br\/noticias\/aberta-a-exposicao-as-sete-alegrias-de-nossa-senhora.html#breadcrumb","itemListElement":[{"@type":"ListItem","position":1,"name":"Home","item":"https:\/\/franciscanos.org.br\/noticias"},{"@type":"ListItem","position":2,"name":"Aberta a Exposi\u00e7\u00e3o &#8220;As Sete Alegrias de Nossa Senhora&#8221;"}]},{"@type":"Person","@id":"https:\/\/franciscanos.org.br\/noticias\/#\/schema\/person\/b38fbf43118f02820bd932f2e4b14ad3","name":"admin","image":{"@type":"ImageObject","inLanguage":"pt-BR","@id":"https:\/\/franciscanos.org.br\/noticias\/#\/schema\/person\/image\/","url":"https:\/\/secure.gravatar.com\/avatar\/e8495742d34d0ba6448ea1c628263b3e?s=96&d=mm&r=g","contentUrl":"https:\/\/secure.gravatar.com\/avatar\/e8495742d34d0ba6448ea1c628263b3e?s=96&d=mm&r=g","caption":"admin"},"url":"https:\/\/franciscanos.org.br\/noticias\/author\/admin"}]}},"_links":{"self":[{"href":"https:\/\/franciscanos.org.br\/noticias\/wp-json\/wp\/v2\/posts\/155336"}],"collection":[{"href":"https:\/\/franciscanos.org.br\/noticias\/wp-json\/wp\/v2\/posts"}],"about":[{"href":"https:\/\/franciscanos.org.br\/noticias\/wp-json\/wp\/v2\/types\/post"}],"author":[{"embeddable":true,"href":"https:\/\/franciscanos.org.br\/noticias\/wp-json\/wp\/v2\/users\/1"}],"replies":[{"embeddable":true,"href":"https:\/\/franciscanos.org.br\/noticias\/wp-json\/wp\/v2\/comments?post=155336"}],"version-history":[{"count":0,"href":"https:\/\/franciscanos.org.br\/noticias\/wp-json\/wp\/v2\/posts\/155336\/revisions"}],"wp:featuredmedia":[{"embeddable":true,"href":"https:\/\/franciscanos.org.br\/noticias\/wp-json\/wp\/v2\/media\/202332"}],"wp:attachment":[{"href":"https:\/\/franciscanos.org.br\/noticias\/wp-json\/wp\/v2\/media?parent=155336"}],"wp:term":[{"taxonomy":"category","embeddable":true,"href":"https:\/\/franciscanos.org.br\/noticias\/wp-json\/wp\/v2\/categories?post=155336"},{"taxonomy":"post_tag","embeddable":true,"href":"https:\/\/franciscanos.org.br\/noticias\/wp-json\/wp\/v2\/tags?post=155336"}],"curies":[{"name":"wp","href":"https:\/\/api.w.org\/{rel}","templated":true}]}}