{"id":155327,"date":"2018-04-02T12:30:58","date_gmt":"2018-04-02T15:30:58","guid":{"rendered":"http:\/\/franciscanos.org.br\/?p=155327"},"modified":"2019-10-31T08:32:31","modified_gmt":"2019-10-31T11:32:31","slug":"frei-roberto-sera-ordenado-em-ituporanga","status":"publish","type":"post","link":"https:\/\/franciscanos.org.br\/noticias\/frei-roberto-sera-ordenado-em-ituporanga.html","title":{"rendered":"Frei Roberto ser\u00e1 ordenado di\u00e1cono em Ituporanga"},"content":{"rendered":"<p><a href=\"http:\/\/franciscanos.org.br\/wp-content\/uploads\/2018\/04\/roberto-830.jpg\"><img loading=\"lazy\" src=\"http:\/\/franciscanos.org.br\/wp-content\/uploads\/2018\/04\/roberto-830.jpg\" alt=\"roberto-830\" width=\"830\" height=\"445\" \/><\/a><\/p>\n<p>Com o lema \u201cServir os pobres em Cristo\u201d, Frei Roberto Aparecido Pereira ser\u00e1 ordenado di\u00e1cono por Dom On\u00e9cimo Alberton, bispo da Diocese de Rio do Sul, no dia 8 de abril, \u00e0s 10 horas, na Igreja Matriz de Santo Est\u00eav\u00e3o, em Ituporanga (SC).<\/p>\n<p>Natural de Len\u00e7\u00f3is Paulista, onde nasceu no dia 1\u00ba de agosto de 1987, Frei Roberto \u00e9 filho de Santina e Jo\u00e3o Donizeti Pereira e irm\u00e3o de Leandro e Luana.<\/p>\n<p>\u201cJ\u00e1 participava dos encontros vocacionais do Semin\u00e1rio Arquidiocesano de Botucatu (SP) em 2002\/2003, mas conheci as irm\u00e3s Franciscanas Mission\u00e1rias do Cora\u00e7\u00e3o Imaculado de Maria (\u201cirm\u00e3s do Egito\u201d), que t\u00eam uma \u201ccreche\u201d em Len\u00e7\u00f3is, e atrav\u00e9s delas soube da presen\u00e7a dos frades em Agudos. Nos encontros vocacionais dali, pude perceber a riqueza do carisma franciscano\u201d, conta Frei Roberto, que ingressou no Semin\u00e1rio S\u00e3o Francisco de Assis de Ituporanga em 2008. Em 2010 vestiu o h\u00e1bito franciscano no Noviciado e depois cursou Filosofia e Teologia.<\/p>\n<p>\u201cO caminho formativo me ajudou a conhecer S\u00e3o Francisco de Assis e, a cada dia, o seu projeto de vida. Descobri onde deveria estar como frade menor, ou seja, buscar um mundo mais justo, onde todos se sintam abra\u00e7ados pelo Cristo\u201d, revela Frei Roberto, que depois de 10 anos retorna ao Semin\u00e1rio de Ituporanga para residir na Fraternidade Santo Est\u00eav\u00e3o.<\/p>\n<p>Para Frei Roberto, o diaconato que vai receber no dia 8 de abril \u00e9 uma forma de servir como frade menor, de mostrar o rosto do Senhor que se abaixa para beijar os p\u00e9s, principalmente dos que nada t\u00eam para oferecer em troca. \u201cSei que \u00e9 um caminho \u00e1rduo e que todos os dias se faz necess\u00e1rio abaixar e colocar mais \u00e1gua na bacia\u201d, observa o futuro di\u00e1cono. \u201cPor isso escolhi o desenho de Frei Pedro Pinheiro para o meu convite, retratando o abra\u00e7o de Francisco a Cristo, mostrando o dever do di\u00e1cono e assim de toda a Igreja no servi\u00e7o na constru\u00e7\u00e3o do Reino de Deus. O lema &#8211; \u201cServir os pobres em Cristo\u201d &#8211; faz alus\u00e3o ao cap\u00edtulo da segunda da Carta de S\u00e3o Tiago (cf. Tg 2,5) para acentuar a quem somos chamados neste servi\u00e7o\u201d, explica o frade.<\/p>\n<p><a href=\"http:\/\/franciscanos.org.br\/wp-content\/uploads\/2018\/04\/roberto-convite.jpg\"><img loading=\"lazy\" src=\"http:\/\/franciscanos.org.br\/wp-content\/uploads\/2018\/04\/roberto-convite.jpg\" alt=\"roberto-convite\" width=\"830\" height=\"470\" \/><\/a><\/p>\n","protected":false},"excerpt":{"rendered":"<p>Ordena\u00e7\u00e3o Diaconal<\/p>\n","protected":false},"author":1,"featured_media":202279,"comment_status":"open","ping_status":"open","sticky":false,"template":"","format":"standard","meta":[],"categories":[1],"tags":[552],"acf":[],"yoast_head":"<!-- This site is optimized with the Yoast SEO plugin v19.2 - https:\/\/yoast.com\/wordpress\/plugins\/seo\/ -->\n<title>Frei Roberto ser\u00e1 ordenado di\u00e1cono em Ituporanga - Not\u00edcias - Franciscanos<\/title>\n<meta name=\"robots\" content=\"index, follow, max-snippet:-1, max-image-preview:large, max-video-preview:-1\" \/>\n<link rel=\"canonical\" href=\"https:\/\/franciscanos.org.br\/noticias\/frei-roberto-sera-ordenado-em-ituporanga.html\" \/>\n<meta property=\"og:locale\" content=\"pt_BR\" \/>\n<meta property=\"og:type\" content=\"article\" \/>\n<meta property=\"og:title\" content=\"Frei Roberto ser\u00e1 ordenado di\u00e1cono em Ituporanga - Not\u00edcias - Franciscanos\" \/>\n<meta property=\"og:description\" content=\"Ordena\u00e7\u00e3o Diaconal\" \/>\n<meta property=\"og:url\" content=\"https:\/\/franciscanos.org.br\/noticias\/frei-roberto-sera-ordenado-em-ituporanga.html\" \/>\n<meta property=\"og:site_name\" content=\"Not\u00edcias - Franciscanos\" \/>\n<meta property=\"article:published_time\" content=\"2018-04-02T15:30:58+00:00\" \/>\n<meta property=\"article:modified_time\" content=\"2019-10-31T11:32:31+00:00\" \/>\n<meta property=\"og:image\" content=\"https:\/\/franciscanos.org.br\/noticias\/wp-content\/uploads\/2018\/04\/roberto-830.jpg\" \/>\n\t<meta property=\"og:image:width\" content=\"273\" \/>\n\t<meta property=\"og:image:height\" content=\"181\" \/>\n\t<meta property=\"og:image:type\" content=\"image\/jpeg\" \/>\n<meta name=\"author\" content=\"admin\" \/>\n<meta name=\"twitter:card\" content=\"summary_large_image\" \/>\n<meta name=\"twitter:label1\" content=\"Escrito por\" \/>\n\t<meta name=\"twitter:data1\" content=\"admin\" \/>\n\t<meta name=\"twitter:label2\" content=\"Est. tempo de leitura\" \/>\n\t<meta name=\"twitter:data2\" content=\"2 minutos\" \/>\n<script type=\"application\/ld+json\" class=\"yoast-schema-graph\">{\"@context\":\"https:\/\/schema.org\",\"@graph\":[{\"@type\":\"WebSite\",\"@id\":\"https:\/\/franciscanos.org.br\/noticias\/#website\",\"url\":\"https:\/\/franciscanos.org.br\/noticias\/\",\"name\":\"Not\u00edcias - Franciscanos\",\"description\":\"Prov\u00edncia Franciscana da Imaculada Concei\u00e7\u00e3o do Brasil - Ordem dos Frades Menores - OFM\",\"potentialAction\":[{\"@type\":\"SearchAction\",\"target\":{\"@type\":\"EntryPoint\",\"urlTemplate\":\"https:\/\/franciscanos.org.br\/noticias\/?s={search_term_string}\"},\"query-input\":\"required name=search_term_string\"}],\"inLanguage\":\"pt-BR\"},{\"@type\":\"ImageObject\",\"inLanguage\":\"pt-BR\",\"@id\":\"https:\/\/franciscanos.org.br\/noticias\/frei-roberto-sera-ordenado-em-ituporanga.html#primaryimage\",\"url\":\"https:\/\/franciscanos.org.br\/noticias\/wp-content\/uploads\/2018\/04\/roberto-830.jpg\",\"contentUrl\":\"https:\/\/franciscanos.org.br\/noticias\/wp-content\/uploads\/2018\/04\/roberto-830.jpg\",\"width\":273,\"height\":181},{\"@type\":\"WebPage\",\"@id\":\"https:\/\/franciscanos.org.br\/noticias\/frei-roberto-sera-ordenado-em-ituporanga.html#webpage\",\"url\":\"https:\/\/franciscanos.org.br\/noticias\/frei-roberto-sera-ordenado-em-ituporanga.html\",\"name\":\"Frei Roberto ser\u00e1 ordenado di\u00e1cono em Ituporanga - Not\u00edcias - Franciscanos\",\"isPartOf\":{\"@id\":\"https:\/\/franciscanos.org.br\/noticias\/#website\"},\"primaryImageOfPage\":{\"@id\":\"https:\/\/franciscanos.org.br\/noticias\/frei-roberto-sera-ordenado-em-ituporanga.html#primaryimage\"},\"datePublished\":\"2018-04-02T15:30:58+00:00\",\"dateModified\":\"2019-10-31T11:32:31+00:00\",\"author\":{\"@id\":\"https:\/\/franciscanos.org.br\/noticias\/#\/schema\/person\/b38fbf43118f02820bd932f2e4b14ad3\"},\"breadcrumb\":{\"@id\":\"https:\/\/franciscanos.org.br\/noticias\/frei-roberto-sera-ordenado-em-ituporanga.html#breadcrumb\"},\"inLanguage\":\"pt-BR\",\"potentialAction\":[{\"@type\":\"ReadAction\",\"target\":[\"https:\/\/franciscanos.org.br\/noticias\/frei-roberto-sera-ordenado-em-ituporanga.html\"]}]},{\"@type\":\"BreadcrumbList\",\"@id\":\"https:\/\/franciscanos.org.br\/noticias\/frei-roberto-sera-ordenado-em-ituporanga.html#breadcrumb\",\"itemListElement\":[{\"@type\":\"ListItem\",\"position\":1,\"name\":\"Home\",\"item\":\"https:\/\/franciscanos.org.br\/noticias\"},{\"@type\":\"ListItem\",\"position\":2,\"name\":\"Frei Roberto ser\u00e1 ordenado di\u00e1cono em Ituporanga\"}]},{\"@type\":\"Person\",\"@id\":\"https:\/\/franciscanos.org.br\/noticias\/#\/schema\/person\/b38fbf43118f02820bd932f2e4b14ad3\",\"name\":\"admin\",\"image\":{\"@type\":\"ImageObject\",\"inLanguage\":\"pt-BR\",\"@id\":\"https:\/\/franciscanos.org.br\/noticias\/#\/schema\/person\/image\/\",\"url\":\"https:\/\/secure.gravatar.com\/avatar\/e8495742d34d0ba6448ea1c628263b3e?s=96&d=mm&r=g\",\"contentUrl\":\"https:\/\/secure.gravatar.com\/avatar\/e8495742d34d0ba6448ea1c628263b3e?s=96&d=mm&r=g\",\"caption\":\"admin\"},\"url\":\"https:\/\/franciscanos.org.br\/noticias\/author\/admin\"}]}<\/script>\n<!-- \/ Yoast SEO plugin. -->","yoast_head_json":{"title":"Frei Roberto ser\u00e1 ordenado di\u00e1cono em Ituporanga - Not\u00edcias - Franciscanos","robots":{"index":"index","follow":"follow","max-snippet":"max-snippet:-1","max-image-preview":"max-image-preview:large","max-video-preview":"max-video-preview:-1"},"canonical":"https:\/\/franciscanos.org.br\/noticias\/frei-roberto-sera-ordenado-em-ituporanga.html","og_locale":"pt_BR","og_type":"article","og_title":"Frei Roberto ser\u00e1 ordenado di\u00e1cono em Ituporanga - Not\u00edcias - Franciscanos","og_description":"Ordena\u00e7\u00e3o Diaconal","og_url":"https:\/\/franciscanos.org.br\/noticias\/frei-roberto-sera-ordenado-em-ituporanga.html","og_site_name":"Not\u00edcias - Franciscanos","article_published_time":"2018-04-02T15:30:58+00:00","article_modified_time":"2019-10-31T11:32:31+00:00","og_image":[{"width":273,"height":181,"url":"https:\/\/franciscanos.org.br\/noticias\/wp-content\/uploads\/2018\/04\/roberto-830.jpg","type":"image\/jpeg"}],"author":"admin","twitter_card":"summary_large_image","twitter_misc":{"Escrito por":"admin","Est. tempo de leitura":"2 minutos"},"schema":{"@context":"https:\/\/schema.org","@graph":[{"@type":"WebSite","@id":"https:\/\/franciscanos.org.br\/noticias\/#website","url":"https:\/\/franciscanos.org.br\/noticias\/","name":"Not\u00edcias - Franciscanos","description":"Prov\u00edncia Franciscana da Imaculada Concei\u00e7\u00e3o do Brasil - Ordem dos Frades Menores - OFM","potentialAction":[{"@type":"SearchAction","target":{"@type":"EntryPoint","urlTemplate":"https:\/\/franciscanos.org.br\/noticias\/?s={search_term_string}"},"query-input":"required name=search_term_string"}],"inLanguage":"pt-BR"},{"@type":"ImageObject","inLanguage":"pt-BR","@id":"https:\/\/franciscanos.org.br\/noticias\/frei-roberto-sera-ordenado-em-ituporanga.html#primaryimage","url":"https:\/\/franciscanos.org.br\/noticias\/wp-content\/uploads\/2018\/04\/roberto-830.jpg","contentUrl":"https:\/\/franciscanos.org.br\/noticias\/wp-content\/uploads\/2018\/04\/roberto-830.jpg","width":273,"height":181},{"@type":"WebPage","@id":"https:\/\/franciscanos.org.br\/noticias\/frei-roberto-sera-ordenado-em-ituporanga.html#webpage","url":"https:\/\/franciscanos.org.br\/noticias\/frei-roberto-sera-ordenado-em-ituporanga.html","name":"Frei Roberto ser\u00e1 ordenado di\u00e1cono em Ituporanga - Not\u00edcias - Franciscanos","isPartOf":{"@id":"https:\/\/franciscanos.org.br\/noticias\/#website"},"primaryImageOfPage":{"@id":"https:\/\/franciscanos.org.br\/noticias\/frei-roberto-sera-ordenado-em-ituporanga.html#primaryimage"},"datePublished":"2018-04-02T15:30:58+00:00","dateModified":"2019-10-31T11:32:31+00:00","author":{"@id":"https:\/\/franciscanos.org.br\/noticias\/#\/schema\/person\/b38fbf43118f02820bd932f2e4b14ad3"},"breadcrumb":{"@id":"https:\/\/franciscanos.org.br\/noticias\/frei-roberto-sera-ordenado-em-ituporanga.html#breadcrumb"},"inLanguage":"pt-BR","potentialAction":[{"@type":"ReadAction","target":["https:\/\/franciscanos.org.br\/noticias\/frei-roberto-sera-ordenado-em-ituporanga.html"]}]},{"@type":"BreadcrumbList","@id":"https:\/\/franciscanos.org.br\/noticias\/frei-roberto-sera-ordenado-em-ituporanga.html#breadcrumb","itemListElement":[{"@type":"ListItem","position":1,"name":"Home","item":"https:\/\/franciscanos.org.br\/noticias"},{"@type":"ListItem","position":2,"name":"Frei Roberto ser\u00e1 ordenado di\u00e1cono em Ituporanga"}]},{"@type":"Person","@id":"https:\/\/franciscanos.org.br\/noticias\/#\/schema\/person\/b38fbf43118f02820bd932f2e4b14ad3","name":"admin","image":{"@type":"ImageObject","inLanguage":"pt-BR","@id":"https:\/\/franciscanos.org.br\/noticias\/#\/schema\/person\/image\/","url":"https:\/\/secure.gravatar.com\/avatar\/e8495742d34d0ba6448ea1c628263b3e?s=96&d=mm&r=g","contentUrl":"https:\/\/secure.gravatar.com\/avatar\/e8495742d34d0ba6448ea1c628263b3e?s=96&d=mm&r=g","caption":"admin"},"url":"https:\/\/franciscanos.org.br\/noticias\/author\/admin"}]}},"_links":{"self":[{"href":"https:\/\/franciscanos.org.br\/noticias\/wp-json\/wp\/v2\/posts\/155327"}],"collection":[{"href":"https:\/\/franciscanos.org.br\/noticias\/wp-json\/wp\/v2\/posts"}],"about":[{"href":"https:\/\/franciscanos.org.br\/noticias\/wp-json\/wp\/v2\/types\/post"}],"author":[{"embeddable":true,"href":"https:\/\/franciscanos.org.br\/noticias\/wp-json\/wp\/v2\/users\/1"}],"replies":[{"embeddable":true,"href":"https:\/\/franciscanos.org.br\/noticias\/wp-json\/wp\/v2\/comments?post=155327"}],"version-history":[{"count":0,"href":"https:\/\/franciscanos.org.br\/noticias\/wp-json\/wp\/v2\/posts\/155327\/revisions"}],"wp:featuredmedia":[{"embeddable":true,"href":"https:\/\/franciscanos.org.br\/noticias\/wp-json\/wp\/v2\/media\/202279"}],"wp:attachment":[{"href":"https:\/\/franciscanos.org.br\/noticias\/wp-json\/wp\/v2\/media?parent=155327"}],"wp:term":[{"taxonomy":"category","embeddable":true,"href":"https:\/\/franciscanos.org.br\/noticias\/wp-json\/wp\/v2\/categories?post=155327"},{"taxonomy":"post_tag","embeddable":true,"href":"https:\/\/franciscanos.org.br\/noticias\/wp-json\/wp\/v2\/tags?post=155327"}],"curies":[{"name":"wp","href":"https:\/\/api.w.org\/{rel}","templated":true}]}}