{"id":155203,"date":"2018-04-01T19:15:22","date_gmt":"2018-04-01T22:15:22","guid":{"rendered":"http:\/\/franciscanos.org.br\/?p=155203"},"modified":"2020-06-25T11:32:25","modified_gmt":"2020-06-25T14:32:25","slug":"alegria-marca-o-inicio-da-festa-da-penha","status":"publish","type":"post","link":"https:\/\/franciscanos.org.br\/noticias\/alegria-marca-o-inicio-da-festa-da-penha.html","title":{"rendered":"Alegria marca o in\u00edcio da Festa da Penha"},"content":{"rendered":"<p><img loading=\"lazy\" src=\"http:\/\/franciscanos.org.br\/wp-content\/uploads\/2018\/04\/tarde_010418_2.jpg\" alt=\"tarde_010418_2\" width=\"830\" height=\"493\" \/><\/p>\n<p><strong>Frei Augusto Luiz Gabriel e Moacir Beggo<\/strong><\/p>\n<p><strong>Vila Velha (ES) &#8211; <\/strong>A Festa de Nossa Senhora da Penha 2018, celebrada jubilosamente na liturgia da Oitava da P\u00e1scoa, teve in\u00edcio neste domingo (1\u00ba de abril) no hist\u00f3rico Convento Franciscano da Penha, em Vila Velha, ES, reverenciando o bel\u00edssimo t\u00edtulo mariano que a piedade popular devotou \u00e0 M\u00e3e de Deus: Nossa Senhora das Alegrias!<\/p>\n<p>O dia de sol garantiu um cen\u00e1rio bel\u00edssimo no alto do Morro para iniciar o Oitav\u00e1rio da Penha, como fez o devoto Frei Pedro Pal\u00e1cios h\u00e1 447 anos quando instituiu esta festividade. Do Oitav\u00e1rio faz parte o Momento Devocional Franciscano e a Celebra\u00e7\u00e3o Eucar\u00edstica, que at\u00e9 o dia 8 de abril come\u00e7ar\u00e1 \u00e0s 14h30. Ao longo do Oitav\u00e1rio, nas diversas peregrina\u00e7\u00f5es pastorais das diferentes Comunidades Eclesiais, todos se voltam com Maria ao Senhor Ressuscitado.<\/p>\n<p><iframe loading=\"lazy\" src=\"https:\/\/www.youtube.com\/embed\/Ggxx06ChLVg\" width=\"100%\" height=\"480\" frameborder=\"0\" allowfullscreen=\"allowfullscreen\"><\/iframe><\/p>\n<p>O guardi\u00e3o do Convento da Penha, Frei Paulo Pereira, abriu o Oitav\u00e1rio. Como acontece todos os anos, o primeiro encontro do povo com a hist\u00f3rica e milagrosa imagem de Nossa Senhora da Penha no Campinho, palco das celebra\u00e7\u00f5es do Oitav\u00e1rio, \u00e9 aguardada com muita expectativa. \u00c0s 14h30, a imagem, vestida com seu manto azul e rosa, deixou a Capela do Convento e foi conduzida por colonos e crian\u00e7as vestidas de anjinhos at\u00e9 o altar central, enquanto o povo cantava e dava \u201cvivas\u201d a Nossa Senhora. Bandeiras pedindo paz acompanharam a imagem, emocionando muitos devotos. At\u00e9 o encerramento, esta imagem ficar\u00e1 no altar do Campinho, palco de todas as celebra\u00e7\u00f5es do Oitav\u00e1rio.<\/p>\n<p>Frei Paulo presidiu esse momento devocional franciscano e Frei Pedro Oliveira apresentou o livro onde est\u00e3o inscritos todos os nomes das pessoas que colaboraram para a restaura\u00e7\u00e3o do telhado do Convento. &#8220;Nossa gratid\u00e3o, nossa rever\u00eancia&#8221;, manifestou o guardi\u00e3o Frei Paulo.<\/p>\n<p><img loading=\"lazy\" src=\"http:\/\/franciscanos.org.br\/wp-content\/uploads\/2018\/04\/tarde_010418_5.jpg\" alt=\"tarde_010418_5\" width=\"830\" height=\"465\" \/><\/p>\n<p style=\"text-align: center;\"><em>A emo\u00e7\u00e3o da devota de Nossa Senhora \u00e9\u00a0um dos momentos mais belos da Festa<\/em><\/p>\n<p>A Santa Missa foi presidida pelo Arcebispo de Vit\u00f3ria, D. Luiz Mancilha Vilela, SS.CC, e concelebrada pelos frades do Convento e do Santu\u00e1rio do Esp\u00edrito Santo e sacerdotes da Regi\u00e3o Pastoral de Vila Velha, respons\u00e1vel pela liturgia deste dia.<\/p>\n<p>Na sua homilia, Dom Luiz falou sobre as alegrias de Nossa Senhora, enumerando e refletindo sobre cada uma. &#8220;Estamos aqui alegres porque n\u00f3s cremos em Jesus Ressuscitado. N\u00f3s cremos porque ele deu sentido \u00e0 nossa vida. N\u00f3s sabemos que nosso futuro ser\u00e1 feliz porque ele proporcionou isso, vencendo o pecado, vencendo a morte&#8221;, disse o Arcebispo.<\/p>\n<p>&#8220;Eu sempre digo que o devoto de Nossa Senhora da Penha, o devoto de Nossa Senhora das Alegrias, ama a Jesus de todo o cora\u00e7\u00e3o, porque Nossa Senhora n\u00e3o puxa para si esse amor. Ela chama e fala: &#8216;Ele \u00e9 o Senhor, Ele \u00e9 o Nosso Salvador, Ele d\u00e1 sentido \u00e0 nossa vida, a Ele toda a gl\u00f3ria para sempre!&#8217; Nossa Senhora est\u00e1 sempre apontando para Ele. Devoto de Nossa Senhora ama a Jesus de todo o cora\u00e7\u00e3o como Deus e Senhor. Devoto de Nossa Senhora se deixa guiar pelo Esp\u00edrito Santo como ela se deixou guiar pelo Esp\u00edrito Santo. Ela \u00e9 filha do eterno Pai&#8221;, ensinou Dom Luiz.<\/p>\n<p><img loading=\"lazy\" src=\"http:\/\/franciscanos.org.br\/wp-content\/uploads\/2018\/04\/tarde_010418_8.jpg\" alt=\"tarde_010418_8\" width=\"830\" height=\"586\" \/><\/p>\n<p>Dom Luiz lembrou o disc\u00edpulo que recebeu a incumb\u00eancia de Jesus para acolher a sua M\u00e3e e perguntou ao povo: &#8220;Voc\u00ea acolhe Jesus em sua casa? Nossa Senhora est\u00e1 na nossa casa? Aben\u00e7oa nossa casa? Ampara a nossa casa? Eu acredito que sim. Nossa Senhora nos ensina justamente a ter esse cora\u00e7\u00e3o aberto, generoso. Por isso n\u00f3s somos alegres. Podemos at\u00e9 sofrer, mas nosso sofrimento, nossas l\u00e1grimas, n\u00e3o s\u00e3o l\u00e1grimas de desespero. S\u00e3o l\u00e1grimas de esperan\u00e7a! Maria nos presenteia com o sentido de nossa vida&#8221;, disse Dom Luiz.<\/p>\n<p>No final da celebra\u00e7\u00e3o, Frei Paulo fez os agradecimentos a Dom Luiz, \u00e0 Regi\u00e3o Pastoral de Vila Velha e a todas as pessoas envolvidas neste dia de celebra\u00e7\u00f5es da Festa. Lembrou que nesta segunda-feira, o segundo dia do Oitav\u00e1rio come\u00e7a \u00e0s 14h30 e a regi\u00e3o Serrana ser\u00e1 respons\u00e1vel pela coordena\u00e7\u00e3o lit\u00fargica da Celebra\u00e7\u00e3o Eucar\u00edstica \u00e0s 15 horas. E, \u00e0s 19h30, no Campinho, uma Noite Mariana: Cantando as Alegrias de Maria.<\/p>\n<p><img loading=\"lazy\" src=\"http:\/\/franciscanos.org.br\/wp-content\/uploads\/2018\/04\/tarde_010418_9.jpg\" alt=\"tarde_010418_9\" width=\"830\" height=\"491\" \/><\/p>\n<h3><strong>A mais antiga festa mariana<\/strong><\/h3>\n<p>Desde o ano de 1571, a festa de Nossa Senhora da Penha vem sendo celebrada todos os anos com grande aflu\u00eancia de fi\u00e9is. Passaram-se os s\u00e9culos, por\u00e9m, n\u00e3o passaram a f\u00e9 e a devo\u00e7\u00e3o que o povo capixaba nutre pela Santa M\u00e3e de Deus.<\/p>\n<p>Em sua 447\u00aa edi\u00e7\u00e3o, a Festa de Nossa Senhora da Penha come\u00e7ar\u00e1 neste domingo de P\u00e1scoa, 1\u00ba de abril, e terminar\u00e1 na segunda-feira, 9 de abril, dia em que se celebra a Padroeira do Esp\u00edrito Santo, Nossa Senhora da Penha.<\/p>\n<p>Frei Pedro Pal\u00e1cios realizou a primeira festa em 1571, um pouco antes de morrer (alguns historiadores colocam essa data como 1570). Portanto, a Festa da Penha \u00e9 a mais antiga do Brasil. Atualmente, a maior festa \u00e9 a de Nossa Senhora Aparecida, Padroeira do Brasil, que come\u00e7ou quando a imagem foi encontrada nas \u00e1guas do Rio Para\u00edba em 1717. J\u00e1 a festa do C\u00edrio de Nazar\u00e9, no Par\u00e1, \u00e9 segunda maior do pa\u00eds e come\u00e7ou em 1793. O C\u00edrio, contudo, tem a maior prociss\u00e3o religiosa do mundo, com 2 milh\u00f5es de pessoas.<\/p>\n<p>A Festa da Penha \u00e9 devocional e cultural, predominantemente marcada pelas grandes celebra\u00e7\u00f5es e romarias. \u00c9 uma realiza\u00e7\u00e3o do Convento da Penha, da Associa\u00e7\u00e3o dos Amigos do Convento da Penha (AACP) e da Mitra Arquidiocesana de Vit\u00f3ria.<\/p>\n<p><img loading=\"lazy\" src=\"http:\/\/franciscanos.org.br\/wp-content\/uploads\/2018\/04\/cavaleiros_010418.jpg\" alt=\"cavaleiros_010418\" width=\"830\" height=\"489\" \/><\/p>\n<h3><strong>Cavaleiros fazem homenagem \u00e0 M\u00e3e<\/strong><\/h3>\n<p>S\u00e3o muitas as demonstra\u00e7\u00f5es de f\u00e9 durante as festividades em honra a Nossa Senhora da Penha. Neste domingo da P\u00e1scoa, 1\u00ba de abril, cavaleiros de todo o Estado vieram prestar sua homenagem \u00e0 M\u00e3e de Deus. Com imagem peregrina de Nossa Senhora em carro de som \u00e0 frente da prociss\u00e3o, cerca de 1.500 cavaleiros sa\u00edram do bairro Cobil\u00e2ndia, seguindo pela Av. Carlos Lindenberg at\u00e9 a Prainha de Vila Velha, numa dist\u00e2ncia de aproximadamente 8 quil\u00f4metros, onde receberam a b\u00ean\u00e7\u00e3o de Frei Paulo Pereira, guardi\u00e3o do Convento. Padre Francisco Cassaro acompanhou os romeiros de Cobil\u00e2ndia at\u00e9 a Prainha.<\/p>\n<p>Em Cobil\u00e2ndia \u00e9 feita a concentra\u00e7\u00e3o dos cavaleiros porque muitos grupos e caravanas v\u00eam de distantes cidades do Estado, como Itagua\u00e7u, Dores do Rio Preto, Itarana, S\u00e3o Roque, Colatina, Governador Lindenberg. Para chegarem neste domingo de manh\u00e3, esses grupos j\u00e1 estavam na estrada desde quinta-feira. O tempo seco e quente n\u00e3o arrefeceu os \u00e2nimos dos cavaleiros, entre eles muitas crian\u00e7as. O trajeto foi feito com ora\u00e7\u00f5es e sauda\u00e7\u00f5es \u00e0 Padroeira.<\/p>\n<p><img loading=\"lazy\" src=\"http:\/\/franciscanos.org.br\/wp-content\/uploads\/2018\/04\/cavaleiros_010418_3.jpg\" alt=\"cavaleiros_010418_3\" width=\"830\" height=\"441\" \/><\/p>\n<p>&#8220;Com muita alegria, n\u00f3s, os freis franciscanos do Convento da Penha, acolhemos a todos que participam desta Romaria. Alguns j\u00e1 est\u00e3o em suas montarias desde quinta-feira, caminhando, cavalgando, rezando, outros se juntaram depois, formando uma multid\u00e3o nesse domingo da Ressurrei\u00e7\u00e3o de Cristo&#8221;, disse Frei Paulo, pedindo aos romeiros, num sinal de rever\u00eancia, para tirarem o chap\u00e9u e segurarem sobre o peito. &#8220;Quando o berrante estiver tocando, lembrem-se de sua vida, do seu trabalho, dos sonhos e esperan\u00e7as. Rezem agradecendo a Deus e pedindo a prote\u00e7\u00e3o de Maria, que \u00e9 a M\u00e3e de Deus e nossa tamb\u00e9m&#8221;, motivou Frei Paulo. Edmilson Mazolino, de Carapina, tocou o berrante e ressaltou o significado para eles deste som: &#8220;Raiz&#8221;, disse.<\/p>\n<p>&#8220;A Romaria enche as ruas de Vila Velha de devo\u00e7\u00e3o, enche as ruas de disposi\u00e7\u00e3o para o cuidado. \u00c9 assim que S\u00e3o Francisco de Assis nos inspira: cuidemos uns dos outros e cuidemos de toda a cria\u00e7\u00e3o&#8221;, pediu Frei Paulo. Devota de Nossa Senhora, Juciene do Nascimento Oliveira veio do bairro Jucu, em Viana, para participou pela segunda vez. &#8220;Felicidade \u00e9 a palavra para descrever esse momento&#8221;, disse, enfatizando a comunh\u00e3o que se vive no caminho entre os cavaleiros.<\/p>\n<p>A Romaria contou com ajuda da Guarda Municipal e a Pol\u00edcia Militar, que controlou o tr\u00e2nsito durante a passagem dos cavaleiros de um lado da Av. Carlos Lindenberg. H\u00e1 31 anos os cavaleiros se re\u00fanem nessa manifesta\u00e7\u00e3o de f\u00e9.<\/p>\n","protected":false},"excerpt":{"rendered":"<p>Festa da Penha<\/p>\n","protected":false},"author":1,"featured_media":202330,"comment_status":"open","ping_status":"open","sticky":false,"template":"","format":"standard","meta":[],"categories":[1],"tags":[245],"acf":[],"yoast_head":"<!-- This site is optimized with the Yoast SEO plugin v19.2 - https:\/\/yoast.com\/wordpress\/plugins\/seo\/ -->\n<title>Alegria marca o in\u00edcio da Festa da Penha - Not\u00edcias - Franciscanos<\/title>\n<meta name=\"robots\" content=\"index, follow, max-snippet:-1, max-image-preview:large, max-video-preview:-1\" \/>\n<link rel=\"canonical\" href=\"https:\/\/franciscanos.org.br\/noticias\/alegria-marca-o-inicio-da-festa-da-penha.html\" \/>\n<meta property=\"og:locale\" content=\"pt_BR\" \/>\n<meta property=\"og:type\" content=\"article\" \/>\n<meta property=\"og:title\" content=\"Alegria marca o in\u00edcio da Festa da Penha - Not\u00edcias - Franciscanos\" \/>\n<meta property=\"og:description\" content=\"Festa da Penha\" \/>\n<meta property=\"og:url\" content=\"https:\/\/franciscanos.org.br\/noticias\/alegria-marca-o-inicio-da-festa-da-penha.html\" \/>\n<meta property=\"og:site_name\" content=\"Not\u00edcias - Franciscanos\" \/>\n<meta property=\"article:published_time\" content=\"2018-04-01T22:15:22+00:00\" \/>\n<meta property=\"article:modified_time\" content=\"2020-06-25T14:32:25+00:00\" \/>\n<meta property=\"og:image\" content=\"https:\/\/franciscanos.org.br\/noticias\/wp-content\/uploads\/2018\/04\/tarde_010418_2.jpg\" \/>\n\t<meta property=\"og:image:width\" content=\"273\" \/>\n\t<meta property=\"og:image:height\" content=\"181\" \/>\n\t<meta property=\"og:image:type\" content=\"image\/jpeg\" \/>\n<meta name=\"author\" content=\"admin\" \/>\n<meta name=\"twitter:card\" content=\"summary_large_image\" \/>\n<meta name=\"twitter:label1\" content=\"Escrito por\" \/>\n\t<meta name=\"twitter:data1\" content=\"admin\" \/>\n\t<meta name=\"twitter:label2\" content=\"Est. tempo de leitura\" \/>\n\t<meta name=\"twitter:data2\" content=\"7 minutos\" \/>\n<script type=\"application\/ld+json\" class=\"yoast-schema-graph\">{\"@context\":\"https:\/\/schema.org\",\"@graph\":[{\"@type\":\"WebSite\",\"@id\":\"https:\/\/franciscanos.org.br\/noticias\/#website\",\"url\":\"https:\/\/franciscanos.org.br\/noticias\/\",\"name\":\"Not\u00edcias - Franciscanos\",\"description\":\"Prov\u00edncia Franciscana da Imaculada Concei\u00e7\u00e3o do Brasil - Ordem dos Frades Menores - OFM\",\"potentialAction\":[{\"@type\":\"SearchAction\",\"target\":{\"@type\":\"EntryPoint\",\"urlTemplate\":\"https:\/\/franciscanos.org.br\/noticias\/?s={search_term_string}\"},\"query-input\":\"required name=search_term_string\"}],\"inLanguage\":\"pt-BR\"},{\"@type\":\"ImageObject\",\"inLanguage\":\"pt-BR\",\"@id\":\"https:\/\/franciscanos.org.br\/noticias\/alegria-marca-o-inicio-da-festa-da-penha.html#primaryimage\",\"url\":\"https:\/\/franciscanos.org.br\/noticias\/wp-content\/uploads\/2018\/04\/tarde_010418_2.jpg\",\"contentUrl\":\"https:\/\/franciscanos.org.br\/noticias\/wp-content\/uploads\/2018\/04\/tarde_010418_2.jpg\",\"width\":273,\"height\":181},{\"@type\":\"WebPage\",\"@id\":\"https:\/\/franciscanos.org.br\/noticias\/alegria-marca-o-inicio-da-festa-da-penha.html#webpage\",\"url\":\"https:\/\/franciscanos.org.br\/noticias\/alegria-marca-o-inicio-da-festa-da-penha.html\",\"name\":\"Alegria marca o in\u00edcio da Festa da Penha - Not\u00edcias - Franciscanos\",\"isPartOf\":{\"@id\":\"https:\/\/franciscanos.org.br\/noticias\/#website\"},\"primaryImageOfPage\":{\"@id\":\"https:\/\/franciscanos.org.br\/noticias\/alegria-marca-o-inicio-da-festa-da-penha.html#primaryimage\"},\"datePublished\":\"2018-04-01T22:15:22+00:00\",\"dateModified\":\"2020-06-25T14:32:25+00:00\",\"author\":{\"@id\":\"https:\/\/franciscanos.org.br\/noticias\/#\/schema\/person\/b38fbf43118f02820bd932f2e4b14ad3\"},\"breadcrumb\":{\"@id\":\"https:\/\/franciscanos.org.br\/noticias\/alegria-marca-o-inicio-da-festa-da-penha.html#breadcrumb\"},\"inLanguage\":\"pt-BR\",\"potentialAction\":[{\"@type\":\"ReadAction\",\"target\":[\"https:\/\/franciscanos.org.br\/noticias\/alegria-marca-o-inicio-da-festa-da-penha.html\"]}]},{\"@type\":\"BreadcrumbList\",\"@id\":\"https:\/\/franciscanos.org.br\/noticias\/alegria-marca-o-inicio-da-festa-da-penha.html#breadcrumb\",\"itemListElement\":[{\"@type\":\"ListItem\",\"position\":1,\"name\":\"Home\",\"item\":\"https:\/\/franciscanos.org.br\/noticias\"},{\"@type\":\"ListItem\",\"position\":2,\"name\":\"Alegria marca o in\u00edcio da Festa da Penha\"}]},{\"@type\":\"Person\",\"@id\":\"https:\/\/franciscanos.org.br\/noticias\/#\/schema\/person\/b38fbf43118f02820bd932f2e4b14ad3\",\"name\":\"admin\",\"image\":{\"@type\":\"ImageObject\",\"inLanguage\":\"pt-BR\",\"@id\":\"https:\/\/franciscanos.org.br\/noticias\/#\/schema\/person\/image\/\",\"url\":\"https:\/\/secure.gravatar.com\/avatar\/e8495742d34d0ba6448ea1c628263b3e?s=96&d=mm&r=g\",\"contentUrl\":\"https:\/\/secure.gravatar.com\/avatar\/e8495742d34d0ba6448ea1c628263b3e?s=96&d=mm&r=g\",\"caption\":\"admin\"},\"url\":\"https:\/\/franciscanos.org.br\/noticias\/author\/admin\"}]}<\/script>\n<!-- \/ Yoast SEO plugin. -->","yoast_head_json":{"title":"Alegria marca o in\u00edcio da Festa da Penha - Not\u00edcias - Franciscanos","robots":{"index":"index","follow":"follow","max-snippet":"max-snippet:-1","max-image-preview":"max-image-preview:large","max-video-preview":"max-video-preview:-1"},"canonical":"https:\/\/franciscanos.org.br\/noticias\/alegria-marca-o-inicio-da-festa-da-penha.html","og_locale":"pt_BR","og_type":"article","og_title":"Alegria marca o in\u00edcio da Festa da Penha - Not\u00edcias - Franciscanos","og_description":"Festa da Penha","og_url":"https:\/\/franciscanos.org.br\/noticias\/alegria-marca-o-inicio-da-festa-da-penha.html","og_site_name":"Not\u00edcias - Franciscanos","article_published_time":"2018-04-01T22:15:22+00:00","article_modified_time":"2020-06-25T14:32:25+00:00","og_image":[{"width":273,"height":181,"url":"https:\/\/franciscanos.org.br\/noticias\/wp-content\/uploads\/2018\/04\/tarde_010418_2.jpg","type":"image\/jpeg"}],"author":"admin","twitter_card":"summary_large_image","twitter_misc":{"Escrito por":"admin","Est. tempo de leitura":"7 minutos"},"schema":{"@context":"https:\/\/schema.org","@graph":[{"@type":"WebSite","@id":"https:\/\/franciscanos.org.br\/noticias\/#website","url":"https:\/\/franciscanos.org.br\/noticias\/","name":"Not\u00edcias - Franciscanos","description":"Prov\u00edncia Franciscana da Imaculada Concei\u00e7\u00e3o do Brasil - Ordem dos Frades Menores - OFM","potentialAction":[{"@type":"SearchAction","target":{"@type":"EntryPoint","urlTemplate":"https:\/\/franciscanos.org.br\/noticias\/?s={search_term_string}"},"query-input":"required name=search_term_string"}],"inLanguage":"pt-BR"},{"@type":"ImageObject","inLanguage":"pt-BR","@id":"https:\/\/franciscanos.org.br\/noticias\/alegria-marca-o-inicio-da-festa-da-penha.html#primaryimage","url":"https:\/\/franciscanos.org.br\/noticias\/wp-content\/uploads\/2018\/04\/tarde_010418_2.jpg","contentUrl":"https:\/\/franciscanos.org.br\/noticias\/wp-content\/uploads\/2018\/04\/tarde_010418_2.jpg","width":273,"height":181},{"@type":"WebPage","@id":"https:\/\/franciscanos.org.br\/noticias\/alegria-marca-o-inicio-da-festa-da-penha.html#webpage","url":"https:\/\/franciscanos.org.br\/noticias\/alegria-marca-o-inicio-da-festa-da-penha.html","name":"Alegria marca o in\u00edcio da Festa da Penha - Not\u00edcias - Franciscanos","isPartOf":{"@id":"https:\/\/franciscanos.org.br\/noticias\/#website"},"primaryImageOfPage":{"@id":"https:\/\/franciscanos.org.br\/noticias\/alegria-marca-o-inicio-da-festa-da-penha.html#primaryimage"},"datePublished":"2018-04-01T22:15:22+00:00","dateModified":"2020-06-25T14:32:25+00:00","author":{"@id":"https:\/\/franciscanos.org.br\/noticias\/#\/schema\/person\/b38fbf43118f02820bd932f2e4b14ad3"},"breadcrumb":{"@id":"https:\/\/franciscanos.org.br\/noticias\/alegria-marca-o-inicio-da-festa-da-penha.html#breadcrumb"},"inLanguage":"pt-BR","potentialAction":[{"@type":"ReadAction","target":["https:\/\/franciscanos.org.br\/noticias\/alegria-marca-o-inicio-da-festa-da-penha.html"]}]},{"@type":"BreadcrumbList","@id":"https:\/\/franciscanos.org.br\/noticias\/alegria-marca-o-inicio-da-festa-da-penha.html#breadcrumb","itemListElement":[{"@type":"ListItem","position":1,"name":"Home","item":"https:\/\/franciscanos.org.br\/noticias"},{"@type":"ListItem","position":2,"name":"Alegria marca o in\u00edcio da Festa da Penha"}]},{"@type":"Person","@id":"https:\/\/franciscanos.org.br\/noticias\/#\/schema\/person\/b38fbf43118f02820bd932f2e4b14ad3","name":"admin","image":{"@type":"ImageObject","inLanguage":"pt-BR","@id":"https:\/\/franciscanos.org.br\/noticias\/#\/schema\/person\/image\/","url":"https:\/\/secure.gravatar.com\/avatar\/e8495742d34d0ba6448ea1c628263b3e?s=96&d=mm&r=g","contentUrl":"https:\/\/secure.gravatar.com\/avatar\/e8495742d34d0ba6448ea1c628263b3e?s=96&d=mm&r=g","caption":"admin"},"url":"https:\/\/franciscanos.org.br\/noticias\/author\/admin"}]}},"_links":{"self":[{"href":"https:\/\/franciscanos.org.br\/noticias\/wp-json\/wp\/v2\/posts\/155203"}],"collection":[{"href":"https:\/\/franciscanos.org.br\/noticias\/wp-json\/wp\/v2\/posts"}],"about":[{"href":"https:\/\/franciscanos.org.br\/noticias\/wp-json\/wp\/v2\/types\/post"}],"author":[{"embeddable":true,"href":"https:\/\/franciscanos.org.br\/noticias\/wp-json\/wp\/v2\/users\/1"}],"replies":[{"embeddable":true,"href":"https:\/\/franciscanos.org.br\/noticias\/wp-json\/wp\/v2\/comments?post=155203"}],"version-history":[{"count":1,"href":"https:\/\/franciscanos.org.br\/noticias\/wp-json\/wp\/v2\/posts\/155203\/revisions"}],"predecessor-version":[{"id":226773,"href":"https:\/\/franciscanos.org.br\/noticias\/wp-json\/wp\/v2\/posts\/155203\/revisions\/226773"}],"wp:featuredmedia":[{"embeddable":true,"href":"https:\/\/franciscanos.org.br\/noticias\/wp-json\/wp\/v2\/media\/202330"}],"wp:attachment":[{"href":"https:\/\/franciscanos.org.br\/noticias\/wp-json\/wp\/v2\/media?parent=155203"}],"wp:term":[{"taxonomy":"category","embeddable":true,"href":"https:\/\/franciscanos.org.br\/noticias\/wp-json\/wp\/v2\/categories?post=155203"},{"taxonomy":"post_tag","embeddable":true,"href":"https:\/\/franciscanos.org.br\/noticias\/wp-json\/wp\/v2\/tags?post=155203"}],"curies":[{"name":"wp","href":"https:\/\/api.w.org\/{rel}","templated":true}]}}