{"id":155174,"date":"2018-03-31T18:58:03","date_gmt":"2018-03-31T21:58:03","guid":{"rendered":"http:\/\/franciscanos.org.br\/?p=155174"},"modified":"2020-06-07T16:07:36","modified_gmt":"2020-06-07T19:07:36","slug":"em-meio-ao-silencio-as-pedras-comecam-a-gritar","status":"publish","type":"post","link":"https:\/\/franciscanos.org.br\/noticias\/em-meio-ao-silencio-as-pedras-comecam-a-gritar.html","title":{"rendered":"Em meio ao sil\u00eancio, as pedras come\u00e7am a gritar"},"content":{"rendered":"<p><img loading=\"lazy\" src=\"http:\/\/franciscanos.org.br\/wp-content\/uploads\/2018\/03\/vigilia_310318.jpg\" alt=\"vigilia_310318\" width=\"830\" height=\"551\" \/><\/p>\n<p><strong>Cidade do Vaticano<\/strong> &#8211; O Papa Francisco presidiu na Bas\u00edlica Vaticana, na noite deste S\u00e1bado Santo, a solene celebra\u00e7\u00e3o da grande Vig\u00edlia Pascal. Durante a celebra\u00e7\u00e3o foram batizados oito catec\u00famenos, provenientes da Alb\u00e2nia, It\u00e1lia, Peru, Nig\u00e9ria e Estados Unidos. A cerim\u00f4nia teve in\u00edcio no \u00e1trio da Bas\u00edlica, com a celebra\u00e7\u00e3o da Luz, a b\u00ean\u00e7\u00e3o do fogo e a prepara\u00e7\u00e3o do C\u00edrio Pascal.<\/p>\n<p>Ap\u00f3s a prociss\u00e3o at\u00e9 ao altar da C\u00e1tedra, Francisco proclamou solenemente o an\u00fancio da Ressurrei\u00e7\u00e3o do Senhor, enquanto fi\u00e9is, com velas acesas, o acompanhavam o Canto Exultet. A seguir, com o Canto do Gl\u00f3ria e a Liturgia da Palavra, o Santo Padre continuou o rito da Vig\u00edlia Pascal com a celebra\u00e7\u00e3o da Santa Missa, durante a qual pronunciou sua homilia.<\/p>\n<p><img loading=\"lazy\" class=\"alignleft wp-image-155177 \" src=\"http:\/\/franciscanos.org.br\/wp-content\/uploads\/2018\/03\/vigilia_310318_1.jpg\" alt=\"vigilia_310318_1\" width=\"276\" height=\"414\" \/>Francisco partiu do significado da rito pascal, comentando o sil\u00eancio dos disc\u00edpulos de Jesus, pela condena\u00e7\u00e3o \u00e0 morte do seu Senhor, diante da qual ficaram sem palavras, por causa das injusti\u00e7as, cal\u00fanias e falsos testemunhos.<\/p>\n<p>Durante as horas dif\u00edceis e dolorosas da Paix\u00e3o, os disc\u00edpulos experimentaram, de forma dram\u00e1tica, a sua incapacidade de arriscar e de defender o Mestre, a ponto de reneg\u00e1-lo e fugir. E o Papa explicou: \u201cEsta \u00e9 a noite do sil\u00eancio do disc\u00edpulo que se sente enrijecido e paralisado, sem saber para onde ir diante de tantas situa\u00e7\u00f5es dolorosas que o oprimem e envolvem. \u00c9 o disc\u00edpulo de hoje, emudecido diante de uma realidade que se lhe imp\u00f5e, diante da qual acredita que nada se pode fazer para vencer as tantas injusti\u00e7as. O disc\u00edpulo fica perplexo, emudecido e ofuscado. Em meio aos nossos sil\u00eancios, as pedras come\u00e7am a gritar\u201d.<\/p>\n<p>De fato, disse Francisco, a pedra do sepulcro gritou e, com o seu grito, anunciou a todos um novo percurso: o triunfo da Vida! Ela foi a primeira a entoar um canto de louvor e entusiasmo, de j\u00fabilo e esperan\u00e7a, do qual, hoje, todos participamos.<\/p>\n<p>Com as mulheres, disc\u00edpulas de Jesus, somos chamados, hoje, a contemplar o t\u00famulo vazio e ouvir as palavras do anjo: \u00abN\u00e3o tenhais medo! Ele ressuscitou!\u00bb:<\/p>\n<p>\u201cO t\u00famulo vazio quer desafiar, mover, interpelar, mas, sobretudo, encorajar-nos a crer e confiar que Deus se faz presente em qualquer situa\u00e7\u00e3o e em qualquer pessoa. Cristo Ressuscitou da morte! A expectativa das mulheres nos tornam part\u00edcipes da obra de salva\u00e7\u00e3o. O an\u00fancio da Ressurrei\u00e7\u00e3o sustenta a nossa esperan\u00e7a, transforma as nossas a\u00e7\u00f5es, renova a nossa f\u00e9, ressurge a nossa esperan\u00e7a crist\u00e3\u201d.<\/p>\n<p>A pedra do sepulcro \u2013 concluiu Francisco &#8211; desempenhou o seu papel e as mulheres fizeram a sua parte. Agora, o convite \u00e9 dirigido a n\u00f3s: \u201cConvite a quebrar os h\u00e1bitos rotineiros, renovar a nossa vida, as nossas escolhas e a nossa exist\u00eancia; convite que nos \u00e9 dirigido na situa\u00e7\u00e3o em que nos encontramos, naquilo que fazemos e somos; com a \u00abquota de poder\u00bb que temos. Queremos participar neste an\u00fancio de vida ou ficaremos mudos perante os acontecimentos?\u201d.<\/p>\n<p>\u201cN\u00e3o est\u00e1 aqui, ressuscitou! \u2013 exclamou o Papa ao concluir. E espera por ti na Galileia, convida-te a voltar ao tempo e lugar do primeiro amor, para te dizer: \u00abN\u00e3o tenhas medo, segue-Me\u00bb\u201d.<\/p>\n<p><img loading=\"lazy\" src=\"http:\/\/franciscanos.org.br\/wp-content\/uploads\/2018\/03\/vigilia_310318_2.jpg\" alt=\"vigilia_310318_2\" width=\"830\" height=\"551\" \/><\/p>\n<hr \/>\n<p><em>Fonte: Vatican News\u00a0<\/em><\/p>\n","protected":false},"excerpt":{"rendered":"<p>Papa na Vig\u00edlia Pascal<\/p>\n","protected":false},"author":1,"featured_media":202762,"comment_status":"open","ping_status":"open","sticky":false,"template":"","format":"standard","meta":[],"categories":[1428],"tags":[1191],"acf":[],"yoast_head":"<!-- This site is optimized with the Yoast SEO plugin v19.2 - https:\/\/yoast.com\/wordpress\/plugins\/seo\/ -->\n<title>Em meio ao sil\u00eancio, as pedras come\u00e7am a gritar - Not\u00edcias - Franciscanos<\/title>\n<meta name=\"robots\" content=\"index, follow, max-snippet:-1, max-image-preview:large, max-video-preview:-1\" \/>\n<link rel=\"canonical\" href=\"https:\/\/franciscanos.org.br\/noticias\/em-meio-ao-silencio-as-pedras-comecam-a-gritar.html\" \/>\n<meta property=\"og:locale\" content=\"pt_BR\" \/>\n<meta property=\"og:type\" content=\"article\" \/>\n<meta property=\"og:title\" content=\"Em meio ao sil\u00eancio, as pedras come\u00e7am a gritar - Not\u00edcias - Franciscanos\" \/>\n<meta property=\"og:description\" content=\"Papa na Vig\u00edlia Pascal\" \/>\n<meta property=\"og:url\" content=\"https:\/\/franciscanos.org.br\/noticias\/em-meio-ao-silencio-as-pedras-comecam-a-gritar.html\" \/>\n<meta property=\"og:site_name\" content=\"Not\u00edcias - Franciscanos\" \/>\n<meta property=\"article:published_time\" content=\"2018-03-31T21:58:03+00:00\" \/>\n<meta property=\"article:modified_time\" content=\"2020-06-07T19:07:36+00:00\" \/>\n<meta property=\"og:image\" content=\"https:\/\/franciscanos.org.br\/noticias\/wp-content\/uploads\/2018\/03\/vigilia_310318.jpg\" \/>\n\t<meta property=\"og:image:width\" content=\"273\" \/>\n\t<meta property=\"og:image:height\" content=\"181\" \/>\n\t<meta property=\"og:image:type\" content=\"image\/jpeg\" \/>\n<meta name=\"author\" content=\"admin\" \/>\n<meta name=\"twitter:card\" content=\"summary_large_image\" \/>\n<meta name=\"twitter:label1\" content=\"Escrito por\" \/>\n\t<meta name=\"twitter:data1\" content=\"admin\" \/>\n\t<meta name=\"twitter:label2\" content=\"Est. tempo de leitura\" \/>\n\t<meta name=\"twitter:data2\" content=\"3 minutos\" \/>\n<script type=\"application\/ld+json\" class=\"yoast-schema-graph\">{\"@context\":\"https:\/\/schema.org\",\"@graph\":[{\"@type\":\"WebSite\",\"@id\":\"https:\/\/franciscanos.org.br\/noticias\/#website\",\"url\":\"https:\/\/franciscanos.org.br\/noticias\/\",\"name\":\"Not\u00edcias - Franciscanos\",\"description\":\"Prov\u00edncia Franciscana da Imaculada Concei\u00e7\u00e3o do Brasil - Ordem dos Frades Menores - OFM\",\"potentialAction\":[{\"@type\":\"SearchAction\",\"target\":{\"@type\":\"EntryPoint\",\"urlTemplate\":\"https:\/\/franciscanos.org.br\/noticias\/?s={search_term_string}\"},\"query-input\":\"required name=search_term_string\"}],\"inLanguage\":\"pt-BR\"},{\"@type\":\"ImageObject\",\"inLanguage\":\"pt-BR\",\"@id\":\"https:\/\/franciscanos.org.br\/noticias\/em-meio-ao-silencio-as-pedras-comecam-a-gritar.html#primaryimage\",\"url\":\"https:\/\/franciscanos.org.br\/noticias\/wp-content\/uploads\/2018\/03\/vigilia_310318.jpg\",\"contentUrl\":\"https:\/\/franciscanos.org.br\/noticias\/wp-content\/uploads\/2018\/03\/vigilia_310318.jpg\",\"width\":273,\"height\":181},{\"@type\":\"WebPage\",\"@id\":\"https:\/\/franciscanos.org.br\/noticias\/em-meio-ao-silencio-as-pedras-comecam-a-gritar.html#webpage\",\"url\":\"https:\/\/franciscanos.org.br\/noticias\/em-meio-ao-silencio-as-pedras-comecam-a-gritar.html\",\"name\":\"Em meio ao sil\u00eancio, as pedras come\u00e7am a gritar - Not\u00edcias - Franciscanos\",\"isPartOf\":{\"@id\":\"https:\/\/franciscanos.org.br\/noticias\/#website\"},\"primaryImageOfPage\":{\"@id\":\"https:\/\/franciscanos.org.br\/noticias\/em-meio-ao-silencio-as-pedras-comecam-a-gritar.html#primaryimage\"},\"datePublished\":\"2018-03-31T21:58:03+00:00\",\"dateModified\":\"2020-06-07T19:07:36+00:00\",\"author\":{\"@id\":\"https:\/\/franciscanos.org.br\/noticias\/#\/schema\/person\/b38fbf43118f02820bd932f2e4b14ad3\"},\"breadcrumb\":{\"@id\":\"https:\/\/franciscanos.org.br\/noticias\/em-meio-ao-silencio-as-pedras-comecam-a-gritar.html#breadcrumb\"},\"inLanguage\":\"pt-BR\",\"potentialAction\":[{\"@type\":\"ReadAction\",\"target\":[\"https:\/\/franciscanos.org.br\/noticias\/em-meio-ao-silencio-as-pedras-comecam-a-gritar.html\"]}]},{\"@type\":\"BreadcrumbList\",\"@id\":\"https:\/\/franciscanos.org.br\/noticias\/em-meio-ao-silencio-as-pedras-comecam-a-gritar.html#breadcrumb\",\"itemListElement\":[{\"@type\":\"ListItem\",\"position\":1,\"name\":\"Home\",\"item\":\"https:\/\/franciscanos.org.br\/noticias\"},{\"@type\":\"ListItem\",\"position\":2,\"name\":\"Em meio ao sil\u00eancio, as pedras come\u00e7am a gritar\"}]},{\"@type\":\"Person\",\"@id\":\"https:\/\/franciscanos.org.br\/noticias\/#\/schema\/person\/b38fbf43118f02820bd932f2e4b14ad3\",\"name\":\"admin\",\"image\":{\"@type\":\"ImageObject\",\"inLanguage\":\"pt-BR\",\"@id\":\"https:\/\/franciscanos.org.br\/noticias\/#\/schema\/person\/image\/\",\"url\":\"https:\/\/secure.gravatar.com\/avatar\/e8495742d34d0ba6448ea1c628263b3e?s=96&d=mm&r=g\",\"contentUrl\":\"https:\/\/secure.gravatar.com\/avatar\/e8495742d34d0ba6448ea1c628263b3e?s=96&d=mm&r=g\",\"caption\":\"admin\"},\"url\":\"https:\/\/franciscanos.org.br\/noticias\/author\/admin\"}]}<\/script>\n<!-- \/ Yoast SEO plugin. -->","yoast_head_json":{"title":"Em meio ao sil\u00eancio, as pedras come\u00e7am a gritar - Not\u00edcias - Franciscanos","robots":{"index":"index","follow":"follow","max-snippet":"max-snippet:-1","max-image-preview":"max-image-preview:large","max-video-preview":"max-video-preview:-1"},"canonical":"https:\/\/franciscanos.org.br\/noticias\/em-meio-ao-silencio-as-pedras-comecam-a-gritar.html","og_locale":"pt_BR","og_type":"article","og_title":"Em meio ao sil\u00eancio, as pedras come\u00e7am a gritar - Not\u00edcias - Franciscanos","og_description":"Papa na Vig\u00edlia Pascal","og_url":"https:\/\/franciscanos.org.br\/noticias\/em-meio-ao-silencio-as-pedras-comecam-a-gritar.html","og_site_name":"Not\u00edcias - Franciscanos","article_published_time":"2018-03-31T21:58:03+00:00","article_modified_time":"2020-06-07T19:07:36+00:00","og_image":[{"width":273,"height":181,"url":"https:\/\/franciscanos.org.br\/noticias\/wp-content\/uploads\/2018\/03\/vigilia_310318.jpg","type":"image\/jpeg"}],"author":"admin","twitter_card":"summary_large_image","twitter_misc":{"Escrito por":"admin","Est. tempo de leitura":"3 minutos"},"schema":{"@context":"https:\/\/schema.org","@graph":[{"@type":"WebSite","@id":"https:\/\/franciscanos.org.br\/noticias\/#website","url":"https:\/\/franciscanos.org.br\/noticias\/","name":"Not\u00edcias - Franciscanos","description":"Prov\u00edncia Franciscana da Imaculada Concei\u00e7\u00e3o do Brasil - Ordem dos Frades Menores - OFM","potentialAction":[{"@type":"SearchAction","target":{"@type":"EntryPoint","urlTemplate":"https:\/\/franciscanos.org.br\/noticias\/?s={search_term_string}"},"query-input":"required name=search_term_string"}],"inLanguage":"pt-BR"},{"@type":"ImageObject","inLanguage":"pt-BR","@id":"https:\/\/franciscanos.org.br\/noticias\/em-meio-ao-silencio-as-pedras-comecam-a-gritar.html#primaryimage","url":"https:\/\/franciscanos.org.br\/noticias\/wp-content\/uploads\/2018\/03\/vigilia_310318.jpg","contentUrl":"https:\/\/franciscanos.org.br\/noticias\/wp-content\/uploads\/2018\/03\/vigilia_310318.jpg","width":273,"height":181},{"@type":"WebPage","@id":"https:\/\/franciscanos.org.br\/noticias\/em-meio-ao-silencio-as-pedras-comecam-a-gritar.html#webpage","url":"https:\/\/franciscanos.org.br\/noticias\/em-meio-ao-silencio-as-pedras-comecam-a-gritar.html","name":"Em meio ao sil\u00eancio, as pedras come\u00e7am a gritar - Not\u00edcias - Franciscanos","isPartOf":{"@id":"https:\/\/franciscanos.org.br\/noticias\/#website"},"primaryImageOfPage":{"@id":"https:\/\/franciscanos.org.br\/noticias\/em-meio-ao-silencio-as-pedras-comecam-a-gritar.html#primaryimage"},"datePublished":"2018-03-31T21:58:03+00:00","dateModified":"2020-06-07T19:07:36+00:00","author":{"@id":"https:\/\/franciscanos.org.br\/noticias\/#\/schema\/person\/b38fbf43118f02820bd932f2e4b14ad3"},"breadcrumb":{"@id":"https:\/\/franciscanos.org.br\/noticias\/em-meio-ao-silencio-as-pedras-comecam-a-gritar.html#breadcrumb"},"inLanguage":"pt-BR","potentialAction":[{"@type":"ReadAction","target":["https:\/\/franciscanos.org.br\/noticias\/em-meio-ao-silencio-as-pedras-comecam-a-gritar.html"]}]},{"@type":"BreadcrumbList","@id":"https:\/\/franciscanos.org.br\/noticias\/em-meio-ao-silencio-as-pedras-comecam-a-gritar.html#breadcrumb","itemListElement":[{"@type":"ListItem","position":1,"name":"Home","item":"https:\/\/franciscanos.org.br\/noticias"},{"@type":"ListItem","position":2,"name":"Em meio ao sil\u00eancio, as pedras come\u00e7am a gritar"}]},{"@type":"Person","@id":"https:\/\/franciscanos.org.br\/noticias\/#\/schema\/person\/b38fbf43118f02820bd932f2e4b14ad3","name":"admin","image":{"@type":"ImageObject","inLanguage":"pt-BR","@id":"https:\/\/franciscanos.org.br\/noticias\/#\/schema\/person\/image\/","url":"https:\/\/secure.gravatar.com\/avatar\/e8495742d34d0ba6448ea1c628263b3e?s=96&d=mm&r=g","contentUrl":"https:\/\/secure.gravatar.com\/avatar\/e8495742d34d0ba6448ea1c628263b3e?s=96&d=mm&r=g","caption":"admin"},"url":"https:\/\/franciscanos.org.br\/noticias\/author\/admin"}]}},"_links":{"self":[{"href":"https:\/\/franciscanos.org.br\/noticias\/wp-json\/wp\/v2\/posts\/155174"}],"collection":[{"href":"https:\/\/franciscanos.org.br\/noticias\/wp-json\/wp\/v2\/posts"}],"about":[{"href":"https:\/\/franciscanos.org.br\/noticias\/wp-json\/wp\/v2\/types\/post"}],"author":[{"embeddable":true,"href":"https:\/\/franciscanos.org.br\/noticias\/wp-json\/wp\/v2\/users\/1"}],"replies":[{"embeddable":true,"href":"https:\/\/franciscanos.org.br\/noticias\/wp-json\/wp\/v2\/comments?post=155174"}],"version-history":[{"count":1,"href":"https:\/\/franciscanos.org.br\/noticias\/wp-json\/wp\/v2\/posts\/155174\/revisions"}],"predecessor-version":[{"id":225015,"href":"https:\/\/franciscanos.org.br\/noticias\/wp-json\/wp\/v2\/posts\/155174\/revisions\/225015"}],"wp:featuredmedia":[{"embeddable":true,"href":"https:\/\/franciscanos.org.br\/noticias\/wp-json\/wp\/v2\/media\/202762"}],"wp:attachment":[{"href":"https:\/\/franciscanos.org.br\/noticias\/wp-json\/wp\/v2\/media?parent=155174"}],"wp:term":[{"taxonomy":"category","embeddable":true,"href":"https:\/\/franciscanos.org.br\/noticias\/wp-json\/wp\/v2\/categories?post=155174"},{"taxonomy":"post_tag","embeddable":true,"href":"https:\/\/franciscanos.org.br\/noticias\/wp-json\/wp\/v2\/tags?post=155174"}],"curies":[{"name":"wp","href":"https:\/\/api.w.org\/{rel}","templated":true}]}}