{"id":155145,"date":"2018-03-31T15:34:11","date_gmt":"2018-03-31T18:34:11","guid":{"rendered":"http:\/\/franciscanos.org.br\/?p=155145"},"modified":"2019-04-20T13:23:00","modified_gmt":"2019-04-20T16:23:00","slug":"frei-paulo-convida-a-todos-para-viver-a-alegria-da-ressurreicao-com-a-virgem-da-penha","status":"publish","type":"post","link":"https:\/\/franciscanos.org.br\/noticias\/frei-paulo-convida-a-todos-para-viver-a-alegria-da-ressurreicao-com-a-virgem-da-penha.html","title":{"rendered":"Frei Paulo convida a todos para viver a alegria da Ressurrei\u00e7\u00e3o com a Virgem da Penha"},"content":{"rendered":"<p><img loading=\"lazy\" src=\"http:\/\/franciscanos.org.br\/wp-content\/uploads\/2018\/03\/TERCO_310318_6.jpg\" alt=\"TERCO_310318_6\" width=\"830\" height=\"623\" \/><\/p>\n<p><strong>Frei Augusto Luiz Gabriel e Moacir Beggo<\/strong><\/p>\n<p><strong>\u00a0<\/strong><strong>Vila Velha (ES) &#8211;<\/strong> Tudo pronto no sagrado Morro da Penha para as festividades em honra \u00e0 Padroeira do Esp\u00edrito Santo, que come\u00e7am neste Domingo de P\u00e1scoa, 1\u00ba de abril. Neste s\u00e1bado (31\/3), entre as palmeiras do Convento da Penha, foi erguido um dos s\u00edmbolos que o povo capixaba e os milhares de romeiros de diferentes regi\u00f5es do Estado e do Brasil acostumaram a ver durante a Festa da Penha. Por volta das 10 horas, o m\u00e9dico Osmar Salles e uma equipe de volunt\u00e1rios (cerca de 20 pessoas) apresentaram o Ter\u00e7o Gigante indicando o in\u00edcio das festividades de 2018.<\/p>\n<p><iframe loading=\"lazy\" src=\"https:\/\/www.youtube.com\/embed\/S0jay5cnd84\" width=\"100%\" height=\"480\" frameborder=\"0\" allowfullscreen=\"allowfullscreen\"><\/iframe><\/p>\n<p style=\"text-align: center;\"><em>Imagens do drone cedidas gentilmente por Alcenir Gon\u00e7alves de Carvalho J\u00fanior<\/em><\/p>\n<p>&#8220;Virgem da Penha, minha alegria&#8221; \u00e9 o tema escolhido para o Oitav\u00e1rio que se inicia neste domingo, \u00e0s 14h30, no Campinho. &#8220;Esta frase \u00e9 cantada aos finais de todas as Celebra\u00e7\u00f5es Eucar\u00edsticas que acontecem aqui no Convento e durante todo o ano. Ela \u00e9 extra\u00edda de um hino que tem 60 anos. Nossa Senhora \u00e9 a nossa alegria. Ela anuncia a grande alegria do Cristo Ressuscitado. Por isso, a partir deste Domingo de P\u00e1scoa vamos celebrar a grande alegria da ressurrei\u00e7\u00e3o de Nosso Senhor Jesus Cristo. N\u00f3s, os franciscanos aqui do Convento, acolhemos a todos para celebrar esta grande not\u00edcia: o Senhor ressuscitou e essa \u00e9 a nossa grande alegria&#8221;, convidou o guardi\u00e3o do Convento da Penha, Frei Paulo Pereira.<\/p>\n<p><img loading=\"lazy\" src=\"http:\/\/franciscanos.org.br\/wp-content\/uploads\/2018\/03\/TERCO_310318_3.jpg\" alt=\"TERCO_310318_3\" width=\"830\" height=\"407\" \/><\/p>\n<p style=\"text-align: center;\"><em>\u00a0Frei Paulo Pereira, guardi\u00e3o do Convento, conversa com volunt\u00e1rios sobre os \u00faltimos preparativos para a Festa<\/em>.<\/p>\n<p>&#8220;Muitas pessoas se esfor\u00e7aram ao longo deste ano para apresentar a todos uma programa\u00e7\u00e3o diversificada da Festa&#8221;, informa Frei Paulo, que \u00e9 Definidor da Prov\u00edncia da Imaculada e tem a segunda Festa sob a sua organiza\u00e7\u00e3o. Uma das atra\u00e7\u00f5es deste evento \u00e9 a Mostra de Artistas Capixabas &#8220;Virgem da Penha, Nossa Alegria&#8221;, que ser\u00e1 inaugurada neste domingo na Sala de Exposi\u00e7\u00f5es do Convento. Antes do Oitav\u00e1rio, a B\u00ean\u00e7\u00e3o aos Cavaleiros, a primeira em homenagem a Nossa Senhora, chegar\u00e1 \u00e0 Prainha \u00e0s 10 horas, j\u00e1 que parte \u00e0s 8h30 de Cobil\u00e2ndia.<\/p>\n<h2><strong>TER\u00c7O GIGANTE: UM S\u00cdMBOLO DE 20 ANOS<\/strong><\/h2>\n<p><img loading=\"lazy\" class=\"alignleft wp-image-155148 \" src=\"http:\/\/franciscanos.org.br\/wp-content\/uploads\/2018\/03\/TERCO_310318_5.jpg\" alt=\"TERCO_310318_5\" width=\"275\" height=\"229\" \/>Neste ano, o Ter\u00e7o Gigante completa 20 anos de sua cria\u00e7\u00e3o. Em sintonia com o tema da Festa &#8211;\u00a0 \u201cVirgem da Penha, minha alegria\u201d -, Osmar explicou a import\u00e2ncia de se trazer esse s\u00edmbolo mariano para a Festa, n\u00e3o porque se tenha esquecido dele, mas para valoriz\u00e1-lo como uma ora\u00e7\u00e3o eficaz para a salva\u00e7\u00e3o pessoal, familiar e comunit\u00e1ria. &#8220;Ele tem um valor muito grande para a f\u00e9 das pessoas, que buscam esse momento de intimidade com Deus atrav\u00e9s das m\u00e3os de Maria&#8221;, explicou o m\u00e9dico obstetra, que esteve \u00e0 frente desse trabalho em 19 anos. &#8220;Do terceiro Ter\u00e7o, eu n\u00e3o participei&#8221;, explicou. Al\u00e9m dos volunt\u00e1rios, h\u00e1 sempre o apoio de sua fam\u00edlia: a mulher C\u00e9lia e os filhos Artur e Stefany. Na v\u00e9spera deste s\u00e1bado, toda a equipe trabalhou das 20 \u00e0s 23 horas no Campinho para acertar os \u00faltimos detalhes.<\/p>\n<p>Segundo o criador, a homenagem a Nossa Senhora da Penha \u00e9 feita sempre pensando, em primeiro lugar, no uso de flores. &#8220;Ent\u00e3o, esta \u00e9 a quarta vez que o ter\u00e7o sobe com cores diferentes. E a motiva\u00e7\u00e3o \u00e9 colocar a M\u00e3e de Deus no centro da festa. \u00c9 a M\u00e3e que celebra a Ressurrei\u00e7\u00e3o do Filho, a M\u00e3e das alegrias. E oferecer flores brancas tem o significado da P\u00e1scoa e o significado da M\u00e3e que sofre todo o Calv\u00e1rio no seu cora\u00e7\u00e3o, em sil\u00eancio, e sai vitoriosa junto com ele. As cores azul e rosa, que inclusive est\u00e3o na medalha de Nossa Senhora na Anuncia\u00e7\u00e3o, lembram Nossa Senhora da Penha. A cor branca tamb\u00e9m est\u00e1 representada no manto do Menino Jesus&#8221;, explicou o m\u00e9dico, que usou 59 contas,\u00a0no formato de flores cortadas e moldadas todas a m\u00e3o, um total de 1.099 p\u00e9talas em alum\u00ednio.<\/p>\n<p>O Ter\u00e7o contempla duas alegrias de Maria com destaque: a Anuncia\u00e7\u00e3o e a Ressurrei\u00e7\u00e3o. &#8220;A primeira alegria de Maria come\u00e7a com a Anuncia\u00e7\u00e3o e a \u00faltima \u00e9 a Ressurrei\u00e7\u00e3o. A arte no centro da cruz simboliza o Cristo Ressuscitado, que \u00e9 a s\u00e9tima alegria de Maria. O mosaicista Celso Adolfo, respons\u00e1vel pela exposi\u00e7\u00e3o de arte do Museu do Convento, desenhou o Cristo, que tem um olhar para cima&#8221;, explicou Osmar.<\/p>\n<p><img loading=\"lazy\" src=\"http:\/\/franciscanos.org.br\/wp-content\/uploads\/2018\/03\/TERCO_310318_4.jpg\" alt=\"TERCO_310318_4\" width=\"830\" height=\"507\" \/><\/p>\n<p style=\"text-align: center;\"><em>A equipe de volunt\u00e1rios do dr. Osmar: &#8220;Come\u00e7o com cinco no projeto inicial e depois termino com quase 20 pessoas&#8221;, diz o m\u00e9dico.<\/em><\/p>\n<p>Depois de preparar e corrigir todos os detalhes da obra ainda na sexta-feira, especialmente a parte el\u00e9trica, a instala\u00e7\u00e3o foi feita com a ajuda do Corpo de Bombeiros e durou cerca de duas horas. O trabalho chamou a aten\u00e7\u00e3o dos visitantes ao Convento da Penha, um dos principais pontos tur\u00edsticos do Estado. Tamb\u00e9m neste ano, o ter\u00e7o ter\u00e1 uma ilumina\u00e7\u00e3o LED no seu entorno, fazendo com que ele possa ser visto no escuro e tamb\u00e9m \u00e0 dist\u00e2ncia.<\/p>\n<p>O s\u00e1bado tamb\u00e9m foi de muita prepara\u00e7\u00e3o para a festa. Os volunt\u00e1rios trabalharam desde cedo nos \u00faltimos acertos e na decora\u00e7\u00e3o dos altares da Capela e do Campinho.<\/p>\n<p>A Festa da Penha \u00e9 a maior manifesta\u00e7\u00e3o religiosa do Esp\u00edrito Santo e a terceira maior festa religiosa do pa\u00eds, atr\u00e1s apenas da festa da Padroeira do Brasil, Nossa Senhora Aparecida, no Estado de S\u00e3o Paulo, e a do C\u00edrio de Nazar\u00e9, em Bel\u00e9m, no Par\u00e1.<\/p>\n<h2 style=\"text-align: center;\"><img loading=\"lazy\" class=\"alignright wp-image-155150 \" src=\"http:\/\/franciscanos.org.br\/wp-content\/uploads\/2018\/03\/festadapenha1.png\" alt=\"festadapenha\" width=\"434\" height=\"600\" \/><strong>PROGRAMA\u00c7\u00c3O DA FESTA DA PENHA 2018<\/strong><\/h2>\n<h3><strong>\u00a0<\/strong><strong>PRIMEIRO DIA DO OITAV\u00c1RIO<\/strong><\/h3>\n<p><strong>1\u00ba de abril \u2013 Domingo de P\u00e1scoa<\/strong><\/p>\n<p><strong>05h, 7h, 9h e 11h<\/strong> \u2013 Missas na Capela do Convento.<\/p>\n<p><strong>10h<\/strong> \u2013 B\u00ean\u00e7\u00e3o dos Cavaleiros, na Prainha.<\/p>\n<p><strong>14h30<\/strong> \u2013 Oitav\u00e1rio com Momento Devocional e Missa no Campinho (\u00c1rea Pastoral Vila Velha).<\/p>\n<h3><strong>\u00a0<\/strong><strong>SEGUNDO DIA DO OITAV\u00c1RIO<\/strong><\/h3>\n<p><strong>02 de abril \u2013 Segunda-feira<\/strong><\/p>\n<p><strong>06h, 7h e 9h30<\/strong> &#8211; Missas na Capela do Convento.<\/p>\n<p><strong>14h30 \u2013<\/strong> Oitav\u00e1rio com Momento Devocional e Missa no Campinho (\u00c1rea Pastoral Serrana).<\/p>\n<p><strong>19h30 <\/strong>\u2013 Noite Mariana: Cantando as Alegrias de Maria \u2013 Campinho do Convento.<\/p>\n<h3><strong>TERCEIRO DIA DO OITAV\u00c1RIO<\/strong><\/h3>\n<p><strong>03 de abril \u2013 Ter\u00e7a-feira<\/strong><\/p>\n<p><strong>6h, 7h e 09h<\/strong> &#8211; Missas na Capela do Convento.<\/p>\n<p><strong>14h30<\/strong> \u2013 Oitav\u00e1rio com Momento Devocional e Missa no Campinho \u00a0(\u00c1rea Pastoral Cariacica\/Viana).<\/p>\n<p><strong>19h30 <\/strong>&#8211; B\u00ean\u00e7\u00e3o para casais com Pe. Anderson Gomes e Pe. Renato Criste no Campinho<\/p>\n<h3><strong>QUARTO DIA DO OITAV\u00c1RIO<\/strong><\/h3>\n<p><strong>04 de abril \u2013 Quarta-feira<\/strong><\/p>\n<p><strong>06h, 7h e 9h30<\/strong> \u2013 Missas na Capela do Convento.<\/p>\n<p><strong>14h30 <\/strong>\u2013 Oitav\u00e1rio com Momento Devocional e Missa no Campinho (\u00c1rea Pastoral Benevente).<\/p>\n<h3><strong>QUINTO DIA DO OITAV\u00c1RIO<\/strong><\/h3>\n<p><strong>05 de abril \u2013 Quinta-feira<\/strong><\/p>\n<p><strong>06h, 7h e 9h30<\/strong> &#8211; Missas na Capela do Convento.<\/p>\n<p><strong>14h30 <\/strong>\u2013 Oitav\u00e1rio com Momento Devocional e Missa no Campinho (\u00c1rea Pastoral Serra\/Fund\u00e3o).<\/p>\n<p><strong>19h30<\/strong> \u2013 Apresenta\u00e7\u00e3o da Orquestra Sinf\u00f4nica do Esp\u00edrito Santo no Santu\u00e1rio de Vila Velha.<\/p>\n<h3><strong>SEXTO DIA DO OITAV\u00c1RIO<\/strong><\/h3>\n<p><strong>06 de abril \u2013 Sexta-feira<\/strong><\/p>\n<p><strong>6h, 7h e 9h30<\/strong> &#8211; Missas na Capela do Convento.<\/p>\n<p><strong>14h30<\/strong> \u2013 Oitav\u00e1rio com Momento Devocional e Missa no Campinho (\u00c1rea Pastoral de Vit\u00f3ria).<\/p>\n<p><strong>14h<\/strong> \u2013 Romaria dos Militares \u2013 Port\u00e3o do Convento da Penha.<\/p>\n<p><strong>19h30<\/strong> \u2013 Apresenta\u00e7\u00e3o Art\u00edstica \u2013 (Frei Florival) com Participa\u00e7\u00e3o de Frei Leandro e Frei Paulo Cesar no Campinho do Convento.<\/p>\n<p><strong>Programa\u00e7\u00e3o Cultural<\/strong><\/p>\n<p><strong>18h<\/strong> \u2013 Apresenta\u00e7\u00e3o Art\u00edstica Gerson Lano \u2013 Palco Cultural.<\/p>\n<p><strong>19h<\/strong> \u2013 Apresenta\u00e7\u00e3o Art\u00edstica Banda Rajar \u2013 Palco Cultural.<\/p>\n<p><strong>20h<\/strong> \u2013 Apresenta\u00e7\u00e3o Art\u00edstica da Banda Via A\u00e9rea \u2013 Palco Principal.<\/p>\n<p><strong>21h<\/strong> \u2013 Apresenta\u00e7\u00e3o Art\u00edstica da Banda Casaca \u2013 Palco Principal.<\/p>\n<h3><strong>S\u00c9TIMO DIA DO OITAV\u00c1RIO<\/strong><\/h3>\n<p><strong>07 de abril \u2013 S\u00e1bado<\/strong><\/p>\n<p><strong>06h<\/strong> \u2013 Missa na Capela do Convento.<\/p>\n<p><strong>8h <\/strong>\u2013 Missa da Diocese de S\u00e3o Mateus, no Campinho.<\/p>\n<p><strong>8h <\/strong>&#8211; Remaria \u2013 Sa\u00edda da Praia da Costa.<\/p>\n<p><strong>8h <\/strong>\u2013 Romaria das Pessoas com defici\u00eancia na P\u00e7a. Duque de Caxias.<\/p>\n<p><strong>10h<\/strong> \u2013 Sa\u00edda da imagem de N. Sra da Penha na Ba\u00eda de Vit\u00f3ria (a Romaria das Pessoas com defici\u00eancia levar\u00e1 a imagem at\u00e9 a Marinha ap\u00f3s a Missa).<\/p>\n<p><strong>10h<\/strong> \u2013 Missa da Romaria dos Adolescentes no Campinho.<\/p>\n<p><strong>14h30<\/strong> \u2013 Oitav\u00e1rio com Momento Devocional e Missa no Campinho (Diocese de Cachoeiro de Itapemirim)<\/p>\n<p><strong>18h<\/strong> -Missa de Envio e Ben\u00e7\u00e3o da Romaria dos Homens \u2013 Catedral Metropolitana. (60 anos de Romaria dos Homens na Festa da Penha).<\/p>\n<p><strong>23h<\/strong> \u2013 Missa de encerramento da Romaria dos Homens na Prainha.<\/p>\n<p><strong>Programa\u00e7\u00e3o Cultural<\/strong><\/p>\n<p><strong>15h30<\/strong> \u2013 Apresenta\u00e7\u00e3o Art\u00edstica Cultura Popular \u2013 Palco Cultural.<\/p>\n<p><strong>16h30<\/strong> \u2013 Apresenta\u00e7\u00e3o Art\u00edstica Trio Mafu\u00e1 \u2013 Palco Cultural.<\/p>\n<p><strong>17h30 <\/strong>\u2013 Apresenta\u00e7\u00e3o Art\u00edstica Os Lopas \u2013 Palco Cultural.<\/p>\n<p><strong>18h30<\/strong> \u2013 Apresenta\u00e7\u00e3o Art\u00edstica Denise Pontes \u2013 Palco Cultural.<\/p>\n<h3><strong>OITAVO DIA DO OITAV\u00c1RIO<\/strong><\/h3>\n<p><strong>08 de abril \u2013 Domingo<\/strong><\/p>\n<p><strong>05h e 07h<\/strong> \u2013 Missas na Capela do Convento.<\/p>\n<p><strong>8h<\/strong> \u2013 Missa da Diocese de Colatina no Campinho.<\/p>\n<p><strong>10h<\/strong> \u2013 B\u00ean\u00e7\u00e3o dos Motociclistas na Prainha.<\/p>\n<p><strong>16h <\/strong>\u2013 Romaria das Mulheres com sa\u00edda do Santu\u00e1rio de Vila Velha.<\/p>\n<p><strong>17h<\/strong> \u2013 Oitav\u00e1rio com Momento Devocional e Missa da Romaria das Mulheres na Prainha.<\/p>\n<p><strong>\u00a0<\/strong><strong>Programa\u00e7\u00e3o Cultural<\/strong><\/p>\n<p><strong>18h30<\/strong> \u2013 Apresenta\u00e7\u00e3o Art\u00edstica da Banda Adventus (Noite Mariana) com participa\u00e7\u00e3o do Padre Gudialace e Fl\u00e1via Dornelas \u2013 Palco Principal.<\/p>\n<p><strong>20h<\/strong> \u2013 Apresenta\u00e7\u00e3o Art\u00edstica da Banda Cheiro da Cor \u2013 Palco Principal.<\/p>\n<p><strong>21h <\/strong>\u2013 Apresenta\u00e7\u00e3o Art\u00edstica da Banda Rastaclone \u2013 Palco Principal.<\/p>\n<p><strong>22h<\/strong> \u2013 Apresenta\u00e7\u00e3o Art\u00edstica da Banda Grupo K\u00ca M\u00ca L\u00ca \u2013 Palco Cultural.<\/p>\n<h3><strong>DIA DA PADROEIRA DO ESP\u00cdRITO SANTO<\/strong><\/h3>\n<p><strong>09 de abril \u2013 Segunda-feira<\/strong><\/p>\n<p><strong>00h, 02h, 06h, 09h e 12h<\/strong>\u00a0Missas na Capela do Convento.<\/p>\n<p><strong>7h<\/strong> \u2013 Missa da CRB e Semin\u00e1rio no Campinho.<\/p>\n<p><strong>8h<\/strong> \u2013 Romaria dos Ciclistas com sa\u00edda de Cobil\u00e2ndia.<\/p>\n<p><strong>9h<\/strong> \u2013 Romaria dos Conguistas no Campinho do Convento.<\/p>\n<p><strong>10h<\/strong> \u2013 Missa das Pastorais Sociais no Campinho.<\/p>\n<p><strong>11h<\/strong> Apresenta\u00e7\u00f5es musicais no Campinho do Convento.<\/p>\n<p><strong>16h<\/strong> Missa de Encerramento na Prainha.<\/p>\n<p><strong>\u00a0Programa\u00e7\u00e3o Cultural<\/strong><\/p>\n<p><strong>18h<\/strong> \u2013 Apresenta\u00e7\u00e3o Art\u00edstica Thiago Brado atra\u00e7\u00e3o nacional cat\u00f3lica \u2013 Palco Principal.<\/p>\n<p><strong>20h<\/strong> \u2013 Apresenta\u00e7\u00e3o Art\u00edstica Edson Mineiro e Goiano \u2013 Palco Cultural.<\/p>\n<p><strong>21h<\/strong> \u2013 Apresenta\u00e7\u00e3o Art\u00edstica da Banda Bem-Ti-Vi \u2013 Palco Cultural.<\/p>\n<p><strong>22h<\/strong> \u2013 Apresenta\u00e7\u00e3o Art\u00edstica da Banda Diego Santana e Banda \u2013 Palco Cultural.<\/p>\n","protected":false},"excerpt":{"rendered":"<p>Festa da Penha 2018<\/p>\n","protected":false},"author":1,"featured_media":202329,"comment_status":"open","ping_status":"open","sticky":false,"template":"","format":"standard","meta":[],"categories":[1],"tags":[245],"acf":[],"yoast_head":"<!-- This site is optimized with the Yoast SEO plugin v19.2 - https:\/\/yoast.com\/wordpress\/plugins\/seo\/ -->\n<title>Frei Paulo convida a todos para viver a alegria da Ressurrei\u00e7\u00e3o com a Virgem da Penha - Not\u00edcias - Franciscanos<\/title>\n<meta name=\"robots\" content=\"index, follow, max-snippet:-1, max-image-preview:large, max-video-preview:-1\" \/>\n<link rel=\"canonical\" href=\"https:\/\/franciscanos.org.br\/noticias\/frei-paulo-convida-a-todos-para-viver-a-alegria-da-ressurreicao-com-a-virgem-da-penha.html\" \/>\n<meta property=\"og:locale\" content=\"pt_BR\" \/>\n<meta property=\"og:type\" content=\"article\" \/>\n<meta property=\"og:title\" content=\"Frei Paulo convida a todos para viver a alegria da Ressurrei\u00e7\u00e3o com a Virgem da Penha - Not\u00edcias - Franciscanos\" \/>\n<meta property=\"og:description\" content=\"Festa da Penha 2018\" \/>\n<meta property=\"og:url\" content=\"https:\/\/franciscanos.org.br\/noticias\/frei-paulo-convida-a-todos-para-viver-a-alegria-da-ressurreicao-com-a-virgem-da-penha.html\" \/>\n<meta property=\"og:site_name\" content=\"Not\u00edcias - Franciscanos\" \/>\n<meta property=\"article:published_time\" content=\"2018-03-31T18:34:11+00:00\" \/>\n<meta property=\"article:modified_time\" content=\"2019-04-20T16:23:00+00:00\" \/>\n<meta property=\"og:image\" content=\"https:\/\/franciscanos.org.br\/noticias\/wp-content\/uploads\/2018\/03\/TERCO_310318_6.jpg\" \/>\n\t<meta property=\"og:image:width\" content=\"273\" \/>\n\t<meta property=\"og:image:height\" content=\"181\" \/>\n\t<meta property=\"og:image:type\" content=\"image\/jpeg\" \/>\n<meta name=\"author\" content=\"admin\" \/>\n<meta name=\"twitter:card\" content=\"summary_large_image\" \/>\n<meta name=\"twitter:label1\" content=\"Escrito por\" \/>\n\t<meta name=\"twitter:data1\" content=\"admin\" \/>\n\t<meta name=\"twitter:label2\" content=\"Est. tempo de leitura\" \/>\n\t<meta name=\"twitter:data2\" content=\"8 minutos\" \/>\n<script type=\"application\/ld+json\" class=\"yoast-schema-graph\">{\"@context\":\"https:\/\/schema.org\",\"@graph\":[{\"@type\":\"WebSite\",\"@id\":\"https:\/\/franciscanos.org.br\/noticias\/#website\",\"url\":\"https:\/\/franciscanos.org.br\/noticias\/\",\"name\":\"Not\u00edcias - Franciscanos\",\"description\":\"Prov\u00edncia Franciscana da Imaculada Concei\u00e7\u00e3o do Brasil - Ordem dos Frades Menores - OFM\",\"potentialAction\":[{\"@type\":\"SearchAction\",\"target\":{\"@type\":\"EntryPoint\",\"urlTemplate\":\"https:\/\/franciscanos.org.br\/noticias\/?s={search_term_string}\"},\"query-input\":\"required name=search_term_string\"}],\"inLanguage\":\"pt-BR\"},{\"@type\":\"ImageObject\",\"inLanguage\":\"pt-BR\",\"@id\":\"https:\/\/franciscanos.org.br\/noticias\/frei-paulo-convida-a-todos-para-viver-a-alegria-da-ressurreicao-com-a-virgem-da-penha.html#primaryimage\",\"url\":\"https:\/\/franciscanos.org.br\/noticias\/wp-content\/uploads\/2018\/03\/TERCO_310318_6.jpg\",\"contentUrl\":\"https:\/\/franciscanos.org.br\/noticias\/wp-content\/uploads\/2018\/03\/TERCO_310318_6.jpg\",\"width\":273,\"height\":181},{\"@type\":\"WebPage\",\"@id\":\"https:\/\/franciscanos.org.br\/noticias\/frei-paulo-convida-a-todos-para-viver-a-alegria-da-ressurreicao-com-a-virgem-da-penha.html#webpage\",\"url\":\"https:\/\/franciscanos.org.br\/noticias\/frei-paulo-convida-a-todos-para-viver-a-alegria-da-ressurreicao-com-a-virgem-da-penha.html\",\"name\":\"Frei Paulo convida a todos para viver a alegria da Ressurrei\u00e7\u00e3o com a Virgem da Penha - Not\u00edcias - Franciscanos\",\"isPartOf\":{\"@id\":\"https:\/\/franciscanos.org.br\/noticias\/#website\"},\"primaryImageOfPage\":{\"@id\":\"https:\/\/franciscanos.org.br\/noticias\/frei-paulo-convida-a-todos-para-viver-a-alegria-da-ressurreicao-com-a-virgem-da-penha.html#primaryimage\"},\"datePublished\":\"2018-03-31T18:34:11+00:00\",\"dateModified\":\"2019-04-20T16:23:00+00:00\",\"author\":{\"@id\":\"https:\/\/franciscanos.org.br\/noticias\/#\/schema\/person\/b38fbf43118f02820bd932f2e4b14ad3\"},\"breadcrumb\":{\"@id\":\"https:\/\/franciscanos.org.br\/noticias\/frei-paulo-convida-a-todos-para-viver-a-alegria-da-ressurreicao-com-a-virgem-da-penha.html#breadcrumb\"},\"inLanguage\":\"pt-BR\",\"potentialAction\":[{\"@type\":\"ReadAction\",\"target\":[\"https:\/\/franciscanos.org.br\/noticias\/frei-paulo-convida-a-todos-para-viver-a-alegria-da-ressurreicao-com-a-virgem-da-penha.html\"]}]},{\"@type\":\"BreadcrumbList\",\"@id\":\"https:\/\/franciscanos.org.br\/noticias\/frei-paulo-convida-a-todos-para-viver-a-alegria-da-ressurreicao-com-a-virgem-da-penha.html#breadcrumb\",\"itemListElement\":[{\"@type\":\"ListItem\",\"position\":1,\"name\":\"Home\",\"item\":\"https:\/\/franciscanos.org.br\/noticias\"},{\"@type\":\"ListItem\",\"position\":2,\"name\":\"Frei Paulo convida a todos para viver a alegria da Ressurrei\u00e7\u00e3o com a Virgem da Penha\"}]},{\"@type\":\"Person\",\"@id\":\"https:\/\/franciscanos.org.br\/noticias\/#\/schema\/person\/b38fbf43118f02820bd932f2e4b14ad3\",\"name\":\"admin\",\"image\":{\"@type\":\"ImageObject\",\"inLanguage\":\"pt-BR\",\"@id\":\"https:\/\/franciscanos.org.br\/noticias\/#\/schema\/person\/image\/\",\"url\":\"https:\/\/secure.gravatar.com\/avatar\/e8495742d34d0ba6448ea1c628263b3e?s=96&d=mm&r=g\",\"contentUrl\":\"https:\/\/secure.gravatar.com\/avatar\/e8495742d34d0ba6448ea1c628263b3e?s=96&d=mm&r=g\",\"caption\":\"admin\"},\"url\":\"https:\/\/franciscanos.org.br\/noticias\/author\/admin\"}]}<\/script>\n<!-- \/ Yoast SEO plugin. -->","yoast_head_json":{"title":"Frei Paulo convida a todos para viver a alegria da Ressurrei\u00e7\u00e3o com a Virgem da Penha - Not\u00edcias - Franciscanos","robots":{"index":"index","follow":"follow","max-snippet":"max-snippet:-1","max-image-preview":"max-image-preview:large","max-video-preview":"max-video-preview:-1"},"canonical":"https:\/\/franciscanos.org.br\/noticias\/frei-paulo-convida-a-todos-para-viver-a-alegria-da-ressurreicao-com-a-virgem-da-penha.html","og_locale":"pt_BR","og_type":"article","og_title":"Frei Paulo convida a todos para viver a alegria da Ressurrei\u00e7\u00e3o com a Virgem da Penha - Not\u00edcias - Franciscanos","og_description":"Festa da Penha 2018","og_url":"https:\/\/franciscanos.org.br\/noticias\/frei-paulo-convida-a-todos-para-viver-a-alegria-da-ressurreicao-com-a-virgem-da-penha.html","og_site_name":"Not\u00edcias - Franciscanos","article_published_time":"2018-03-31T18:34:11+00:00","article_modified_time":"2019-04-20T16:23:00+00:00","og_image":[{"width":273,"height":181,"url":"https:\/\/franciscanos.org.br\/noticias\/wp-content\/uploads\/2018\/03\/TERCO_310318_6.jpg","type":"image\/jpeg"}],"author":"admin","twitter_card":"summary_large_image","twitter_misc":{"Escrito por":"admin","Est. tempo de leitura":"8 minutos"},"schema":{"@context":"https:\/\/schema.org","@graph":[{"@type":"WebSite","@id":"https:\/\/franciscanos.org.br\/noticias\/#website","url":"https:\/\/franciscanos.org.br\/noticias\/","name":"Not\u00edcias - Franciscanos","description":"Prov\u00edncia Franciscana da Imaculada Concei\u00e7\u00e3o do Brasil - Ordem dos Frades Menores - OFM","potentialAction":[{"@type":"SearchAction","target":{"@type":"EntryPoint","urlTemplate":"https:\/\/franciscanos.org.br\/noticias\/?s={search_term_string}"},"query-input":"required name=search_term_string"}],"inLanguage":"pt-BR"},{"@type":"ImageObject","inLanguage":"pt-BR","@id":"https:\/\/franciscanos.org.br\/noticias\/frei-paulo-convida-a-todos-para-viver-a-alegria-da-ressurreicao-com-a-virgem-da-penha.html#primaryimage","url":"https:\/\/franciscanos.org.br\/noticias\/wp-content\/uploads\/2018\/03\/TERCO_310318_6.jpg","contentUrl":"https:\/\/franciscanos.org.br\/noticias\/wp-content\/uploads\/2018\/03\/TERCO_310318_6.jpg","width":273,"height":181},{"@type":"WebPage","@id":"https:\/\/franciscanos.org.br\/noticias\/frei-paulo-convida-a-todos-para-viver-a-alegria-da-ressurreicao-com-a-virgem-da-penha.html#webpage","url":"https:\/\/franciscanos.org.br\/noticias\/frei-paulo-convida-a-todos-para-viver-a-alegria-da-ressurreicao-com-a-virgem-da-penha.html","name":"Frei Paulo convida a todos para viver a alegria da Ressurrei\u00e7\u00e3o com a Virgem da Penha - Not\u00edcias - Franciscanos","isPartOf":{"@id":"https:\/\/franciscanos.org.br\/noticias\/#website"},"primaryImageOfPage":{"@id":"https:\/\/franciscanos.org.br\/noticias\/frei-paulo-convida-a-todos-para-viver-a-alegria-da-ressurreicao-com-a-virgem-da-penha.html#primaryimage"},"datePublished":"2018-03-31T18:34:11+00:00","dateModified":"2019-04-20T16:23:00+00:00","author":{"@id":"https:\/\/franciscanos.org.br\/noticias\/#\/schema\/person\/b38fbf43118f02820bd932f2e4b14ad3"},"breadcrumb":{"@id":"https:\/\/franciscanos.org.br\/noticias\/frei-paulo-convida-a-todos-para-viver-a-alegria-da-ressurreicao-com-a-virgem-da-penha.html#breadcrumb"},"inLanguage":"pt-BR","potentialAction":[{"@type":"ReadAction","target":["https:\/\/franciscanos.org.br\/noticias\/frei-paulo-convida-a-todos-para-viver-a-alegria-da-ressurreicao-com-a-virgem-da-penha.html"]}]},{"@type":"BreadcrumbList","@id":"https:\/\/franciscanos.org.br\/noticias\/frei-paulo-convida-a-todos-para-viver-a-alegria-da-ressurreicao-com-a-virgem-da-penha.html#breadcrumb","itemListElement":[{"@type":"ListItem","position":1,"name":"Home","item":"https:\/\/franciscanos.org.br\/noticias"},{"@type":"ListItem","position":2,"name":"Frei Paulo convida a todos para viver a alegria da Ressurrei\u00e7\u00e3o com a Virgem da Penha"}]},{"@type":"Person","@id":"https:\/\/franciscanos.org.br\/noticias\/#\/schema\/person\/b38fbf43118f02820bd932f2e4b14ad3","name":"admin","image":{"@type":"ImageObject","inLanguage":"pt-BR","@id":"https:\/\/franciscanos.org.br\/noticias\/#\/schema\/person\/image\/","url":"https:\/\/secure.gravatar.com\/avatar\/e8495742d34d0ba6448ea1c628263b3e?s=96&d=mm&r=g","contentUrl":"https:\/\/secure.gravatar.com\/avatar\/e8495742d34d0ba6448ea1c628263b3e?s=96&d=mm&r=g","caption":"admin"},"url":"https:\/\/franciscanos.org.br\/noticias\/author\/admin"}]}},"_links":{"self":[{"href":"https:\/\/franciscanos.org.br\/noticias\/wp-json\/wp\/v2\/posts\/155145"}],"collection":[{"href":"https:\/\/franciscanos.org.br\/noticias\/wp-json\/wp\/v2\/posts"}],"about":[{"href":"https:\/\/franciscanos.org.br\/noticias\/wp-json\/wp\/v2\/types\/post"}],"author":[{"embeddable":true,"href":"https:\/\/franciscanos.org.br\/noticias\/wp-json\/wp\/v2\/users\/1"}],"replies":[{"embeddable":true,"href":"https:\/\/franciscanos.org.br\/noticias\/wp-json\/wp\/v2\/comments?post=155145"}],"version-history":[{"count":0,"href":"https:\/\/franciscanos.org.br\/noticias\/wp-json\/wp\/v2\/posts\/155145\/revisions"}],"wp:featuredmedia":[{"embeddable":true,"href":"https:\/\/franciscanos.org.br\/noticias\/wp-json\/wp\/v2\/media\/202329"}],"wp:attachment":[{"href":"https:\/\/franciscanos.org.br\/noticias\/wp-json\/wp\/v2\/media?parent=155145"}],"wp:term":[{"taxonomy":"category","embeddable":true,"href":"https:\/\/franciscanos.org.br\/noticias\/wp-json\/wp\/v2\/categories?post=155145"},{"taxonomy":"post_tag","embeddable":true,"href":"https:\/\/franciscanos.org.br\/noticias\/wp-json\/wp\/v2\/tags?post=155145"}],"curies":[{"name":"wp","href":"https:\/\/api.w.org\/{rel}","templated":true}]}}