{"id":155068,"date":"2018-03-29T17:00:07","date_gmt":"2018-03-29T20:00:07","guid":{"rendered":"http:\/\/franciscanos.org.br\/?p=155068"},"modified":"2020-06-07T16:22:15","modified_gmt":"2020-06-07T19:22:15","slug":"papa-no-carcere-de-regina-caeli-toda-pena-deve-ser-aberta-a-esperanca","status":"publish","type":"post","link":"https:\/\/franciscanos.org.br\/noticias\/papa-no-carcere-de-regina-caeli-toda-pena-deve-ser-aberta-a-esperanca.html","title":{"rendered":"Papa no c\u00e1rcere: &#8220;toda pena deve ser aberta \u00e0 esperan\u00e7a&#8221;"},"content":{"rendered":"<p><img loading=\"lazy\" class=\"alignnone wp-image-225021 size-full\" src=\"https:\/\/franciscanos.org.br\/noticias\/wp-content\/uploads\/2018\/03\/lavapes_07.jpg\" alt=\"\" width=\"890\" height=\"501\" srcset=\"https:\/\/franciscanos.org.br\/noticias\/wp-content\/uploads\/2018\/03\/lavapes_07.jpg 890w, https:\/\/franciscanos.org.br\/noticias\/wp-content\/uploads\/2018\/03\/lavapes_07-450x253.jpg 450w, https:\/\/franciscanos.org.br\/noticias\/wp-content\/uploads\/2018\/03\/lavapes_07-768x432.jpg 768w, https:\/\/franciscanos.org.br\/noticias\/wp-content\/uploads\/2018\/03\/lavapes_07-150x84.jpg 150w\" sizes=\"(max-width: 890px) 100vw, 890px\" \/><\/p>\n<p><strong>Cidade do Vaticano \u2013<\/strong> Entre os encarcerados da pris\u00e3o romana de Regina Caeli o Papa Francisco celebrou nesta Quinta-feira Santa a Missa da Ceia do Senhor, com o rito do Lava-p\u00e9s. A cerim\u00f4nia foi feita em car\u00e1ter reservado, sem transmiss\u00e3o ao vivo pela televis\u00e3o. Antes da celebra\u00e7\u00e3o, o Papa visitou a enfermaria, para saudar os detentos doentes. J\u00e1 em sua homilia, Francisco recordou o costume daquele tempo, de os escravos lavarem os p\u00e9s dos h\u00f3spedes antes de entrarem \u00e0 casa.<\/p>\n<p>\u201cEra o trabalho dos escravos, mas era tamb\u00e9m um servi\u00e7o. E Jesus quis fazer este servi\u00e7o para nos dar um exemplo de como devemos servir uns aos outros.\u201d Jesus pede aos disc\u00edpulos que n\u00e3o fa\u00e7am como os chefes das na\u00e7\u00f5es, reis e imperadores, que eram servidos pelos escravos. Pensando na hist\u00f3ria, acrescentou o Papa, se muitos reis, imperadores e chefes de estado tivessem compreendido esse ensinamento de Jesus, muitas guerras teriam sido evitadas.<\/p>\n<p><strong>Servi\u00e7o<\/strong><\/p>\n<p>Francisco prosseguiu recordando o modo amoroso de agir de Cristo. \u00c0s pessoas que sofrem, descartadas pela sociedade, Jesus vai e diz: voc\u00ea \u00e9 importante para mim. Jesus aposta em cada um de n\u00f3s. \u201cJesus se chama Jesus, n\u00e3o P\u00f4ncio Pilatos. Jesus n\u00e3o sabe lavar as m\u00e3os, sabe somente arriscar\u201d, afirmou o Pont\u00edfice.<\/p>\n<p><strong>Lava-p\u00e9s<\/strong><br \/>\nA cerim\u00f4nia prosseguiu com o rito do lava-p\u00e9s a 12 homens provenientes de sete pa\u00edses: quatro italianos, dois filipinos, dois marroquinos, um moldavo, um colombiano, um nigeriano e um de Serra Leoa. Oito s\u00e3o de religi\u00e3o cat\u00f3lica, dois mu\u00e7ulmanos, um ortodoxo e um budista. No momento do abra\u00e7o da paz, o Papa improvisou mais algumas palavras para dizer que em nosso cora\u00e7\u00e3o vivemos sentimentos contrastantes. \u00c9 f\u00e1cil estar em paz com quem queremos bem, mas \u00e9 mais dif\u00edcil com que nos ofendeu e a quem ofendemos. \u201cPe\u00e7amos ao Senhor, em sil\u00eancio, a gra\u00e7a de dar a todos, bons e maus, o dom da paz\u201d, convidou o Santo Padre.<\/p>\n<p><strong>Esperan\u00e7a<\/strong><br \/>\nAl\u00e9m da sauda\u00e7\u00e3o aos doentes e a celebra\u00e7\u00e3o da missa, a visita ao c\u00e1rcere de Regina Caeli previa tamb\u00e9m um encontro com outros detentos e a sauda\u00e7\u00e3o aos diretores e funcion\u00e1rios. Como em outras ocasi\u00f5es, Francisco reiterou que n\u00e3o se pode conceber uma pris\u00e3o sem a dimens\u00e3o da esperan\u00e7a, da recupera\u00e7\u00e3o e da ressocializa\u00e7\u00e3o: \u201cAqui os h\u00f3spedes est\u00e3o para aprender, para semear esperan\u00e7a: n\u00e3o existe qualquer pena justa \u2013 justa! \u2013 sem que seja aberta \u00e0 esperan\u00e7a. Uma pena que n\u00e3o seja aberta \u00e0 esperan\u00e7a n\u00e3o \u00e9 crist\u00e3, n\u00e3o \u00e9 humana!\u201d<\/p>\n<p>O Papa falou ainda da pena de morte, que n\u00e3o \u00e9 humana nem crist\u00e3 justamente porque a condena\u00e7\u00e3o se insere num horizonte de esperan\u00e7a. \u201c\u00c1gua de ressurrei\u00e7\u00e3o, olhar novo, esperan\u00e7a: \u00e9 isso que desejo a voc\u00eas.\u201d<\/p>\n<p><iframe loading=\"lazy\" src=\"https:\/\/www.youtube.com\/embed\/5oLOf6jmZBo\" width=\"100%\" height=\"400\" frameborder=\"0\" allowfullscreen=\"allowfullscreen\"><\/iframe><\/p>\n<hr \/>\n<p><em>Fonte: Vatican News (https:\/\/www.vaticannews.va\/pt\/papa\/news\/2018-03\/papa-francisco-lava-pes-prisao-regina-caeli0.html)<\/em><\/p>\n","protected":false},"excerpt":{"rendered":"<p>Quinta-feira Santa<\/p>\n","protected":false},"author":1,"featured_media":225022,"comment_status":"open","ping_status":"open","sticky":false,"template":"","format":"standard","meta":[],"categories":[1428],"tags":[1436],"acf":[],"yoast_head":"<!-- This site is optimized with the Yoast SEO plugin v19.2 - https:\/\/yoast.com\/wordpress\/plugins\/seo\/ -->\n<title>Papa no c\u00e1rcere: &quot;toda pena deve ser aberta \u00e0 esperan\u00e7a&quot; - Not\u00edcias - Franciscanos<\/title>\n<meta name=\"robots\" content=\"index, follow, max-snippet:-1, max-image-preview:large, max-video-preview:-1\" \/>\n<link rel=\"canonical\" href=\"https:\/\/franciscanos.org.br\/noticias\/papa-no-carcere-de-regina-caeli-toda-pena-deve-ser-aberta-a-esperanca.html\" \/>\n<meta property=\"og:locale\" content=\"pt_BR\" \/>\n<meta property=\"og:type\" content=\"article\" \/>\n<meta property=\"og:title\" content=\"Papa no c\u00e1rcere: &quot;toda pena deve ser aberta \u00e0 esperan\u00e7a&quot; - Not\u00edcias - Franciscanos\" \/>\n<meta property=\"og:description\" content=\"Quinta-feira Santa\" \/>\n<meta property=\"og:url\" content=\"https:\/\/franciscanos.org.br\/noticias\/papa-no-carcere-de-regina-caeli-toda-pena-deve-ser-aberta-a-esperanca.html\" \/>\n<meta property=\"og:site_name\" content=\"Not\u00edcias - Franciscanos\" \/>\n<meta property=\"article:published_time\" content=\"2018-03-29T20:00:07+00:00\" \/>\n<meta property=\"article:modified_time\" content=\"2020-06-07T19:22:15+00:00\" \/>\n<meta property=\"og:image\" content=\"https:\/\/franciscanos.org.br\/noticias\/wp-content\/uploads\/2018\/03\/lavapes_07d.jpg\" \/>\n\t<meta property=\"og:image:width\" content=\"800\" \/>\n\t<meta property=\"og:image:height\" content=\"601\" \/>\n\t<meta property=\"og:image:type\" content=\"image\/jpeg\" \/>\n<meta name=\"author\" content=\"admin\" \/>\n<meta name=\"twitter:card\" content=\"summary_large_image\" \/>\n<meta name=\"twitter:label1\" content=\"Escrito por\" \/>\n\t<meta name=\"twitter:data1\" content=\"admin\" \/>\n\t<meta name=\"twitter:label2\" content=\"Est. tempo de leitura\" \/>\n\t<meta name=\"twitter:data2\" content=\"3 minutos\" \/>\n<script type=\"application\/ld+json\" class=\"yoast-schema-graph\">{\"@context\":\"https:\/\/schema.org\",\"@graph\":[{\"@type\":\"WebSite\",\"@id\":\"https:\/\/franciscanos.org.br\/noticias\/#website\",\"url\":\"https:\/\/franciscanos.org.br\/noticias\/\",\"name\":\"Not\u00edcias - Franciscanos\",\"description\":\"Prov\u00edncia Franciscana da Imaculada Concei\u00e7\u00e3o do Brasil - Ordem dos Frades Menores - OFM\",\"potentialAction\":[{\"@type\":\"SearchAction\",\"target\":{\"@type\":\"EntryPoint\",\"urlTemplate\":\"https:\/\/franciscanos.org.br\/noticias\/?s={search_term_string}\"},\"query-input\":\"required name=search_term_string\"}],\"inLanguage\":\"pt-BR\"},{\"@type\":\"ImageObject\",\"inLanguage\":\"pt-BR\",\"@id\":\"https:\/\/franciscanos.org.br\/noticias\/papa-no-carcere-de-regina-caeli-toda-pena-deve-ser-aberta-a-esperanca.html#primaryimage\",\"url\":\"https:\/\/franciscanos.org.br\/noticias\/wp-content\/uploads\/2018\/03\/lavapes_07d.jpg\",\"contentUrl\":\"https:\/\/franciscanos.org.br\/noticias\/wp-content\/uploads\/2018\/03\/lavapes_07d.jpg\",\"width\":800,\"height\":601},{\"@type\":\"WebPage\",\"@id\":\"https:\/\/franciscanos.org.br\/noticias\/papa-no-carcere-de-regina-caeli-toda-pena-deve-ser-aberta-a-esperanca.html#webpage\",\"url\":\"https:\/\/franciscanos.org.br\/noticias\/papa-no-carcere-de-regina-caeli-toda-pena-deve-ser-aberta-a-esperanca.html\",\"name\":\"Papa no c\u00e1rcere: \\\"toda pena deve ser aberta \u00e0 esperan\u00e7a\\\" - Not\u00edcias - Franciscanos\",\"isPartOf\":{\"@id\":\"https:\/\/franciscanos.org.br\/noticias\/#website\"},\"primaryImageOfPage\":{\"@id\":\"https:\/\/franciscanos.org.br\/noticias\/papa-no-carcere-de-regina-caeli-toda-pena-deve-ser-aberta-a-esperanca.html#primaryimage\"},\"datePublished\":\"2018-03-29T20:00:07+00:00\",\"dateModified\":\"2020-06-07T19:22:15+00:00\",\"author\":{\"@id\":\"https:\/\/franciscanos.org.br\/noticias\/#\/schema\/person\/b38fbf43118f02820bd932f2e4b14ad3\"},\"breadcrumb\":{\"@id\":\"https:\/\/franciscanos.org.br\/noticias\/papa-no-carcere-de-regina-caeli-toda-pena-deve-ser-aberta-a-esperanca.html#breadcrumb\"},\"inLanguage\":\"pt-BR\",\"potentialAction\":[{\"@type\":\"ReadAction\",\"target\":[\"https:\/\/franciscanos.org.br\/noticias\/papa-no-carcere-de-regina-caeli-toda-pena-deve-ser-aberta-a-esperanca.html\"]}]},{\"@type\":\"BreadcrumbList\",\"@id\":\"https:\/\/franciscanos.org.br\/noticias\/papa-no-carcere-de-regina-caeli-toda-pena-deve-ser-aberta-a-esperanca.html#breadcrumb\",\"itemListElement\":[{\"@type\":\"ListItem\",\"position\":1,\"name\":\"Home\",\"item\":\"https:\/\/franciscanos.org.br\/noticias\"},{\"@type\":\"ListItem\",\"position\":2,\"name\":\"Papa no c\u00e1rcere: &#8220;toda pena deve ser aberta \u00e0 esperan\u00e7a&#8221;\"}]},{\"@type\":\"Person\",\"@id\":\"https:\/\/franciscanos.org.br\/noticias\/#\/schema\/person\/b38fbf43118f02820bd932f2e4b14ad3\",\"name\":\"admin\",\"image\":{\"@type\":\"ImageObject\",\"inLanguage\":\"pt-BR\",\"@id\":\"https:\/\/franciscanos.org.br\/noticias\/#\/schema\/person\/image\/\",\"url\":\"https:\/\/secure.gravatar.com\/avatar\/e8495742d34d0ba6448ea1c628263b3e?s=96&d=mm&r=g\",\"contentUrl\":\"https:\/\/secure.gravatar.com\/avatar\/e8495742d34d0ba6448ea1c628263b3e?s=96&d=mm&r=g\",\"caption\":\"admin\"},\"url\":\"https:\/\/franciscanos.org.br\/noticias\/author\/admin\"}]}<\/script>\n<!-- \/ Yoast SEO plugin. -->","yoast_head_json":{"title":"Papa no c\u00e1rcere: \"toda pena deve ser aberta \u00e0 esperan\u00e7a\" - Not\u00edcias - Franciscanos","robots":{"index":"index","follow":"follow","max-snippet":"max-snippet:-1","max-image-preview":"max-image-preview:large","max-video-preview":"max-video-preview:-1"},"canonical":"https:\/\/franciscanos.org.br\/noticias\/papa-no-carcere-de-regina-caeli-toda-pena-deve-ser-aberta-a-esperanca.html","og_locale":"pt_BR","og_type":"article","og_title":"Papa no c\u00e1rcere: \"toda pena deve ser aberta \u00e0 esperan\u00e7a\" - Not\u00edcias - Franciscanos","og_description":"Quinta-feira Santa","og_url":"https:\/\/franciscanos.org.br\/noticias\/papa-no-carcere-de-regina-caeli-toda-pena-deve-ser-aberta-a-esperanca.html","og_site_name":"Not\u00edcias - Franciscanos","article_published_time":"2018-03-29T20:00:07+00:00","article_modified_time":"2020-06-07T19:22:15+00:00","og_image":[{"width":800,"height":601,"url":"https:\/\/franciscanos.org.br\/noticias\/wp-content\/uploads\/2018\/03\/lavapes_07d.jpg","type":"image\/jpeg"}],"author":"admin","twitter_card":"summary_large_image","twitter_misc":{"Escrito por":"admin","Est. tempo de leitura":"3 minutos"},"schema":{"@context":"https:\/\/schema.org","@graph":[{"@type":"WebSite","@id":"https:\/\/franciscanos.org.br\/noticias\/#website","url":"https:\/\/franciscanos.org.br\/noticias\/","name":"Not\u00edcias - Franciscanos","description":"Prov\u00edncia Franciscana da Imaculada Concei\u00e7\u00e3o do Brasil - Ordem dos Frades Menores - OFM","potentialAction":[{"@type":"SearchAction","target":{"@type":"EntryPoint","urlTemplate":"https:\/\/franciscanos.org.br\/noticias\/?s={search_term_string}"},"query-input":"required name=search_term_string"}],"inLanguage":"pt-BR"},{"@type":"ImageObject","inLanguage":"pt-BR","@id":"https:\/\/franciscanos.org.br\/noticias\/papa-no-carcere-de-regina-caeli-toda-pena-deve-ser-aberta-a-esperanca.html#primaryimage","url":"https:\/\/franciscanos.org.br\/noticias\/wp-content\/uploads\/2018\/03\/lavapes_07d.jpg","contentUrl":"https:\/\/franciscanos.org.br\/noticias\/wp-content\/uploads\/2018\/03\/lavapes_07d.jpg","width":800,"height":601},{"@type":"WebPage","@id":"https:\/\/franciscanos.org.br\/noticias\/papa-no-carcere-de-regina-caeli-toda-pena-deve-ser-aberta-a-esperanca.html#webpage","url":"https:\/\/franciscanos.org.br\/noticias\/papa-no-carcere-de-regina-caeli-toda-pena-deve-ser-aberta-a-esperanca.html","name":"Papa no c\u00e1rcere: \"toda pena deve ser aberta \u00e0 esperan\u00e7a\" - Not\u00edcias - Franciscanos","isPartOf":{"@id":"https:\/\/franciscanos.org.br\/noticias\/#website"},"primaryImageOfPage":{"@id":"https:\/\/franciscanos.org.br\/noticias\/papa-no-carcere-de-regina-caeli-toda-pena-deve-ser-aberta-a-esperanca.html#primaryimage"},"datePublished":"2018-03-29T20:00:07+00:00","dateModified":"2020-06-07T19:22:15+00:00","author":{"@id":"https:\/\/franciscanos.org.br\/noticias\/#\/schema\/person\/b38fbf43118f02820bd932f2e4b14ad3"},"breadcrumb":{"@id":"https:\/\/franciscanos.org.br\/noticias\/papa-no-carcere-de-regina-caeli-toda-pena-deve-ser-aberta-a-esperanca.html#breadcrumb"},"inLanguage":"pt-BR","potentialAction":[{"@type":"ReadAction","target":["https:\/\/franciscanos.org.br\/noticias\/papa-no-carcere-de-regina-caeli-toda-pena-deve-ser-aberta-a-esperanca.html"]}]},{"@type":"BreadcrumbList","@id":"https:\/\/franciscanos.org.br\/noticias\/papa-no-carcere-de-regina-caeli-toda-pena-deve-ser-aberta-a-esperanca.html#breadcrumb","itemListElement":[{"@type":"ListItem","position":1,"name":"Home","item":"https:\/\/franciscanos.org.br\/noticias"},{"@type":"ListItem","position":2,"name":"Papa no c\u00e1rcere: &#8220;toda pena deve ser aberta \u00e0 esperan\u00e7a&#8221;"}]},{"@type":"Person","@id":"https:\/\/franciscanos.org.br\/noticias\/#\/schema\/person\/b38fbf43118f02820bd932f2e4b14ad3","name":"admin","image":{"@type":"ImageObject","inLanguage":"pt-BR","@id":"https:\/\/franciscanos.org.br\/noticias\/#\/schema\/person\/image\/","url":"https:\/\/secure.gravatar.com\/avatar\/e8495742d34d0ba6448ea1c628263b3e?s=96&d=mm&r=g","contentUrl":"https:\/\/secure.gravatar.com\/avatar\/e8495742d34d0ba6448ea1c628263b3e?s=96&d=mm&r=g","caption":"admin"},"url":"https:\/\/franciscanos.org.br\/noticias\/author\/admin"}]}},"_links":{"self":[{"href":"https:\/\/franciscanos.org.br\/noticias\/wp-json\/wp\/v2\/posts\/155068"}],"collection":[{"href":"https:\/\/franciscanos.org.br\/noticias\/wp-json\/wp\/v2\/posts"}],"about":[{"href":"https:\/\/franciscanos.org.br\/noticias\/wp-json\/wp\/v2\/types\/post"}],"author":[{"embeddable":true,"href":"https:\/\/franciscanos.org.br\/noticias\/wp-json\/wp\/v2\/users\/1"}],"replies":[{"embeddable":true,"href":"https:\/\/franciscanos.org.br\/noticias\/wp-json\/wp\/v2\/comments?post=155068"}],"version-history":[{"count":2,"href":"https:\/\/franciscanos.org.br\/noticias\/wp-json\/wp\/v2\/posts\/155068\/revisions"}],"predecessor-version":[{"id":225024,"href":"https:\/\/franciscanos.org.br\/noticias\/wp-json\/wp\/v2\/posts\/155068\/revisions\/225024"}],"wp:featuredmedia":[{"embeddable":true,"href":"https:\/\/franciscanos.org.br\/noticias\/wp-json\/wp\/v2\/media\/225022"}],"wp:attachment":[{"href":"https:\/\/franciscanos.org.br\/noticias\/wp-json\/wp\/v2\/media?parent=155068"}],"wp:term":[{"taxonomy":"category","embeddable":true,"href":"https:\/\/franciscanos.org.br\/noticias\/wp-json\/wp\/v2\/categories?post=155068"},{"taxonomy":"post_tag","embeddable":true,"href":"https:\/\/franciscanos.org.br\/noticias\/wp-json\/wp\/v2\/tags?post=155068"}],"curies":[{"name":"wp","href":"https:\/\/api.w.org\/{rel}","templated":true}]}}