{"id":154978,"date":"2018-03-28T10:29:20","date_gmt":"2018-03-28T13:29:20","guid":{"rendered":"http:\/\/franciscanos.org.br\/?p=154978"},"modified":"2019-01-04T09:42:12","modified_gmt":"2019-01-04T11:42:12","slug":"tristeza-na-missao-morre-postulante-vitima-de-afogamento","status":"publish","type":"post","link":"https:\/\/franciscanos.org.br\/noticias\/tristeza-na-missao-morre-postulante-vitima-de-afogamento.html","title":{"rendered":"Tristeza na Miss\u00e3o: morre postulante v\u00edtima de afogamento"},"content":{"rendered":"<p><img loading=\"lazy\" class=\"alignright size-full wp-image-154979\" src=\"http:\/\/franciscanos.org.br\/wp-content\/uploads\/2018\/03\/bonifacio_280318.jpg\" alt=\"bonifacio_280318\" width=\"259\" height=\"346\" \/>Aos 29 anos, o postulante Bonif\u00e1cio Kalende Daniel Muco, da Funda\u00e7\u00e3o Imaculada M\u00e3e de Deus de Angola, faleceu ontem, 27 de mar\u00e7o, v\u00edtima de afogamento em uma das praias do Sumbe, capital da prov\u00edncia do Kwanza-Sul. Segundo o mestre do Postulantado de Quibala, Frei Marco Antonio dos Santos, os postulantes foram para esta cidade acompanhados de Frei Alisson Lu\u00eds Zanetti, de Frei Ivair Bueno de Carvalho e Frei David Belineli para participarem, na manh\u00e3, da Missa crismal na Catedral de Nossa Senhora da Concei\u00e7\u00e3o. &#8220;Ap\u00f3s a Missa, como a catedral fica pr\u00f3xima ao mar, os postulantes foram lanchar e fazer um passeio na praia. Entraram na \u00e1gua e se divertiam&#8230; Tudo corria bem. Quando j\u00e1 se preparavam para retornar, viram que o Bonif\u00e1cio se distanciava e come\u00e7aram a cham\u00e1-lo. Foi quando ele deu sinal de que o mar o estava levando. Alguns nadaram para tentar socorr\u00ea-lo mas j\u00e1 n\u00e3o houve tempo de salv\u00e1-lo&#8221;, informou Frei Marco.<\/p>\n<p>Segundo o Mestre dos Postulantes, Frei Ivair e os demais retornaram para Quibala. Frei Alisson, com a ajuda dos Padres de Sumbe, cuidou dos encaminhamentos e antes das 20h o corpo de Bonif\u00e1cio foi encontrado na praia. &#8220;Fizemos contato com seu pai, que vive na Prov\u00edncia do Bi\u00e9. O pai, mesmo triste, acolheu a not\u00edcia como a entrega que o filho fez a Deus, servindo-O como franciscano. Pediu-nos que seu corpo seja levado para l\u00e1. Estamos abatidos e tristes, mas serenos e fortalecidos na f\u00e9. Era um grande irm\u00e3o e continua agora, junto de Deus, olhando por n\u00f3s e por seus familiares!&#8221;, adiantou Frei Marco.<\/p>\n<p>O Ministro Provincial, Frei Fid\u00eancio Vanboemmel, enviou aos confrades da FIMDA, especialmente \u00e0 Fraternidade de Quibala, uma mensagem de solidariedade. &#8220;Que o Deus da Paz vos aben\u00e7oe! Estou aqui pensando na ang\u00fastia e no aperto do cora\u00e7\u00e3o de cada um de voc\u00eas. N\u00e3o \u00e9 por menos! N\u00e3o \u00e9 f\u00e1cil digerir essa fatalidade. \u00c9 um \u201cporqu\u00ea\u201d dolorido que necessita de tempo para ser compreendido e maturado com serenidade e na f\u00e9. Em nome da Fraternidade Provincial, manifesto a nossa solidariedade e a nossa comunh\u00e3o com ora\u00e7\u00f5es por todos voc\u00eas. Que voc\u00eas possam colocar a dor que sentem junto ao Mist\u00e9rio da Paix\u00e3o do Senhor, sentirem no \u00e1gape da Ceia do Senhor a for\u00e7a da comunh\u00e3o fraterna (t\u00e3o importante nessa hora!) para vislumbrar na manh\u00e3 da P\u00e1scoa a resposta ao \u201cporqu\u00ea\u201d da dor&#8221;, escreveu Frei Fid\u00eancio.<\/p>\n<p>&#8220;Hoje, pela manh\u00e3 quando celebramos a Missa dos Fi\u00e9is Defuntos e foi dito o nome dele, entramos na realidade do momento que estamos vivendo. V\u00e1rios choraram, mas, juntos, compreendemos pela f\u00e9 que ele hoje vive a sua P\u00e1scoa e, junto ao nosso irm\u00e3o seminarista de Malange que faleceu em 2016, temos a gra\u00e7a e a b\u00ean\u00e7\u00e3o de termos por primeiro dois irm\u00e3os jovens e plenos de luz juntos de S\u00e3o Francisco e Santa Clara, no c\u00e9u, louvando e glorificando a Deus!&#8221;, lamentou Frei Marco.<\/p>\n<p>Depois da libera\u00e7\u00e3o, o corpo de Bonif\u00e1cio ser\u00e1 transladado para Bi\u00e9. Junto aos confrades e postulantes devem acompanhar Pe Abel e Pe Giovani.<\/p>\n<p>Bonif\u00e1cio Calende Daniel Moco nasceu no dia 28 de agosto de 1989 em Chinguar, Bi\u00e9, e foi admitido ao Postulantando Santo Ant\u00f4nio de Quibala no \u00faltimo dia 7 de fevereiro.<\/p>\n","protected":false},"excerpt":{"rendered":"<p>Miss\u00e3o de Angola<\/p>\n","protected":false},"author":1,"featured_media":193942,"comment_status":"open","ping_status":"open","sticky":false,"template":"","format":"standard","meta":[],"categories":[1],"tags":[1160,360],"acf":[],"yoast_head":"<!-- This site is optimized with the Yoast SEO plugin v19.2 - https:\/\/yoast.com\/wordpress\/plugins\/seo\/ -->\n<title>Tristeza na Miss\u00e3o: morre postulante v\u00edtima de afogamento - Not\u00edcias - Franciscanos<\/title>\n<meta name=\"robots\" content=\"index, follow, max-snippet:-1, max-image-preview:large, max-video-preview:-1\" \/>\n<link rel=\"canonical\" href=\"https:\/\/franciscanos.org.br\/noticias\/tristeza-na-missao-morre-postulante-vitima-de-afogamento.html\" \/>\n<meta property=\"og:locale\" content=\"pt_BR\" \/>\n<meta property=\"og:type\" content=\"article\" \/>\n<meta property=\"og:title\" content=\"Tristeza na Miss\u00e3o: morre postulante v\u00edtima de afogamento - Not\u00edcias - Franciscanos\" \/>\n<meta property=\"og:description\" content=\"Miss\u00e3o de Angola\" \/>\n<meta property=\"og:url\" content=\"https:\/\/franciscanos.org.br\/noticias\/tristeza-na-missao-morre-postulante-vitima-de-afogamento.html\" \/>\n<meta property=\"og:site_name\" content=\"Not\u00edcias - Franciscanos\" \/>\n<meta property=\"article:published_time\" content=\"2018-03-28T13:29:20+00:00\" \/>\n<meta property=\"article:modified_time\" content=\"2019-01-04T11:42:12+00:00\" \/>\n<meta property=\"og:image\" content=\"https:\/\/franciscanos.org.br\/noticias\/wp-content\/uploads\/2018\/03\/bonifacio_280318d.jpg\" \/>\n\t<meta property=\"og:image:width\" content=\"273\" \/>\n\t<meta property=\"og:image:height\" content=\"181\" \/>\n\t<meta property=\"og:image:type\" content=\"image\/jpeg\" \/>\n<meta name=\"author\" content=\"admin\" \/>\n<meta name=\"twitter:card\" content=\"summary_large_image\" \/>\n<meta name=\"twitter:label1\" content=\"Escrito por\" \/>\n\t<meta name=\"twitter:data1\" content=\"admin\" \/>\n\t<meta name=\"twitter:label2\" content=\"Est. tempo de leitura\" \/>\n\t<meta name=\"twitter:data2\" content=\"3 minutos\" \/>\n<script type=\"application\/ld+json\" class=\"yoast-schema-graph\">{\"@context\":\"https:\/\/schema.org\",\"@graph\":[{\"@type\":\"WebSite\",\"@id\":\"https:\/\/franciscanos.org.br\/noticias\/#website\",\"url\":\"https:\/\/franciscanos.org.br\/noticias\/\",\"name\":\"Not\u00edcias - Franciscanos\",\"description\":\"Prov\u00edncia Franciscana da Imaculada Concei\u00e7\u00e3o do Brasil - Ordem dos Frades Menores - OFM\",\"potentialAction\":[{\"@type\":\"SearchAction\",\"target\":{\"@type\":\"EntryPoint\",\"urlTemplate\":\"https:\/\/franciscanos.org.br\/noticias\/?s={search_term_string}\"},\"query-input\":\"required name=search_term_string\"}],\"inLanguage\":\"pt-BR\"},{\"@type\":\"ImageObject\",\"inLanguage\":\"pt-BR\",\"@id\":\"https:\/\/franciscanos.org.br\/noticias\/tristeza-na-missao-morre-postulante-vitima-de-afogamento.html#primaryimage\",\"url\":\"https:\/\/franciscanos.org.br\/noticias\/wp-content\/uploads\/2018\/03\/bonifacio_280318d.jpg\",\"contentUrl\":\"https:\/\/franciscanos.org.br\/noticias\/wp-content\/uploads\/2018\/03\/bonifacio_280318d.jpg\",\"width\":273,\"height\":181},{\"@type\":\"WebPage\",\"@id\":\"https:\/\/franciscanos.org.br\/noticias\/tristeza-na-missao-morre-postulante-vitima-de-afogamento.html#webpage\",\"url\":\"https:\/\/franciscanos.org.br\/noticias\/tristeza-na-missao-morre-postulante-vitima-de-afogamento.html\",\"name\":\"Tristeza na Miss\u00e3o: morre postulante v\u00edtima de afogamento - Not\u00edcias - Franciscanos\",\"isPartOf\":{\"@id\":\"https:\/\/franciscanos.org.br\/noticias\/#website\"},\"primaryImageOfPage\":{\"@id\":\"https:\/\/franciscanos.org.br\/noticias\/tristeza-na-missao-morre-postulante-vitima-de-afogamento.html#primaryimage\"},\"datePublished\":\"2018-03-28T13:29:20+00:00\",\"dateModified\":\"2019-01-04T11:42:12+00:00\",\"author\":{\"@id\":\"https:\/\/franciscanos.org.br\/noticias\/#\/schema\/person\/b38fbf43118f02820bd932f2e4b14ad3\"},\"breadcrumb\":{\"@id\":\"https:\/\/franciscanos.org.br\/noticias\/tristeza-na-missao-morre-postulante-vitima-de-afogamento.html#breadcrumb\"},\"inLanguage\":\"pt-BR\",\"potentialAction\":[{\"@type\":\"ReadAction\",\"target\":[\"https:\/\/franciscanos.org.br\/noticias\/tristeza-na-missao-morre-postulante-vitima-de-afogamento.html\"]}]},{\"@type\":\"BreadcrumbList\",\"@id\":\"https:\/\/franciscanos.org.br\/noticias\/tristeza-na-missao-morre-postulante-vitima-de-afogamento.html#breadcrumb\",\"itemListElement\":[{\"@type\":\"ListItem\",\"position\":1,\"name\":\"Home\",\"item\":\"https:\/\/franciscanos.org.br\/noticias\"},{\"@type\":\"ListItem\",\"position\":2,\"name\":\"Tristeza na Miss\u00e3o: morre postulante v\u00edtima de afogamento\"}]},{\"@type\":\"Person\",\"@id\":\"https:\/\/franciscanos.org.br\/noticias\/#\/schema\/person\/b38fbf43118f02820bd932f2e4b14ad3\",\"name\":\"admin\",\"image\":{\"@type\":\"ImageObject\",\"inLanguage\":\"pt-BR\",\"@id\":\"https:\/\/franciscanos.org.br\/noticias\/#\/schema\/person\/image\/\",\"url\":\"https:\/\/secure.gravatar.com\/avatar\/e8495742d34d0ba6448ea1c628263b3e?s=96&d=mm&r=g\",\"contentUrl\":\"https:\/\/secure.gravatar.com\/avatar\/e8495742d34d0ba6448ea1c628263b3e?s=96&d=mm&r=g\",\"caption\":\"admin\"},\"url\":\"https:\/\/franciscanos.org.br\/noticias\/author\/admin\"}]}<\/script>\n<!-- \/ Yoast SEO plugin. -->","yoast_head_json":{"title":"Tristeza na Miss\u00e3o: morre postulante v\u00edtima de afogamento - Not\u00edcias - Franciscanos","robots":{"index":"index","follow":"follow","max-snippet":"max-snippet:-1","max-image-preview":"max-image-preview:large","max-video-preview":"max-video-preview:-1"},"canonical":"https:\/\/franciscanos.org.br\/noticias\/tristeza-na-missao-morre-postulante-vitima-de-afogamento.html","og_locale":"pt_BR","og_type":"article","og_title":"Tristeza na Miss\u00e3o: morre postulante v\u00edtima de afogamento - Not\u00edcias - Franciscanos","og_description":"Miss\u00e3o de Angola","og_url":"https:\/\/franciscanos.org.br\/noticias\/tristeza-na-missao-morre-postulante-vitima-de-afogamento.html","og_site_name":"Not\u00edcias - Franciscanos","article_published_time":"2018-03-28T13:29:20+00:00","article_modified_time":"2019-01-04T11:42:12+00:00","og_image":[{"width":273,"height":181,"url":"https:\/\/franciscanos.org.br\/noticias\/wp-content\/uploads\/2018\/03\/bonifacio_280318d.jpg","type":"image\/jpeg"}],"author":"admin","twitter_card":"summary_large_image","twitter_misc":{"Escrito por":"admin","Est. tempo de leitura":"3 minutos"},"schema":{"@context":"https:\/\/schema.org","@graph":[{"@type":"WebSite","@id":"https:\/\/franciscanos.org.br\/noticias\/#website","url":"https:\/\/franciscanos.org.br\/noticias\/","name":"Not\u00edcias - Franciscanos","description":"Prov\u00edncia Franciscana da Imaculada Concei\u00e7\u00e3o do Brasil - Ordem dos Frades Menores - OFM","potentialAction":[{"@type":"SearchAction","target":{"@type":"EntryPoint","urlTemplate":"https:\/\/franciscanos.org.br\/noticias\/?s={search_term_string}"},"query-input":"required name=search_term_string"}],"inLanguage":"pt-BR"},{"@type":"ImageObject","inLanguage":"pt-BR","@id":"https:\/\/franciscanos.org.br\/noticias\/tristeza-na-missao-morre-postulante-vitima-de-afogamento.html#primaryimage","url":"https:\/\/franciscanos.org.br\/noticias\/wp-content\/uploads\/2018\/03\/bonifacio_280318d.jpg","contentUrl":"https:\/\/franciscanos.org.br\/noticias\/wp-content\/uploads\/2018\/03\/bonifacio_280318d.jpg","width":273,"height":181},{"@type":"WebPage","@id":"https:\/\/franciscanos.org.br\/noticias\/tristeza-na-missao-morre-postulante-vitima-de-afogamento.html#webpage","url":"https:\/\/franciscanos.org.br\/noticias\/tristeza-na-missao-morre-postulante-vitima-de-afogamento.html","name":"Tristeza na Miss\u00e3o: morre postulante v\u00edtima de afogamento - Not\u00edcias - Franciscanos","isPartOf":{"@id":"https:\/\/franciscanos.org.br\/noticias\/#website"},"primaryImageOfPage":{"@id":"https:\/\/franciscanos.org.br\/noticias\/tristeza-na-missao-morre-postulante-vitima-de-afogamento.html#primaryimage"},"datePublished":"2018-03-28T13:29:20+00:00","dateModified":"2019-01-04T11:42:12+00:00","author":{"@id":"https:\/\/franciscanos.org.br\/noticias\/#\/schema\/person\/b38fbf43118f02820bd932f2e4b14ad3"},"breadcrumb":{"@id":"https:\/\/franciscanos.org.br\/noticias\/tristeza-na-missao-morre-postulante-vitima-de-afogamento.html#breadcrumb"},"inLanguage":"pt-BR","potentialAction":[{"@type":"ReadAction","target":["https:\/\/franciscanos.org.br\/noticias\/tristeza-na-missao-morre-postulante-vitima-de-afogamento.html"]}]},{"@type":"BreadcrumbList","@id":"https:\/\/franciscanos.org.br\/noticias\/tristeza-na-missao-morre-postulante-vitima-de-afogamento.html#breadcrumb","itemListElement":[{"@type":"ListItem","position":1,"name":"Home","item":"https:\/\/franciscanos.org.br\/noticias"},{"@type":"ListItem","position":2,"name":"Tristeza na Miss\u00e3o: morre postulante v\u00edtima de afogamento"}]},{"@type":"Person","@id":"https:\/\/franciscanos.org.br\/noticias\/#\/schema\/person\/b38fbf43118f02820bd932f2e4b14ad3","name":"admin","image":{"@type":"ImageObject","inLanguage":"pt-BR","@id":"https:\/\/franciscanos.org.br\/noticias\/#\/schema\/person\/image\/","url":"https:\/\/secure.gravatar.com\/avatar\/e8495742d34d0ba6448ea1c628263b3e?s=96&d=mm&r=g","contentUrl":"https:\/\/secure.gravatar.com\/avatar\/e8495742d34d0ba6448ea1c628263b3e?s=96&d=mm&r=g","caption":"admin"},"url":"https:\/\/franciscanos.org.br\/noticias\/author\/admin"}]}},"_links":{"self":[{"href":"https:\/\/franciscanos.org.br\/noticias\/wp-json\/wp\/v2\/posts\/154978"}],"collection":[{"href":"https:\/\/franciscanos.org.br\/noticias\/wp-json\/wp\/v2\/posts"}],"about":[{"href":"https:\/\/franciscanos.org.br\/noticias\/wp-json\/wp\/v2\/types\/post"}],"author":[{"embeddable":true,"href":"https:\/\/franciscanos.org.br\/noticias\/wp-json\/wp\/v2\/users\/1"}],"replies":[{"embeddable":true,"href":"https:\/\/franciscanos.org.br\/noticias\/wp-json\/wp\/v2\/comments?post=154978"}],"version-history":[{"count":0,"href":"https:\/\/franciscanos.org.br\/noticias\/wp-json\/wp\/v2\/posts\/154978\/revisions"}],"wp:featuredmedia":[{"embeddable":true,"href":"https:\/\/franciscanos.org.br\/noticias\/wp-json\/wp\/v2\/media\/193942"}],"wp:attachment":[{"href":"https:\/\/franciscanos.org.br\/noticias\/wp-json\/wp\/v2\/media?parent=154978"}],"wp:term":[{"taxonomy":"category","embeddable":true,"href":"https:\/\/franciscanos.org.br\/noticias\/wp-json\/wp\/v2\/categories?post=154978"},{"taxonomy":"post_tag","embeddable":true,"href":"https:\/\/franciscanos.org.br\/noticias\/wp-json\/wp\/v2\/tags?post=154978"}],"curies":[{"name":"wp","href":"https:\/\/api.w.org\/{rel}","templated":true}]}}