{"id":154967,"date":"2018-03-28T09:24:53","date_gmt":"2018-03-28T12:24:53","guid":{"rendered":"http:\/\/franciscanos.org.br\/?p=154967"},"modified":"2021-01-20T13:31:10","modified_gmt":"2021-01-20T16:31:10","slug":"coleta-sustenta-presenca-crista-na-terra-santa","status":"publish","type":"post","link":"https:\/\/franciscanos.org.br\/noticias\/coleta-sustenta-presenca-crista-na-terra-santa.html","title":{"rendered":"Coleta sustenta presen\u00e7a crist\u00e3 na Terra Santa"},"content":{"rendered":"<p>&nbsp;<\/p>\n<p><img loading=\"lazy\" src=\"http:\/\/franciscanos.org.br\/wp-content\/uploads\/2018\/03\/coletaterrasanta_280318-830.jpg\" alt=\"coletaterrasanta_280318-830\" width=\"830\" height=\"529\" \/><\/p>\n<p>S\u00e3o Francisco de Assis, no in\u00edcio\u00a0do s\u00e9culo XIII, movido pelo amor a Cristo pobre e Crucificado veio ao Oriente Medio para tocar os lugares que at\u00e9 hoje constituem um testemunho insubstitu\u00edvel da revela\u00e7\u00e3o de Deus e do seu amor pelos homens. Naquela sua peregrina\u00e7\u00e3o, n\u00e3o obstante as guerra dos Cruzados, encontrou e dialogou com o sult\u00e3o Melek Al-Kamel (em 1219), que naquele tempo governava na Terra Santa. Foi um encontro pac\u00edfico, que deu in\u00edcio \u00e0 presen\u00e7a dos franciscanos na Terra Santa e que marcou tamb\u00e9m o estilo da presen\u00e7a da Ordem no decorrer dos s\u00e9culos, at\u00e9 hoje.<\/p>\n<p>Os frades n\u00e3o foram apenas os \u201cguardi\u00e3es\u201d das pedras e dos lugares, a fim de preservar seu valor, mas sua miss\u00e3o tamb\u00e9m foi a de fazer com que sejam vivas aquelas pedras, de fazer com elas falem ao cora\u00e7\u00e3o e \u00e0 mente de todos os que se colocam em peregrina\u00e7\u00e3o na Terra Santa, para conseguir ver as \u201csimples pedras\u201d como \u201cpedras amadas\u201d, atrav\u00e9s da f\u00e9.<\/p>\n<p>Esse cuidado especial, abra\u00e7ado pela Igreja e da Ordem dos Frades Menores, com os lugares onde Jesus viveu se mant\u00e9m atrav\u00e9s da mobiliza\u00e7\u00e3o por parte do Comissariado Terra Santa. Esta presen\u00e7a e as iniciativas desenvolvidas s\u00e3o poss\u00edveis gra\u00e7as \u00e0 contribui\u00e7\u00e3o dada por toda a Igreja na Sexta-Feira Santa. \u201cO primeiro a propor uma coleta, n\u00e3o tanto para a Sexta-feira Santa, mas para a Igreja de Jerusal\u00e9m, foi S\u00e3o Paulo, h\u00e1 quase 2000 anos; queria assim expressar o v\u00ednculo existente entre a Igreja de Jerusal\u00e9m e as Igrejas espalhadas por todo o mundo&#8221;, lembra o Cust\u00f3dio Frei Francesco Patton, que visitou recentemente o Brasil.<\/p>\n<p>O Prefeito da Congrega\u00e7\u00e3o para as Igrejas Orientais, Cardeal Leonardo Sandri, escreveu uma carta convocando a participa\u00e7\u00e3o dos fi\u00e9is na Coleta para a Terra Santa. Ele recorda que a Igreja Cat\u00f3lica exprime por meio da ora\u00e7\u00e3o e do ofert\u00f3rio o alento \u00e0s comunidades dos fi\u00e9is e aos Lugares Santos, sobretudo no dram\u00e1tico momento atual que se vive no Oriente M\u00e9dio. &#8220;\u00c9 important\u00edssimo manter os lugares de Jesus, porque esta \u00e9 uma aspira\u00e7\u00e3o profunda da alma de cada crist\u00e3o. Aproximando-se a estes lugares escutamos a sua voz com o eco da realidade geogr\u00e1fica que Jesus viu, mas tamb\u00e9m, \u00e9 importante sustentar a obra da Terra Santa porque a Terra Santa n\u00e3o s\u00e3o apenas pedras antigas de museu, mas s\u00e3o as pedras vivas da nossa comunidade&#8221;.<\/p>\n<p><strong>FREI IVO LEMBRA AS A\u00c7\u00d5ES NA CUST\u00d3DIA<\/strong><\/p>\n<p>Segundo o comiss\u00e1rio da Terra Santa e Obra Pia nesta Prov\u00edncia da Imaculada, Frei Ivo M\u00fcller, um total de 278 mission\u00e1rios t\u00eam atividades em 55 Santu\u00e1rios; 24 Par\u00f3quias; 15 Escolas; 4 Casas para enfermos e \u00f3rf\u00e3os; 6 Casas para peregrinos; 4 Casas para acolher peregrinos a pre\u00e7os modestos; 3 Institutos acad\u00eamicos; 2 Editoras (gr\u00e1ficas) para imprimir e divulgar as coisas da Terra Santa; 1500 empregos a crist\u00e3os; 630 moradias para que as fam\u00edlias crist\u00e3s n\u00e3o abandonem os Lugares Santos; 494 Bolsas de estudos anuais a estudantes universit\u00e1rios.<\/p>\n<p>\u201cO nosso maior desafio \u00e9 antes de tudo a manuten\u00e7\u00e3o dos santu\u00e1rios. Alguns necessitam de interven\u00e7\u00f5es extraordin\u00e1rias para a manuten\u00e7\u00e3o e isto exige muito esfor\u00e7o, muita energia e muitos recursos\u201d, revela o ec\u00f4nomo da Terra Santa, Frei Ramzi Sidawi. As bas\u00edlicas da Natividade e do Santo Sepulcro foram recentemente restauradas, gra\u00e7as a colabora\u00e7\u00e3o e generosidade de muit\u00edssimas pessoas. &#8220;Recordo, neste momento, a pequena comunidade crist\u00e3 no Oriente M\u00e9dio que continua a sustentar a f\u00e9 entre as pessoas desalojadas no Iraque e na S\u00edria, ou entre os refugiados na Jord\u00e2nia e no L\u00edbano. Os rostos dessas pessoas nos questionam sobre a sensa\u00e7\u00e3o de sermos crist\u00e3os, suas vidas provadas nos inspiram&#8221;, acrescenta Frei Ramzi. Desde 2011, v\u00e1rios conflitos acontecem na regi\u00e3o, com consequ\u00eancias dram\u00e1ticas vividas pelos s\u00edrios, de forma particular, e por toda a Igreja, que tem observado a diminui\u00e7\u00e3o no n\u00famero de fi\u00e9is, sendo que muitos deles tiveram que imigrar ou sofrem viol\u00eancia, \u00e0s vezes pelo simples fato de professar a f\u00e9.<\/p>\n<p><strong>MOTIVA\u00c7\u00c3O DA CNBB<\/strong><\/p>\n<p>O arcebispo de Belo Horizonte (MG), Dom Walmor Oliveira de Azevedo, que \u00e9 membro da Congrega\u00e7\u00e3o para as Igrejas Orientais da Santa S\u00e9, motiva a participa\u00e7\u00e3o dos brasileiros nesta a\u00e7\u00e3o, salientando que os lugares sagrados da Igreja Cat\u00f3lica s\u00e3o um patrim\u00f4nio de toda a humanidade e os templos \u201ct\u00eam valor inestim\u00e1vel para a espiritualidade e para a hist\u00f3ria\u201d.<\/p>\n<p>\u201cLugares de acolhida onde se celebra a f\u00e9, vivencia-se o sil\u00eancio e a ora\u00e7\u00e3o. Capelas, igrejas, catedrais e santu\u00e1rios t\u00eam significado forte e especial em todos os passos da civiliza\u00e7\u00e3o: receberam nossos antepassados e continuam contribuindo em campos t\u00e3o importantes, a exemplo da educa\u00e7\u00e3o, sa\u00fade, cuidado com os pobres, cultura e arte. Constituem, pois, uma heran\u00e7a nossa, indicando refer\u00eancia de onde viemos e para onde vamos. Sejamos solid\u00e1rios no cuidado de nossos lugares sagrados, especialmente nesta Sexta-feira Santa.\u201d<\/p>\n<p>H\u00e1 ainda a preocupa\u00e7\u00e3o com a situa\u00e7\u00e3o dos crist\u00e3os no Oriente M\u00e9dio, sob os olhares da Confer\u00eancia Nacional dos Bispos do Brasil (CNBB), que realizou campanhas de arrecada\u00e7\u00e3o em favor dos crist\u00e3os da regi\u00e3o e tem um trabalho com migrantes no \u00e2mbito da Setor Pastoral da Mobilidade Humana.<\/p>\n<p>As coletas para a Terra Santa podem ser repassadas \u00e0s dioceses (por meio das ofertas nas celebra\u00e7\u00f5es da Cruz) ou diretamente depositadas na conta do Comissariado:<\/p>\n<blockquote><p>Banco Bradesco \u2013 Ag. 3403-7 (Petr\u00f3polis)<br \/>\nConta corrente n\u00b0 11174-0<br \/>\nFavorecido: Obra Pia da Terra Santa<br \/>\nCNPJ: 62.670.062\/0001-68<\/p><\/blockquote>\n<p><img loading=\"lazy\" src=\"http:\/\/franciscanos.org.br\/wp-content\/uploads\/2018\/03\/frades_280318_3.jpg\" alt=\"frades_280318_3\" width=\"830\" height=\"386\" \/><\/p>\n<p><strong>800 ANOS NA TERRA SANTA<\/strong><\/p>\n<p>No Cap\u00edtulo Geral da Ordem realizado em 1217, em Santa Maria dos Anjos, na Porci\u00fancula, pr\u00f3ximo de Assis, a Ordem dos Frades Menores se abriu \u00e0 dimens\u00e3o mission\u00e1ria e universal. Nessa ocasi\u00e3o, S\u00e3o Francisco decidiu enviar seus frades, como testemunhas de fraternidade e de paz, por todo o mundo conhecido. Desse modo, o mundo foi, de certa forma, dividido em \u201cProv\u00edncias\u201d franciscanas e os frades, partindo de Assis, espalharam-se pelos quatro pontos cardeais. Naquela ocasi\u00e3o, a Terra Santa n\u00e3o foi esquecida. \u00c9 importante assinalar que Eg\u00eddio de Assis foi o primeiro frade a marcar presen\u00e7a no Oriente M\u00e9dio. Dois anos depois, em 1219, o pr\u00f3prio S\u00e3o Francisco de Assis tornou-se peregrino e mission\u00e1rio na Terra Santa. Dessa viagem resulta o encontro com o Sult\u00e3o, que ocorreu em Damietta, no Egito, no contexto da Quinta Cruzada. O encontro de Francisco com o sult\u00e3o Malek Al- Kamel, que naquele tempo governava no Oriente, foi pac\u00edfico e deu in\u00edcio \u00e0 presen\u00e7a dos franciscanos na terra que transmite a mem\u00f3ria do mist\u00e9rio e da paix\u00e3o, morte e ressurrei\u00e7\u00e3o de Jesus.<\/p>\n<p>Por ocasi\u00e3o das celebra\u00e7\u00f5es dos 800 anos, o Papa Francisco enviou uma carta ao Cust\u00f3dio da Terra Santa, padre Francesco Patton, OFM, encorajando os franciscanos a perseveraram neste trabalho a favor sobretudo dos mais pobres, dos jovens, idosos e enfermos. Segundo o Santo Padre, os franciscanos s\u00e3o simples e pobres, ass\u00edduos na contempla\u00e7\u00e3o e na ora\u00e7\u00e3o, e empenhados tamb\u00e9m no presente, em viver na Terra Santa ao lado de irm\u00e3os de diferentes culturas, etnias e religi\u00f5es, semeando paz, fraternidade e respeito. \u201cN\u00e3o quero esquecer, al\u00e9m da cust\u00f3dia e da anima\u00e7\u00e3o dos Santu\u00e1rios, o seu empenho a servi\u00e7o da comunidade eclesial local\u201d, lembrou Francisco.<\/p>\n<p>Atualmente h\u00e1 comunidades franciscanas em Israel, Palestina, Jord\u00e2nia, L\u00edbano, S\u00edria, Chipre, Rhodes e Egito. A Cust\u00f3dia da Terra Santa \u00e9 a \u00fanica Prov\u00edncia (um grupo organizado e local de comunidades) da Ordem com car\u00e1ter internacional.<\/p>\n","protected":false},"excerpt":{"rendered":"<p> Terra Santa<\/p>\n","protected":false},"author":1,"featured_media":0,"comment_status":"open","ping_status":"open","sticky":false,"template":"","format":"standard","meta":[],"categories":[1],"tags":[1433],"acf":[],"yoast_head":"<!-- This site is optimized with the Yoast SEO plugin v19.2 - https:\/\/yoast.com\/wordpress\/plugins\/seo\/ -->\n<title>Coleta sustenta presen\u00e7a crist\u00e3 na Terra Santa - Not\u00edcias - Franciscanos<\/title>\n<meta name=\"robots\" content=\"index, follow, max-snippet:-1, max-image-preview:large, max-video-preview:-1\" \/>\n<link rel=\"canonical\" href=\"https:\/\/franciscanos.org.br\/noticias\/coleta-sustenta-presenca-crista-na-terra-santa.html\" \/>\n<meta property=\"og:locale\" content=\"pt_BR\" \/>\n<meta property=\"og:type\" content=\"article\" \/>\n<meta property=\"og:title\" content=\"Coleta sustenta presen\u00e7a crist\u00e3 na Terra Santa - Not\u00edcias - Franciscanos\" \/>\n<meta property=\"og:description\" content=\"Terra Santa\" \/>\n<meta property=\"og:url\" content=\"https:\/\/franciscanos.org.br\/noticias\/coleta-sustenta-presenca-crista-na-terra-santa.html\" \/>\n<meta property=\"og:site_name\" content=\"Not\u00edcias - Franciscanos\" \/>\n<meta property=\"article:published_time\" content=\"2018-03-28T12:24:53+00:00\" \/>\n<meta property=\"article:modified_time\" content=\"2021-01-20T16:31:10+00:00\" \/>\n<meta property=\"og:image\" content=\"http:\/\/franciscanos.org.br\/wp-content\/uploads\/2018\/03\/coletaterrasanta_280318-830.jpg\" \/>\n<meta name=\"author\" content=\"admin\" \/>\n<meta name=\"twitter:card\" content=\"summary_large_image\" \/>\n<meta name=\"twitter:label1\" content=\"Escrito por\" \/>\n\t<meta name=\"twitter:data1\" content=\"admin\" \/>\n\t<meta name=\"twitter:label2\" content=\"Est. tempo de leitura\" \/>\n\t<meta name=\"twitter:data2\" content=\"7 minutos\" \/>\n<script type=\"application\/ld+json\" class=\"yoast-schema-graph\">{\"@context\":\"https:\/\/schema.org\",\"@graph\":[{\"@type\":\"WebSite\",\"@id\":\"https:\/\/franciscanos.org.br\/noticias\/#website\",\"url\":\"https:\/\/franciscanos.org.br\/noticias\/\",\"name\":\"Not\u00edcias - Franciscanos\",\"description\":\"Prov\u00edncia Franciscana da Imaculada Concei\u00e7\u00e3o do Brasil - Ordem dos Frades Menores - OFM\",\"potentialAction\":[{\"@type\":\"SearchAction\",\"target\":{\"@type\":\"EntryPoint\",\"urlTemplate\":\"https:\/\/franciscanos.org.br\/noticias\/?s={search_term_string}\"},\"query-input\":\"required name=search_term_string\"}],\"inLanguage\":\"pt-BR\"},{\"@type\":\"ImageObject\",\"inLanguage\":\"pt-BR\",\"@id\":\"https:\/\/franciscanos.org.br\/noticias\/coleta-sustenta-presenca-crista-na-terra-santa.html#primaryimage\",\"url\":\"http:\/\/franciscanos.org.br\/wp-content\/uploads\/2018\/03\/coletaterrasanta_280318-830.jpg\",\"contentUrl\":\"http:\/\/franciscanos.org.br\/wp-content\/uploads\/2018\/03\/coletaterrasanta_280318-830.jpg\"},{\"@type\":\"WebPage\",\"@id\":\"https:\/\/franciscanos.org.br\/noticias\/coleta-sustenta-presenca-crista-na-terra-santa.html#webpage\",\"url\":\"https:\/\/franciscanos.org.br\/noticias\/coleta-sustenta-presenca-crista-na-terra-santa.html\",\"name\":\"Coleta sustenta presen\u00e7a crist\u00e3 na Terra Santa - Not\u00edcias - Franciscanos\",\"isPartOf\":{\"@id\":\"https:\/\/franciscanos.org.br\/noticias\/#website\"},\"primaryImageOfPage\":{\"@id\":\"https:\/\/franciscanos.org.br\/noticias\/coleta-sustenta-presenca-crista-na-terra-santa.html#primaryimage\"},\"datePublished\":\"2018-03-28T12:24:53+00:00\",\"dateModified\":\"2021-01-20T16:31:10+00:00\",\"author\":{\"@id\":\"https:\/\/franciscanos.org.br\/noticias\/#\/schema\/person\/b38fbf43118f02820bd932f2e4b14ad3\"},\"breadcrumb\":{\"@id\":\"https:\/\/franciscanos.org.br\/noticias\/coleta-sustenta-presenca-crista-na-terra-santa.html#breadcrumb\"},\"inLanguage\":\"pt-BR\",\"potentialAction\":[{\"@type\":\"ReadAction\",\"target\":[\"https:\/\/franciscanos.org.br\/noticias\/coleta-sustenta-presenca-crista-na-terra-santa.html\"]}]},{\"@type\":\"BreadcrumbList\",\"@id\":\"https:\/\/franciscanos.org.br\/noticias\/coleta-sustenta-presenca-crista-na-terra-santa.html#breadcrumb\",\"itemListElement\":[{\"@type\":\"ListItem\",\"position\":1,\"name\":\"Home\",\"item\":\"https:\/\/franciscanos.org.br\/noticias\"},{\"@type\":\"ListItem\",\"position\":2,\"name\":\"Coleta sustenta presen\u00e7a crist\u00e3 na Terra Santa\"}]},{\"@type\":\"Person\",\"@id\":\"https:\/\/franciscanos.org.br\/noticias\/#\/schema\/person\/b38fbf43118f02820bd932f2e4b14ad3\",\"name\":\"admin\",\"image\":{\"@type\":\"ImageObject\",\"inLanguage\":\"pt-BR\",\"@id\":\"https:\/\/franciscanos.org.br\/noticias\/#\/schema\/person\/image\/\",\"url\":\"https:\/\/secure.gravatar.com\/avatar\/e8495742d34d0ba6448ea1c628263b3e?s=96&d=mm&r=g\",\"contentUrl\":\"https:\/\/secure.gravatar.com\/avatar\/e8495742d34d0ba6448ea1c628263b3e?s=96&d=mm&r=g\",\"caption\":\"admin\"},\"url\":\"https:\/\/franciscanos.org.br\/noticias\/author\/admin\"}]}<\/script>\n<!-- \/ Yoast SEO plugin. -->","yoast_head_json":{"title":"Coleta sustenta presen\u00e7a crist\u00e3 na Terra Santa - Not\u00edcias - Franciscanos","robots":{"index":"index","follow":"follow","max-snippet":"max-snippet:-1","max-image-preview":"max-image-preview:large","max-video-preview":"max-video-preview:-1"},"canonical":"https:\/\/franciscanos.org.br\/noticias\/coleta-sustenta-presenca-crista-na-terra-santa.html","og_locale":"pt_BR","og_type":"article","og_title":"Coleta sustenta presen\u00e7a crist\u00e3 na Terra Santa - Not\u00edcias - Franciscanos","og_description":"Terra Santa","og_url":"https:\/\/franciscanos.org.br\/noticias\/coleta-sustenta-presenca-crista-na-terra-santa.html","og_site_name":"Not\u00edcias - Franciscanos","article_published_time":"2018-03-28T12:24:53+00:00","article_modified_time":"2021-01-20T16:31:10+00:00","og_image":[{"url":"http:\/\/franciscanos.org.br\/wp-content\/uploads\/2018\/03\/coletaterrasanta_280318-830.jpg"}],"author":"admin","twitter_card":"summary_large_image","twitter_misc":{"Escrito por":"admin","Est. tempo de leitura":"7 minutos"},"schema":{"@context":"https:\/\/schema.org","@graph":[{"@type":"WebSite","@id":"https:\/\/franciscanos.org.br\/noticias\/#website","url":"https:\/\/franciscanos.org.br\/noticias\/","name":"Not\u00edcias - Franciscanos","description":"Prov\u00edncia Franciscana da Imaculada Concei\u00e7\u00e3o do Brasil - Ordem dos Frades Menores - OFM","potentialAction":[{"@type":"SearchAction","target":{"@type":"EntryPoint","urlTemplate":"https:\/\/franciscanos.org.br\/noticias\/?s={search_term_string}"},"query-input":"required name=search_term_string"}],"inLanguage":"pt-BR"},{"@type":"ImageObject","inLanguage":"pt-BR","@id":"https:\/\/franciscanos.org.br\/noticias\/coleta-sustenta-presenca-crista-na-terra-santa.html#primaryimage","url":"http:\/\/franciscanos.org.br\/wp-content\/uploads\/2018\/03\/coletaterrasanta_280318-830.jpg","contentUrl":"http:\/\/franciscanos.org.br\/wp-content\/uploads\/2018\/03\/coletaterrasanta_280318-830.jpg"},{"@type":"WebPage","@id":"https:\/\/franciscanos.org.br\/noticias\/coleta-sustenta-presenca-crista-na-terra-santa.html#webpage","url":"https:\/\/franciscanos.org.br\/noticias\/coleta-sustenta-presenca-crista-na-terra-santa.html","name":"Coleta sustenta presen\u00e7a crist\u00e3 na Terra Santa - Not\u00edcias - Franciscanos","isPartOf":{"@id":"https:\/\/franciscanos.org.br\/noticias\/#website"},"primaryImageOfPage":{"@id":"https:\/\/franciscanos.org.br\/noticias\/coleta-sustenta-presenca-crista-na-terra-santa.html#primaryimage"},"datePublished":"2018-03-28T12:24:53+00:00","dateModified":"2021-01-20T16:31:10+00:00","author":{"@id":"https:\/\/franciscanos.org.br\/noticias\/#\/schema\/person\/b38fbf43118f02820bd932f2e4b14ad3"},"breadcrumb":{"@id":"https:\/\/franciscanos.org.br\/noticias\/coleta-sustenta-presenca-crista-na-terra-santa.html#breadcrumb"},"inLanguage":"pt-BR","potentialAction":[{"@type":"ReadAction","target":["https:\/\/franciscanos.org.br\/noticias\/coleta-sustenta-presenca-crista-na-terra-santa.html"]}]},{"@type":"BreadcrumbList","@id":"https:\/\/franciscanos.org.br\/noticias\/coleta-sustenta-presenca-crista-na-terra-santa.html#breadcrumb","itemListElement":[{"@type":"ListItem","position":1,"name":"Home","item":"https:\/\/franciscanos.org.br\/noticias"},{"@type":"ListItem","position":2,"name":"Coleta sustenta presen\u00e7a crist\u00e3 na Terra Santa"}]},{"@type":"Person","@id":"https:\/\/franciscanos.org.br\/noticias\/#\/schema\/person\/b38fbf43118f02820bd932f2e4b14ad3","name":"admin","image":{"@type":"ImageObject","inLanguage":"pt-BR","@id":"https:\/\/franciscanos.org.br\/noticias\/#\/schema\/person\/image\/","url":"https:\/\/secure.gravatar.com\/avatar\/e8495742d34d0ba6448ea1c628263b3e?s=96&d=mm&r=g","contentUrl":"https:\/\/secure.gravatar.com\/avatar\/e8495742d34d0ba6448ea1c628263b3e?s=96&d=mm&r=g","caption":"admin"},"url":"https:\/\/franciscanos.org.br\/noticias\/author\/admin"}]}},"_links":{"self":[{"href":"https:\/\/franciscanos.org.br\/noticias\/wp-json\/wp\/v2\/posts\/154967"}],"collection":[{"href":"https:\/\/franciscanos.org.br\/noticias\/wp-json\/wp\/v2\/posts"}],"about":[{"href":"https:\/\/franciscanos.org.br\/noticias\/wp-json\/wp\/v2\/types\/post"}],"author":[{"embeddable":true,"href":"https:\/\/franciscanos.org.br\/noticias\/wp-json\/wp\/v2\/users\/1"}],"replies":[{"embeddable":true,"href":"https:\/\/franciscanos.org.br\/noticias\/wp-json\/wp\/v2\/comments?post=154967"}],"version-history":[{"count":2,"href":"https:\/\/franciscanos.org.br\/noticias\/wp-json\/wp\/v2\/posts\/154967\/revisions"}],"predecessor-version":[{"id":230518,"href":"https:\/\/franciscanos.org.br\/noticias\/wp-json\/wp\/v2\/posts\/154967\/revisions\/230518"}],"wp:attachment":[{"href":"https:\/\/franciscanos.org.br\/noticias\/wp-json\/wp\/v2\/media?parent=154967"}],"wp:term":[{"taxonomy":"category","embeddable":true,"href":"https:\/\/franciscanos.org.br\/noticias\/wp-json\/wp\/v2\/categories?post=154967"},{"taxonomy":"post_tag","embeddable":true,"href":"https:\/\/franciscanos.org.br\/noticias\/wp-json\/wp\/v2\/tags?post=154967"}],"curies":[{"name":"wp","href":"https:\/\/api.w.org\/{rel}","templated":true}]}}