{"id":154889,"date":"2018-03-26T15:35:53","date_gmt":"2018-03-26T18:35:53","guid":{"rendered":"http:\/\/franciscanos.org.br\/?p=154889"},"modified":"2019-08-13T09:29:49","modified_gmt":"2019-08-13T12:29:49","slug":"domingo-de-ramos-da-inicio-as-celebracoes-da-semana-santa-em-agudos","status":"publish","type":"post","link":"https:\/\/franciscanos.org.br\/noticias\/domingo-de-ramos-da-inicio-as-celebracoes-da-semana-santa-em-agudos.html","title":{"rendered":"Domingo de Ramos da in\u00edcio as celebra\u00e7\u00f5es da Semana Santa em Agudos"},"content":{"rendered":"<p class=\"m_-2559071847842850239ydp1c4f0389MsoNormal\"><img loading=\"lazy\" src=\"http:\/\/franciscanos.org.br\/wp-content\/uploads\/2018\/03\/ramos_260318-e1522089391990.jpg\" alt=\"ramos_260318\" width=\"830\" height=\"400\" \/><\/p>\n<p class=\"m_-2559071847842850239ydp1c4f0389MsoNormal\">Relembrando a triunfal entrada de Jesus Cristo em Jerusal\u00e9m, a Par\u00f3quia S\u00e3o Paulo Ap\u00f3stolo de Agudos (SP) abriu as celebra\u00e7\u00f5es da Semana Santa\u00a0no domingo (25\/03) com a\u00a0missa de Domingo de Ramos.\u00a0 A semana mais importante para os cat\u00f3licos continua com celebra\u00e7\u00f5es e momentos que representam a Paix\u00e3o, Morte e Ressurrei\u00e7\u00e3o de Jesus Cristo.<\/p>\n<p class=\"m_-2559071847842850239ydp1c4f0389MsoNormal\">Nesta segunda-feira (26) haver\u00e1 a celebra\u00e7\u00e3o de devo\u00e7\u00e3o \u00e0 Nossa Senhora das Dores na Matriz, \u00e0s 19h. Amanh\u00e3 (27), Ter\u00e7a-feira Santa,\u00a0esta sendo\u00a0preparada a prociss\u00e3o do Encontro, com sa\u00edda do Jardim Cruzeiro, \u00e0s 19h30 e percurso pelas ruas da cidade de Agudos. Nesse momento, todos poder\u00e3o refletir sobre o angustiante encontro de Nossa Senhora com Jesus Cristo carregando a cruz no caminho do Calv\u00e1rio.<\/p>\n<p class=\"m_-2559071847842850239ydp1c4f0389MsoNormal\">Na quinta-feira Santa (29), \u00e0s 15h, ser\u00e1 realizada uma encena\u00e7\u00e3o do tradicional Lava-p\u00e9s, preparado pelo grupo teatral da professora Nina. \u00c0 noite, 19h30, haver\u00e1 tamb\u00e9m Missa da Ceia do Senhor na Matriz e na comunidade Nossa Senhora Aparecida.<\/p>\n<p class=\"m_-2559071847842850239ydp1c4f0389MsoNormal\">Na Sexta-feira Santa, (30), haver\u00e1 a Via-sacra na pra\u00e7a da Matriz \u00e0s 8h e a celebra\u00e7\u00e3o da Paix\u00e3o \u00e0s 15h nas comunidades Nossa Senhora Aparecida e na Matriz. O S\u00e1bado Santo (31) ser\u00e1 dedicado \u00e0 Vig\u00edlia Pascal, realizada \u00e0s 19h30 na Matriz e Nossa Senhora Aparecida.<\/p>\n<p class=\"m_-2559071847842850239ydp1c4f0389MsoNormal\">A Semana Santa se encerra com o Domingo de P\u00e1scoa (01\/04) e contar\u00e1 com Missas e celebra\u00e7\u00f5es da Ressurrei\u00e7\u00e3o de Nosso Senhor Jesus Cristo durante a manh\u00e3 e fim da tarde e noite em todas as comunidades da Par\u00f3quia.<\/p>\n<p class=\"m_-2559071847842850239ydp1c4f0389MsoNormal\"><b>Confira a programa\u00e7\u00e3o completa:<\/b><b><\/b><\/p>\n<p class=\"m_-2559071847842850239ydp1c4f0389MsoNormal\"><b>Dia 26\/03 &#8211; Segunda-feira Santa:<\/b>\u00a019h \u2013 Matriz \u2013 Celebra\u00e7\u00e3o de devo\u00e7\u00e3o \u00e0 Nossa Senhora das Dores<\/p>\n<p class=\"m_-2559071847842850239ydp1c4f0389MsoNormal\"><b>Dia 27\/03 &#8211; Ter\u00e7a-feira Santa<\/b>: 19h30 \u2013 Prociss\u00e3o do Encontro, sa\u00edda do Jardim Cruzeiro<\/p>\n<p class=\"m_-2559071847842850239ydp1c4f0389MsoNormal\"><b>Dia 29\/03 &#8211; Quinta-feira Santa<\/b>: 15h Matriz \u2013 encena\u00e7\u00e3o teatral para as crian\u00e7as\/ 19h30 \u2013 Celebra\u00e7\u00e3o da Ceia do Senhor nas comunidades Matriz e Nossa Senhora Aparecida<\/p>\n<p class=\"m_-2559071847842850239ydp1c4f0389MsoNormal\"><b>Dia 30\/03 &#8211; Sexta-feira Santa<\/b>\u00a0 &#8211; 8h \u2013 Via-Sacra na Pra\u00e7a da Matriz \/ 15h \u2013 Celebra\u00e7\u00e3o da Paix\u00e3o nas comunidades Matriz e Nossa Senhora Aparecida<\/p>\n<p class=\"m_-2559071847842850239ydp1c4f0389MsoNormal\"><b>Dia 31\/03 S\u00e1bado Santo<\/b>\u00a0\u201319h30 \u2013 Vig\u00edlia Pascal nas comunidades Matriz e Nossa Senhora Aparecida<\/p>\n<p class=\"m_-2559071847842850239ydp1c4f0389MsoNormal\"><b>Dia 01\/04 Domingo de P\u00e1scoa<\/b>\u00a0\u2013 Missas e Celebra\u00e7\u00f5es da Ressurrei\u00e7\u00e3o de Nosso Senhor Jesus Cristo: 7h30 \u2013 Comunidade S\u00e3o Francisco \/ 8h \u2013 Nossa Senhora das Gra\u00e7as \/ 9h \u2013 Matriz \/ 10h30 \u2013 Nossa Senhora Aparecida \/ 17h30 \u2013 S\u00e3o Jo\u00e3o Batista \/ 17h30 \u2013 Santa Cec\u00edlia \/ 19h \u2013 Matriz.<\/p>\n<p class=\"m_-2559071847842850239ydp1c4f0389MsoNormal\"><strong>Pascom da Par\u00f3quia<\/strong><\/p>\n","protected":false},"excerpt":{"rendered":"<p>Semana Santa<\/p>\n","protected":false},"author":5,"featured_media":201916,"comment_status":"open","ping_status":"open","sticky":false,"template":"","format":"standard","meta":[],"categories":[1],"tags":[1145],"acf":[],"yoast_head":"<!-- This site is optimized with the Yoast SEO plugin v19.2 - https:\/\/yoast.com\/wordpress\/plugins\/seo\/ -->\n<title>Domingo de Ramos da in\u00edcio as celebra\u00e7\u00f5es da Semana Santa em Agudos - Not\u00edcias - Franciscanos<\/title>\n<meta name=\"robots\" content=\"index, follow, max-snippet:-1, max-image-preview:large, max-video-preview:-1\" \/>\n<link rel=\"canonical\" href=\"https:\/\/franciscanos.org.br\/noticias\/domingo-de-ramos-da-inicio-as-celebracoes-da-semana-santa-em-agudos.html\" \/>\n<meta property=\"og:locale\" content=\"pt_BR\" \/>\n<meta property=\"og:type\" content=\"article\" \/>\n<meta property=\"og:title\" content=\"Domingo de Ramos da in\u00edcio as celebra\u00e7\u00f5es da Semana Santa em Agudos - Not\u00edcias - Franciscanos\" \/>\n<meta property=\"og:description\" content=\"Semana Santa\" \/>\n<meta property=\"og:url\" content=\"https:\/\/franciscanos.org.br\/noticias\/domingo-de-ramos-da-inicio-as-celebracoes-da-semana-santa-em-agudos.html\" \/>\n<meta property=\"og:site_name\" content=\"Not\u00edcias - Franciscanos\" \/>\n<meta property=\"article:published_time\" content=\"2018-03-26T18:35:53+00:00\" \/>\n<meta property=\"article:modified_time\" content=\"2019-08-13T12:29:49+00:00\" \/>\n<meta property=\"og:image\" content=\"https:\/\/franciscanos.org.br\/noticias\/wp-content\/uploads\/2018\/03\/ramos_260318-e1522089391990.jpg\" \/>\n\t<meta property=\"og:image:width\" content=\"273\" \/>\n\t<meta property=\"og:image:height\" content=\"181\" \/>\n\t<meta property=\"og:image:type\" content=\"image\/jpeg\" \/>\n<meta name=\"author\" content=\"freiaugusto\" \/>\n<meta name=\"twitter:card\" content=\"summary_large_image\" \/>\n<meta name=\"twitter:label1\" content=\"Escrito por\" \/>\n\t<meta name=\"twitter:data1\" content=\"freiaugusto\" \/>\n\t<meta name=\"twitter:label2\" content=\"Est. tempo de leitura\" \/>\n\t<meta name=\"twitter:data2\" content=\"2 minutos\" \/>\n<script type=\"application\/ld+json\" class=\"yoast-schema-graph\">{\"@context\":\"https:\/\/schema.org\",\"@graph\":[{\"@type\":\"WebSite\",\"@id\":\"https:\/\/franciscanos.org.br\/noticias\/#website\",\"url\":\"https:\/\/franciscanos.org.br\/noticias\/\",\"name\":\"Not\u00edcias - Franciscanos\",\"description\":\"Prov\u00edncia Franciscana da Imaculada Concei\u00e7\u00e3o do Brasil - Ordem dos Frades Menores - OFM\",\"potentialAction\":[{\"@type\":\"SearchAction\",\"target\":{\"@type\":\"EntryPoint\",\"urlTemplate\":\"https:\/\/franciscanos.org.br\/noticias\/?s={search_term_string}\"},\"query-input\":\"required name=search_term_string\"}],\"inLanguage\":\"pt-BR\"},{\"@type\":\"ImageObject\",\"inLanguage\":\"pt-BR\",\"@id\":\"https:\/\/franciscanos.org.br\/noticias\/domingo-de-ramos-da-inicio-as-celebracoes-da-semana-santa-em-agudos.html#primaryimage\",\"url\":\"https:\/\/franciscanos.org.br\/noticias\/wp-content\/uploads\/2018\/03\/ramos_260318-e1522089391990.jpg\",\"contentUrl\":\"https:\/\/franciscanos.org.br\/noticias\/wp-content\/uploads\/2018\/03\/ramos_260318-e1522089391990.jpg\",\"width\":273,\"height\":181},{\"@type\":\"WebPage\",\"@id\":\"https:\/\/franciscanos.org.br\/noticias\/domingo-de-ramos-da-inicio-as-celebracoes-da-semana-santa-em-agudos.html#webpage\",\"url\":\"https:\/\/franciscanos.org.br\/noticias\/domingo-de-ramos-da-inicio-as-celebracoes-da-semana-santa-em-agudos.html\",\"name\":\"Domingo de Ramos da in\u00edcio as celebra\u00e7\u00f5es da Semana Santa em Agudos - Not\u00edcias - Franciscanos\",\"isPartOf\":{\"@id\":\"https:\/\/franciscanos.org.br\/noticias\/#website\"},\"primaryImageOfPage\":{\"@id\":\"https:\/\/franciscanos.org.br\/noticias\/domingo-de-ramos-da-inicio-as-celebracoes-da-semana-santa-em-agudos.html#primaryimage\"},\"datePublished\":\"2018-03-26T18:35:53+00:00\",\"dateModified\":\"2019-08-13T12:29:49+00:00\",\"author\":{\"@id\":\"https:\/\/franciscanos.org.br\/noticias\/#\/schema\/person\/37f88f0d111cd5358b12a6556a99eb91\"},\"breadcrumb\":{\"@id\":\"https:\/\/franciscanos.org.br\/noticias\/domingo-de-ramos-da-inicio-as-celebracoes-da-semana-santa-em-agudos.html#breadcrumb\"},\"inLanguage\":\"pt-BR\",\"potentialAction\":[{\"@type\":\"ReadAction\",\"target\":[\"https:\/\/franciscanos.org.br\/noticias\/domingo-de-ramos-da-inicio-as-celebracoes-da-semana-santa-em-agudos.html\"]}]},{\"@type\":\"BreadcrumbList\",\"@id\":\"https:\/\/franciscanos.org.br\/noticias\/domingo-de-ramos-da-inicio-as-celebracoes-da-semana-santa-em-agudos.html#breadcrumb\",\"itemListElement\":[{\"@type\":\"ListItem\",\"position\":1,\"name\":\"Home\",\"item\":\"https:\/\/franciscanos.org.br\/noticias\"},{\"@type\":\"ListItem\",\"position\":2,\"name\":\"Domingo de Ramos da in\u00edcio as celebra\u00e7\u00f5es da Semana Santa em Agudos\"}]},{\"@type\":\"Person\",\"@id\":\"https:\/\/franciscanos.org.br\/noticias\/#\/schema\/person\/37f88f0d111cd5358b12a6556a99eb91\",\"name\":\"freiaugusto\",\"image\":{\"@type\":\"ImageObject\",\"inLanguage\":\"pt-BR\",\"@id\":\"https:\/\/franciscanos.org.br\/noticias\/#\/schema\/person\/image\/\",\"url\":\"https:\/\/secure.gravatar.com\/avatar\/9840b940e621801b24f3e6b059efb4b7?s=96&d=mm&r=g\",\"contentUrl\":\"https:\/\/secure.gravatar.com\/avatar\/9840b940e621801b24f3e6b059efb4b7?s=96&d=mm&r=g\",\"caption\":\"freiaugusto\"},\"url\":\"https:\/\/franciscanos.org.br\/noticias\/author\/freiaugusto\"}]}<\/script>\n<!-- \/ Yoast SEO plugin. -->","yoast_head_json":{"title":"Domingo de Ramos da in\u00edcio as celebra\u00e7\u00f5es da Semana Santa em Agudos - Not\u00edcias - Franciscanos","robots":{"index":"index","follow":"follow","max-snippet":"max-snippet:-1","max-image-preview":"max-image-preview:large","max-video-preview":"max-video-preview:-1"},"canonical":"https:\/\/franciscanos.org.br\/noticias\/domingo-de-ramos-da-inicio-as-celebracoes-da-semana-santa-em-agudos.html","og_locale":"pt_BR","og_type":"article","og_title":"Domingo de Ramos da in\u00edcio as celebra\u00e7\u00f5es da Semana Santa em Agudos - Not\u00edcias - Franciscanos","og_description":"Semana Santa","og_url":"https:\/\/franciscanos.org.br\/noticias\/domingo-de-ramos-da-inicio-as-celebracoes-da-semana-santa-em-agudos.html","og_site_name":"Not\u00edcias - Franciscanos","article_published_time":"2018-03-26T18:35:53+00:00","article_modified_time":"2019-08-13T12:29:49+00:00","og_image":[{"width":273,"height":181,"url":"https:\/\/franciscanos.org.br\/noticias\/wp-content\/uploads\/2018\/03\/ramos_260318-e1522089391990.jpg","type":"image\/jpeg"}],"author":"freiaugusto","twitter_card":"summary_large_image","twitter_misc":{"Escrito por":"freiaugusto","Est. tempo de leitura":"2 minutos"},"schema":{"@context":"https:\/\/schema.org","@graph":[{"@type":"WebSite","@id":"https:\/\/franciscanos.org.br\/noticias\/#website","url":"https:\/\/franciscanos.org.br\/noticias\/","name":"Not\u00edcias - Franciscanos","description":"Prov\u00edncia Franciscana da Imaculada Concei\u00e7\u00e3o do Brasil - Ordem dos Frades Menores - OFM","potentialAction":[{"@type":"SearchAction","target":{"@type":"EntryPoint","urlTemplate":"https:\/\/franciscanos.org.br\/noticias\/?s={search_term_string}"},"query-input":"required name=search_term_string"}],"inLanguage":"pt-BR"},{"@type":"ImageObject","inLanguage":"pt-BR","@id":"https:\/\/franciscanos.org.br\/noticias\/domingo-de-ramos-da-inicio-as-celebracoes-da-semana-santa-em-agudos.html#primaryimage","url":"https:\/\/franciscanos.org.br\/noticias\/wp-content\/uploads\/2018\/03\/ramos_260318-e1522089391990.jpg","contentUrl":"https:\/\/franciscanos.org.br\/noticias\/wp-content\/uploads\/2018\/03\/ramos_260318-e1522089391990.jpg","width":273,"height":181},{"@type":"WebPage","@id":"https:\/\/franciscanos.org.br\/noticias\/domingo-de-ramos-da-inicio-as-celebracoes-da-semana-santa-em-agudos.html#webpage","url":"https:\/\/franciscanos.org.br\/noticias\/domingo-de-ramos-da-inicio-as-celebracoes-da-semana-santa-em-agudos.html","name":"Domingo de Ramos da in\u00edcio as celebra\u00e7\u00f5es da Semana Santa em Agudos - Not\u00edcias - Franciscanos","isPartOf":{"@id":"https:\/\/franciscanos.org.br\/noticias\/#website"},"primaryImageOfPage":{"@id":"https:\/\/franciscanos.org.br\/noticias\/domingo-de-ramos-da-inicio-as-celebracoes-da-semana-santa-em-agudos.html#primaryimage"},"datePublished":"2018-03-26T18:35:53+00:00","dateModified":"2019-08-13T12:29:49+00:00","author":{"@id":"https:\/\/franciscanos.org.br\/noticias\/#\/schema\/person\/37f88f0d111cd5358b12a6556a99eb91"},"breadcrumb":{"@id":"https:\/\/franciscanos.org.br\/noticias\/domingo-de-ramos-da-inicio-as-celebracoes-da-semana-santa-em-agudos.html#breadcrumb"},"inLanguage":"pt-BR","potentialAction":[{"@type":"ReadAction","target":["https:\/\/franciscanos.org.br\/noticias\/domingo-de-ramos-da-inicio-as-celebracoes-da-semana-santa-em-agudos.html"]}]},{"@type":"BreadcrumbList","@id":"https:\/\/franciscanos.org.br\/noticias\/domingo-de-ramos-da-inicio-as-celebracoes-da-semana-santa-em-agudos.html#breadcrumb","itemListElement":[{"@type":"ListItem","position":1,"name":"Home","item":"https:\/\/franciscanos.org.br\/noticias"},{"@type":"ListItem","position":2,"name":"Domingo de Ramos da in\u00edcio as celebra\u00e7\u00f5es da Semana Santa em Agudos"}]},{"@type":"Person","@id":"https:\/\/franciscanos.org.br\/noticias\/#\/schema\/person\/37f88f0d111cd5358b12a6556a99eb91","name":"freiaugusto","image":{"@type":"ImageObject","inLanguage":"pt-BR","@id":"https:\/\/franciscanos.org.br\/noticias\/#\/schema\/person\/image\/","url":"https:\/\/secure.gravatar.com\/avatar\/9840b940e621801b24f3e6b059efb4b7?s=96&d=mm&r=g","contentUrl":"https:\/\/secure.gravatar.com\/avatar\/9840b940e621801b24f3e6b059efb4b7?s=96&d=mm&r=g","caption":"freiaugusto"},"url":"https:\/\/franciscanos.org.br\/noticias\/author\/freiaugusto"}]}},"_links":{"self":[{"href":"https:\/\/franciscanos.org.br\/noticias\/wp-json\/wp\/v2\/posts\/154889"}],"collection":[{"href":"https:\/\/franciscanos.org.br\/noticias\/wp-json\/wp\/v2\/posts"}],"about":[{"href":"https:\/\/franciscanos.org.br\/noticias\/wp-json\/wp\/v2\/types\/post"}],"author":[{"embeddable":true,"href":"https:\/\/franciscanos.org.br\/noticias\/wp-json\/wp\/v2\/users\/5"}],"replies":[{"embeddable":true,"href":"https:\/\/franciscanos.org.br\/noticias\/wp-json\/wp\/v2\/comments?post=154889"}],"version-history":[{"count":0,"href":"https:\/\/franciscanos.org.br\/noticias\/wp-json\/wp\/v2\/posts\/154889\/revisions"}],"wp:featuredmedia":[{"embeddable":true,"href":"https:\/\/franciscanos.org.br\/noticias\/wp-json\/wp\/v2\/media\/201916"}],"wp:attachment":[{"href":"https:\/\/franciscanos.org.br\/noticias\/wp-json\/wp\/v2\/media?parent=154889"}],"wp:term":[{"taxonomy":"category","embeddable":true,"href":"https:\/\/franciscanos.org.br\/noticias\/wp-json\/wp\/v2\/categories?post=154889"},{"taxonomy":"post_tag","embeddable":true,"href":"https:\/\/franciscanos.org.br\/noticias\/wp-json\/wp\/v2\/tags?post=154889"}],"curies":[{"name":"wp","href":"https:\/\/api.w.org\/{rel}","templated":true}]}}