{"id":154848,"date":"2018-03-31T00:02:42","date_gmt":"2018-03-31T03:02:42","guid":{"rendered":"http:\/\/franciscanos.org.br\/?p=154848"},"modified":"2019-08-13T09:09:12","modified_gmt":"2019-08-13T12:09:12","slug":"por-que-procurais-entre-os-mortos-quem-esta-vivo","status":"publish","type":"post","link":"https:\/\/franciscanos.org.br\/noticias\/por-que-procurais-entre-os-mortos-quem-esta-vivo.html","title":{"rendered":"Mensagem do Ministro Provincial para a P\u00e1scoa"},"content":{"rendered":"<p><iframe loading=\"lazy\" src=\"https:\/\/www.youtube.com\/embed\/Jih0wT7ESl8\" width=\"100%\" height=\"480\" frameborder=\"0\" allowfullscreen=\"allowfullscreen\"><\/iframe><\/p>\n<h3><strong>Car\u00edssimos irm\u00e3os e irm\u00e3s,<\/strong><\/h3>\n<h3><strong>O Senhor Ressuscitado vos traga a paz e todo o bem!<\/strong><\/h3>\n<p>Nos primeiros anos de semin\u00e1rio menor, dentre os preparativos para as festas pascais, ensai\u00e1vamos um canto, em forma de di\u00e1logo entre solista e coro, inspirado no Salmo 24: \u201cQuem \u00e9 esse rei da gl\u00f3ria? O Senhor Todo-poderoso, \u00e9 Ele o Rei da gl\u00f3ria\u201d (Sl 24,10). Nesse cantar se proclamava que a solenidade Pascal \u00e9 a festa da vit\u00f3ria do Rei da gl\u00f3ria, a festa da vida de Cristo e, com Ele, a festa de toda humanidade e da reden\u00e7\u00e3o da inteira cria\u00e7\u00e3o de Deus. Santo Hip\u00f3lito de Roma, no seu Serm\u00e3o na P\u00e1scoa, assim visualiza este di\u00e1logo: \u201cE vendo as pot\u00eancias ang\u00e9licas aquele magn\u00edfico mist\u00e9rio de um homem que ascendia juntamente com Deus, receberam alegres a miss\u00e3o de gritar aos ex\u00e9rcitos celestiais: Port\u00f5es! Erguei os front\u00f5es, que se ergam as antigas comportas: o rei da gl\u00f3ria vai entrar. E elas, por sua vez, vendo um novo milagre, ou seja um homem unido a Deus, gritam e dizem: \u201cQuem \u00e9 esse rei da gl\u00f3ria? E as pot\u00eancias angelicais interrogadas voltam a contestar: O Senhor dos ex\u00e9rcitos: Ele \u00e9 o rei da gl\u00f3ria, o her\u00f3i valoroso, o her\u00f3i da guerra\u201d.<\/p>\n<p>Para S\u00e3o Francisco de Assis, assim como o Natal, tamb\u00e9m a P\u00e1scoa \u00e9 o \u201cdia que o Senhor fez\u201d (OfP IX,5) e no qual celebramos a vit\u00f3ria de Jesus sobre a morte. O Santo de Assis, chamado pelos bi\u00f3grafos de \u201carauto do grande Rei\u201d, na solenidade da P\u00e1scoa, assume o protagonismo de solista no grande coral da inteira cria\u00e7\u00e3o para dialogar com todos os povos e com tudo o que a m\u00e3e-terra encerra: \u201cPovos, batei palmas de aplauso, aclamai a Deus com vozes de alegria\u201d porque, naquele dia, \u201co sant\u00edssimo Pai celestial, nosso Rei, enviou desde os tempos antigos do alto o seu dileto Filho, e operou a salva\u00e7\u00e3o por toda a terra\u201d (cf. OfP VII, 1.3). E, \u201calegrem-se os c\u00e9us, rejubile a terra, ressoe o mar com tudo o que ele cont\u00e9m, rejubilem-se os campos e o que neles existe\u201d (OfP IX,7), \u201cporque este \u00e9 o dia que o Senhor fez, alegres exultemos por ele\u201d (OfP IX,5). E ainda, em forma de louvor, proclama: \u201cBendito seja o Senhor, Deus de Israel, que libertou com seu pr\u00f3prio sangue sacrat\u00edssimo, as almas de seus servos. N\u00e3o ser\u00e3o desamparados os que n\u2019Ele esperam\u201d (OfP VI,15).<\/p>\n<p><img loading=\"lazy\" class=\"alignleft size-full wp-image-154856\" src=\"http:\/\/franciscanos.org.br\/wp-content\/uploads\/2018\/03\/fid-500.jpg\" alt=\"fid-500\" width=\"500\" height=\"736\" \/>A solenidade da P\u00e1scoa evoca a vit\u00f3ria do Rei da gl\u00f3ria que, pela paix\u00e3o, morte e ressurrei\u00e7\u00e3o do seu Filho, ofereceu-nos vida em plenitude. Por outro lado, infelizmente, ainda nos deparamos com a mis\u00e9ria da humanidade que prefere reavivar de forma cruel o drama da paix\u00e3o e da morte, sem esperan\u00e7a de vida e sem o sinal do maior presente que o Ressuscitado ofereceu \u00e0 humanidade na manh\u00e3 da P\u00e1scoa: \u201cA Paz esteja convosco!\u201d (Jo 20,21).<\/p>\n<p>Nos nossos dias, n\u00e3o sem dor na alma, constatamos o quanto ainda ecoa o grito do \u201ccrucifica-o\u201d (Jo 19, 6) e o clamor por \u201cBarrab\u00e1s\u201d (Jo 18,40), diante da justi\u00e7a cega e c\u00f4moda de \u201cPilatos\u201d que prefere lavar as suas m\u00e3os. Nos nossos dias, a mesma not\u00edcia da morte de Jesus, que tanto intimidou os disc\u00edpulos de Ema\u00fas (Lc 24,16), continua a ser o \u201cchoro\u201d das Madalenas (Jo 20,13) que n\u00e3o conseguem vislumbrar alguma esperan\u00e7a de vida. Nos nossos dias, o \u201cmedo\u201d (Lc 24,37) dos disc\u00edpulos de Jesus, continua a ser o medo das pessoas trancafiadas e ref\u00e9ns nas suas pr\u00f3prias casas, assustadas com o \u201cfantasma\u201d da maldita morte, fruto da viol\u00eancia. Nos nossos dias, continuam disseminadas as corrup\u00e7\u00f5es e os \u201csubornos\u201d (cf. Mt 28,11-15) de pessoas que, egoisticamente, geram mais mortes por seus crimes, roubando o direito \u00e0 vida plena de todo o ser humano. Nos nossos dias, assim como no manto de Ver\u00f4nica, ficou estampada a face do Senhor. Tamb\u00e9m as \u201cVer\u00f4nicas\u201d da nossa hist\u00f3ria estampam em suas camisetas as faces ensanguentadas de seus filhos, v\u00edtimas de balas perdidas e\/ou outras formas de viol\u00eancia, e quais novas \u201cfilhas de Jerusal\u00e9m\u201d (Lc 23,28), choram a morte sem resposta ao \u201cporqu\u00ea\u201d dessa morte. E mais do que nunca, tamb\u00e9m nos nossos dias, da morte pecaminosa tamb\u00e9m padece a m\u00e3e-terra, \u201coprimida e devassada, que est\u00e1 gemendo como que em dores de parto\u201d (LS 2) e que tamb\u00e9m clama por vida e ressurrei\u00e7\u00e3o.<\/p>\n<p>Assim mesmo, como proclamamos no lema da Campanha da Fraternidade deste ano, acreditamos no ser humano, capaz de promover um verdadeiro esp\u00edrito de fraternidade, visibilizado pela supera\u00e7\u00e3o de todas as formas de viol\u00eancia. A humanidade est\u00e1 farta da morte maldita e acalenta no cora\u00e7\u00e3o o sonho consolador da vida que Cristo Ressuscitado nos ofereceu, e que Santo Hip\u00f3lito chama de \u201c\u00d3 M\u00edstica liberdade! \u00d3 P\u00e1scoa divina!\u201d.<br \/>\nE assim concluo a minha mensagem pascal com a pr\u00f3pria conclus\u00e3o do Serm\u00e3o da P\u00e1scoa de Santo Hip\u00f3lito:<\/p>\n<h3 style=\"padding-left: 30px;\"><em><strong><span style=\"color: #993300;\">\u201cA P\u00e1scoa, obra admir\u00e1vel da for\u00e7a<\/span><\/strong><\/em><\/h3>\n<h3 style=\"padding-left: 30px;\"><em><strong><span style=\"color: #993300;\">e do poder da divindade,<\/span><\/strong><\/em><\/h3>\n<h3 style=\"padding-left: 30px;\"><em><strong><span style=\"color: #993300;\">\u00e9 realmente a festa e o memorial leg\u00edtimo <\/span><\/strong><\/em><\/h3>\n<h3 style=\"padding-left: 30px;\"><em><strong><span style=\"color: #993300;\">e sempiterno;<\/span><\/strong><\/em><\/h3>\n<h3 style=\"padding-left: 30px;\"><em><strong><span style=\"color: #993300;\">\u00e9 a passagem da paix\u00e3o para a impassibilidade,<\/span><\/strong><\/em><\/h3>\n<h3 style=\"padding-left: 60px;\"><em><strong><span style=\"color: #993300;\">da morte para a imortalidade<\/span><\/strong><\/em><\/h3>\n<h3 style=\"padding-left: 60px;\"><em><strong><span style=\"color: #993300;\">da juventude para a maturidade<\/span><\/strong><\/em><\/h3>\n<h3 style=\"padding-left: 30px;\"><em><strong><span style=\"color: #993300;\">\u00e9 a cura ap\u00f3s a ferida, <\/span><\/strong><\/em><\/h3>\n<h3 style=\"padding-left: 60px;\"><em><strong><span style=\"color: #993300;\">ressurrei\u00e7\u00e3o ap\u00f3s a queda, <\/span><\/strong><\/em><\/h3>\n<h3 style=\"padding-left: 60px;\"><em><strong><span style=\"color: #993300;\">ascens\u00e3o ap\u00f3s a descida.<\/span><\/strong><\/em><\/h3>\n<h3 style=\"padding-left: 30px;\"><em><strong><span style=\"color: #993300;\">\u00c9 assim que Deus realiza grandes coisas, <\/span><\/strong><\/em><\/h3>\n<h3 style=\"padding-left: 30px;\"><em><strong><span style=\"color: #993300;\">assim \u00e9 como do imposs\u00edvel cria coisas admir\u00e1veis, <\/span><\/strong><\/em><\/h3>\n<h3 style=\"padding-left: 30px;\"><em><strong><span style=\"color: #993300;\">para demonstrar que ele \u00e9 o \u00fanico que pode<\/span><\/strong><\/em><\/h3>\n<h3 style=\"padding-left: 30px;\"><em><strong><span style=\"color: #993300;\">tudo o que quer\u201d.<\/span><\/strong><\/em><\/h3>\n<p>Feliz P\u00e1scoa! Que o Senhor Ressuscitado vos aben\u00e7oe e vos guarde!<\/p>\n<p><strong>Frei Fid\u00eancio Vanboemmel, OFM<\/strong><br \/>\nMinistro Provincial<\/p>\n","protected":false},"excerpt":{"rendered":"<p>Prov\u00edncia da Imaculada Concei\u00e7\u00e3o<\/p>\n","protected":false},"author":5,"featured_media":209061,"comment_status":"open","ping_status":"open","sticky":false,"template":"","format":"standard","meta":[],"categories":[1],"tags":[366],"acf":[],"yoast_head":"<!-- This site is optimized with the Yoast SEO plugin v19.2 - https:\/\/yoast.com\/wordpress\/plugins\/seo\/ -->\n<title>Mensagem do Ministro Provincial para a P\u00e1scoa - Not\u00edcias - Franciscanos<\/title>\n<meta name=\"robots\" content=\"index, follow, max-snippet:-1, max-image-preview:large, max-video-preview:-1\" \/>\n<link rel=\"canonical\" href=\"https:\/\/franciscanos.org.br\/noticias\/por-que-procurais-entre-os-mortos-quem-esta-vivo.html\" \/>\n<meta property=\"og:locale\" content=\"pt_BR\" \/>\n<meta property=\"og:type\" content=\"article\" \/>\n<meta property=\"og:title\" content=\"Mensagem do Ministro Provincial para a P\u00e1scoa - Not\u00edcias - Franciscanos\" \/>\n<meta property=\"og:description\" content=\"Prov\u00edncia da Imaculada Concei\u00e7\u00e3o\" \/>\n<meta property=\"og:url\" content=\"https:\/\/franciscanos.org.br\/noticias\/por-que-procurais-entre-os-mortos-quem-esta-vivo.html\" \/>\n<meta property=\"og:site_name\" content=\"Not\u00edcias - Franciscanos\" \/>\n<meta property=\"article:published_time\" content=\"2018-03-31T03:02:42+00:00\" \/>\n<meta property=\"article:modified_time\" content=\"2019-08-13T12:09:12+00:00\" \/>\n<meta property=\"og:image\" content=\"https:\/\/franciscanos.org.br\/noticias\/wp-content\/uploads\/2018\/03\/logo.png\" \/>\n\t<meta property=\"og:image:width\" content=\"273\" \/>\n\t<meta property=\"og:image:height\" content=\"181\" \/>\n\t<meta property=\"og:image:type\" content=\"image\/png\" \/>\n<meta name=\"author\" content=\"freiaugusto\" \/>\n<meta name=\"twitter:card\" content=\"summary_large_image\" \/>\n<meta name=\"twitter:label1\" content=\"Escrito por\" \/>\n\t<meta name=\"twitter:data1\" content=\"freiaugusto\" \/>\n\t<meta name=\"twitter:label2\" content=\"Est. tempo de leitura\" \/>\n\t<meta name=\"twitter:data2\" content=\"5 minutos\" \/>\n<script type=\"application\/ld+json\" class=\"yoast-schema-graph\">{\"@context\":\"https:\/\/schema.org\",\"@graph\":[{\"@type\":\"WebSite\",\"@id\":\"https:\/\/franciscanos.org.br\/noticias\/#website\",\"url\":\"https:\/\/franciscanos.org.br\/noticias\/\",\"name\":\"Not\u00edcias - Franciscanos\",\"description\":\"Prov\u00edncia Franciscana da Imaculada Concei\u00e7\u00e3o do Brasil - Ordem dos Frades Menores - OFM\",\"potentialAction\":[{\"@type\":\"SearchAction\",\"target\":{\"@type\":\"EntryPoint\",\"urlTemplate\":\"https:\/\/franciscanos.org.br\/noticias\/?s={search_term_string}\"},\"query-input\":\"required name=search_term_string\"}],\"inLanguage\":\"pt-BR\"},{\"@type\":\"ImageObject\",\"inLanguage\":\"pt-BR\",\"@id\":\"https:\/\/franciscanos.org.br\/noticias\/por-que-procurais-entre-os-mortos-quem-esta-vivo.html#primaryimage\",\"url\":\"https:\/\/franciscanos.org.br\/noticias\/wp-content\/uploads\/2018\/03\/logo.png\",\"contentUrl\":\"https:\/\/franciscanos.org.br\/noticias\/wp-content\/uploads\/2018\/03\/logo.png\",\"width\":273,\"height\":181},{\"@type\":\"WebPage\",\"@id\":\"https:\/\/franciscanos.org.br\/noticias\/por-que-procurais-entre-os-mortos-quem-esta-vivo.html#webpage\",\"url\":\"https:\/\/franciscanos.org.br\/noticias\/por-que-procurais-entre-os-mortos-quem-esta-vivo.html\",\"name\":\"Mensagem do Ministro Provincial para a P\u00e1scoa - Not\u00edcias - Franciscanos\",\"isPartOf\":{\"@id\":\"https:\/\/franciscanos.org.br\/noticias\/#website\"},\"primaryImageOfPage\":{\"@id\":\"https:\/\/franciscanos.org.br\/noticias\/por-que-procurais-entre-os-mortos-quem-esta-vivo.html#primaryimage\"},\"datePublished\":\"2018-03-31T03:02:42+00:00\",\"dateModified\":\"2019-08-13T12:09:12+00:00\",\"author\":{\"@id\":\"https:\/\/franciscanos.org.br\/noticias\/#\/schema\/person\/37f88f0d111cd5358b12a6556a99eb91\"},\"breadcrumb\":{\"@id\":\"https:\/\/franciscanos.org.br\/noticias\/por-que-procurais-entre-os-mortos-quem-esta-vivo.html#breadcrumb\"},\"inLanguage\":\"pt-BR\",\"potentialAction\":[{\"@type\":\"ReadAction\",\"target\":[\"https:\/\/franciscanos.org.br\/noticias\/por-que-procurais-entre-os-mortos-quem-esta-vivo.html\"]}]},{\"@type\":\"BreadcrumbList\",\"@id\":\"https:\/\/franciscanos.org.br\/noticias\/por-que-procurais-entre-os-mortos-quem-esta-vivo.html#breadcrumb\",\"itemListElement\":[{\"@type\":\"ListItem\",\"position\":1,\"name\":\"Home\",\"item\":\"https:\/\/franciscanos.org.br\/noticias\"},{\"@type\":\"ListItem\",\"position\":2,\"name\":\"Mensagem do Ministro Provincial para a P\u00e1scoa\"}]},{\"@type\":\"Person\",\"@id\":\"https:\/\/franciscanos.org.br\/noticias\/#\/schema\/person\/37f88f0d111cd5358b12a6556a99eb91\",\"name\":\"freiaugusto\",\"image\":{\"@type\":\"ImageObject\",\"inLanguage\":\"pt-BR\",\"@id\":\"https:\/\/franciscanos.org.br\/noticias\/#\/schema\/person\/image\/\",\"url\":\"https:\/\/secure.gravatar.com\/avatar\/9840b940e621801b24f3e6b059efb4b7?s=96&d=mm&r=g\",\"contentUrl\":\"https:\/\/secure.gravatar.com\/avatar\/9840b940e621801b24f3e6b059efb4b7?s=96&d=mm&r=g\",\"caption\":\"freiaugusto\"},\"url\":\"https:\/\/franciscanos.org.br\/noticias\/author\/freiaugusto\"}]}<\/script>\n<!-- \/ Yoast SEO plugin. -->","yoast_head_json":{"title":"Mensagem do Ministro Provincial para a P\u00e1scoa - Not\u00edcias - Franciscanos","robots":{"index":"index","follow":"follow","max-snippet":"max-snippet:-1","max-image-preview":"max-image-preview:large","max-video-preview":"max-video-preview:-1"},"canonical":"https:\/\/franciscanos.org.br\/noticias\/por-que-procurais-entre-os-mortos-quem-esta-vivo.html","og_locale":"pt_BR","og_type":"article","og_title":"Mensagem do Ministro Provincial para a P\u00e1scoa - Not\u00edcias - Franciscanos","og_description":"Prov\u00edncia da Imaculada Concei\u00e7\u00e3o","og_url":"https:\/\/franciscanos.org.br\/noticias\/por-que-procurais-entre-os-mortos-quem-esta-vivo.html","og_site_name":"Not\u00edcias - Franciscanos","article_published_time":"2018-03-31T03:02:42+00:00","article_modified_time":"2019-08-13T12:09:12+00:00","og_image":[{"width":273,"height":181,"url":"https:\/\/franciscanos.org.br\/noticias\/wp-content\/uploads\/2018\/03\/logo.png","type":"image\/png"}],"author":"freiaugusto","twitter_card":"summary_large_image","twitter_misc":{"Escrito por":"freiaugusto","Est. tempo de leitura":"5 minutos"},"schema":{"@context":"https:\/\/schema.org","@graph":[{"@type":"WebSite","@id":"https:\/\/franciscanos.org.br\/noticias\/#website","url":"https:\/\/franciscanos.org.br\/noticias\/","name":"Not\u00edcias - Franciscanos","description":"Prov\u00edncia Franciscana da Imaculada Concei\u00e7\u00e3o do Brasil - Ordem dos Frades Menores - OFM","potentialAction":[{"@type":"SearchAction","target":{"@type":"EntryPoint","urlTemplate":"https:\/\/franciscanos.org.br\/noticias\/?s={search_term_string}"},"query-input":"required name=search_term_string"}],"inLanguage":"pt-BR"},{"@type":"ImageObject","inLanguage":"pt-BR","@id":"https:\/\/franciscanos.org.br\/noticias\/por-que-procurais-entre-os-mortos-quem-esta-vivo.html#primaryimage","url":"https:\/\/franciscanos.org.br\/noticias\/wp-content\/uploads\/2018\/03\/logo.png","contentUrl":"https:\/\/franciscanos.org.br\/noticias\/wp-content\/uploads\/2018\/03\/logo.png","width":273,"height":181},{"@type":"WebPage","@id":"https:\/\/franciscanos.org.br\/noticias\/por-que-procurais-entre-os-mortos-quem-esta-vivo.html#webpage","url":"https:\/\/franciscanos.org.br\/noticias\/por-que-procurais-entre-os-mortos-quem-esta-vivo.html","name":"Mensagem do Ministro Provincial para a P\u00e1scoa - Not\u00edcias - Franciscanos","isPartOf":{"@id":"https:\/\/franciscanos.org.br\/noticias\/#website"},"primaryImageOfPage":{"@id":"https:\/\/franciscanos.org.br\/noticias\/por-que-procurais-entre-os-mortos-quem-esta-vivo.html#primaryimage"},"datePublished":"2018-03-31T03:02:42+00:00","dateModified":"2019-08-13T12:09:12+00:00","author":{"@id":"https:\/\/franciscanos.org.br\/noticias\/#\/schema\/person\/37f88f0d111cd5358b12a6556a99eb91"},"breadcrumb":{"@id":"https:\/\/franciscanos.org.br\/noticias\/por-que-procurais-entre-os-mortos-quem-esta-vivo.html#breadcrumb"},"inLanguage":"pt-BR","potentialAction":[{"@type":"ReadAction","target":["https:\/\/franciscanos.org.br\/noticias\/por-que-procurais-entre-os-mortos-quem-esta-vivo.html"]}]},{"@type":"BreadcrumbList","@id":"https:\/\/franciscanos.org.br\/noticias\/por-que-procurais-entre-os-mortos-quem-esta-vivo.html#breadcrumb","itemListElement":[{"@type":"ListItem","position":1,"name":"Home","item":"https:\/\/franciscanos.org.br\/noticias"},{"@type":"ListItem","position":2,"name":"Mensagem do Ministro Provincial para a P\u00e1scoa"}]},{"@type":"Person","@id":"https:\/\/franciscanos.org.br\/noticias\/#\/schema\/person\/37f88f0d111cd5358b12a6556a99eb91","name":"freiaugusto","image":{"@type":"ImageObject","inLanguage":"pt-BR","@id":"https:\/\/franciscanos.org.br\/noticias\/#\/schema\/person\/image\/","url":"https:\/\/secure.gravatar.com\/avatar\/9840b940e621801b24f3e6b059efb4b7?s=96&d=mm&r=g","contentUrl":"https:\/\/secure.gravatar.com\/avatar\/9840b940e621801b24f3e6b059efb4b7?s=96&d=mm&r=g","caption":"freiaugusto"},"url":"https:\/\/franciscanos.org.br\/noticias\/author\/freiaugusto"}]}},"_links":{"self":[{"href":"https:\/\/franciscanos.org.br\/noticias\/wp-json\/wp\/v2\/posts\/154848"}],"collection":[{"href":"https:\/\/franciscanos.org.br\/noticias\/wp-json\/wp\/v2\/posts"}],"about":[{"href":"https:\/\/franciscanos.org.br\/noticias\/wp-json\/wp\/v2\/types\/post"}],"author":[{"embeddable":true,"href":"https:\/\/franciscanos.org.br\/noticias\/wp-json\/wp\/v2\/users\/5"}],"replies":[{"embeddable":true,"href":"https:\/\/franciscanos.org.br\/noticias\/wp-json\/wp\/v2\/comments?post=154848"}],"version-history":[{"count":0,"href":"https:\/\/franciscanos.org.br\/noticias\/wp-json\/wp\/v2\/posts\/154848\/revisions"}],"wp:featuredmedia":[{"embeddable":true,"href":"https:\/\/franciscanos.org.br\/noticias\/wp-json\/wp\/v2\/media\/209061"}],"wp:attachment":[{"href":"https:\/\/franciscanos.org.br\/noticias\/wp-json\/wp\/v2\/media?parent=154848"}],"wp:term":[{"taxonomy":"category","embeddable":true,"href":"https:\/\/franciscanos.org.br\/noticias\/wp-json\/wp\/v2\/categories?post=154848"},{"taxonomy":"post_tag","embeddable":true,"href":"https:\/\/franciscanos.org.br\/noticias\/wp-json\/wp\/v2\/tags?post=154848"}],"curies":[{"name":"wp","href":"https:\/\/api.w.org\/{rel}","templated":true}]}}