{"id":154784,"date":"2018-03-25T13:37:31","date_gmt":"2018-03-25T16:37:31","guid":{"rendered":"http:\/\/franciscanos.org.br\/?p=154784"},"modified":"2020-06-07T16:34:55","modified_gmt":"2020-06-07T19:34:55","slug":"papa-maria-nos-ajude-a-viver-bem-a-semana-santa","status":"publish","type":"post","link":"https:\/\/franciscanos.org.br\/noticias\/papa-maria-nos-ajude-a-viver-bem-a-semana-santa.html","title":{"rendered":"Papa Francisco: Maria nos ajude a viver bem a Semana Santa"},"content":{"rendered":"<p><img loading=\"lazy\" src=\"http:\/\/franciscanos.org.br\/wp-content\/uploads\/2018\/03\/angelus250318.jpg\" alt=\"angelus250318\" width=\"830\" height=\"400\" \/><\/p>\n<p><strong>Cidade do Vaticano &#8211;<\/strong> Neste Domingo de Ramos (25\/03), o Papa presidiu missa na Pra\u00e7a S\u00e3o Pedro diante de dezenas de milhares de pessoas. Antes, no centro da Pra\u00e7a, junto ao obelisco, Francisco aben\u00e7oou os ramos e as oliveiras. Foi feita a leitura do Evangelho de Marcos e no sagrado, a narra\u00e7\u00e3o da Paix\u00e3o de Cristo.<\/p>\n<p><strong>Jornada Mundial da Juventude<\/strong><br \/>\nGrande parte dos fi\u00e9is eram jovens de Roma que aderiram \u00e0 celebra\u00e7\u00e3o diocesana da XXXIII Jornada Mundial da Juventude que teve o tema \u201cN\u00e3o tenhas medo, Maria! Encontraste gra\u00e7a junto a Deus\u201d (Lc 1,30). Ap\u00f3s a celebra\u00e7\u00e3o da Eucaristia, antes da Ben\u00e7\u00e3o Apost\u00f3lica, foram entregues ao Papa as conclus\u00f5es da Reuni\u00e3o pr\u00e9-Sinodal realizada nesta semana no Vaticano em prepara\u00e7\u00e3o ao S\u00ednodo dos Bispos de outubro pr\u00f3ximo sobre a Juventude. <strong><em>(VEJA ABAIXO)<\/em><\/strong><\/p>\n<p><strong>Alegria e sofrimento<\/strong><br \/>\n\u201cNesta celebra\u00e7\u00e3o, parecem cruzar-se hist\u00f3rias de alegria e sofrimento, de erros e sucessos que fazem parte da nossa vida di\u00e1ria como disc\u00edpulos, porque consegue revelar sentimentos e contradi\u00e7\u00f5es que hoje em dia, com frequ\u00eancia, aparecem tamb\u00e9m em n\u00f3s, homens e mulheres deste tempo: capazes de amar muito&#8230; mas tamb\u00e9m de odiar (e muito!); capazes de sacrif\u00edcios heroicos mas tamb\u00e9m de saber \u2018lavar-se as m\u00e3os\u2019 no momento oportuno; capazes de fidelidade, mas tamb\u00e9m de grandes abandonos e trai\u00e7\u00f5es\u201d. Nesta narra\u00e7\u00e3o evang\u00e9lica fica evidente que a alegria suscitada em alguns por Jesus \u00e9 motivo de inc\u00f4modo e irrita\u00e7\u00e3o para outros.<\/p>\n<p>A alegria \u00e9 a de tantos pecadores perdoados que reencontraram ousadia e esperan\u00e7a; e o desconforto \u00e9 o daqueles que que se consideram justos e \u2018fi\u00e9is\u2019 \u00e0 lei e aos preceitos rituais.\u00a0 O Papa lembrou o grito \u2018Crucifica-O!\u2019 emerso entre o povo: a voz de quem manipula a realidade criando uma vers\u00e3o favor\u00e1vel a si pr\u00f3prio e n\u00e3o tem problemas em \u2018tramar\u2019 os outros para ele mesmo se ver livre. O grito de quem n\u00e3o tem escr\u00fapulos em procurar os meios para refor\u00e7ar a sua posi\u00e7\u00e3o e silenciar as vozes dissonantes\u201d.<\/p>\n<p><strong>As intrigas da autossufici\u00eancia<\/strong><br \/>\n\u00c9 o grito de quem deseja defender a sua posi\u00e7\u00e3o, desacreditando especialmente quem n\u00e3o se pode defender. \u00c9 o grito produzido pelas \u2018intrigas\u2019 da autossufici\u00eancia, do orgulho e da soberba, que proclama sem problemas: \u201ccrucifica-O, crucifica-O!\u201d. Mas, ressaltou o Pont\u00edfice, perante todas estas vozes que gritam, o melhor ant\u00eddoto \u00e9 olhar a cruz de Cristo e deixar-se interpelar pelo seu \u00faltimo grito. Cristo morreu, gritando o seu amor por cada um de n\u00f3s: por jovens e idosos, santos e pecadores, amor pelos do seu tempo e pelos do nosso tempo.<\/p>\n<p><strong>Alegria torna o jovem dif\u00edcil de ser manipulado<\/strong><br \/>\nNo dia em que a Igreja, em cada diocese no mundo, celebra a sua Jornada da Juventude, o Papa se dirigiu diretamente aos jovens: \u201cQueridos jovens, a alegria que Jesus suscita em v\u00f3s \u00e9, para alguns, motivo de irrita\u00e7\u00e3o, porque um jovem alegre \u00e9 dif\u00edcil de manipular&#8221;. \u201cH\u00e1 muitas maneiras de tornar os jovens silenciosos e invis\u00edveis; muitas maneiras de os anestesiar e adormecer para que n\u00e3o fa\u00e7am \u2018barulho\u2019, para que n\u00e3o se interroguem nem ponham em discuss\u00e3o. H\u00e1 muitas maneiras de os fazer estar tranquilos, para que n\u00e3o se envolvam, e os seus sonhos percam altura tornando-se fantastiquices rasteiras, mesquinhas, tristes. Neste Domingo de Ramos, em que celebramos o Dia Mundial da Juventude, faz-nos bem ouvir a resposta de Jesus aos fariseus de ontem e de todos os tempos: \u00abSe eles se calarem, gritar\u00e3o as pedras\u00bb (Lc 19, 40).<\/p>\n<p><strong>N\u00e3o fiquem calados<\/strong><br \/>\n\u201cCabe a v\u00f3s n\u00e3o ficar calados. Se os outros calam, se n\u00f3s, idosos e respons\u00e1veis &#8211; muitas vezes corruptos &#8211; silenciamos, se o mundo se cala e perde a alegria, pergunto-vos: v\u00f3s gritareis? Por favor, decidi-vos antes que gritem as pedras&#8230;\u201d.<\/p>\n<h2 style=\"text-align: left;\"><span style=\"color: #000000;\"><strong>ANGELUS: &#8220;MARIA NOS AJUDE A VIVER BEM A SEMANA SANTA&#8221;<\/strong><\/span><\/h2>\n<p><img loading=\"lazy\" src=\"http:\/\/franciscanos.org.br\/wp-content\/uploads\/2018\/03\/angelus250318_meio.jpg\" alt=\"angelus250318_meio\" width=\"830\" height=\"400\" \/><\/p>\n<p>Depois de celebrar a missa do Domingo de Ramos e da Paix\u00e3o do Senhor, o Papa Francisco rezou a ora\u00e7\u00e3o mariana do Angelus com os fi\u00e9is na Pra\u00e7a S\u00e3o Pedro. Cumprimentando os jovens de diferentes pa\u00edses participantes da celebra\u00e7\u00e3o e recordando sua recente visita ao Peru, Francisco saudou particularmente a comunidade de peruanos residente na It\u00e1lia.<\/p>\n<p><strong>JMJ e S\u00ednodo no horizonte<\/strong><br \/>\nO Pont\u00edfice lembrou ainda que a Jornada Mundial da Juventude (25\/03) \u00e9 uma etapa importante no caminho rumo ao S\u00ednodo dos Bispos sobre a Juventude, programado para outubro pr\u00f3ximo, e tamb\u00e9m no percurso de prepara\u00e7\u00e3o para a JMJ do Panam\u00e1, de janeiro de 2019. \u201cNeste itiner\u00e1rio, nos acompanham o exemplo e a intercess\u00e3o de Maria, a jovem de Nazar\u00e9 que Deus escolheu como M\u00e3e de seu Filho&#8221;.<\/p>\n<p>Concluindo, Francisco invocou Maria para que \u201cnos ajude a viver bem a Semana Santa\u201d: \u201cDela, aprendemos o sil\u00eancio interior, o olhar do cora\u00e7\u00e3o, a f\u00e9 amorosa para seguir Jesus no caminho da cruz que conduz \u00e0 luz gloriosa da Ressurrei\u00e7\u00e3o\u201d. Depois de saudar os concelebrantes e os colaboradores presentes, no final do encontro o Papa se concedeu o tradicional momento de contato com os fi\u00e9is na Pra\u00e7a, em meio a fi\u00e9is e peregrinos. Tirou &#8216;selfies&#8217; com os jovens e a bordo do papam\u00f3vel saudou e aben\u00e7oou a todos.<\/p>\n<hr \/>\n<h2 style=\"text-align: left;\"><span style=\"color: #000000;\"><strong>JOVENS ENTREGAM DOCUMENTO DA REUNI\u00c3O PR\u00c9-SINODAL AO PAPA<\/strong><\/span><\/h2>\n<p>Neste Domingo de Ramos, celebra-se nas dioceses de todo o mundo a Jornada Mundial da Juventude (JMJ) e na imin\u00eancia do S\u00ednodo de outubro pr\u00f3ximo, cerca de 300 jovens participaram de uma Reuni\u00e3o esta semana, no Vaticano, que se concluiu com a reda\u00e7\u00e3o de um documento que servir\u00e1 como subs\u00eddio para os Bispos e especialistas.<\/p>\n<p>Uma c\u00f3pia deste documento foi entregue ao Papa Francisco ap\u00f3s a missa do Domingo de Ramos por um jovem de Panam\u00e1, pa\u00eds que hospedar\u00e1 a grande JMJ de janeiro de 2019. Ele fez uma sauda\u00e7\u00e3o e um agradecimento: \u201cN\u00f3s jovens acolhemos com alegria seu convite a participar desta Reuni\u00e3o pr\u00e9-sinodal. Suas palavras, no in\u00edcio do nosso encontro, muito nos encorajaram. Vivemos sem alguma distin\u00e7\u00e3o de cultura ou f\u00e9 este momento de comunh\u00e3o em favor do trabalho pelos jovens\u201d.<\/p>\n<p>&#8220;Confiantes no fato que a Igreja continue escutando a voz dos jovens, esperamos que este Relat\u00f3rio ilumine o trabalho de todos os nossos bispos e de todo o povo de Deus neste processo sinodal\u201d. O jovem terminou assegurando ao Papa suas ora\u00e7\u00f5es.<\/p>\n<p>Na Pra\u00e7a S\u00e3o Pedro estavam presentes tamb\u00e9m os jovens que participaram da Reuni\u00e3o pr\u00e9-Sinodal. O Vatican News entrevistou Matheus Vinicius de Oliveira Santos, seminarista de Bras\u00edlia, para quem o momento foi \u2018inesquec\u00edvel\u2019. J\u00e1 Evanderson Luiz de Abreu, mission\u00e1rio Xaveriano que mora em Parma (It\u00e1lia), \u201cestas celebra\u00e7\u00f5es nos levam a nos unir \u00e0 Paix\u00e3o de Jesus Cristo e \u00e0 sua Ressurrei\u00e7\u00e3o\u201d.<\/p>\n<hr \/>\n<p><em>Fonte: Vatican News<\/em><\/p>\n","protected":false},"excerpt":{"rendered":"<p>Angelus<\/p>\n","protected":false},"author":1,"featured_media":206474,"comment_status":"open","ping_status":"open","sticky":false,"template":"","format":"standard","meta":[],"categories":[1428],"tags":[403],"acf":[],"yoast_head":"<!-- This site is optimized with the Yoast SEO plugin v19.2 - https:\/\/yoast.com\/wordpress\/plugins\/seo\/ -->\n<title>Papa Francisco: Maria nos ajude a viver bem a Semana Santa - Not\u00edcias - Franciscanos<\/title>\n<meta name=\"robots\" content=\"index, follow, max-snippet:-1, max-image-preview:large, max-video-preview:-1\" \/>\n<link rel=\"canonical\" href=\"https:\/\/franciscanos.org.br\/noticias\/papa-maria-nos-ajude-a-viver-bem-a-semana-santa.html\" \/>\n<meta property=\"og:locale\" content=\"pt_BR\" \/>\n<meta property=\"og:type\" content=\"article\" \/>\n<meta property=\"og:title\" content=\"Papa Francisco: Maria nos ajude a viver bem a Semana Santa - Not\u00edcias - Franciscanos\" \/>\n<meta property=\"og:description\" content=\"Angelus\" \/>\n<meta property=\"og:url\" content=\"https:\/\/franciscanos.org.br\/noticias\/papa-maria-nos-ajude-a-viver-bem-a-semana-santa.html\" \/>\n<meta property=\"og:site_name\" content=\"Not\u00edcias - Franciscanos\" \/>\n<meta property=\"article:published_time\" content=\"2018-03-25T16:37:31+00:00\" \/>\n<meta property=\"article:modified_time\" content=\"2020-06-07T19:34:55+00:00\" \/>\n<meta property=\"og:image\" content=\"https:\/\/franciscanos.org.br\/noticias\/wp-content\/uploads\/2018\/03\/angelus250318.jpg\" \/>\n\t<meta property=\"og:image:width\" content=\"273\" \/>\n\t<meta property=\"og:image:height\" content=\"181\" \/>\n\t<meta property=\"og:image:type\" content=\"image\/jpeg\" \/>\n<meta name=\"author\" content=\"admin\" \/>\n<meta name=\"twitter:card\" content=\"summary_large_image\" \/>\n<meta name=\"twitter:label1\" content=\"Escrito por\" \/>\n\t<meta name=\"twitter:data1\" content=\"admin\" \/>\n\t<meta name=\"twitter:label2\" content=\"Est. tempo de leitura\" \/>\n\t<meta name=\"twitter:data2\" content=\"6 minutos\" \/>\n<script type=\"application\/ld+json\" class=\"yoast-schema-graph\">{\"@context\":\"https:\/\/schema.org\",\"@graph\":[{\"@type\":\"WebSite\",\"@id\":\"https:\/\/franciscanos.org.br\/noticias\/#website\",\"url\":\"https:\/\/franciscanos.org.br\/noticias\/\",\"name\":\"Not\u00edcias - Franciscanos\",\"description\":\"Prov\u00edncia Franciscana da Imaculada Concei\u00e7\u00e3o do Brasil - Ordem dos Frades Menores - OFM\",\"potentialAction\":[{\"@type\":\"SearchAction\",\"target\":{\"@type\":\"EntryPoint\",\"urlTemplate\":\"https:\/\/franciscanos.org.br\/noticias\/?s={search_term_string}\"},\"query-input\":\"required name=search_term_string\"}],\"inLanguage\":\"pt-BR\"},{\"@type\":\"ImageObject\",\"inLanguage\":\"pt-BR\",\"@id\":\"https:\/\/franciscanos.org.br\/noticias\/papa-maria-nos-ajude-a-viver-bem-a-semana-santa.html#primaryimage\",\"url\":\"https:\/\/franciscanos.org.br\/noticias\/wp-content\/uploads\/2018\/03\/angelus250318.jpg\",\"contentUrl\":\"https:\/\/franciscanos.org.br\/noticias\/wp-content\/uploads\/2018\/03\/angelus250318.jpg\",\"width\":273,\"height\":181},{\"@type\":\"WebPage\",\"@id\":\"https:\/\/franciscanos.org.br\/noticias\/papa-maria-nos-ajude-a-viver-bem-a-semana-santa.html#webpage\",\"url\":\"https:\/\/franciscanos.org.br\/noticias\/papa-maria-nos-ajude-a-viver-bem-a-semana-santa.html\",\"name\":\"Papa Francisco: Maria nos ajude a viver bem a Semana Santa - Not\u00edcias - Franciscanos\",\"isPartOf\":{\"@id\":\"https:\/\/franciscanos.org.br\/noticias\/#website\"},\"primaryImageOfPage\":{\"@id\":\"https:\/\/franciscanos.org.br\/noticias\/papa-maria-nos-ajude-a-viver-bem-a-semana-santa.html#primaryimage\"},\"datePublished\":\"2018-03-25T16:37:31+00:00\",\"dateModified\":\"2020-06-07T19:34:55+00:00\",\"author\":{\"@id\":\"https:\/\/franciscanos.org.br\/noticias\/#\/schema\/person\/b38fbf43118f02820bd932f2e4b14ad3\"},\"breadcrumb\":{\"@id\":\"https:\/\/franciscanos.org.br\/noticias\/papa-maria-nos-ajude-a-viver-bem-a-semana-santa.html#breadcrumb\"},\"inLanguage\":\"pt-BR\",\"potentialAction\":[{\"@type\":\"ReadAction\",\"target\":[\"https:\/\/franciscanos.org.br\/noticias\/papa-maria-nos-ajude-a-viver-bem-a-semana-santa.html\"]}]},{\"@type\":\"BreadcrumbList\",\"@id\":\"https:\/\/franciscanos.org.br\/noticias\/papa-maria-nos-ajude-a-viver-bem-a-semana-santa.html#breadcrumb\",\"itemListElement\":[{\"@type\":\"ListItem\",\"position\":1,\"name\":\"Home\",\"item\":\"https:\/\/franciscanos.org.br\/noticias\"},{\"@type\":\"ListItem\",\"position\":2,\"name\":\"Papa Francisco: Maria nos ajude a viver bem a Semana Santa\"}]},{\"@type\":\"Person\",\"@id\":\"https:\/\/franciscanos.org.br\/noticias\/#\/schema\/person\/b38fbf43118f02820bd932f2e4b14ad3\",\"name\":\"admin\",\"image\":{\"@type\":\"ImageObject\",\"inLanguage\":\"pt-BR\",\"@id\":\"https:\/\/franciscanos.org.br\/noticias\/#\/schema\/person\/image\/\",\"url\":\"https:\/\/secure.gravatar.com\/avatar\/e8495742d34d0ba6448ea1c628263b3e?s=96&d=mm&r=g\",\"contentUrl\":\"https:\/\/secure.gravatar.com\/avatar\/e8495742d34d0ba6448ea1c628263b3e?s=96&d=mm&r=g\",\"caption\":\"admin\"},\"url\":\"https:\/\/franciscanos.org.br\/noticias\/author\/admin\"}]}<\/script>\n<!-- \/ Yoast SEO plugin. -->","yoast_head_json":{"title":"Papa Francisco: Maria nos ajude a viver bem a Semana Santa - Not\u00edcias - Franciscanos","robots":{"index":"index","follow":"follow","max-snippet":"max-snippet:-1","max-image-preview":"max-image-preview:large","max-video-preview":"max-video-preview:-1"},"canonical":"https:\/\/franciscanos.org.br\/noticias\/papa-maria-nos-ajude-a-viver-bem-a-semana-santa.html","og_locale":"pt_BR","og_type":"article","og_title":"Papa Francisco: Maria nos ajude a viver bem a Semana Santa - Not\u00edcias - Franciscanos","og_description":"Angelus","og_url":"https:\/\/franciscanos.org.br\/noticias\/papa-maria-nos-ajude-a-viver-bem-a-semana-santa.html","og_site_name":"Not\u00edcias - Franciscanos","article_published_time":"2018-03-25T16:37:31+00:00","article_modified_time":"2020-06-07T19:34:55+00:00","og_image":[{"width":273,"height":181,"url":"https:\/\/franciscanos.org.br\/noticias\/wp-content\/uploads\/2018\/03\/angelus250318.jpg","type":"image\/jpeg"}],"author":"admin","twitter_card":"summary_large_image","twitter_misc":{"Escrito por":"admin","Est. tempo de leitura":"6 minutos"},"schema":{"@context":"https:\/\/schema.org","@graph":[{"@type":"WebSite","@id":"https:\/\/franciscanos.org.br\/noticias\/#website","url":"https:\/\/franciscanos.org.br\/noticias\/","name":"Not\u00edcias - Franciscanos","description":"Prov\u00edncia Franciscana da Imaculada Concei\u00e7\u00e3o do Brasil - Ordem dos Frades Menores - OFM","potentialAction":[{"@type":"SearchAction","target":{"@type":"EntryPoint","urlTemplate":"https:\/\/franciscanos.org.br\/noticias\/?s={search_term_string}"},"query-input":"required name=search_term_string"}],"inLanguage":"pt-BR"},{"@type":"ImageObject","inLanguage":"pt-BR","@id":"https:\/\/franciscanos.org.br\/noticias\/papa-maria-nos-ajude-a-viver-bem-a-semana-santa.html#primaryimage","url":"https:\/\/franciscanos.org.br\/noticias\/wp-content\/uploads\/2018\/03\/angelus250318.jpg","contentUrl":"https:\/\/franciscanos.org.br\/noticias\/wp-content\/uploads\/2018\/03\/angelus250318.jpg","width":273,"height":181},{"@type":"WebPage","@id":"https:\/\/franciscanos.org.br\/noticias\/papa-maria-nos-ajude-a-viver-bem-a-semana-santa.html#webpage","url":"https:\/\/franciscanos.org.br\/noticias\/papa-maria-nos-ajude-a-viver-bem-a-semana-santa.html","name":"Papa Francisco: Maria nos ajude a viver bem a Semana Santa - Not\u00edcias - Franciscanos","isPartOf":{"@id":"https:\/\/franciscanos.org.br\/noticias\/#website"},"primaryImageOfPage":{"@id":"https:\/\/franciscanos.org.br\/noticias\/papa-maria-nos-ajude-a-viver-bem-a-semana-santa.html#primaryimage"},"datePublished":"2018-03-25T16:37:31+00:00","dateModified":"2020-06-07T19:34:55+00:00","author":{"@id":"https:\/\/franciscanos.org.br\/noticias\/#\/schema\/person\/b38fbf43118f02820bd932f2e4b14ad3"},"breadcrumb":{"@id":"https:\/\/franciscanos.org.br\/noticias\/papa-maria-nos-ajude-a-viver-bem-a-semana-santa.html#breadcrumb"},"inLanguage":"pt-BR","potentialAction":[{"@type":"ReadAction","target":["https:\/\/franciscanos.org.br\/noticias\/papa-maria-nos-ajude-a-viver-bem-a-semana-santa.html"]}]},{"@type":"BreadcrumbList","@id":"https:\/\/franciscanos.org.br\/noticias\/papa-maria-nos-ajude-a-viver-bem-a-semana-santa.html#breadcrumb","itemListElement":[{"@type":"ListItem","position":1,"name":"Home","item":"https:\/\/franciscanos.org.br\/noticias"},{"@type":"ListItem","position":2,"name":"Papa Francisco: Maria nos ajude a viver bem a Semana Santa"}]},{"@type":"Person","@id":"https:\/\/franciscanos.org.br\/noticias\/#\/schema\/person\/b38fbf43118f02820bd932f2e4b14ad3","name":"admin","image":{"@type":"ImageObject","inLanguage":"pt-BR","@id":"https:\/\/franciscanos.org.br\/noticias\/#\/schema\/person\/image\/","url":"https:\/\/secure.gravatar.com\/avatar\/e8495742d34d0ba6448ea1c628263b3e?s=96&d=mm&r=g","contentUrl":"https:\/\/secure.gravatar.com\/avatar\/e8495742d34d0ba6448ea1c628263b3e?s=96&d=mm&r=g","caption":"admin"},"url":"https:\/\/franciscanos.org.br\/noticias\/author\/admin"}]}},"_links":{"self":[{"href":"https:\/\/franciscanos.org.br\/noticias\/wp-json\/wp\/v2\/posts\/154784"}],"collection":[{"href":"https:\/\/franciscanos.org.br\/noticias\/wp-json\/wp\/v2\/posts"}],"about":[{"href":"https:\/\/franciscanos.org.br\/noticias\/wp-json\/wp\/v2\/types\/post"}],"author":[{"embeddable":true,"href":"https:\/\/franciscanos.org.br\/noticias\/wp-json\/wp\/v2\/users\/1"}],"replies":[{"embeddable":true,"href":"https:\/\/franciscanos.org.br\/noticias\/wp-json\/wp\/v2\/comments?post=154784"}],"version-history":[{"count":1,"href":"https:\/\/franciscanos.org.br\/noticias\/wp-json\/wp\/v2\/posts\/154784\/revisions"}],"predecessor-version":[{"id":225032,"href":"https:\/\/franciscanos.org.br\/noticias\/wp-json\/wp\/v2\/posts\/154784\/revisions\/225032"}],"wp:featuredmedia":[{"embeddable":true,"href":"https:\/\/franciscanos.org.br\/noticias\/wp-json\/wp\/v2\/media\/206474"}],"wp:attachment":[{"href":"https:\/\/franciscanos.org.br\/noticias\/wp-json\/wp\/v2\/media?parent=154784"}],"wp:term":[{"taxonomy":"category","embeddable":true,"href":"https:\/\/franciscanos.org.br\/noticias\/wp-json\/wp\/v2\/categories?post=154784"},{"taxonomy":"post_tag","embeddable":true,"href":"https:\/\/franciscanos.org.br\/noticias\/wp-json\/wp\/v2\/tags?post=154784"}],"curies":[{"name":"wp","href":"https:\/\/api.w.org\/{rel}","templated":true}]}}