{"id":154775,"date":"2018-03-23T14:09:19","date_gmt":"2018-03-23T17:09:19","guid":{"rendered":"http:\/\/franciscanos.org.br\/?p=154775"},"modified":"2021-07-05T20:03:38","modified_gmt":"2021-07-05T23:03:38","slug":"canarinhos-musica-para-celebrar-a-pascoa","status":"publish","type":"post","link":"https:\/\/franciscanos.org.br\/noticias\/canarinhos-musica-para-celebrar-a-pascoa.html","title":{"rendered":"Canarinhos: M\u00fasica para celebrar a P\u00e1scoa"},"content":{"rendered":"<p><img loading=\"lazy\" src=\"http:\/\/franciscanos.org.br\/wp-content\/uploads\/2018\/03\/canarinhos_230318.jpg\" alt=\"canarinhos_230318\" width=\"830\" height=\"553\" \/><\/p>\n<h3>Corais dos Canarinhos t\u00eam agenda especial na Igreja do Sagrado Cora\u00e7\u00e3o de Jesus<\/h3>\n<p><strong>Petr\u00f3polis (RJ)<\/strong> &#8211; Muito al\u00e9m da troca de ovos de chocolate, a P\u00e1scoa, que marca a ressurrei\u00e7\u00e3o de Jesus Cristo, \u00e9 um momento de profunda reflex\u00e3o para os crist\u00e3os. Para celebrar o verdadeiro esp\u00edrito da comemora\u00e7\u00e3o, os corais dos Canarinhos de Petr\u00f3polis participar\u00e3o das celebra\u00e7\u00f5es realizadas na Igreja do Sagrado Cora\u00e7\u00e3o de Jesus nos dias 29 e 30 de mar\u00e7o e 1\u00ba de abril.<\/p>\n<p>A programa\u00e7\u00e3o come\u00e7a com a Missa, conhecida como Lava-P\u00e9s, na Quinta-feira Santa (29), \u00e0s 19h30, com a presen\u00e7a dos Canarinhos de Petr\u00f3polis. Associada \u00e0 \u00daltima Ceia de Jesus, a Missa repete o ato de humildade de Cristo ao lavar e enxugar os p\u00e9s dos ap\u00f3stolos.<\/p>\n<p>O Coral das Meninas dos Canarinhos de Petr\u00f3polis participar\u00e1, \u00e0s 15 horas, da celebra\u00e7\u00e3o da Sexta-feira Santa (30), quando se recorda a Paix\u00e3o e Morte do Nosso Senhor Jesus Cristo. O programa inclui can\u00e7\u00f5es como \u201cChristus factus est\u201d, \u201cAdoramus te\u201d, \u201cTantum ergo\u201d, \u201cDomine miserere\u201d e \u201cPovo meu que te fiz eu\u201d.<\/p>\n<p>O Domingo de P\u00e1scoa (1), \u00e0s 10h, contar\u00e1 com a presen\u00e7a dos Canarinhos de Petr\u00f3polis. A missa ser\u00e1 marcada por composi\u00e7\u00f5es em canto gregoriano, como \u201cResurrexi\u201d e \u201cVictimae Paschali laudes\u201d. O programa tamb\u00e9m inclui a &#8220;Missa em D\u00f3 Maior&#8221; de Baldassare Galuppi e o &#8220;Regina Coeli&#8221; de Gregor Aichinger.<\/p>\n<p><strong>CD relembra ressurrei\u00e7\u00e3o de Cristo<\/strong><\/p>\n<p>Gravado pelo Coral dos Canarinhos e lan\u00e7ado pelo IMCP, o CD Reflexos do Brasil lembra o esp\u00edrito da P\u00e1scoa e \u00e9 uma boa op\u00e7\u00e3o de presente para a \u00e9poca. Dentro de um repert\u00f3rio inovador, composto por m\u00fasicas sacras brasileiras &#8211; todas contempor\u00e2neas &#8211; est\u00e3o presentes refer\u00eancias \u00e0 Paix\u00e3o, Morte e Ressurrei\u00e7\u00e3o de Cristo. Na primeira faixa (\u201cJerusalem quae aedificatur\u201d), o coro cita a Quaresma, com o texto do Salmo 121, 3 e 4, para o Domingo <em>Laetare<\/em> &#8211; \u201cJerusal\u00e9m, cidade t\u00e3o bem edificada, que forma um t\u00e3o belo conjunto!\u201d<\/p>\n<p>As duas faixas seguintes falam sobre a Paix\u00e3o de Cristo: na segunda (\u201cPopule meus\u201d), os meninos cantam os primeiros versos da improperia; na terceira (\u201cAdoramus te Christe\u201d), o tema \u00e9 o canto de adora\u00e7\u00e3o de Cristo na cruz.\u00a0Na quarta m\u00fasica (\u201cRegina Coeli\u201d), encontramos a ora\u00e7\u00e3o feita pelos cat\u00f3licos durante o tempo Pascal, com o verso \u201cRainha do c\u00e9u, alegra-te&#8230; ressuscitou como disse&#8230;\u201d, em refer\u00eancia \u00e0 ressurrei\u00e7\u00e3o. A \u00faltima obra pascal do CD (\u201cMitte manum tuam\u201d) \u00e9 baseada no texto do Evangelho de Jo\u00e3o, (20, 27) para o segundo Domingo da P\u00e1scoa, fazendo refer\u00eancia a S\u00e3o Tom\u00e9, que dizia n\u00e3o acreditar na ressurrei\u00e7\u00e3o at\u00e9 que Jesus Cristo aparece para ele.<\/p>\n<p><em><strong>O CD custa R$25 e est\u00e1 \u00e0 venda no site: www.canarinhos.com.br. Mais informa\u00e7\u00f5es tamb\u00e9m podem ser adquiridas pelo telefone: (24) 2104-4141.<\/strong><\/em><\/p>\n","protected":false},"excerpt":{"rendered":"<p>Instituto dos Meninos Cantores de Petr\u00f3polis<\/p>\n","protected":false},"author":1,"featured_media":187272,"comment_status":"open","ping_status":"open","sticky":false,"template":"","format":"standard","meta":[],"categories":[1],"tags":[1378],"acf":[],"yoast_head":"<!-- This site is optimized with the Yoast SEO plugin v19.2 - https:\/\/yoast.com\/wordpress\/plugins\/seo\/ -->\n<title>Canarinhos: M\u00fasica para celebrar a P\u00e1scoa - Not\u00edcias - Franciscanos<\/title>\n<meta name=\"robots\" content=\"index, follow, max-snippet:-1, max-image-preview:large, max-video-preview:-1\" \/>\n<link rel=\"canonical\" href=\"https:\/\/franciscanos.org.br\/noticias\/canarinhos-musica-para-celebrar-a-pascoa.html\" \/>\n<meta property=\"og:locale\" content=\"pt_BR\" \/>\n<meta property=\"og:type\" content=\"article\" \/>\n<meta property=\"og:title\" content=\"Canarinhos: M\u00fasica para celebrar a P\u00e1scoa - Not\u00edcias - Franciscanos\" \/>\n<meta property=\"og:description\" content=\"Instituto dos Meninos Cantores de Petr\u00f3polis\" \/>\n<meta property=\"og:url\" content=\"https:\/\/franciscanos.org.br\/noticias\/canarinhos-musica-para-celebrar-a-pascoa.html\" \/>\n<meta property=\"og:site_name\" content=\"Not\u00edcias - Franciscanos\" \/>\n<meta property=\"article:published_time\" content=\"2018-03-23T17:09:19+00:00\" \/>\n<meta property=\"article:modified_time\" content=\"2021-07-05T23:03:38+00:00\" \/>\n<meta property=\"og:image\" content=\"https:\/\/franciscanos.org.br\/noticias\/wp-content\/uploads\/2018\/11\/canarinhos_230318-1.jpg\" \/>\n\t<meta property=\"og:image:width\" content=\"830\" \/>\n\t<meta property=\"og:image:height\" content=\"553\" \/>\n\t<meta property=\"og:image:type\" content=\"image\/jpeg\" \/>\n<meta name=\"author\" content=\"admin\" \/>\n<meta name=\"twitter:card\" content=\"summary_large_image\" \/>\n<meta name=\"twitter:label1\" content=\"Escrito por\" \/>\n\t<meta name=\"twitter:data1\" content=\"admin\" \/>\n\t<meta name=\"twitter:label2\" content=\"Est. tempo de leitura\" \/>\n\t<meta name=\"twitter:data2\" content=\"2 minutos\" \/>\n<script type=\"application\/ld+json\" class=\"yoast-schema-graph\">{\"@context\":\"https:\/\/schema.org\",\"@graph\":[{\"@type\":\"WebSite\",\"@id\":\"https:\/\/franciscanos.org.br\/noticias\/#website\",\"url\":\"https:\/\/franciscanos.org.br\/noticias\/\",\"name\":\"Not\u00edcias - Franciscanos\",\"description\":\"Prov\u00edncia Franciscana da Imaculada Concei\u00e7\u00e3o do Brasil - Ordem dos Frades Menores - OFM\",\"potentialAction\":[{\"@type\":\"SearchAction\",\"target\":{\"@type\":\"EntryPoint\",\"urlTemplate\":\"https:\/\/franciscanos.org.br\/noticias\/?s={search_term_string}\"},\"query-input\":\"required name=search_term_string\"}],\"inLanguage\":\"pt-BR\"},{\"@type\":\"ImageObject\",\"inLanguage\":\"pt-BR\",\"@id\":\"https:\/\/franciscanos.org.br\/noticias\/canarinhos-musica-para-celebrar-a-pascoa.html#primaryimage\",\"url\":\"https:\/\/franciscanos.org.br\/noticias\/wp-content\/uploads\/2018\/11\/canarinhos_230318-1.jpg\",\"contentUrl\":\"https:\/\/franciscanos.org.br\/noticias\/wp-content\/uploads\/2018\/11\/canarinhos_230318-1.jpg\",\"width\":830,\"height\":553},{\"@type\":\"WebPage\",\"@id\":\"https:\/\/franciscanos.org.br\/noticias\/canarinhos-musica-para-celebrar-a-pascoa.html#webpage\",\"url\":\"https:\/\/franciscanos.org.br\/noticias\/canarinhos-musica-para-celebrar-a-pascoa.html\",\"name\":\"Canarinhos: M\u00fasica para celebrar a P\u00e1scoa - Not\u00edcias - Franciscanos\",\"isPartOf\":{\"@id\":\"https:\/\/franciscanos.org.br\/noticias\/#website\"},\"primaryImageOfPage\":{\"@id\":\"https:\/\/franciscanos.org.br\/noticias\/canarinhos-musica-para-celebrar-a-pascoa.html#primaryimage\"},\"datePublished\":\"2018-03-23T17:09:19+00:00\",\"dateModified\":\"2021-07-05T23:03:38+00:00\",\"author\":{\"@id\":\"https:\/\/franciscanos.org.br\/noticias\/#\/schema\/person\/b38fbf43118f02820bd932f2e4b14ad3\"},\"breadcrumb\":{\"@id\":\"https:\/\/franciscanos.org.br\/noticias\/canarinhos-musica-para-celebrar-a-pascoa.html#breadcrumb\"},\"inLanguage\":\"pt-BR\",\"potentialAction\":[{\"@type\":\"ReadAction\",\"target\":[\"https:\/\/franciscanos.org.br\/noticias\/canarinhos-musica-para-celebrar-a-pascoa.html\"]}]},{\"@type\":\"BreadcrumbList\",\"@id\":\"https:\/\/franciscanos.org.br\/noticias\/canarinhos-musica-para-celebrar-a-pascoa.html#breadcrumb\",\"itemListElement\":[{\"@type\":\"ListItem\",\"position\":1,\"name\":\"Home\",\"item\":\"https:\/\/franciscanos.org.br\/noticias\"},{\"@type\":\"ListItem\",\"position\":2,\"name\":\"Canarinhos: M\u00fasica para celebrar a P\u00e1scoa\"}]},{\"@type\":\"Person\",\"@id\":\"https:\/\/franciscanos.org.br\/noticias\/#\/schema\/person\/b38fbf43118f02820bd932f2e4b14ad3\",\"name\":\"admin\",\"image\":{\"@type\":\"ImageObject\",\"inLanguage\":\"pt-BR\",\"@id\":\"https:\/\/franciscanos.org.br\/noticias\/#\/schema\/person\/image\/\",\"url\":\"https:\/\/secure.gravatar.com\/avatar\/e8495742d34d0ba6448ea1c628263b3e?s=96&d=mm&r=g\",\"contentUrl\":\"https:\/\/secure.gravatar.com\/avatar\/e8495742d34d0ba6448ea1c628263b3e?s=96&d=mm&r=g\",\"caption\":\"admin\"},\"url\":\"https:\/\/franciscanos.org.br\/noticias\/author\/admin\"}]}<\/script>\n<!-- \/ Yoast SEO plugin. -->","yoast_head_json":{"title":"Canarinhos: M\u00fasica para celebrar a P\u00e1scoa - Not\u00edcias - Franciscanos","robots":{"index":"index","follow":"follow","max-snippet":"max-snippet:-1","max-image-preview":"max-image-preview:large","max-video-preview":"max-video-preview:-1"},"canonical":"https:\/\/franciscanos.org.br\/noticias\/canarinhos-musica-para-celebrar-a-pascoa.html","og_locale":"pt_BR","og_type":"article","og_title":"Canarinhos: M\u00fasica para celebrar a P\u00e1scoa - Not\u00edcias - Franciscanos","og_description":"Instituto dos Meninos Cantores de Petr\u00f3polis","og_url":"https:\/\/franciscanos.org.br\/noticias\/canarinhos-musica-para-celebrar-a-pascoa.html","og_site_name":"Not\u00edcias - Franciscanos","article_published_time":"2018-03-23T17:09:19+00:00","article_modified_time":"2021-07-05T23:03:38+00:00","og_image":[{"width":830,"height":553,"url":"https:\/\/franciscanos.org.br\/noticias\/wp-content\/uploads\/2018\/11\/canarinhos_230318-1.jpg","type":"image\/jpeg"}],"author":"admin","twitter_card":"summary_large_image","twitter_misc":{"Escrito por":"admin","Est. tempo de leitura":"2 minutos"},"schema":{"@context":"https:\/\/schema.org","@graph":[{"@type":"WebSite","@id":"https:\/\/franciscanos.org.br\/noticias\/#website","url":"https:\/\/franciscanos.org.br\/noticias\/","name":"Not\u00edcias - Franciscanos","description":"Prov\u00edncia Franciscana da Imaculada Concei\u00e7\u00e3o do Brasil - Ordem dos Frades Menores - OFM","potentialAction":[{"@type":"SearchAction","target":{"@type":"EntryPoint","urlTemplate":"https:\/\/franciscanos.org.br\/noticias\/?s={search_term_string}"},"query-input":"required name=search_term_string"}],"inLanguage":"pt-BR"},{"@type":"ImageObject","inLanguage":"pt-BR","@id":"https:\/\/franciscanos.org.br\/noticias\/canarinhos-musica-para-celebrar-a-pascoa.html#primaryimage","url":"https:\/\/franciscanos.org.br\/noticias\/wp-content\/uploads\/2018\/11\/canarinhos_230318-1.jpg","contentUrl":"https:\/\/franciscanos.org.br\/noticias\/wp-content\/uploads\/2018\/11\/canarinhos_230318-1.jpg","width":830,"height":553},{"@type":"WebPage","@id":"https:\/\/franciscanos.org.br\/noticias\/canarinhos-musica-para-celebrar-a-pascoa.html#webpage","url":"https:\/\/franciscanos.org.br\/noticias\/canarinhos-musica-para-celebrar-a-pascoa.html","name":"Canarinhos: M\u00fasica para celebrar a P\u00e1scoa - Not\u00edcias - Franciscanos","isPartOf":{"@id":"https:\/\/franciscanos.org.br\/noticias\/#website"},"primaryImageOfPage":{"@id":"https:\/\/franciscanos.org.br\/noticias\/canarinhos-musica-para-celebrar-a-pascoa.html#primaryimage"},"datePublished":"2018-03-23T17:09:19+00:00","dateModified":"2021-07-05T23:03:38+00:00","author":{"@id":"https:\/\/franciscanos.org.br\/noticias\/#\/schema\/person\/b38fbf43118f02820bd932f2e4b14ad3"},"breadcrumb":{"@id":"https:\/\/franciscanos.org.br\/noticias\/canarinhos-musica-para-celebrar-a-pascoa.html#breadcrumb"},"inLanguage":"pt-BR","potentialAction":[{"@type":"ReadAction","target":["https:\/\/franciscanos.org.br\/noticias\/canarinhos-musica-para-celebrar-a-pascoa.html"]}]},{"@type":"BreadcrumbList","@id":"https:\/\/franciscanos.org.br\/noticias\/canarinhos-musica-para-celebrar-a-pascoa.html#breadcrumb","itemListElement":[{"@type":"ListItem","position":1,"name":"Home","item":"https:\/\/franciscanos.org.br\/noticias"},{"@type":"ListItem","position":2,"name":"Canarinhos: M\u00fasica para celebrar a P\u00e1scoa"}]},{"@type":"Person","@id":"https:\/\/franciscanos.org.br\/noticias\/#\/schema\/person\/b38fbf43118f02820bd932f2e4b14ad3","name":"admin","image":{"@type":"ImageObject","inLanguage":"pt-BR","@id":"https:\/\/franciscanos.org.br\/noticias\/#\/schema\/person\/image\/","url":"https:\/\/secure.gravatar.com\/avatar\/e8495742d34d0ba6448ea1c628263b3e?s=96&d=mm&r=g","contentUrl":"https:\/\/secure.gravatar.com\/avatar\/e8495742d34d0ba6448ea1c628263b3e?s=96&d=mm&r=g","caption":"admin"},"url":"https:\/\/franciscanos.org.br\/noticias\/author\/admin"}]}},"_links":{"self":[{"href":"https:\/\/franciscanos.org.br\/noticias\/wp-json\/wp\/v2\/posts\/154775"}],"collection":[{"href":"https:\/\/franciscanos.org.br\/noticias\/wp-json\/wp\/v2\/posts"}],"about":[{"href":"https:\/\/franciscanos.org.br\/noticias\/wp-json\/wp\/v2\/types\/post"}],"author":[{"embeddable":true,"href":"https:\/\/franciscanos.org.br\/noticias\/wp-json\/wp\/v2\/users\/1"}],"replies":[{"embeddable":true,"href":"https:\/\/franciscanos.org.br\/noticias\/wp-json\/wp\/v2\/comments?post=154775"}],"version-history":[{"count":1,"href":"https:\/\/franciscanos.org.br\/noticias\/wp-json\/wp\/v2\/posts\/154775\/revisions"}],"predecessor-version":[{"id":232874,"href":"https:\/\/franciscanos.org.br\/noticias\/wp-json\/wp\/v2\/posts\/154775\/revisions\/232874"}],"wp:featuredmedia":[{"embeddable":true,"href":"https:\/\/franciscanos.org.br\/noticias\/wp-json\/wp\/v2\/media\/187272"}],"wp:attachment":[{"href":"https:\/\/franciscanos.org.br\/noticias\/wp-json\/wp\/v2\/media?parent=154775"}],"wp:term":[{"taxonomy":"category","embeddable":true,"href":"https:\/\/franciscanos.org.br\/noticias\/wp-json\/wp\/v2\/categories?post=154775"},{"taxonomy":"post_tag","embeddable":true,"href":"https:\/\/franciscanos.org.br\/noticias\/wp-json\/wp\/v2\/tags?post=154775"}],"curies":[{"name":"wp","href":"https:\/\/api.w.org\/{rel}","templated":true}]}}