{"id":154669,"date":"2018-03-22T09:02:23","date_gmt":"2018-03-22T12:02:23","guid":{"rendered":"http:\/\/franciscanos.org.br\/?p=154669"},"modified":"2020-06-07T16:36:40","modified_gmt":"2020-06-07T19:36:40","slug":"papa-deus-nos-ama-como-um-pai-e-uma-mae","status":"publish","type":"post","link":"https:\/\/franciscanos.org.br\/noticias\/papa-deus-nos-ama-como-um-pai-e-uma-mae.html","title":{"rendered":"Exulta na esperan\u00e7a porque Deus ama voc\u00ea como pai e m\u00e3e"},"content":{"rendered":"<p><img loading=\"lazy\" src=\"http:\/\/franciscanos.org.br\/wp-content\/uploads\/2018\/03\/marta_220318_1.jpg\" alt=\"marta_220318_1\" width=\"820\" height=\"461\" \/><\/p>\n<p><strong>Vaticano &#8211;<\/strong> O Senhor \u00e9 fiel, jamais se esquece de n\u00f3s: isso nos leva a exultar na esperan\u00e7a. A poucos dias da Semana Santa, a Igreja prop\u00f5e a reflex\u00e3o sobre o amor fiel de Deus e foi este o tema da missa celebrada pelo Papa Francisco na capela da Casa Santa Marta. A homilia do Pont\u00edfice foi inspirada no Salmo responsorial e na Primeira Leitura, extra\u00edda do Livro do G\u00eanesis, que narra o epis\u00f3dio da alian\u00e7a de Deus com Abra\u00e3o. Uma alian\u00e7a que se prolongar\u00e1 na hist\u00f3ria do povo, n\u00e3o obstante os pecados e a idolatria.<\/p>\n<p>O Senhor, de fato, tem um \u201camor visceral\u201d que n\u00e3o faz esquecer. Para dar um exemplo, o Papa recorda que na Argentina, no Dia das M\u00e3es, se presenteia uma flor chamada \u201cn\u00e3o se esque\u00e7a de mim\u201d, que tem duas cores: azul claro para as m\u00e3es vivas e roxa para as m\u00e3es que j\u00e1 morreram: &#8220;Este \u00e9 o amor de Deus, como o de uma m\u00e3e. Deus n\u00e3o se esquece de n\u00f3s. Nunca. N\u00e3o pode, \u00e9 fiel \u00e0 Sua alian\u00e7a. Isso nos d\u00e1 seguran\u00e7a. De n\u00f3s podemos dizer: &#8216;Mas a minha vida \u00e9 t\u00e3o ruim&#8230; Tenho esta dificuldade, sou um pecador, uma pecadora&#8230;&#8217; Ele n\u00e3o se esquece de voc\u00ea, porque tem este amor visceral, e \u00e9 pai e m\u00e3e&#8221;.<\/p>\n<p><strong>Abra\u00e7o de amor<\/strong><br \/>\nTrata-se, portanto, de uma fidelidade que leva \u00e0 alegria, notou o Papa. Assim como para Abra\u00e3o, a nossa alegria \u00e9 exultar na esperan\u00e7a, porque \u201ccada um de n\u00f3s sabe que n\u00e3o \u00e9 fiel\u201d, mas Deus sim, reiterou o Papa. Basta pensar na experi\u00eancia do Bom Ladr\u00e3o: &#8220;O Deus fiel n\u00e3o pode renegar a si mesmo, n\u00e3o pode nos renegar, n\u00e3o pode renegar o seu amor, n\u00e3o pode renegar o seu povo, n\u00e3o pode renegar porque nos ama. Esta \u00e9 a fidelidade de Deus. Quando nos aproximamos do sacramento da penit\u00eancia, por favor: n\u00e3o pensar que vamos \u00e0 lavanderia para tirar as sujeiras. N\u00e3o. Vamos para receber um abra\u00e7o de amor deste Deus fiel que nos espera sempre. Sempre!<\/p>\n<p>Concluindo, o Papa retoma a exorta\u00e7\u00e3o central desta homilia: &#8220;Ele \u00e9 fiel, ele me conhece, me ama. Jamais me deixar\u00e1 s\u00f3. Ele me leva pela m\u00e3o. Que mais posso querer? Que mais? Que devo fazer? Exulta na esperan\u00e7a, porque o Senhor ama voc\u00ea como pai e como m\u00e3e&#8221;.<\/p>\n<hr \/>\n<p><em>Fonte: Vatican News<\/em><\/p>\n","protected":false},"excerpt":{"rendered":"<p>Missa em Santa Marta<\/p>\n","protected":false},"author":1,"featured_media":187270,"comment_status":"open","ping_status":"open","sticky":false,"template":"","format":"standard","meta":[],"categories":[1428],"tags":[1586],"acf":[],"yoast_head":"<!-- This site is optimized with the Yoast SEO plugin v19.2 - https:\/\/yoast.com\/wordpress\/plugins\/seo\/ -->\n<title>Exulta na esperan\u00e7a porque Deus ama voc\u00ea como pai e m\u00e3e - Not\u00edcias - Franciscanos<\/title>\n<meta name=\"robots\" content=\"index, follow, max-snippet:-1, max-image-preview:large, max-video-preview:-1\" \/>\n<link rel=\"canonical\" href=\"https:\/\/franciscanos.org.br\/noticias\/papa-deus-nos-ama-como-um-pai-e-uma-mae.html\" \/>\n<meta property=\"og:locale\" content=\"pt_BR\" \/>\n<meta property=\"og:type\" content=\"article\" \/>\n<meta property=\"og:title\" content=\"Exulta na esperan\u00e7a porque Deus ama voc\u00ea como pai e m\u00e3e - Not\u00edcias - Franciscanos\" \/>\n<meta property=\"og:description\" content=\"Missa em Santa Marta\" \/>\n<meta property=\"og:url\" content=\"https:\/\/franciscanos.org.br\/noticias\/papa-deus-nos-ama-como-um-pai-e-uma-mae.html\" \/>\n<meta property=\"og:site_name\" content=\"Not\u00edcias - Franciscanos\" \/>\n<meta property=\"article:published_time\" content=\"2018-03-22T12:02:23+00:00\" \/>\n<meta property=\"article:modified_time\" content=\"2020-06-07T19:36:40+00:00\" \/>\n<meta property=\"og:image\" content=\"https:\/\/franciscanos.org.br\/noticias\/wp-content\/uploads\/2018\/11\/marta_220318_1-1.jpg\" \/>\n\t<meta property=\"og:image:width\" content=\"820\" \/>\n\t<meta property=\"og:image:height\" content=\"461\" \/>\n\t<meta property=\"og:image:type\" content=\"image\/jpeg\" \/>\n<meta name=\"author\" content=\"admin\" \/>\n<meta name=\"twitter:card\" content=\"summary_large_image\" \/>\n<meta name=\"twitter:label1\" content=\"Escrito por\" \/>\n\t<meta name=\"twitter:data1\" content=\"admin\" \/>\n\t<meta name=\"twitter:label2\" content=\"Est. tempo de leitura\" \/>\n\t<meta name=\"twitter:data2\" content=\"2 minutos\" \/>\n<script type=\"application\/ld+json\" class=\"yoast-schema-graph\">{\"@context\":\"https:\/\/schema.org\",\"@graph\":[{\"@type\":\"WebSite\",\"@id\":\"https:\/\/franciscanos.org.br\/noticias\/#website\",\"url\":\"https:\/\/franciscanos.org.br\/noticias\/\",\"name\":\"Not\u00edcias - Franciscanos\",\"description\":\"Prov\u00edncia Franciscana da Imaculada Concei\u00e7\u00e3o do Brasil - Ordem dos Frades Menores - OFM\",\"potentialAction\":[{\"@type\":\"SearchAction\",\"target\":{\"@type\":\"EntryPoint\",\"urlTemplate\":\"https:\/\/franciscanos.org.br\/noticias\/?s={search_term_string}\"},\"query-input\":\"required name=search_term_string\"}],\"inLanguage\":\"pt-BR\"},{\"@type\":\"ImageObject\",\"inLanguage\":\"pt-BR\",\"@id\":\"https:\/\/franciscanos.org.br\/noticias\/papa-deus-nos-ama-como-um-pai-e-uma-mae.html#primaryimage\",\"url\":\"https:\/\/franciscanos.org.br\/noticias\/wp-content\/uploads\/2018\/11\/marta_220318_1-1.jpg\",\"contentUrl\":\"https:\/\/franciscanos.org.br\/noticias\/wp-content\/uploads\/2018\/11\/marta_220318_1-1.jpg\",\"width\":820,\"height\":461},{\"@type\":\"WebPage\",\"@id\":\"https:\/\/franciscanos.org.br\/noticias\/papa-deus-nos-ama-como-um-pai-e-uma-mae.html#webpage\",\"url\":\"https:\/\/franciscanos.org.br\/noticias\/papa-deus-nos-ama-como-um-pai-e-uma-mae.html\",\"name\":\"Exulta na esperan\u00e7a porque Deus ama voc\u00ea como pai e m\u00e3e - Not\u00edcias - Franciscanos\",\"isPartOf\":{\"@id\":\"https:\/\/franciscanos.org.br\/noticias\/#website\"},\"primaryImageOfPage\":{\"@id\":\"https:\/\/franciscanos.org.br\/noticias\/papa-deus-nos-ama-como-um-pai-e-uma-mae.html#primaryimage\"},\"datePublished\":\"2018-03-22T12:02:23+00:00\",\"dateModified\":\"2020-06-07T19:36:40+00:00\",\"author\":{\"@id\":\"https:\/\/franciscanos.org.br\/noticias\/#\/schema\/person\/b38fbf43118f02820bd932f2e4b14ad3\"},\"breadcrumb\":{\"@id\":\"https:\/\/franciscanos.org.br\/noticias\/papa-deus-nos-ama-como-um-pai-e-uma-mae.html#breadcrumb\"},\"inLanguage\":\"pt-BR\",\"potentialAction\":[{\"@type\":\"ReadAction\",\"target\":[\"https:\/\/franciscanos.org.br\/noticias\/papa-deus-nos-ama-como-um-pai-e-uma-mae.html\"]}]},{\"@type\":\"BreadcrumbList\",\"@id\":\"https:\/\/franciscanos.org.br\/noticias\/papa-deus-nos-ama-como-um-pai-e-uma-mae.html#breadcrumb\",\"itemListElement\":[{\"@type\":\"ListItem\",\"position\":1,\"name\":\"Home\",\"item\":\"https:\/\/franciscanos.org.br\/noticias\"},{\"@type\":\"ListItem\",\"position\":2,\"name\":\"Exulta na esperan\u00e7a porque Deus ama voc\u00ea como pai e m\u00e3e\"}]},{\"@type\":\"Person\",\"@id\":\"https:\/\/franciscanos.org.br\/noticias\/#\/schema\/person\/b38fbf43118f02820bd932f2e4b14ad3\",\"name\":\"admin\",\"image\":{\"@type\":\"ImageObject\",\"inLanguage\":\"pt-BR\",\"@id\":\"https:\/\/franciscanos.org.br\/noticias\/#\/schema\/person\/image\/\",\"url\":\"https:\/\/secure.gravatar.com\/avatar\/e8495742d34d0ba6448ea1c628263b3e?s=96&d=mm&r=g\",\"contentUrl\":\"https:\/\/secure.gravatar.com\/avatar\/e8495742d34d0ba6448ea1c628263b3e?s=96&d=mm&r=g\",\"caption\":\"admin\"},\"url\":\"https:\/\/franciscanos.org.br\/noticias\/author\/admin\"}]}<\/script>\n<!-- \/ Yoast SEO plugin. -->","yoast_head_json":{"title":"Exulta na esperan\u00e7a porque Deus ama voc\u00ea como pai e m\u00e3e - Not\u00edcias - Franciscanos","robots":{"index":"index","follow":"follow","max-snippet":"max-snippet:-1","max-image-preview":"max-image-preview:large","max-video-preview":"max-video-preview:-1"},"canonical":"https:\/\/franciscanos.org.br\/noticias\/papa-deus-nos-ama-como-um-pai-e-uma-mae.html","og_locale":"pt_BR","og_type":"article","og_title":"Exulta na esperan\u00e7a porque Deus ama voc\u00ea como pai e m\u00e3e - Not\u00edcias - Franciscanos","og_description":"Missa em Santa Marta","og_url":"https:\/\/franciscanos.org.br\/noticias\/papa-deus-nos-ama-como-um-pai-e-uma-mae.html","og_site_name":"Not\u00edcias - Franciscanos","article_published_time":"2018-03-22T12:02:23+00:00","article_modified_time":"2020-06-07T19:36:40+00:00","og_image":[{"width":820,"height":461,"url":"https:\/\/franciscanos.org.br\/noticias\/wp-content\/uploads\/2018\/11\/marta_220318_1-1.jpg","type":"image\/jpeg"}],"author":"admin","twitter_card":"summary_large_image","twitter_misc":{"Escrito por":"admin","Est. tempo de leitura":"2 minutos"},"schema":{"@context":"https:\/\/schema.org","@graph":[{"@type":"WebSite","@id":"https:\/\/franciscanos.org.br\/noticias\/#website","url":"https:\/\/franciscanos.org.br\/noticias\/","name":"Not\u00edcias - Franciscanos","description":"Prov\u00edncia Franciscana da Imaculada Concei\u00e7\u00e3o do Brasil - Ordem dos Frades Menores - OFM","potentialAction":[{"@type":"SearchAction","target":{"@type":"EntryPoint","urlTemplate":"https:\/\/franciscanos.org.br\/noticias\/?s={search_term_string}"},"query-input":"required name=search_term_string"}],"inLanguage":"pt-BR"},{"@type":"ImageObject","inLanguage":"pt-BR","@id":"https:\/\/franciscanos.org.br\/noticias\/papa-deus-nos-ama-como-um-pai-e-uma-mae.html#primaryimage","url":"https:\/\/franciscanos.org.br\/noticias\/wp-content\/uploads\/2018\/11\/marta_220318_1-1.jpg","contentUrl":"https:\/\/franciscanos.org.br\/noticias\/wp-content\/uploads\/2018\/11\/marta_220318_1-1.jpg","width":820,"height":461},{"@type":"WebPage","@id":"https:\/\/franciscanos.org.br\/noticias\/papa-deus-nos-ama-como-um-pai-e-uma-mae.html#webpage","url":"https:\/\/franciscanos.org.br\/noticias\/papa-deus-nos-ama-como-um-pai-e-uma-mae.html","name":"Exulta na esperan\u00e7a porque Deus ama voc\u00ea como pai e m\u00e3e - Not\u00edcias - Franciscanos","isPartOf":{"@id":"https:\/\/franciscanos.org.br\/noticias\/#website"},"primaryImageOfPage":{"@id":"https:\/\/franciscanos.org.br\/noticias\/papa-deus-nos-ama-como-um-pai-e-uma-mae.html#primaryimage"},"datePublished":"2018-03-22T12:02:23+00:00","dateModified":"2020-06-07T19:36:40+00:00","author":{"@id":"https:\/\/franciscanos.org.br\/noticias\/#\/schema\/person\/b38fbf43118f02820bd932f2e4b14ad3"},"breadcrumb":{"@id":"https:\/\/franciscanos.org.br\/noticias\/papa-deus-nos-ama-como-um-pai-e-uma-mae.html#breadcrumb"},"inLanguage":"pt-BR","potentialAction":[{"@type":"ReadAction","target":["https:\/\/franciscanos.org.br\/noticias\/papa-deus-nos-ama-como-um-pai-e-uma-mae.html"]}]},{"@type":"BreadcrumbList","@id":"https:\/\/franciscanos.org.br\/noticias\/papa-deus-nos-ama-como-um-pai-e-uma-mae.html#breadcrumb","itemListElement":[{"@type":"ListItem","position":1,"name":"Home","item":"https:\/\/franciscanos.org.br\/noticias"},{"@type":"ListItem","position":2,"name":"Exulta na esperan\u00e7a porque Deus ama voc\u00ea como pai e m\u00e3e"}]},{"@type":"Person","@id":"https:\/\/franciscanos.org.br\/noticias\/#\/schema\/person\/b38fbf43118f02820bd932f2e4b14ad3","name":"admin","image":{"@type":"ImageObject","inLanguage":"pt-BR","@id":"https:\/\/franciscanos.org.br\/noticias\/#\/schema\/person\/image\/","url":"https:\/\/secure.gravatar.com\/avatar\/e8495742d34d0ba6448ea1c628263b3e?s=96&d=mm&r=g","contentUrl":"https:\/\/secure.gravatar.com\/avatar\/e8495742d34d0ba6448ea1c628263b3e?s=96&d=mm&r=g","caption":"admin"},"url":"https:\/\/franciscanos.org.br\/noticias\/author\/admin"}]}},"_links":{"self":[{"href":"https:\/\/franciscanos.org.br\/noticias\/wp-json\/wp\/v2\/posts\/154669"}],"collection":[{"href":"https:\/\/franciscanos.org.br\/noticias\/wp-json\/wp\/v2\/posts"}],"about":[{"href":"https:\/\/franciscanos.org.br\/noticias\/wp-json\/wp\/v2\/types\/post"}],"author":[{"embeddable":true,"href":"https:\/\/franciscanos.org.br\/noticias\/wp-json\/wp\/v2\/users\/1"}],"replies":[{"embeddable":true,"href":"https:\/\/franciscanos.org.br\/noticias\/wp-json\/wp\/v2\/comments?post=154669"}],"version-history":[{"count":1,"href":"https:\/\/franciscanos.org.br\/noticias\/wp-json\/wp\/v2\/posts\/154669\/revisions"}],"predecessor-version":[{"id":225033,"href":"https:\/\/franciscanos.org.br\/noticias\/wp-json\/wp\/v2\/posts\/154669\/revisions\/225033"}],"wp:featuredmedia":[{"embeddable":true,"href":"https:\/\/franciscanos.org.br\/noticias\/wp-json\/wp\/v2\/media\/187270"}],"wp:attachment":[{"href":"https:\/\/franciscanos.org.br\/noticias\/wp-json\/wp\/v2\/media?parent=154669"}],"wp:term":[{"taxonomy":"category","embeddable":true,"href":"https:\/\/franciscanos.org.br\/noticias\/wp-json\/wp\/v2\/categories?post=154669"},{"taxonomy":"post_tag","embeddable":true,"href":"https:\/\/franciscanos.org.br\/noticias\/wp-json\/wp\/v2\/tags?post=154669"}],"curies":[{"name":"wp","href":"https:\/\/api.w.org\/{rel}","templated":true}]}}