{"id":154616,"date":"2018-03-20T18:02:53","date_gmt":"2018-03-20T21:02:53","guid":{"rendered":"http:\/\/franciscanos.org.br\/?p=154616"},"modified":"2019-01-04T09:59:38","modified_gmt":"2019-01-04T11:59:38","slug":"reitor-da-usf-recebe-condecoracao-da-abmes","status":"publish","type":"post","link":"https:\/\/franciscanos.org.br\/noticias\/reitor-da-usf-recebe-condecoracao-da-abmes.html","title":{"rendered":"Reitor da USF recebe condecora\u00e7\u00e3o da ABMES"},"content":{"rendered":"<p><img loading=\"lazy\" class=\"alignright size-full wp-image-154619\" src=\"http:\/\/franciscanos.org.br\/wp-content\/uploads\/2018\/03\/gilberto_210318.jpg\" alt=\"gilberto_210318\" width=\"400\" height=\"392\" \/>O Reitor da Universidade S\u00e3o Francisco (USF), Gilberto Garcia, recebe no pr\u00f3ximo dia 10 de abril, a outorga do M\u00e9rito da Associa\u00e7\u00e3o Brasileira de Mantenedora de Ensino Superior (ABMES).<\/p>\n<p>A Ordem do M\u00e9rito trata-se de uma honraria que tem como objetivo agraciar personalidades que se destacam no exerc\u00edcio de suas fun\u00e7\u00f5es, demonstrando fortes valores contribuindo para o desenvolvimento da educa\u00e7\u00e3o e da sociedade como um todo.<\/p>\n<p>Al\u00e9m do reitor da USF, o diretor presidente da ABMES, Jangui\u00ea Diniz, Gr\u00e3o-Cruz da Ordem do M\u00e9rito ABMES da Educa\u00e7\u00e3o Superior, condecorar\u00e1 tamb\u00e9m o Ministro da Educa\u00e7\u00e3o, Jos\u00e9 Mendon\u00e7a Bezerra Filho e o Secret\u00e1rio da Secretaria de Regula\u00e7\u00e3o e Supervis\u00e3o da Educa\u00e7\u00e3o Superior (Seres\/MEC), Henrique Sartori de Almeida Prado.<\/p>\n<p>A cerim\u00f4nia ser\u00e1 no audit\u00f3rio Victorio Lanza, sede da ABMES, em Bras\u00edlia.<\/p>\n","protected":false},"excerpt":{"rendered":"<p>Frente da Educa\u00e7\u00e3o<\/p>\n","protected":false},"author":1,"featured_media":193964,"comment_status":"open","ping_status":"open","sticky":false,"template":"","format":"standard","meta":[],"categories":[1],"tags":[354],"acf":[],"yoast_head":"<!-- This site is optimized with the Yoast SEO plugin v19.2 - https:\/\/yoast.com\/wordpress\/plugins\/seo\/ -->\n<title>Reitor da USF recebe condecora\u00e7\u00e3o da ABMES - Not\u00edcias - Franciscanos<\/title>\n<meta name=\"robots\" content=\"index, follow, max-snippet:-1, max-image-preview:large, max-video-preview:-1\" \/>\n<link rel=\"canonical\" href=\"https:\/\/franciscanos.org.br\/noticias\/reitor-da-usf-recebe-condecoracao-da-abmes.html\" \/>\n<meta property=\"og:locale\" content=\"pt_BR\" \/>\n<meta property=\"og:type\" content=\"article\" \/>\n<meta property=\"og:title\" content=\"Reitor da USF recebe condecora\u00e7\u00e3o da ABMES - Not\u00edcias - Franciscanos\" \/>\n<meta property=\"og:description\" content=\"Frente da Educa\u00e7\u00e3o\" \/>\n<meta property=\"og:url\" content=\"https:\/\/franciscanos.org.br\/noticias\/reitor-da-usf-recebe-condecoracao-da-abmes.html\" \/>\n<meta property=\"og:site_name\" content=\"Not\u00edcias - Franciscanos\" \/>\n<meta property=\"article:published_time\" content=\"2018-03-20T21:02:53+00:00\" \/>\n<meta property=\"article:modified_time\" content=\"2019-01-04T11:59:38+00:00\" \/>\n<meta property=\"og:image\" content=\"https:\/\/franciscanos.org.br\/noticias\/wp-content\/uploads\/2018\/03\/gilberto_210318d.jpg\" \/>\n\t<meta property=\"og:image:width\" content=\"273\" \/>\n\t<meta property=\"og:image:height\" content=\"181\" \/>\n\t<meta property=\"og:image:type\" content=\"image\/jpeg\" \/>\n<meta name=\"author\" content=\"admin\" \/>\n<meta name=\"twitter:card\" content=\"summary_large_image\" \/>\n<meta name=\"twitter:label1\" content=\"Escrito por\" \/>\n\t<meta name=\"twitter:data1\" content=\"admin\" \/>\n\t<meta name=\"twitter:label2\" content=\"Est. tempo de leitura\" \/>\n\t<meta name=\"twitter:data2\" content=\"1 minuto\" \/>\n<script type=\"application\/ld+json\" class=\"yoast-schema-graph\">{\"@context\":\"https:\/\/schema.org\",\"@graph\":[{\"@type\":\"WebSite\",\"@id\":\"https:\/\/franciscanos.org.br\/noticias\/#website\",\"url\":\"https:\/\/franciscanos.org.br\/noticias\/\",\"name\":\"Not\u00edcias - Franciscanos\",\"description\":\"Prov\u00edncia Franciscana da Imaculada Concei\u00e7\u00e3o do Brasil - Ordem dos Frades Menores - OFM\",\"potentialAction\":[{\"@type\":\"SearchAction\",\"target\":{\"@type\":\"EntryPoint\",\"urlTemplate\":\"https:\/\/franciscanos.org.br\/noticias\/?s={search_term_string}\"},\"query-input\":\"required name=search_term_string\"}],\"inLanguage\":\"pt-BR\"},{\"@type\":\"ImageObject\",\"inLanguage\":\"pt-BR\",\"@id\":\"https:\/\/franciscanos.org.br\/noticias\/reitor-da-usf-recebe-condecoracao-da-abmes.html#primaryimage\",\"url\":\"https:\/\/franciscanos.org.br\/noticias\/wp-content\/uploads\/2018\/03\/gilberto_210318d.jpg\",\"contentUrl\":\"https:\/\/franciscanos.org.br\/noticias\/wp-content\/uploads\/2018\/03\/gilberto_210318d.jpg\",\"width\":273,\"height\":181},{\"@type\":\"WebPage\",\"@id\":\"https:\/\/franciscanos.org.br\/noticias\/reitor-da-usf-recebe-condecoracao-da-abmes.html#webpage\",\"url\":\"https:\/\/franciscanos.org.br\/noticias\/reitor-da-usf-recebe-condecoracao-da-abmes.html\",\"name\":\"Reitor da USF recebe condecora\u00e7\u00e3o da ABMES - Not\u00edcias - Franciscanos\",\"isPartOf\":{\"@id\":\"https:\/\/franciscanos.org.br\/noticias\/#website\"},\"primaryImageOfPage\":{\"@id\":\"https:\/\/franciscanos.org.br\/noticias\/reitor-da-usf-recebe-condecoracao-da-abmes.html#primaryimage\"},\"datePublished\":\"2018-03-20T21:02:53+00:00\",\"dateModified\":\"2019-01-04T11:59:38+00:00\",\"author\":{\"@id\":\"https:\/\/franciscanos.org.br\/noticias\/#\/schema\/person\/b38fbf43118f02820bd932f2e4b14ad3\"},\"breadcrumb\":{\"@id\":\"https:\/\/franciscanos.org.br\/noticias\/reitor-da-usf-recebe-condecoracao-da-abmes.html#breadcrumb\"},\"inLanguage\":\"pt-BR\",\"potentialAction\":[{\"@type\":\"ReadAction\",\"target\":[\"https:\/\/franciscanos.org.br\/noticias\/reitor-da-usf-recebe-condecoracao-da-abmes.html\"]}]},{\"@type\":\"BreadcrumbList\",\"@id\":\"https:\/\/franciscanos.org.br\/noticias\/reitor-da-usf-recebe-condecoracao-da-abmes.html#breadcrumb\",\"itemListElement\":[{\"@type\":\"ListItem\",\"position\":1,\"name\":\"Home\",\"item\":\"https:\/\/franciscanos.org.br\/noticias\"},{\"@type\":\"ListItem\",\"position\":2,\"name\":\"Reitor da USF recebe condecora\u00e7\u00e3o da ABMES\"}]},{\"@type\":\"Person\",\"@id\":\"https:\/\/franciscanos.org.br\/noticias\/#\/schema\/person\/b38fbf43118f02820bd932f2e4b14ad3\",\"name\":\"admin\",\"image\":{\"@type\":\"ImageObject\",\"inLanguage\":\"pt-BR\",\"@id\":\"https:\/\/franciscanos.org.br\/noticias\/#\/schema\/person\/image\/\",\"url\":\"https:\/\/secure.gravatar.com\/avatar\/e8495742d34d0ba6448ea1c628263b3e?s=96&d=mm&r=g\",\"contentUrl\":\"https:\/\/secure.gravatar.com\/avatar\/e8495742d34d0ba6448ea1c628263b3e?s=96&d=mm&r=g\",\"caption\":\"admin\"},\"url\":\"https:\/\/franciscanos.org.br\/noticias\/author\/admin\"}]}<\/script>\n<!-- \/ Yoast SEO plugin. -->","yoast_head_json":{"title":"Reitor da USF recebe condecora\u00e7\u00e3o da ABMES - Not\u00edcias - Franciscanos","robots":{"index":"index","follow":"follow","max-snippet":"max-snippet:-1","max-image-preview":"max-image-preview:large","max-video-preview":"max-video-preview:-1"},"canonical":"https:\/\/franciscanos.org.br\/noticias\/reitor-da-usf-recebe-condecoracao-da-abmes.html","og_locale":"pt_BR","og_type":"article","og_title":"Reitor da USF recebe condecora\u00e7\u00e3o da ABMES - Not\u00edcias - Franciscanos","og_description":"Frente da Educa\u00e7\u00e3o","og_url":"https:\/\/franciscanos.org.br\/noticias\/reitor-da-usf-recebe-condecoracao-da-abmes.html","og_site_name":"Not\u00edcias - Franciscanos","article_published_time":"2018-03-20T21:02:53+00:00","article_modified_time":"2019-01-04T11:59:38+00:00","og_image":[{"width":273,"height":181,"url":"https:\/\/franciscanos.org.br\/noticias\/wp-content\/uploads\/2018\/03\/gilberto_210318d.jpg","type":"image\/jpeg"}],"author":"admin","twitter_card":"summary_large_image","twitter_misc":{"Escrito por":"admin","Est. tempo de leitura":"1 minuto"},"schema":{"@context":"https:\/\/schema.org","@graph":[{"@type":"WebSite","@id":"https:\/\/franciscanos.org.br\/noticias\/#website","url":"https:\/\/franciscanos.org.br\/noticias\/","name":"Not\u00edcias - Franciscanos","description":"Prov\u00edncia Franciscana da Imaculada Concei\u00e7\u00e3o do Brasil - Ordem dos Frades Menores - OFM","potentialAction":[{"@type":"SearchAction","target":{"@type":"EntryPoint","urlTemplate":"https:\/\/franciscanos.org.br\/noticias\/?s={search_term_string}"},"query-input":"required name=search_term_string"}],"inLanguage":"pt-BR"},{"@type":"ImageObject","inLanguage":"pt-BR","@id":"https:\/\/franciscanos.org.br\/noticias\/reitor-da-usf-recebe-condecoracao-da-abmes.html#primaryimage","url":"https:\/\/franciscanos.org.br\/noticias\/wp-content\/uploads\/2018\/03\/gilberto_210318d.jpg","contentUrl":"https:\/\/franciscanos.org.br\/noticias\/wp-content\/uploads\/2018\/03\/gilberto_210318d.jpg","width":273,"height":181},{"@type":"WebPage","@id":"https:\/\/franciscanos.org.br\/noticias\/reitor-da-usf-recebe-condecoracao-da-abmes.html#webpage","url":"https:\/\/franciscanos.org.br\/noticias\/reitor-da-usf-recebe-condecoracao-da-abmes.html","name":"Reitor da USF recebe condecora\u00e7\u00e3o da ABMES - Not\u00edcias - Franciscanos","isPartOf":{"@id":"https:\/\/franciscanos.org.br\/noticias\/#website"},"primaryImageOfPage":{"@id":"https:\/\/franciscanos.org.br\/noticias\/reitor-da-usf-recebe-condecoracao-da-abmes.html#primaryimage"},"datePublished":"2018-03-20T21:02:53+00:00","dateModified":"2019-01-04T11:59:38+00:00","author":{"@id":"https:\/\/franciscanos.org.br\/noticias\/#\/schema\/person\/b38fbf43118f02820bd932f2e4b14ad3"},"breadcrumb":{"@id":"https:\/\/franciscanos.org.br\/noticias\/reitor-da-usf-recebe-condecoracao-da-abmes.html#breadcrumb"},"inLanguage":"pt-BR","potentialAction":[{"@type":"ReadAction","target":["https:\/\/franciscanos.org.br\/noticias\/reitor-da-usf-recebe-condecoracao-da-abmes.html"]}]},{"@type":"BreadcrumbList","@id":"https:\/\/franciscanos.org.br\/noticias\/reitor-da-usf-recebe-condecoracao-da-abmes.html#breadcrumb","itemListElement":[{"@type":"ListItem","position":1,"name":"Home","item":"https:\/\/franciscanos.org.br\/noticias"},{"@type":"ListItem","position":2,"name":"Reitor da USF recebe condecora\u00e7\u00e3o da ABMES"}]},{"@type":"Person","@id":"https:\/\/franciscanos.org.br\/noticias\/#\/schema\/person\/b38fbf43118f02820bd932f2e4b14ad3","name":"admin","image":{"@type":"ImageObject","inLanguage":"pt-BR","@id":"https:\/\/franciscanos.org.br\/noticias\/#\/schema\/person\/image\/","url":"https:\/\/secure.gravatar.com\/avatar\/e8495742d34d0ba6448ea1c628263b3e?s=96&d=mm&r=g","contentUrl":"https:\/\/secure.gravatar.com\/avatar\/e8495742d34d0ba6448ea1c628263b3e?s=96&d=mm&r=g","caption":"admin"},"url":"https:\/\/franciscanos.org.br\/noticias\/author\/admin"}]}},"_links":{"self":[{"href":"https:\/\/franciscanos.org.br\/noticias\/wp-json\/wp\/v2\/posts\/154616"}],"collection":[{"href":"https:\/\/franciscanos.org.br\/noticias\/wp-json\/wp\/v2\/posts"}],"about":[{"href":"https:\/\/franciscanos.org.br\/noticias\/wp-json\/wp\/v2\/types\/post"}],"author":[{"embeddable":true,"href":"https:\/\/franciscanos.org.br\/noticias\/wp-json\/wp\/v2\/users\/1"}],"replies":[{"embeddable":true,"href":"https:\/\/franciscanos.org.br\/noticias\/wp-json\/wp\/v2\/comments?post=154616"}],"version-history":[{"count":0,"href":"https:\/\/franciscanos.org.br\/noticias\/wp-json\/wp\/v2\/posts\/154616\/revisions"}],"wp:featuredmedia":[{"embeddable":true,"href":"https:\/\/franciscanos.org.br\/noticias\/wp-json\/wp\/v2\/media\/193964"}],"wp:attachment":[{"href":"https:\/\/franciscanos.org.br\/noticias\/wp-json\/wp\/v2\/media?parent=154616"}],"wp:term":[{"taxonomy":"category","embeddable":true,"href":"https:\/\/franciscanos.org.br\/noticias\/wp-json\/wp\/v2\/categories?post=154616"},{"taxonomy":"post_tag","embeddable":true,"href":"https:\/\/franciscanos.org.br\/noticias\/wp-json\/wp\/v2\/tags?post=154616"}],"curies":[{"name":"wp","href":"https:\/\/api.w.org\/{rel}","templated":true}]}}