{"id":154604,"date":"2018-03-21T08:16:44","date_gmt":"2018-03-21T11:16:44","guid":{"rendered":"http:\/\/franciscanos.org.br\/?p=154604"},"modified":"2020-06-07T16:37:28","modified_gmt":"2020-06-07T19:37:28","slug":"papa-eucarista-nos-fortalece-e-nos-faz-dar-frutos","status":"publish","type":"post","link":"https:\/\/franciscanos.org.br\/noticias\/papa-eucarista-nos-fortalece-e-nos-faz-dar-frutos.html","title":{"rendered":"Papa: Eucaristia nos fortalece e nos faz dar frutos"},"content":{"rendered":"<p><img loading=\"lazy\" src=\"http:\/\/franciscanos.org.br\/wp-content\/uploads\/2018\/03\/audiencia_210318_1.jpg\" alt=\"audiencia_210318_1\" width=\"820\" height=\"546\" \/><\/p>\n<p>&#8220;Quem come a minha carne e bebe o meu sangue tem a vida eterna e eu o ressuscitarei no \u00faltimo dia. Porque a minha carne \u00e9 verdadeiramente uma comida e o meu sangue verdadeiramente uma bebida&#8221;. A passagem do Evangelho de S\u00e3o Jo\u00e3o (6,54-55) inspirou a reflex\u00e3o do Papa Francisco sobre a Comunh\u00e3o na Audi\u00eancia Geral desta quarta-feira, em que deu continuidade \u00e0 sua s\u00e9rie de catequeses sobre a Santa Missa, que \u00e9 toda &#8220;ordenada para a Comunh\u00e3o sacramental&#8221;, n\u00e3o espiritual que posso fazer em casa.<\/p>\n<p>&#8220;Celebramos a Eucaristia para nos nutrirmos de Cristo, que doa a si mesmo quer na Palavra como no Sacramento do altar, para conformar-nos a Ele&#8221;, disse o Santo Padre dirigindo-se aos cerca de 15 mil fi\u00e9is de diversos pa\u00edses presentes na Pra\u00e7a S\u00e3o Pedro, a uma temperatura de 8\u00b0C. &#8220;O gesto de Jesus que deu aos seus disc\u00edpulos o seu Corpo e o seu Sangue na \u00faltima Ceia &#8211; explicou Francisco &#8211; continua ainda hoje pelo minist\u00e9rio do sacerdote e do di\u00e1cono, ministros ordin\u00e1rios da distribui\u00e7\u00e3o aos irm\u00e3os do P\u00e3o da vida e do C\u00e1lice da salva\u00e7\u00e3o&#8221;.<\/p>\n<p>&#8220;Depois de ter partido o P\u00e3o consagrado, que \u00e9 o Corpo de Jesus, o sacerdote o mostra aos fi\u00e9is, convidando-os a participar do banquete eucar\u00edstico&#8221;, dizendo as palavras: &#8220;Felizes os convidados para a Ceia do Senhor: eis o Cordeiro de Deus que tira os pecados do mundo&#8221;. Este convite inspirado em uma passagem do Apocalipse &#8211; recordou o Santo Padre &#8211; &#8220;nos chama a experimentar a \u00edntima uni\u00e3o com Cristo, fonte de alegria e de santidade&#8221;:<\/p>\n<p>&#8220;\u00c9 um convite que alegra e ao mesmo tempo impele a um exame de consci\u00eancia iluminado pela f\u00e9. Se por um lado, de fato, vemos a dist\u00e2ncia que nos separa da santidade de Cristo, por outro acreditamos que o seu Sangue \u00e9 &#8220;derramado pela remiss\u00e3o dos pecados&#8221;. Todos n\u00f3s fomos perdoados no batismo e todos n\u00f3s somos e seremos perdoados todas as vezes que nos aproximarmos do Sacramento da Penit\u00eancia. E n\u00e3o esque\u00e7a, Jesus perdoa sempre, n\u00e3o se cansa de perdoar, somos n\u00f3s que nos cansamos de pedir perd\u00e3o\u201d.<\/p>\n<p><img loading=\"lazy\" src=\"http:\/\/franciscanos.org.br\/wp-content\/uploads\/2018\/03\/audiencia_210318_2.jpg\" alt=\"audiencia_210318_2\" width=\"820\" height=\"820\" \/><\/p>\n<p>O Papa recordou Santo Ambr\u00f3sio quando exclama: &#8220;Eu que peco sempre, devo sempre dispor de rem\u00e9dio!&#8221;, e nesta f\u00e9 &#8220;tamb\u00e9m n\u00f3s voltamos o nosso olhar ao Cordeiro de Deus que tira os pecados do mundo e o invocamos&#8221; com as palavras: &#8220;\u00d3 Senhor, n\u00e3o sou digno que entreis em minha morada, mas dizeis uma palavra e sereis salvo. Isso dizemos em cada Missa\u201d: &#8220;Se somos n\u00f3s a nos mover em prociss\u00e3o para fazer a Comunh\u00e3o, na realidade \u00e9 Cristo que vem em nosso encontro para assemelharmo-nos a Ele. Nutrir-se da Eucaristia, significa deixar-se transformar enquanto recebemos&#8221;.<\/p>\n<p>&#8220;Como o p\u00e3o e o vinho s\u00e3o convertidos no Corpo e Sangue do Senhor, assim aqueles que os recebem com f\u00e9 s\u00e3o transformados em Eucaristia viva&#8221;, disse o Papa. Ao responder &#8220;Am\u00e9m&#8221; ao sacerdote que diz &#8220;Corpo de Cristo&#8221;, se reconhece &#8220;a gra\u00e7a e o empenho que comporta tornar-se Corpo de Cristo. Pois quando recebo o Corpo de Cristo nos tornamos Corpo de Cristo, e isto muito bonito!\u201d<\/p>\n<p>Para o Papa, &#8220;enquanto nos unimos a Cristo, separando-nos de nossos ego\u00edsmos, a Comunh\u00e3o nos abre e une a todos aqueles que s\u00e3o um s\u00f3 n&#8217;Ele. Eis o prod\u00edgio da Comunh\u00e3o: nos tornamos aquilo que recebemos!&#8221;<\/p>\n<p>Francisco refor\u00e7a que a Igreja deseja que os fi\u00e9is recebam o Corpo do Senhor &#8220;com h\u00f3stias consagradas na mesma Missa&#8221; e que &#8220;o sinal do banquete eucar\u00edstico se expressa com maior plenitude se a santa Comunh\u00e3o \u00e9 feita sob duas esp\u00e9cies, ainda que a doutrina cat\u00f3lica ensine que sob uma esp\u00e9cie somente se recebe o Cristo inteiro&#8221;.<\/p>\n<p>O fiel se aproxima e comunga em p\u00e9 com devo\u00e7\u00e3o ou de joelhos, como estabelecido pela Confer\u00eancia Episcopal, recebendo o sacramento na boca ou, onde \u00e9 permitido, na m\u00e3o, como preferir. O Santo Padre recorda que ap\u00f3s a Comunh\u00e3o, para custodiar no cora\u00e7\u00e3o o dom recebido, &#8220;nos ajuda a ora\u00e7\u00e3o silenciosa&#8221;, \u201cter um pouco mais de tempo para rezar com Jesus no cora\u00e7\u00e3o, ou cantar um Salmo ou um hino de louvor\u201d.<\/p>\n<p>A Ora\u00e7\u00e3o ap\u00f3s a Comunh\u00e3o conclui a Liturgia Eucar\u00edstica. &#8220;Nela, em nome de todos, o sacerdote dirige-se a Deus para agradec\u00ea-lo por nos fazer seus convidados e pedir que o que foi recebido transforme a nossa vida.<\/p>\n<p>\u201cA Eucaristia nos torna fortes, para darmos flores e frutos de boas obras para vivermos como crist\u00e3os\u201d. Significativa &#8211; disse o Papa ao concluir &#8211; \u00e9 a ora\u00e7\u00e3o de hoje, em que pedimos ao Senhor que &#8220;a participa\u00e7\u00e3o ao seu sacramento seja para n\u00f3s rem\u00e9dio de salva\u00e7\u00e3o, nos cure do mal e nos confirme na sua amizade&#8221;.<\/p>\n<p>A Comunh\u00e3o \u201cnos torna mais fortes. \u00c9 t\u00e3o bom e t\u00e3o grande o Senhor\u201d.<\/p>\n<p><img loading=\"lazy\" src=\"http:\/\/franciscanos.org.br\/wp-content\/uploads\/2018\/03\/audiencia_210318.jpg\" alt=\"audiencia_210318\" width=\"820\" height=\"546\" \/><\/p>\n<hr \/>\n<p><em>Fonte: Vatican News<\/em><\/p>\n","protected":false},"excerpt":{"rendered":"<p>Audi\u00eancia Geral<\/p>\n","protected":false},"author":5,"featured_media":201346,"comment_status":"open","ping_status":"open","sticky":false,"template":"","format":"standard","meta":[],"categories":[1428],"tags":[487],"acf":[],"yoast_head":"<!-- This site is optimized with the Yoast SEO plugin v19.2 - https:\/\/yoast.com\/wordpress\/plugins\/seo\/ -->\n<title>Papa: Eucaristia nos fortalece e nos faz dar frutos - Not\u00edcias - Franciscanos<\/title>\n<meta name=\"robots\" content=\"index, follow, max-snippet:-1, max-image-preview:large, max-video-preview:-1\" \/>\n<link rel=\"canonical\" href=\"https:\/\/franciscanos.org.br\/noticias\/papa-eucarista-nos-fortalece-e-nos-faz-dar-frutos.html\" \/>\n<meta property=\"og:locale\" content=\"pt_BR\" \/>\n<meta property=\"og:type\" content=\"article\" \/>\n<meta property=\"og:title\" content=\"Papa: Eucaristia nos fortalece e nos faz dar frutos - Not\u00edcias - Franciscanos\" \/>\n<meta property=\"og:description\" content=\"Audi\u00eancia Geral\" \/>\n<meta property=\"og:url\" content=\"https:\/\/franciscanos.org.br\/noticias\/papa-eucarista-nos-fortalece-e-nos-faz-dar-frutos.html\" \/>\n<meta property=\"og:site_name\" content=\"Not\u00edcias - Franciscanos\" \/>\n<meta property=\"article:published_time\" content=\"2018-03-21T11:16:44+00:00\" \/>\n<meta property=\"article:modified_time\" content=\"2020-06-07T19:37:28+00:00\" \/>\n<meta property=\"og:image\" content=\"https:\/\/franciscanos.org.br\/noticias\/wp-content\/uploads\/2018\/03\/audiencia_210318_1.jpg\" \/>\n\t<meta property=\"og:image:width\" content=\"273\" \/>\n\t<meta property=\"og:image:height\" content=\"181\" \/>\n\t<meta property=\"og:image:type\" content=\"image\/jpeg\" \/>\n<meta name=\"author\" content=\"freiaugusto\" \/>\n<meta name=\"twitter:card\" content=\"summary_large_image\" \/>\n<meta name=\"twitter:label1\" content=\"Escrito por\" \/>\n\t<meta name=\"twitter:data1\" content=\"freiaugusto\" \/>\n\t<meta name=\"twitter:label2\" content=\"Est. tempo de leitura\" \/>\n\t<meta name=\"twitter:data2\" content=\"4 minutos\" \/>\n<script type=\"application\/ld+json\" class=\"yoast-schema-graph\">{\"@context\":\"https:\/\/schema.org\",\"@graph\":[{\"@type\":\"WebSite\",\"@id\":\"https:\/\/franciscanos.org.br\/noticias\/#website\",\"url\":\"https:\/\/franciscanos.org.br\/noticias\/\",\"name\":\"Not\u00edcias - Franciscanos\",\"description\":\"Prov\u00edncia Franciscana da Imaculada Concei\u00e7\u00e3o do Brasil - Ordem dos Frades Menores - OFM\",\"potentialAction\":[{\"@type\":\"SearchAction\",\"target\":{\"@type\":\"EntryPoint\",\"urlTemplate\":\"https:\/\/franciscanos.org.br\/noticias\/?s={search_term_string}\"},\"query-input\":\"required name=search_term_string\"}],\"inLanguage\":\"pt-BR\"},{\"@type\":\"ImageObject\",\"inLanguage\":\"pt-BR\",\"@id\":\"https:\/\/franciscanos.org.br\/noticias\/papa-eucarista-nos-fortalece-e-nos-faz-dar-frutos.html#primaryimage\",\"url\":\"https:\/\/franciscanos.org.br\/noticias\/wp-content\/uploads\/2018\/03\/audiencia_210318_1.jpg\",\"contentUrl\":\"https:\/\/franciscanos.org.br\/noticias\/wp-content\/uploads\/2018\/03\/audiencia_210318_1.jpg\",\"width\":273,\"height\":181},{\"@type\":\"WebPage\",\"@id\":\"https:\/\/franciscanos.org.br\/noticias\/papa-eucarista-nos-fortalece-e-nos-faz-dar-frutos.html#webpage\",\"url\":\"https:\/\/franciscanos.org.br\/noticias\/papa-eucarista-nos-fortalece-e-nos-faz-dar-frutos.html\",\"name\":\"Papa: Eucaristia nos fortalece e nos faz dar frutos - Not\u00edcias - Franciscanos\",\"isPartOf\":{\"@id\":\"https:\/\/franciscanos.org.br\/noticias\/#website\"},\"primaryImageOfPage\":{\"@id\":\"https:\/\/franciscanos.org.br\/noticias\/papa-eucarista-nos-fortalece-e-nos-faz-dar-frutos.html#primaryimage\"},\"datePublished\":\"2018-03-21T11:16:44+00:00\",\"dateModified\":\"2020-06-07T19:37:28+00:00\",\"author\":{\"@id\":\"https:\/\/franciscanos.org.br\/noticias\/#\/schema\/person\/37f88f0d111cd5358b12a6556a99eb91\"},\"breadcrumb\":{\"@id\":\"https:\/\/franciscanos.org.br\/noticias\/papa-eucarista-nos-fortalece-e-nos-faz-dar-frutos.html#breadcrumb\"},\"inLanguage\":\"pt-BR\",\"potentialAction\":[{\"@type\":\"ReadAction\",\"target\":[\"https:\/\/franciscanos.org.br\/noticias\/papa-eucarista-nos-fortalece-e-nos-faz-dar-frutos.html\"]}]},{\"@type\":\"BreadcrumbList\",\"@id\":\"https:\/\/franciscanos.org.br\/noticias\/papa-eucarista-nos-fortalece-e-nos-faz-dar-frutos.html#breadcrumb\",\"itemListElement\":[{\"@type\":\"ListItem\",\"position\":1,\"name\":\"Home\",\"item\":\"https:\/\/franciscanos.org.br\/noticias\"},{\"@type\":\"ListItem\",\"position\":2,\"name\":\"Papa: Eucaristia nos fortalece e nos faz dar frutos\"}]},{\"@type\":\"Person\",\"@id\":\"https:\/\/franciscanos.org.br\/noticias\/#\/schema\/person\/37f88f0d111cd5358b12a6556a99eb91\",\"name\":\"freiaugusto\",\"image\":{\"@type\":\"ImageObject\",\"inLanguage\":\"pt-BR\",\"@id\":\"https:\/\/franciscanos.org.br\/noticias\/#\/schema\/person\/image\/\",\"url\":\"https:\/\/secure.gravatar.com\/avatar\/9840b940e621801b24f3e6b059efb4b7?s=96&d=mm&r=g\",\"contentUrl\":\"https:\/\/secure.gravatar.com\/avatar\/9840b940e621801b24f3e6b059efb4b7?s=96&d=mm&r=g\",\"caption\":\"freiaugusto\"},\"url\":\"https:\/\/franciscanos.org.br\/noticias\/author\/freiaugusto\"}]}<\/script>\n<!-- \/ Yoast SEO plugin. -->","yoast_head_json":{"title":"Papa: Eucaristia nos fortalece e nos faz dar frutos - Not\u00edcias - Franciscanos","robots":{"index":"index","follow":"follow","max-snippet":"max-snippet:-1","max-image-preview":"max-image-preview:large","max-video-preview":"max-video-preview:-1"},"canonical":"https:\/\/franciscanos.org.br\/noticias\/papa-eucarista-nos-fortalece-e-nos-faz-dar-frutos.html","og_locale":"pt_BR","og_type":"article","og_title":"Papa: Eucaristia nos fortalece e nos faz dar frutos - Not\u00edcias - Franciscanos","og_description":"Audi\u00eancia Geral","og_url":"https:\/\/franciscanos.org.br\/noticias\/papa-eucarista-nos-fortalece-e-nos-faz-dar-frutos.html","og_site_name":"Not\u00edcias - Franciscanos","article_published_time":"2018-03-21T11:16:44+00:00","article_modified_time":"2020-06-07T19:37:28+00:00","og_image":[{"width":273,"height":181,"url":"https:\/\/franciscanos.org.br\/noticias\/wp-content\/uploads\/2018\/03\/audiencia_210318_1.jpg","type":"image\/jpeg"}],"author":"freiaugusto","twitter_card":"summary_large_image","twitter_misc":{"Escrito por":"freiaugusto","Est. tempo de leitura":"4 minutos"},"schema":{"@context":"https:\/\/schema.org","@graph":[{"@type":"WebSite","@id":"https:\/\/franciscanos.org.br\/noticias\/#website","url":"https:\/\/franciscanos.org.br\/noticias\/","name":"Not\u00edcias - Franciscanos","description":"Prov\u00edncia Franciscana da Imaculada Concei\u00e7\u00e3o do Brasil - Ordem dos Frades Menores - OFM","potentialAction":[{"@type":"SearchAction","target":{"@type":"EntryPoint","urlTemplate":"https:\/\/franciscanos.org.br\/noticias\/?s={search_term_string}"},"query-input":"required name=search_term_string"}],"inLanguage":"pt-BR"},{"@type":"ImageObject","inLanguage":"pt-BR","@id":"https:\/\/franciscanos.org.br\/noticias\/papa-eucarista-nos-fortalece-e-nos-faz-dar-frutos.html#primaryimage","url":"https:\/\/franciscanos.org.br\/noticias\/wp-content\/uploads\/2018\/03\/audiencia_210318_1.jpg","contentUrl":"https:\/\/franciscanos.org.br\/noticias\/wp-content\/uploads\/2018\/03\/audiencia_210318_1.jpg","width":273,"height":181},{"@type":"WebPage","@id":"https:\/\/franciscanos.org.br\/noticias\/papa-eucarista-nos-fortalece-e-nos-faz-dar-frutos.html#webpage","url":"https:\/\/franciscanos.org.br\/noticias\/papa-eucarista-nos-fortalece-e-nos-faz-dar-frutos.html","name":"Papa: Eucaristia nos fortalece e nos faz dar frutos - Not\u00edcias - Franciscanos","isPartOf":{"@id":"https:\/\/franciscanos.org.br\/noticias\/#website"},"primaryImageOfPage":{"@id":"https:\/\/franciscanos.org.br\/noticias\/papa-eucarista-nos-fortalece-e-nos-faz-dar-frutos.html#primaryimage"},"datePublished":"2018-03-21T11:16:44+00:00","dateModified":"2020-06-07T19:37:28+00:00","author":{"@id":"https:\/\/franciscanos.org.br\/noticias\/#\/schema\/person\/37f88f0d111cd5358b12a6556a99eb91"},"breadcrumb":{"@id":"https:\/\/franciscanos.org.br\/noticias\/papa-eucarista-nos-fortalece-e-nos-faz-dar-frutos.html#breadcrumb"},"inLanguage":"pt-BR","potentialAction":[{"@type":"ReadAction","target":["https:\/\/franciscanos.org.br\/noticias\/papa-eucarista-nos-fortalece-e-nos-faz-dar-frutos.html"]}]},{"@type":"BreadcrumbList","@id":"https:\/\/franciscanos.org.br\/noticias\/papa-eucarista-nos-fortalece-e-nos-faz-dar-frutos.html#breadcrumb","itemListElement":[{"@type":"ListItem","position":1,"name":"Home","item":"https:\/\/franciscanos.org.br\/noticias"},{"@type":"ListItem","position":2,"name":"Papa: Eucaristia nos fortalece e nos faz dar frutos"}]},{"@type":"Person","@id":"https:\/\/franciscanos.org.br\/noticias\/#\/schema\/person\/37f88f0d111cd5358b12a6556a99eb91","name":"freiaugusto","image":{"@type":"ImageObject","inLanguage":"pt-BR","@id":"https:\/\/franciscanos.org.br\/noticias\/#\/schema\/person\/image\/","url":"https:\/\/secure.gravatar.com\/avatar\/9840b940e621801b24f3e6b059efb4b7?s=96&d=mm&r=g","contentUrl":"https:\/\/secure.gravatar.com\/avatar\/9840b940e621801b24f3e6b059efb4b7?s=96&d=mm&r=g","caption":"freiaugusto"},"url":"https:\/\/franciscanos.org.br\/noticias\/author\/freiaugusto"}]}},"_links":{"self":[{"href":"https:\/\/franciscanos.org.br\/noticias\/wp-json\/wp\/v2\/posts\/154604"}],"collection":[{"href":"https:\/\/franciscanos.org.br\/noticias\/wp-json\/wp\/v2\/posts"}],"about":[{"href":"https:\/\/franciscanos.org.br\/noticias\/wp-json\/wp\/v2\/types\/post"}],"author":[{"embeddable":true,"href":"https:\/\/franciscanos.org.br\/noticias\/wp-json\/wp\/v2\/users\/5"}],"replies":[{"embeddable":true,"href":"https:\/\/franciscanos.org.br\/noticias\/wp-json\/wp\/v2\/comments?post=154604"}],"version-history":[{"count":1,"href":"https:\/\/franciscanos.org.br\/noticias\/wp-json\/wp\/v2\/posts\/154604\/revisions"}],"predecessor-version":[{"id":225034,"href":"https:\/\/franciscanos.org.br\/noticias\/wp-json\/wp\/v2\/posts\/154604\/revisions\/225034"}],"wp:featuredmedia":[{"embeddable":true,"href":"https:\/\/franciscanos.org.br\/noticias\/wp-json\/wp\/v2\/media\/201346"}],"wp:attachment":[{"href":"https:\/\/franciscanos.org.br\/noticias\/wp-json\/wp\/v2\/media?parent=154604"}],"wp:term":[{"taxonomy":"category","embeddable":true,"href":"https:\/\/franciscanos.org.br\/noticias\/wp-json\/wp\/v2\/categories?post=154604"},{"taxonomy":"post_tag","embeddable":true,"href":"https:\/\/franciscanos.org.br\/noticias\/wp-json\/wp\/v2\/tags?post=154604"}],"curies":[{"name":"wp","href":"https:\/\/api.w.org\/{rel}","templated":true}]}}