{"id":154574,"date":"2018-03-19T22:55:16","date_gmt":"2018-03-20T01:55:16","guid":{"rendered":"http:\/\/franciscanos.org.br\/?p=154574"},"modified":"2019-03-29T12:27:10","modified_gmt":"2019-03-29T15:27:10","slug":"caminhada-pela-paz-em-movimenta-cidade-de-agudos","status":"publish","type":"post","link":"https:\/\/franciscanos.org.br\/noticias\/caminhada-pela-paz-em-movimenta-cidade-de-agudos.html","title":{"rendered":"Caminhada pela Paz movimenta cidade de Agudos"},"content":{"rendered":"<p><img loading=\"lazy\" src=\"http:\/\/franciscanos.org.br\/wp-content\/uploads\/2018\/03\/caminhada_190318.jpg\" alt=\"caminhada_190318\" width=\"830\" height=\"400\" \/><\/p>\n<p>A manh\u00e3 do domingo (18\/03) foi especial em Agudos. Fi\u00e9is das seis comunidades que comp\u00f5em a Par\u00f3quia S\u00e3o Paulo Ap\u00f3stolo realizaram uma Caminhada pela Paz, que foi distribu\u00edda pelos bairros da cidade. A iniciativa foi da equipe da Pastoral da Campanha da Fraternidade que, neste ano, trabalha o tema \u201cFraternidade e supera\u00e7\u00e3o da viol\u00eancia\u201d.<\/p>\n<p>A Caminhada pela Paz ocorreu em diferentes hor\u00e1rios nas comunidades e contou com a participa\u00e7\u00e3o de pessoas de todas as idades, que levavam cartazes, faixas, bexigas e len\u00e7os, passando pelas casas com uma mensagem de paz. \u201cA caminhada \u00e9 um modo de trazer as pessoas para a Igreja. &#8220;Achei muito interessante a participa\u00e7\u00e3o de crian\u00e7as, jovens e adultos\u201d, diz Marcos Vin\u00edcius Pereira, que caminhou ao lado da namorada.<\/p>\n<p>Sandra Zagato, membro da Pastoral da CF e uma das organizadoras do evento, pontua a atividade como um incentivo para que a sociedade viva com menos viol\u00eancia e comece a refletir que o melhor s\u00e3o atitudes do bem. \u201cH\u00e1 muitos tipos de viol\u00eancia que n\u00e3o precisam ser uma agress\u00e3o propriamente dita. Por isso, n\u00f3s como crist\u00e3os precisamos sensibilizar e incentivar a\u00e7\u00f5es de paz, amor e fraternidade. Somos todos irm\u00e3os\u201d, destacou ela.<\/p>\n<p>A jovem Rafaela Batista de Almeida est\u00e1 participando dos encontros do Crisma na comunidade Matriz e foi com os colegas cantando e rezando pelas ruas centrais de Agudos. Ela conta que a caminhada trouxe mais harmonia e esperan\u00e7a. \u201cParticipar da caminhada mostra que n\u00e3o somos ignorantes perante o que nosso pa\u00eds est\u00e1 vivendo\u201d, completou.<\/p>\n<p>A comunidade Santa Cec\u00edlia, diferente das demais, n\u00e3o andou pelas ruas do bairro, mas concentrou seus membros em frente a um movimentado supermercado da cidade para distribuir mensagens de paz.<\/p>\n<p><strong>Pascom da Par\u00f3quia S\u00e3o Paulo<\/strong><\/p>\n","protected":false},"excerpt":{"rendered":"<p>Par\u00f3quia S\u00e3o Paulo Ap\u00f3stolo<\/p>\n","protected":false},"author":1,"featured_media":201915,"comment_status":"open","ping_status":"open","sticky":false,"template":"","format":"standard","meta":[],"categories":[1],"tags":[1145],"acf":[],"yoast_head":"<!-- This site is optimized with the Yoast SEO plugin v19.2 - https:\/\/yoast.com\/wordpress\/plugins\/seo\/ -->\n<title>Caminhada pela Paz movimenta cidade de Agudos - Not\u00edcias - Franciscanos<\/title>\n<meta name=\"robots\" content=\"index, follow, max-snippet:-1, max-image-preview:large, max-video-preview:-1\" \/>\n<link rel=\"canonical\" href=\"https:\/\/franciscanos.org.br\/noticias\/caminhada-pela-paz-em-movimenta-cidade-de-agudos.html\" \/>\n<meta property=\"og:locale\" content=\"pt_BR\" \/>\n<meta property=\"og:type\" content=\"article\" \/>\n<meta property=\"og:title\" content=\"Caminhada pela Paz movimenta cidade de Agudos - Not\u00edcias - Franciscanos\" \/>\n<meta property=\"og:description\" content=\"Par\u00f3quia S\u00e3o Paulo Ap\u00f3stolo\" \/>\n<meta property=\"og:url\" content=\"https:\/\/franciscanos.org.br\/noticias\/caminhada-pela-paz-em-movimenta-cidade-de-agudos.html\" \/>\n<meta property=\"og:site_name\" content=\"Not\u00edcias - Franciscanos\" \/>\n<meta property=\"article:published_time\" content=\"2018-03-20T01:55:16+00:00\" \/>\n<meta property=\"article:modified_time\" content=\"2019-03-29T15:27:10+00:00\" \/>\n<meta property=\"og:image\" content=\"https:\/\/franciscanos.org.br\/noticias\/wp-content\/uploads\/2018\/03\/caminhada_190318.jpg\" \/>\n\t<meta property=\"og:image:width\" content=\"273\" \/>\n\t<meta property=\"og:image:height\" content=\"181\" \/>\n\t<meta property=\"og:image:type\" content=\"image\/jpeg\" \/>\n<meta name=\"author\" content=\"admin\" \/>\n<meta name=\"twitter:card\" content=\"summary_large_image\" \/>\n<meta name=\"twitter:label1\" content=\"Escrito por\" \/>\n\t<meta name=\"twitter:data1\" content=\"admin\" \/>\n\t<meta name=\"twitter:label2\" content=\"Est. tempo de leitura\" \/>\n\t<meta name=\"twitter:data2\" content=\"2 minutos\" \/>\n<script type=\"application\/ld+json\" class=\"yoast-schema-graph\">{\"@context\":\"https:\/\/schema.org\",\"@graph\":[{\"@type\":\"WebSite\",\"@id\":\"https:\/\/franciscanos.org.br\/noticias\/#website\",\"url\":\"https:\/\/franciscanos.org.br\/noticias\/\",\"name\":\"Not\u00edcias - Franciscanos\",\"description\":\"Prov\u00edncia Franciscana da Imaculada Concei\u00e7\u00e3o do Brasil - Ordem dos Frades Menores - OFM\",\"potentialAction\":[{\"@type\":\"SearchAction\",\"target\":{\"@type\":\"EntryPoint\",\"urlTemplate\":\"https:\/\/franciscanos.org.br\/noticias\/?s={search_term_string}\"},\"query-input\":\"required name=search_term_string\"}],\"inLanguage\":\"pt-BR\"},{\"@type\":\"ImageObject\",\"inLanguage\":\"pt-BR\",\"@id\":\"https:\/\/franciscanos.org.br\/noticias\/caminhada-pela-paz-em-movimenta-cidade-de-agudos.html#primaryimage\",\"url\":\"https:\/\/franciscanos.org.br\/noticias\/wp-content\/uploads\/2018\/03\/caminhada_190318.jpg\",\"contentUrl\":\"https:\/\/franciscanos.org.br\/noticias\/wp-content\/uploads\/2018\/03\/caminhada_190318.jpg\",\"width\":273,\"height\":181},{\"@type\":\"WebPage\",\"@id\":\"https:\/\/franciscanos.org.br\/noticias\/caminhada-pela-paz-em-movimenta-cidade-de-agudos.html#webpage\",\"url\":\"https:\/\/franciscanos.org.br\/noticias\/caminhada-pela-paz-em-movimenta-cidade-de-agudos.html\",\"name\":\"Caminhada pela Paz movimenta cidade de Agudos - Not\u00edcias - Franciscanos\",\"isPartOf\":{\"@id\":\"https:\/\/franciscanos.org.br\/noticias\/#website\"},\"primaryImageOfPage\":{\"@id\":\"https:\/\/franciscanos.org.br\/noticias\/caminhada-pela-paz-em-movimenta-cidade-de-agudos.html#primaryimage\"},\"datePublished\":\"2018-03-20T01:55:16+00:00\",\"dateModified\":\"2019-03-29T15:27:10+00:00\",\"author\":{\"@id\":\"https:\/\/franciscanos.org.br\/noticias\/#\/schema\/person\/b38fbf43118f02820bd932f2e4b14ad3\"},\"breadcrumb\":{\"@id\":\"https:\/\/franciscanos.org.br\/noticias\/caminhada-pela-paz-em-movimenta-cidade-de-agudos.html#breadcrumb\"},\"inLanguage\":\"pt-BR\",\"potentialAction\":[{\"@type\":\"ReadAction\",\"target\":[\"https:\/\/franciscanos.org.br\/noticias\/caminhada-pela-paz-em-movimenta-cidade-de-agudos.html\"]}]},{\"@type\":\"BreadcrumbList\",\"@id\":\"https:\/\/franciscanos.org.br\/noticias\/caminhada-pela-paz-em-movimenta-cidade-de-agudos.html#breadcrumb\",\"itemListElement\":[{\"@type\":\"ListItem\",\"position\":1,\"name\":\"Home\",\"item\":\"https:\/\/franciscanos.org.br\/noticias\"},{\"@type\":\"ListItem\",\"position\":2,\"name\":\"Caminhada pela Paz movimenta cidade de Agudos\"}]},{\"@type\":\"Person\",\"@id\":\"https:\/\/franciscanos.org.br\/noticias\/#\/schema\/person\/b38fbf43118f02820bd932f2e4b14ad3\",\"name\":\"admin\",\"image\":{\"@type\":\"ImageObject\",\"inLanguage\":\"pt-BR\",\"@id\":\"https:\/\/franciscanos.org.br\/noticias\/#\/schema\/person\/image\/\",\"url\":\"https:\/\/secure.gravatar.com\/avatar\/e8495742d34d0ba6448ea1c628263b3e?s=96&d=mm&r=g\",\"contentUrl\":\"https:\/\/secure.gravatar.com\/avatar\/e8495742d34d0ba6448ea1c628263b3e?s=96&d=mm&r=g\",\"caption\":\"admin\"},\"url\":\"https:\/\/franciscanos.org.br\/noticias\/author\/admin\"}]}<\/script>\n<!-- \/ Yoast SEO plugin. -->","yoast_head_json":{"title":"Caminhada pela Paz movimenta cidade de Agudos - Not\u00edcias - Franciscanos","robots":{"index":"index","follow":"follow","max-snippet":"max-snippet:-1","max-image-preview":"max-image-preview:large","max-video-preview":"max-video-preview:-1"},"canonical":"https:\/\/franciscanos.org.br\/noticias\/caminhada-pela-paz-em-movimenta-cidade-de-agudos.html","og_locale":"pt_BR","og_type":"article","og_title":"Caminhada pela Paz movimenta cidade de Agudos - Not\u00edcias - Franciscanos","og_description":"Par\u00f3quia S\u00e3o Paulo Ap\u00f3stolo","og_url":"https:\/\/franciscanos.org.br\/noticias\/caminhada-pela-paz-em-movimenta-cidade-de-agudos.html","og_site_name":"Not\u00edcias - Franciscanos","article_published_time":"2018-03-20T01:55:16+00:00","article_modified_time":"2019-03-29T15:27:10+00:00","og_image":[{"width":273,"height":181,"url":"https:\/\/franciscanos.org.br\/noticias\/wp-content\/uploads\/2018\/03\/caminhada_190318.jpg","type":"image\/jpeg"}],"author":"admin","twitter_card":"summary_large_image","twitter_misc":{"Escrito por":"admin","Est. tempo de leitura":"2 minutos"},"schema":{"@context":"https:\/\/schema.org","@graph":[{"@type":"WebSite","@id":"https:\/\/franciscanos.org.br\/noticias\/#website","url":"https:\/\/franciscanos.org.br\/noticias\/","name":"Not\u00edcias - Franciscanos","description":"Prov\u00edncia Franciscana da Imaculada Concei\u00e7\u00e3o do Brasil - Ordem dos Frades Menores - OFM","potentialAction":[{"@type":"SearchAction","target":{"@type":"EntryPoint","urlTemplate":"https:\/\/franciscanos.org.br\/noticias\/?s={search_term_string}"},"query-input":"required name=search_term_string"}],"inLanguage":"pt-BR"},{"@type":"ImageObject","inLanguage":"pt-BR","@id":"https:\/\/franciscanos.org.br\/noticias\/caminhada-pela-paz-em-movimenta-cidade-de-agudos.html#primaryimage","url":"https:\/\/franciscanos.org.br\/noticias\/wp-content\/uploads\/2018\/03\/caminhada_190318.jpg","contentUrl":"https:\/\/franciscanos.org.br\/noticias\/wp-content\/uploads\/2018\/03\/caminhada_190318.jpg","width":273,"height":181},{"@type":"WebPage","@id":"https:\/\/franciscanos.org.br\/noticias\/caminhada-pela-paz-em-movimenta-cidade-de-agudos.html#webpage","url":"https:\/\/franciscanos.org.br\/noticias\/caminhada-pela-paz-em-movimenta-cidade-de-agudos.html","name":"Caminhada pela Paz movimenta cidade de Agudos - Not\u00edcias - Franciscanos","isPartOf":{"@id":"https:\/\/franciscanos.org.br\/noticias\/#website"},"primaryImageOfPage":{"@id":"https:\/\/franciscanos.org.br\/noticias\/caminhada-pela-paz-em-movimenta-cidade-de-agudos.html#primaryimage"},"datePublished":"2018-03-20T01:55:16+00:00","dateModified":"2019-03-29T15:27:10+00:00","author":{"@id":"https:\/\/franciscanos.org.br\/noticias\/#\/schema\/person\/b38fbf43118f02820bd932f2e4b14ad3"},"breadcrumb":{"@id":"https:\/\/franciscanos.org.br\/noticias\/caminhada-pela-paz-em-movimenta-cidade-de-agudos.html#breadcrumb"},"inLanguage":"pt-BR","potentialAction":[{"@type":"ReadAction","target":["https:\/\/franciscanos.org.br\/noticias\/caminhada-pela-paz-em-movimenta-cidade-de-agudos.html"]}]},{"@type":"BreadcrumbList","@id":"https:\/\/franciscanos.org.br\/noticias\/caminhada-pela-paz-em-movimenta-cidade-de-agudos.html#breadcrumb","itemListElement":[{"@type":"ListItem","position":1,"name":"Home","item":"https:\/\/franciscanos.org.br\/noticias"},{"@type":"ListItem","position":2,"name":"Caminhada pela Paz movimenta cidade de Agudos"}]},{"@type":"Person","@id":"https:\/\/franciscanos.org.br\/noticias\/#\/schema\/person\/b38fbf43118f02820bd932f2e4b14ad3","name":"admin","image":{"@type":"ImageObject","inLanguage":"pt-BR","@id":"https:\/\/franciscanos.org.br\/noticias\/#\/schema\/person\/image\/","url":"https:\/\/secure.gravatar.com\/avatar\/e8495742d34d0ba6448ea1c628263b3e?s=96&d=mm&r=g","contentUrl":"https:\/\/secure.gravatar.com\/avatar\/e8495742d34d0ba6448ea1c628263b3e?s=96&d=mm&r=g","caption":"admin"},"url":"https:\/\/franciscanos.org.br\/noticias\/author\/admin"}]}},"_links":{"self":[{"href":"https:\/\/franciscanos.org.br\/noticias\/wp-json\/wp\/v2\/posts\/154574"}],"collection":[{"href":"https:\/\/franciscanos.org.br\/noticias\/wp-json\/wp\/v2\/posts"}],"about":[{"href":"https:\/\/franciscanos.org.br\/noticias\/wp-json\/wp\/v2\/types\/post"}],"author":[{"embeddable":true,"href":"https:\/\/franciscanos.org.br\/noticias\/wp-json\/wp\/v2\/users\/1"}],"replies":[{"embeddable":true,"href":"https:\/\/franciscanos.org.br\/noticias\/wp-json\/wp\/v2\/comments?post=154574"}],"version-history":[{"count":0,"href":"https:\/\/franciscanos.org.br\/noticias\/wp-json\/wp\/v2\/posts\/154574\/revisions"}],"wp:featuredmedia":[{"embeddable":true,"href":"https:\/\/franciscanos.org.br\/noticias\/wp-json\/wp\/v2\/media\/201915"}],"wp:attachment":[{"href":"https:\/\/franciscanos.org.br\/noticias\/wp-json\/wp\/v2\/media?parent=154574"}],"wp:term":[{"taxonomy":"category","embeddable":true,"href":"https:\/\/franciscanos.org.br\/noticias\/wp-json\/wp\/v2\/categories?post=154574"},{"taxonomy":"post_tag","embeddable":true,"href":"https:\/\/franciscanos.org.br\/noticias\/wp-json\/wp\/v2\/tags?post=154574"}],"curies":[{"name":"wp","href":"https:\/\/api.w.org\/{rel}","templated":true}]}}