{"id":154499,"date":"2018-03-20T15:50:10","date_gmt":"2018-03-20T18:50:10","guid":{"rendered":"http:\/\/franciscanos.org.br\/?p=154499"},"modified":"2019-03-08T07:48:00","modified_gmt":"2019-03-08T10:48:00","slug":"missa-de-7o-dia-por-marielle-e-anderson-pede-paz-e-continuidade-da-luta","status":"publish","type":"post","link":"https:\/\/franciscanos.org.br\/noticias\/missa-de-7o-dia-por-marielle-e-anderson-pede-paz-e-continuidade-da-luta.html","title":{"rendered":"Pedidos de paz na Missa de 7\u00ba Dia por Marielle e Anderson"},"content":{"rendered":"<p><img loading=\"lazy\" src=\"http:\/\/franciscanos.org.br\/wp-content\/uploads\/2018\/03\/missa_200318_3.jpg\" alt=\"missa_200318_3\" width=\"830\" height=\"339\" \/><\/p>\n<p><strong>Frei Augusto Luiz Gabriel e Moacir Beggo<\/strong><\/p>\n<p><strong>S\u00e3o Paulo (SP)<\/strong> &#8211; &#8220;Sete dias depois aqui estamos, teimosamente animados pela for\u00e7a do Ressuscitado, a professar mais uma vez nossa f\u00e9 perseverante em um Deus que se faz vida, e vida em plenitude para todos&#8221;. Foi com essas palavras de acolhida que teve in\u00edcio, ao meio-dia desta ter\u00e7a-feira (20\/3), a Missa de 7\u00ba Dia pela mem\u00f3ria de Marielle Franco e de Anderson Gomes, que tiveram suas vidas ceifadas no Centro do Rio de janeiro, no \u00faltimo dia 14 de mar\u00e7o.<\/p>\n<p>O Ministro Provincial, Frei Fid\u00eancio Vanboemmel, presidiu a Celebra\u00e7\u00e3o Eucar\u00edstica no Convento S\u00e3o Francisco, no Centro de S\u00e3o Paulo, tendo como concelebrantes o Vig\u00e1rio da Pastoral do Povo da Rua em S\u00e3o Paulo, Pe. J\u00falio Lancelotti; o Vig\u00e1rio Provincial, Frei C\u00e9sar K\u00fclkamp; e os frades da Fraternidade do Convento.<\/p>\n<p>Frei Fid\u00eancio iniciou a sua homilia fazendo um pedido de paz tendo como base a tradicional &#8216;Ora\u00e7\u00e3o da Paz&#8217;, atribu\u00edda a S\u00e3o Francisco de Assis. Disse que n\u00e3o &#8216;est\u00e1vamos ali para canonizar pessoas&#8217;, referindo-se a Marielle e Anderson. &#8220;Aqui nos reunimos para orar por eles e por todas as v\u00edtimas da viol\u00eancia. Marielle e Anderson devem ser lidos no plural. Ou seja, no plural de todos os que lutam pela vida, no plural de todos quantos perdem suas vidas de forma brutal, v\u00edtimas da mesma viol\u00eancia que a humanidade ainda n\u00e3o conseguiu superar&#8221;, destacou Frei Fid\u00eancio, lembrando que a Palavra de Deus era muito sugestiva para esta Celebra\u00e7\u00e3o Eucar\u00edstica. &#8220;Em primeiro lugar, o Livro dos N\u00fameros (1\u00aa leitura) descreve uma situa\u00e7\u00e3o crucial na qual se encontra o povo de Israel na sua travessia pelo deserto. O povo passava por prova\u00e7\u00f5es. Ele perdeu de vista o projeto divino de liberta\u00e7\u00e3o (o projeto da Terra prometida). Revoltou-se contra Mois\u00e9s, contra Deus, com saudades do \u2018comodismo\u2019, mesmo sendo escravo de Fara\u00f3. E o mais grave \u00e9 que, em meio a esta revolta, o povo come\u00e7a a ficar desorientado, desconfia da lideran\u00e7a prof\u00e9tica de Mois\u00e9s&#8230; O povo se fragiliza e abre a sua retaguarda, dando espa\u00e7os aos ataques das serpentes venenosas. Elas a\u00ed est\u00e3o, na espreita, para ferir, envenenar e matar&#8221;, denunciou o Ministro Provincial.<\/p>\n<p><img loading=\"lazy\" src=\"http:\/\/franciscanos.org.br\/wp-content\/uploads\/2018\/03\/missa_200318.jpg\" alt=\"missa_200318\" width=\"830\" height=\"396\" \/><\/p>\n<p>&#8220;Aqui nos reunimos para orar e rezar pela vida, aquela vida prometida por Jesus: &#8216;Eu vim para que todos tenham vida, e a tenham em abund\u00e2ncia&#8217;. Mas necessitamos estar atentos \u00e0s serpentes camufladas&#8230; Por isso, suplicamos ao Deus da Vida para que nos livre do veneno das serpentes do ego\u00edsmo humano que geram tanta mis\u00e9ria; nos livre do veneno das serpentes que exploram o ser humano, tirando-lhes a liberdade de filhos de Deus; nos livre do veneno das serpentes portadoras das malditas armas de fogo que ferem e matam; nos livre do veneno das serpentes da corrup\u00e7\u00e3o em todos os n\u00edveis; nos livre do veneno das serpentes da intoler\u00e2ncia religiosa; nos livre do veneno das serpentes do enriquecimento il\u00edcito que tiram da mesa dos pobres o p\u00e3o de cada dia; nos livre das serpentes venenosas que ferem e tiram os direitos da sa\u00fade, do lazer, da educa\u00e7\u00e3o, do sal\u00e1rio digno, da justa pens\u00e3o, enfim de tudo o que significa vida digna para todos&#8221;, pediu.<\/p>\n<p>&#8220;Tamb\u00e9m Jesus, no Evangelho, provoca as pessoas pensarem de uma forma diferente. &#8216;V\u00f3s sois daqui debaixo&#8230; v\u00f3s sois deste mundo&#8217;. Ser deste mundo, como veremos daqui a pouco na Semana Santa, \u00e9 assumir os pap\u00e9is dos autores da flagela\u00e7\u00e3o Daquele que &#8216;passou por este mundo fazendo o bem&#8217;. Ser deste mundo \u00e9 deixar-se embriagar pela avidez de Judas, pelo medo de An\u00e1s e Caif\u00e1s, pela covardia de Pilatos que se omite na sua responsabilidade, preferindo lavar as m\u00e3os, ou mesmo pelo clamor irracional do povo que prefere gritar pela liberdade de Barrab\u00e1s. Jesus nos diz: &#8216;Eu n\u00e3o sou deste mundo&#8230;&#8217; e continua: vai chegar a hora em que &#8216;tiverdes levantado o Filho do Homem, ent\u00e3o sabereis que eu sou&#8217;. Jesus convida-nos a pensar a vida a partir da l\u00f3gica da doutrina da cruz: que significa dar a vida! Convida-nos a pensar na l\u00f3gica da harmonia da cria\u00e7\u00e3o, onde o pr\u00f3prio Deus viu que tudo era bom&#8221;, explicou.<\/p>\n<p><img loading=\"lazy\" src=\"http:\/\/franciscanos.org.br\/wp-content\/uploads\/2018\/03\/missa_200318_6.jpg\" alt=\"missa_200318_6\" width=\"830\" height=\"445\" \/><\/p>\n<p>Frei Fid\u00eancio voltou a levantar o tom e lamentou que a casa de Deus est\u00e1 desarrumada&#8230; &#8220;O fratric\u00eddio de Caim e Abel se repete, a arrog\u00e2ncia dos que pretendiam construir a Torre de Babel se renova&#8230; Consequentemente, a nossa linguagem \u00e9 confusa, a nossa comunica\u00e7\u00e3o \u00e9 dispersiva&#8230; Enquanto a humanidade n\u00e3o converge aos valores essenciais da paz, do amor, do perd\u00e3o, da uni\u00e3o, da f\u00e9, da verdade, da gratuidade, da esperan\u00e7a, da alegria e da luz, que s\u00e3o ant\u00eddotos contra o veneno das serpentes da atualidade, \u00e9 claro que diariamente tantas outras guerras que ferem e matam se repetem entre n\u00f3s&#8221;, lamentou.<\/p>\n<p>O Ministro ainda leu um trecho da mensagem que divulgou por ocasi\u00e3o dos assassinatos de Marielle e Anderson: &#8220;Que estas barb\u00e1ries, sinais de uma sociedade doente e cega por conta de interesses ego\u00edstas e anti-evang\u00e9licos, nos ajudem a renovar nosso compromisso crist\u00e3o e franciscano no engajamento firme e comprometido pela supera\u00e7\u00e3o da viol\u00eancia. Que o Senhor da Vida nos livre de toda tenta\u00e7\u00e3o ao revanchismo e ao combate da viol\u00eancia com mais viol\u00eancia: malditas as armas que ferem e matam, maldito o dinheiro que oprime ao inv\u00e9s de servir, malditas estruturas que roubam a humanidade das pessoas e as transformam em objetos usados de acordo com a conveni\u00eancia de quem domina\u201d.<\/p>\n<p>Terminou citando a M\u00e3e de Marielle, que disse: \u201cN\u00e3o queremos pagar o mal com o mal\u201d, mas tamb\u00e9m n\u00e3o queremos que as coisas fiquem impunes. &#8220;Que Deus ilumine nossos passos e inspire nossas a\u00e7\u00f5es, hoje e sempre!&#8221;, pediu.<\/p>\n<p style=\"text-align: center;\"><img loading=\"lazy\" src=\"http:\/\/franciscanos.org.br\/wp-content\/uploads\/2018\/03\/missa_200318_5.jpg\" alt=\"missa_200318_5\" width=\"830\" height=\"445\" \/><\/p>\n<p>Dom Eduardo Vieira dos Santos, Vig\u00e1rio Episcopal da Regi\u00e3o S\u00e9, n\u00e3o p\u00f4de participar da Celebra\u00e7\u00e3o mas enviou mensagem: &#8220;Nestes dias, uno-me aqueles e aquelas que, por amor \u00e0 justi\u00e7a e \u00e0 paz, n\u00e3o se deixam calar pelo desrespeito e a viol\u00eancia. A sra. Marielle e Anderson tiveram suas vidas ceifadas, mas n\u00e3o seus sonhos de uma sociedade justa e fraterna. Tiveram seus dias abreviados entre n\u00f3s, mas n\u00e3o seus anseios de justi\u00e7a e paz. Uno-me a voc\u00eas em preces e sentimentos, por uma sociedade livre da viol\u00eacia, da indifer\u00eancia e da impunidade&#8221;, disse D. Eduardo.<\/p>\n<p>Pe. J\u00falio disse que Marielle estaria muito feliz pela ora\u00e7\u00e3o na Igreja S\u00e3o Francisco. &#8220;A Marielle foi catequista, fez o caminho junto das nossas comunidades e se manifestou como uma grande for\u00e7a, uma grande voz de lideran\u00e7a na defesa dos pobres. Ela tinha um cora\u00e7\u00e3o franciscano. No c\u00e9u, ela est\u00e1 muito feliz ao lado de S\u00e3o Francisco, que lhe deu um abra\u00e7o e disse. &#8216;Fique aqui pertinho de mim. Aqui, tudo vai ficar melhor, vamos ajudar esse povo a n\u00e3o desanimar, a n\u00e3o desistir, a continuar lutando&#8217;. A nossa luta n\u00e3o \u00e9 com armas, a nossa luta \u00e9 de resist\u00eancia, de for\u00e7a e coragem. Embora nos ameacem, nos machuquem, nos fa\u00e7am mal, n\u00f3s n\u00e3o vamos retribuir com as armas da viol\u00eancia, mas com a for\u00e7a da nossa palavra, da nossa presen\u00e7a, com a for\u00e7a da nossa coragem&#8221;, ensinou.<\/p>\n<p>No final da celebra\u00e7\u00e3o, todas as mulheres negras foram convidadas a ficarem perto do presidente da Celebra\u00e7\u00e3o antes da b\u00ean\u00e7\u00e3o final.<\/p>\n","protected":false},"excerpt":{"rendered":"<p>Celebra\u00e7\u00e3o<\/p>\n","protected":false},"author":1,"featured_media":201180,"comment_status":"open","ping_status":"open","sticky":false,"template":"","format":"standard","meta":[],"categories":[1],"tags":[1195],"acf":[],"yoast_head":"<!-- This site is optimized with the Yoast SEO plugin v19.2 - https:\/\/yoast.com\/wordpress\/plugins\/seo\/ -->\n<title>Pedidos de paz na Missa de 7\u00ba Dia por Marielle e Anderson - Not\u00edcias - Franciscanos<\/title>\n<meta name=\"robots\" content=\"index, follow, max-snippet:-1, max-image-preview:large, max-video-preview:-1\" \/>\n<link rel=\"canonical\" href=\"https:\/\/franciscanos.org.br\/noticias\/missa-de-7o-dia-por-marielle-e-anderson-pede-paz-e-continuidade-da-luta.html\" \/>\n<meta property=\"og:locale\" content=\"pt_BR\" \/>\n<meta property=\"og:type\" content=\"article\" \/>\n<meta property=\"og:title\" content=\"Pedidos de paz na Missa de 7\u00ba Dia por Marielle e Anderson - Not\u00edcias - Franciscanos\" \/>\n<meta property=\"og:description\" content=\"Celebra\u00e7\u00e3o\" \/>\n<meta property=\"og:url\" content=\"https:\/\/franciscanos.org.br\/noticias\/missa-de-7o-dia-por-marielle-e-anderson-pede-paz-e-continuidade-da-luta.html\" \/>\n<meta property=\"og:site_name\" content=\"Not\u00edcias - Franciscanos\" \/>\n<meta property=\"article:published_time\" content=\"2018-03-20T18:50:10+00:00\" \/>\n<meta property=\"article:modified_time\" content=\"2019-03-08T10:48:00+00:00\" \/>\n<meta property=\"og:image\" content=\"https:\/\/franciscanos.org.br\/noticias\/wp-content\/uploads\/2018\/03\/marielle_0803.jpg\" \/>\n\t<meta property=\"og:image:width\" content=\"273\" \/>\n\t<meta property=\"og:image:height\" content=\"181\" \/>\n\t<meta property=\"og:image:type\" content=\"image\/jpeg\" \/>\n<meta name=\"author\" content=\"admin\" \/>\n<meta name=\"twitter:card\" content=\"summary_large_image\" \/>\n<meta name=\"twitter:label1\" content=\"Escrito por\" \/>\n\t<meta name=\"twitter:data1\" content=\"admin\" \/>\n\t<meta name=\"twitter:label2\" content=\"Est. tempo de leitura\" \/>\n\t<meta name=\"twitter:data2\" content=\"7 minutos\" \/>\n<script type=\"application\/ld+json\" class=\"yoast-schema-graph\">{\"@context\":\"https:\/\/schema.org\",\"@graph\":[{\"@type\":\"WebSite\",\"@id\":\"https:\/\/franciscanos.org.br\/noticias\/#website\",\"url\":\"https:\/\/franciscanos.org.br\/noticias\/\",\"name\":\"Not\u00edcias - Franciscanos\",\"description\":\"Prov\u00edncia Franciscana da Imaculada Concei\u00e7\u00e3o do Brasil - Ordem dos Frades Menores - OFM\",\"potentialAction\":[{\"@type\":\"SearchAction\",\"target\":{\"@type\":\"EntryPoint\",\"urlTemplate\":\"https:\/\/franciscanos.org.br\/noticias\/?s={search_term_string}\"},\"query-input\":\"required name=search_term_string\"}],\"inLanguage\":\"pt-BR\"},{\"@type\":\"ImageObject\",\"inLanguage\":\"pt-BR\",\"@id\":\"https:\/\/franciscanos.org.br\/noticias\/missa-de-7o-dia-por-marielle-e-anderson-pede-paz-e-continuidade-da-luta.html#primaryimage\",\"url\":\"https:\/\/franciscanos.org.br\/noticias\/wp-content\/uploads\/2018\/03\/marielle_0803.jpg\",\"contentUrl\":\"https:\/\/franciscanos.org.br\/noticias\/wp-content\/uploads\/2018\/03\/marielle_0803.jpg\",\"width\":273,\"height\":181},{\"@type\":\"WebPage\",\"@id\":\"https:\/\/franciscanos.org.br\/noticias\/missa-de-7o-dia-por-marielle-e-anderson-pede-paz-e-continuidade-da-luta.html#webpage\",\"url\":\"https:\/\/franciscanos.org.br\/noticias\/missa-de-7o-dia-por-marielle-e-anderson-pede-paz-e-continuidade-da-luta.html\",\"name\":\"Pedidos de paz na Missa de 7\u00ba Dia por Marielle e Anderson - Not\u00edcias - Franciscanos\",\"isPartOf\":{\"@id\":\"https:\/\/franciscanos.org.br\/noticias\/#website\"},\"primaryImageOfPage\":{\"@id\":\"https:\/\/franciscanos.org.br\/noticias\/missa-de-7o-dia-por-marielle-e-anderson-pede-paz-e-continuidade-da-luta.html#primaryimage\"},\"datePublished\":\"2018-03-20T18:50:10+00:00\",\"dateModified\":\"2019-03-08T10:48:00+00:00\",\"author\":{\"@id\":\"https:\/\/franciscanos.org.br\/noticias\/#\/schema\/person\/b38fbf43118f02820bd932f2e4b14ad3\"},\"breadcrumb\":{\"@id\":\"https:\/\/franciscanos.org.br\/noticias\/missa-de-7o-dia-por-marielle-e-anderson-pede-paz-e-continuidade-da-luta.html#breadcrumb\"},\"inLanguage\":\"pt-BR\",\"potentialAction\":[{\"@type\":\"ReadAction\",\"target\":[\"https:\/\/franciscanos.org.br\/noticias\/missa-de-7o-dia-por-marielle-e-anderson-pede-paz-e-continuidade-da-luta.html\"]}]},{\"@type\":\"BreadcrumbList\",\"@id\":\"https:\/\/franciscanos.org.br\/noticias\/missa-de-7o-dia-por-marielle-e-anderson-pede-paz-e-continuidade-da-luta.html#breadcrumb\",\"itemListElement\":[{\"@type\":\"ListItem\",\"position\":1,\"name\":\"Home\",\"item\":\"https:\/\/franciscanos.org.br\/noticias\"},{\"@type\":\"ListItem\",\"position\":2,\"name\":\"Pedidos de paz na Missa de 7\u00ba Dia por Marielle e Anderson\"}]},{\"@type\":\"Person\",\"@id\":\"https:\/\/franciscanos.org.br\/noticias\/#\/schema\/person\/b38fbf43118f02820bd932f2e4b14ad3\",\"name\":\"admin\",\"image\":{\"@type\":\"ImageObject\",\"inLanguage\":\"pt-BR\",\"@id\":\"https:\/\/franciscanos.org.br\/noticias\/#\/schema\/person\/image\/\",\"url\":\"https:\/\/secure.gravatar.com\/avatar\/e8495742d34d0ba6448ea1c628263b3e?s=96&d=mm&r=g\",\"contentUrl\":\"https:\/\/secure.gravatar.com\/avatar\/e8495742d34d0ba6448ea1c628263b3e?s=96&d=mm&r=g\",\"caption\":\"admin\"},\"url\":\"https:\/\/franciscanos.org.br\/noticias\/author\/admin\"}]}<\/script>\n<!-- \/ Yoast SEO plugin. -->","yoast_head_json":{"title":"Pedidos de paz na Missa de 7\u00ba Dia por Marielle e Anderson - Not\u00edcias - Franciscanos","robots":{"index":"index","follow":"follow","max-snippet":"max-snippet:-1","max-image-preview":"max-image-preview:large","max-video-preview":"max-video-preview:-1"},"canonical":"https:\/\/franciscanos.org.br\/noticias\/missa-de-7o-dia-por-marielle-e-anderson-pede-paz-e-continuidade-da-luta.html","og_locale":"pt_BR","og_type":"article","og_title":"Pedidos de paz na Missa de 7\u00ba Dia por Marielle e Anderson - Not\u00edcias - Franciscanos","og_description":"Celebra\u00e7\u00e3o","og_url":"https:\/\/franciscanos.org.br\/noticias\/missa-de-7o-dia-por-marielle-e-anderson-pede-paz-e-continuidade-da-luta.html","og_site_name":"Not\u00edcias - Franciscanos","article_published_time":"2018-03-20T18:50:10+00:00","article_modified_time":"2019-03-08T10:48:00+00:00","og_image":[{"width":273,"height":181,"url":"https:\/\/franciscanos.org.br\/noticias\/wp-content\/uploads\/2018\/03\/marielle_0803.jpg","type":"image\/jpeg"}],"author":"admin","twitter_card":"summary_large_image","twitter_misc":{"Escrito por":"admin","Est. tempo de leitura":"7 minutos"},"schema":{"@context":"https:\/\/schema.org","@graph":[{"@type":"WebSite","@id":"https:\/\/franciscanos.org.br\/noticias\/#website","url":"https:\/\/franciscanos.org.br\/noticias\/","name":"Not\u00edcias - Franciscanos","description":"Prov\u00edncia Franciscana da Imaculada Concei\u00e7\u00e3o do Brasil - Ordem dos Frades Menores - OFM","potentialAction":[{"@type":"SearchAction","target":{"@type":"EntryPoint","urlTemplate":"https:\/\/franciscanos.org.br\/noticias\/?s={search_term_string}"},"query-input":"required name=search_term_string"}],"inLanguage":"pt-BR"},{"@type":"ImageObject","inLanguage":"pt-BR","@id":"https:\/\/franciscanos.org.br\/noticias\/missa-de-7o-dia-por-marielle-e-anderson-pede-paz-e-continuidade-da-luta.html#primaryimage","url":"https:\/\/franciscanos.org.br\/noticias\/wp-content\/uploads\/2018\/03\/marielle_0803.jpg","contentUrl":"https:\/\/franciscanos.org.br\/noticias\/wp-content\/uploads\/2018\/03\/marielle_0803.jpg","width":273,"height":181},{"@type":"WebPage","@id":"https:\/\/franciscanos.org.br\/noticias\/missa-de-7o-dia-por-marielle-e-anderson-pede-paz-e-continuidade-da-luta.html#webpage","url":"https:\/\/franciscanos.org.br\/noticias\/missa-de-7o-dia-por-marielle-e-anderson-pede-paz-e-continuidade-da-luta.html","name":"Pedidos de paz na Missa de 7\u00ba Dia por Marielle e Anderson - Not\u00edcias - Franciscanos","isPartOf":{"@id":"https:\/\/franciscanos.org.br\/noticias\/#website"},"primaryImageOfPage":{"@id":"https:\/\/franciscanos.org.br\/noticias\/missa-de-7o-dia-por-marielle-e-anderson-pede-paz-e-continuidade-da-luta.html#primaryimage"},"datePublished":"2018-03-20T18:50:10+00:00","dateModified":"2019-03-08T10:48:00+00:00","author":{"@id":"https:\/\/franciscanos.org.br\/noticias\/#\/schema\/person\/b38fbf43118f02820bd932f2e4b14ad3"},"breadcrumb":{"@id":"https:\/\/franciscanos.org.br\/noticias\/missa-de-7o-dia-por-marielle-e-anderson-pede-paz-e-continuidade-da-luta.html#breadcrumb"},"inLanguage":"pt-BR","potentialAction":[{"@type":"ReadAction","target":["https:\/\/franciscanos.org.br\/noticias\/missa-de-7o-dia-por-marielle-e-anderson-pede-paz-e-continuidade-da-luta.html"]}]},{"@type":"BreadcrumbList","@id":"https:\/\/franciscanos.org.br\/noticias\/missa-de-7o-dia-por-marielle-e-anderson-pede-paz-e-continuidade-da-luta.html#breadcrumb","itemListElement":[{"@type":"ListItem","position":1,"name":"Home","item":"https:\/\/franciscanos.org.br\/noticias"},{"@type":"ListItem","position":2,"name":"Pedidos de paz na Missa de 7\u00ba Dia por Marielle e Anderson"}]},{"@type":"Person","@id":"https:\/\/franciscanos.org.br\/noticias\/#\/schema\/person\/b38fbf43118f02820bd932f2e4b14ad3","name":"admin","image":{"@type":"ImageObject","inLanguage":"pt-BR","@id":"https:\/\/franciscanos.org.br\/noticias\/#\/schema\/person\/image\/","url":"https:\/\/secure.gravatar.com\/avatar\/e8495742d34d0ba6448ea1c628263b3e?s=96&d=mm&r=g","contentUrl":"https:\/\/secure.gravatar.com\/avatar\/e8495742d34d0ba6448ea1c628263b3e?s=96&d=mm&r=g","caption":"admin"},"url":"https:\/\/franciscanos.org.br\/noticias\/author\/admin"}]}},"_links":{"self":[{"href":"https:\/\/franciscanos.org.br\/noticias\/wp-json\/wp\/v2\/posts\/154499"}],"collection":[{"href":"https:\/\/franciscanos.org.br\/noticias\/wp-json\/wp\/v2\/posts"}],"about":[{"href":"https:\/\/franciscanos.org.br\/noticias\/wp-json\/wp\/v2\/types\/post"}],"author":[{"embeddable":true,"href":"https:\/\/franciscanos.org.br\/noticias\/wp-json\/wp\/v2\/users\/1"}],"replies":[{"embeddable":true,"href":"https:\/\/franciscanos.org.br\/noticias\/wp-json\/wp\/v2\/comments?post=154499"}],"version-history":[{"count":0,"href":"https:\/\/franciscanos.org.br\/noticias\/wp-json\/wp\/v2\/posts\/154499\/revisions"}],"wp:featuredmedia":[{"embeddable":true,"href":"https:\/\/franciscanos.org.br\/noticias\/wp-json\/wp\/v2\/media\/201180"}],"wp:attachment":[{"href":"https:\/\/franciscanos.org.br\/noticias\/wp-json\/wp\/v2\/media?parent=154499"}],"wp:term":[{"taxonomy":"category","embeddable":true,"href":"https:\/\/franciscanos.org.br\/noticias\/wp-json\/wp\/v2\/categories?post=154499"},{"taxonomy":"post_tag","embeddable":true,"href":"https:\/\/franciscanos.org.br\/noticias\/wp-json\/wp\/v2\/tags?post=154499"}],"curies":[{"name":"wp","href":"https:\/\/api.w.org\/{rel}","templated":true}]}}