{"id":154478,"date":"2018-03-20T08:46:54","date_gmt":"2018-03-20T11:46:54","guid":{"rendered":"http:\/\/franciscanos.org.br\/?p=154478"},"modified":"2020-06-07T16:38:32","modified_gmt":"2020-06-07T19:38:32","slug":"olhar-o-crucifixo-para-superar-os-desertos-da-nossa-vida","status":"publish","type":"post","link":"https:\/\/franciscanos.org.br\/noticias\/olhar-o-crucifixo-para-superar-os-desertos-da-nossa-vida.html","title":{"rendered":"Olhar o crucifixo para superar os desertos da nossa vida"},"content":{"rendered":"<p><img loading=\"lazy\" src=\"http:\/\/franciscanos.org.br\/wp-content\/uploads\/2018\/03\/santamarta_200318.jpg\" alt=\"santamarta_200318\" width=\"820\" height=\"461\" \/><\/p>\n<p><strong>Cidade do Vaticano<\/strong> &#8211; Olhar o Crucifixo nos momentos dif\u00edceis, quando o cora\u00e7\u00e3o est\u00e1 deprimido: este \u00e9 o convite que o Papa Francisco fez na homilia da Missa celebrada na Casa Santa Marta (20\/03). O Pont\u00edfice iniciou a sua reflex\u00e3o a partir da Primeira Leitura (Nm 21,4-9), na qual se narra a desola\u00e7\u00e3o vivida pelo povo de Israel no deserto e o epis\u00f3dio das serpentes que mordem o povo. Tiveram fome e Deus respondeu com o man\u00e1 e depois com as codornas, tiveram sede e Deus lhes deu \u00e1gua. Depois, com o aproximar-se da terra prometida, alguns deles manifestaram ceticismo porque os espi\u00f5es enviados por Mois\u00e9s tinham dito que era uma terra rica de frutas e de animais, mas habitada por um povo alto e forte, bem armado. E, portanto, expressavam as raz\u00f5es do perigo de ir ali.<\/p>\n<p>\u201cOlhavam para a pr\u00f3pria for\u00e7a e tinham se esquecido da for\u00e7a do Senhor, que os havia libertado da escravid\u00e3o de 400 anos\u201d, notou o Papa.<\/p>\n<p><strong>Mem\u00f3ria doentia<\/strong><br \/>\nEm s\u00edntese, \u201co povo n\u00e3o suportou a viagem\u201d, assim como as pessoas que \u201ciniciam uma vida para seguir o Senhor\u201d, mas a um certo ponto as prova\u00e7\u00f5es as superam. \u00c9 aquele momento da vida em que algu\u00e9m diz: \u201cChega! Eu paro e volto para tr\u00e1s\u201d e se pensa com remorso sobre o passado: \u201cQuanta carne, quantas cebolas, quantas coisas boas comiam ali\u201d.<\/p>\n<p>O Papa convidou, por\u00e9m, a ver a parcialidade desta \u201cmem\u00f3ria doentia\u201d, desta saudade distorcida porque aquela era a refei\u00e7\u00e3o da escravid\u00e3o, quando eram escravos no Egito.<\/p>\n<p>Essas s\u00e3o as ilus\u00f5es que o diabo traz: mostra o lado bom de algo que voc\u00ea deixou, do qual voc\u00ea se converteu no momento da desola\u00e7\u00e3o do caminho, quando voc\u00ea ainda n\u00e3o chegou \u00e0 promessa do Senhor. \u00c9 um pouco como o caminho da Quaresma. Sim, podemos pensar assim; conceber a vida como uma Quaresma: sempre existem as prova\u00e7\u00f5es e as consola\u00e7\u00f5es do Senhor, tem o man\u00e1, a \u00e1gua, existem os p\u00e1ssaros que nos d\u00e3o de comer\u2026 mas aquela comida era melhor. Mas n\u00e3o se esque\u00e7a que comia \u00e0 mesa da escravid\u00e3o!<\/p>\n<p><strong>Criticar Deus \u00e9 envenenar a alma<\/strong><br \/>\nEsta experi\u00eancia \u2013 destacou o Papa \u2013 acontece com todos n\u00f3s quando queremos seguir o Senhor, mas nos cansamos. Mas o pior \u00e9 que o povo criticou Deus e \u201ccriticar Deus \u00e9 envenenar a alma\u201d. Talvez algu\u00e9m pensa que Deus n\u00e3o o ajude ou que tem que superar muitas prova\u00e7\u00f5es. Sente o \u201ccora\u00e7\u00e3o deprimido, envenenado\u201d. E as serpentes, que mordiam o povo como narra a Primeira Leitura, s\u00e3o exatamente \u201co s\u00edmbolo do envenenamento\u201d, da falta de const\u00e2ncia em seguir o caminho do Senhor.<\/p>\n<p>Mois\u00e9s, ent\u00e3o, intercede junto ao Senhor, o qual responde pedindo que fa\u00e7am uma serpente de bronze e a coloquem no alto de uma hasta. Esta serpente curava todos os que haviam sido atacados pelas serpentes por ter criticado Deus: \u201cEsta serpente era prof\u00e9tica: era a figura de Cristo sobre a cruz\u201d.<\/p>\n<p>Est\u00e1 aqui a chave da nossa salva\u00e7\u00e3o, a chave da nossa paci\u00eancia no caminho da vida, a chave para superar os nossos desertos: olhar o crucifixo. Olhar Cristo crucificado. \u201cE o que devo fazer, Padre?\u201d \u2013 \u201cOlhar. Olhar as Chagas. Entre nas Chagas\u201d. Por aquelas Chagas fomos curados. Voc\u00ea se sente envenenado, triste, sente que a sua vida n\u00e3o tem sentido, est\u00e1 cheia de dificuldades e de doen\u00e7as? Olhe para l\u00e1.<\/p>\n<p><strong>Olhar para o crucifixo<\/strong><br \/>\nNesses momentos, portanto Francisco convida a olhar \u201co crucifixo feio, isso \u00e9 o real\u201d porque \u201cos artistas fizeram crucifixos bonitos, art\u00edsticos\u201d, alguns de ouro e pedras preciosas. E isso &#8211; destaca \u2013 \u201cnem sempre \u00e9 mundanidade\u201d porque quer significar \u201ca gl\u00f3ria da cruz, a gl\u00f3ria da ressurrei\u00e7\u00e3o\u201d. \u201cMas quando voc\u00ea se sente desse jeito, veja isso: antes da gl\u00f3ria\u201d, ressalta o Papa.<\/p>\n<p>Ent\u00e3o Francisco recorda de quando era crian\u00e7a e ia com a sua av\u00f3 na Sexta-feira Santa: fazia-se a prociss\u00e3o de velas na par\u00f3quia e vinha o Cristo deitado em m\u00e1rmore, em dimens\u00f5es naturais. E quando chega o Cristo deitado, a av\u00f3 nos fazia ajoelhar: \u201cOlhe bem para ele\u201d &#8211; dizia \u2013 \u201cmas amanh\u00e3 ele ressuscitar\u00e1!\u201d. De fato, naquela \u00e9poca, antes da reforma lit\u00fargica de Pio XII, a ressurrei\u00e7\u00e3o se celebrava na manh\u00e3 de s\u00e1bado, n\u00e3o no domingo. E ent\u00e3o, a av\u00f3, na manh\u00e3 de s\u00e1bado, quando se ouviam os sinos da ressurrei\u00e7\u00e3o, nos fazia lavar os olhos com \u00e1gua, para ver a gl\u00f3ria de Cristo.<\/p>\n<p>Ensinem seus filhos a olhar para o crucifixo e para a gl\u00f3ria de Cristo. Mas n\u00f3s, nos maus momentos, em momentos dif\u00edceis, envenenados um pouco por ter dito em nossos cora\u00e7\u00f5es qualquer desilus\u00e3o contra Deus, olhemos para as feridas. Cristo elevado como a serpente: porque ele se fez serpente, ele se aniquilou para vencer \u201ca serpente do mal\u201d. Que a Palavra de Deus hoje nos ensine este caminho: olhar para o crucifixo. Acima de tudo, no momento em que, como povo de Deus, nos cansamos da viagem da vida.<\/p>\n<hr \/>\n<p><em>Fonte: Vatican News<\/em><\/p>\n","protected":false},"excerpt":{"rendered":"<p>Missa em Santa Marta<\/p>\n","protected":false},"author":1,"featured_media":200680,"comment_status":"open","ping_status":"open","sticky":false,"template":"","format":"standard","meta":[],"categories":[1428],"tags":[1586],"acf":[],"yoast_head":"<!-- This site is optimized with the Yoast SEO plugin v19.2 - https:\/\/yoast.com\/wordpress\/plugins\/seo\/ -->\n<title>Olhar o crucifixo para superar os desertos da nossa vida - Not\u00edcias - Franciscanos<\/title>\n<meta name=\"robots\" content=\"index, follow, max-snippet:-1, max-image-preview:large, max-video-preview:-1\" \/>\n<link rel=\"canonical\" href=\"https:\/\/franciscanos.org.br\/noticias\/olhar-o-crucifixo-para-superar-os-desertos-da-nossa-vida.html\" \/>\n<meta property=\"og:locale\" content=\"pt_BR\" \/>\n<meta property=\"og:type\" content=\"article\" \/>\n<meta property=\"og:title\" content=\"Olhar o crucifixo para superar os desertos da nossa vida - Not\u00edcias - Franciscanos\" \/>\n<meta property=\"og:description\" content=\"Missa em Santa Marta\" \/>\n<meta property=\"og:url\" content=\"https:\/\/franciscanos.org.br\/noticias\/olhar-o-crucifixo-para-superar-os-desertos-da-nossa-vida.html\" \/>\n<meta property=\"og:site_name\" content=\"Not\u00edcias - Franciscanos\" \/>\n<meta property=\"article:published_time\" content=\"2018-03-20T11:46:54+00:00\" \/>\n<meta property=\"article:modified_time\" content=\"2020-06-07T19:38:32+00:00\" \/>\n<meta property=\"og:image\" content=\"https:\/\/franciscanos.org.br\/noticias\/wp-content\/uploads\/2018\/03\/santamarta_200318.jpg\" \/>\n\t<meta property=\"og:image:width\" content=\"273\" \/>\n\t<meta property=\"og:image:height\" content=\"181\" \/>\n\t<meta property=\"og:image:type\" content=\"image\/jpeg\" \/>\n<meta name=\"author\" content=\"admin\" \/>\n<meta name=\"twitter:card\" content=\"summary_large_image\" \/>\n<meta name=\"twitter:label1\" content=\"Escrito por\" \/>\n\t<meta name=\"twitter:data1\" content=\"admin\" \/>\n\t<meta name=\"twitter:label2\" content=\"Est. tempo de leitura\" \/>\n\t<meta name=\"twitter:data2\" content=\"4 minutos\" \/>\n<script type=\"application\/ld+json\" class=\"yoast-schema-graph\">{\"@context\":\"https:\/\/schema.org\",\"@graph\":[{\"@type\":\"WebSite\",\"@id\":\"https:\/\/franciscanos.org.br\/noticias\/#website\",\"url\":\"https:\/\/franciscanos.org.br\/noticias\/\",\"name\":\"Not\u00edcias - Franciscanos\",\"description\":\"Prov\u00edncia Franciscana da Imaculada Concei\u00e7\u00e3o do Brasil - Ordem dos Frades Menores - OFM\",\"potentialAction\":[{\"@type\":\"SearchAction\",\"target\":{\"@type\":\"EntryPoint\",\"urlTemplate\":\"https:\/\/franciscanos.org.br\/noticias\/?s={search_term_string}\"},\"query-input\":\"required name=search_term_string\"}],\"inLanguage\":\"pt-BR\"},{\"@type\":\"ImageObject\",\"inLanguage\":\"pt-BR\",\"@id\":\"https:\/\/franciscanos.org.br\/noticias\/olhar-o-crucifixo-para-superar-os-desertos-da-nossa-vida.html#primaryimage\",\"url\":\"https:\/\/franciscanos.org.br\/noticias\/wp-content\/uploads\/2018\/03\/santamarta_200318.jpg\",\"contentUrl\":\"https:\/\/franciscanos.org.br\/noticias\/wp-content\/uploads\/2018\/03\/santamarta_200318.jpg\",\"width\":273,\"height\":181},{\"@type\":\"WebPage\",\"@id\":\"https:\/\/franciscanos.org.br\/noticias\/olhar-o-crucifixo-para-superar-os-desertos-da-nossa-vida.html#webpage\",\"url\":\"https:\/\/franciscanos.org.br\/noticias\/olhar-o-crucifixo-para-superar-os-desertos-da-nossa-vida.html\",\"name\":\"Olhar o crucifixo para superar os desertos da nossa vida - Not\u00edcias - Franciscanos\",\"isPartOf\":{\"@id\":\"https:\/\/franciscanos.org.br\/noticias\/#website\"},\"primaryImageOfPage\":{\"@id\":\"https:\/\/franciscanos.org.br\/noticias\/olhar-o-crucifixo-para-superar-os-desertos-da-nossa-vida.html#primaryimage\"},\"datePublished\":\"2018-03-20T11:46:54+00:00\",\"dateModified\":\"2020-06-07T19:38:32+00:00\",\"author\":{\"@id\":\"https:\/\/franciscanos.org.br\/noticias\/#\/schema\/person\/b38fbf43118f02820bd932f2e4b14ad3\"},\"breadcrumb\":{\"@id\":\"https:\/\/franciscanos.org.br\/noticias\/olhar-o-crucifixo-para-superar-os-desertos-da-nossa-vida.html#breadcrumb\"},\"inLanguage\":\"pt-BR\",\"potentialAction\":[{\"@type\":\"ReadAction\",\"target\":[\"https:\/\/franciscanos.org.br\/noticias\/olhar-o-crucifixo-para-superar-os-desertos-da-nossa-vida.html\"]}]},{\"@type\":\"BreadcrumbList\",\"@id\":\"https:\/\/franciscanos.org.br\/noticias\/olhar-o-crucifixo-para-superar-os-desertos-da-nossa-vida.html#breadcrumb\",\"itemListElement\":[{\"@type\":\"ListItem\",\"position\":1,\"name\":\"Home\",\"item\":\"https:\/\/franciscanos.org.br\/noticias\"},{\"@type\":\"ListItem\",\"position\":2,\"name\":\"Olhar o crucifixo para superar os desertos da nossa vida\"}]},{\"@type\":\"Person\",\"@id\":\"https:\/\/franciscanos.org.br\/noticias\/#\/schema\/person\/b38fbf43118f02820bd932f2e4b14ad3\",\"name\":\"admin\",\"image\":{\"@type\":\"ImageObject\",\"inLanguage\":\"pt-BR\",\"@id\":\"https:\/\/franciscanos.org.br\/noticias\/#\/schema\/person\/image\/\",\"url\":\"https:\/\/secure.gravatar.com\/avatar\/e8495742d34d0ba6448ea1c628263b3e?s=96&d=mm&r=g\",\"contentUrl\":\"https:\/\/secure.gravatar.com\/avatar\/e8495742d34d0ba6448ea1c628263b3e?s=96&d=mm&r=g\",\"caption\":\"admin\"},\"url\":\"https:\/\/franciscanos.org.br\/noticias\/author\/admin\"}]}<\/script>\n<!-- \/ Yoast SEO plugin. -->","yoast_head_json":{"title":"Olhar o crucifixo para superar os desertos da nossa vida - Not\u00edcias - Franciscanos","robots":{"index":"index","follow":"follow","max-snippet":"max-snippet:-1","max-image-preview":"max-image-preview:large","max-video-preview":"max-video-preview:-1"},"canonical":"https:\/\/franciscanos.org.br\/noticias\/olhar-o-crucifixo-para-superar-os-desertos-da-nossa-vida.html","og_locale":"pt_BR","og_type":"article","og_title":"Olhar o crucifixo para superar os desertos da nossa vida - Not\u00edcias - Franciscanos","og_description":"Missa em Santa Marta","og_url":"https:\/\/franciscanos.org.br\/noticias\/olhar-o-crucifixo-para-superar-os-desertos-da-nossa-vida.html","og_site_name":"Not\u00edcias - Franciscanos","article_published_time":"2018-03-20T11:46:54+00:00","article_modified_time":"2020-06-07T19:38:32+00:00","og_image":[{"width":273,"height":181,"url":"https:\/\/franciscanos.org.br\/noticias\/wp-content\/uploads\/2018\/03\/santamarta_200318.jpg","type":"image\/jpeg"}],"author":"admin","twitter_card":"summary_large_image","twitter_misc":{"Escrito por":"admin","Est. tempo de leitura":"4 minutos"},"schema":{"@context":"https:\/\/schema.org","@graph":[{"@type":"WebSite","@id":"https:\/\/franciscanos.org.br\/noticias\/#website","url":"https:\/\/franciscanos.org.br\/noticias\/","name":"Not\u00edcias - Franciscanos","description":"Prov\u00edncia Franciscana da Imaculada Concei\u00e7\u00e3o do Brasil - Ordem dos Frades Menores - OFM","potentialAction":[{"@type":"SearchAction","target":{"@type":"EntryPoint","urlTemplate":"https:\/\/franciscanos.org.br\/noticias\/?s={search_term_string}"},"query-input":"required name=search_term_string"}],"inLanguage":"pt-BR"},{"@type":"ImageObject","inLanguage":"pt-BR","@id":"https:\/\/franciscanos.org.br\/noticias\/olhar-o-crucifixo-para-superar-os-desertos-da-nossa-vida.html#primaryimage","url":"https:\/\/franciscanos.org.br\/noticias\/wp-content\/uploads\/2018\/03\/santamarta_200318.jpg","contentUrl":"https:\/\/franciscanos.org.br\/noticias\/wp-content\/uploads\/2018\/03\/santamarta_200318.jpg","width":273,"height":181},{"@type":"WebPage","@id":"https:\/\/franciscanos.org.br\/noticias\/olhar-o-crucifixo-para-superar-os-desertos-da-nossa-vida.html#webpage","url":"https:\/\/franciscanos.org.br\/noticias\/olhar-o-crucifixo-para-superar-os-desertos-da-nossa-vida.html","name":"Olhar o crucifixo para superar os desertos da nossa vida - Not\u00edcias - Franciscanos","isPartOf":{"@id":"https:\/\/franciscanos.org.br\/noticias\/#website"},"primaryImageOfPage":{"@id":"https:\/\/franciscanos.org.br\/noticias\/olhar-o-crucifixo-para-superar-os-desertos-da-nossa-vida.html#primaryimage"},"datePublished":"2018-03-20T11:46:54+00:00","dateModified":"2020-06-07T19:38:32+00:00","author":{"@id":"https:\/\/franciscanos.org.br\/noticias\/#\/schema\/person\/b38fbf43118f02820bd932f2e4b14ad3"},"breadcrumb":{"@id":"https:\/\/franciscanos.org.br\/noticias\/olhar-o-crucifixo-para-superar-os-desertos-da-nossa-vida.html#breadcrumb"},"inLanguage":"pt-BR","potentialAction":[{"@type":"ReadAction","target":["https:\/\/franciscanos.org.br\/noticias\/olhar-o-crucifixo-para-superar-os-desertos-da-nossa-vida.html"]}]},{"@type":"BreadcrumbList","@id":"https:\/\/franciscanos.org.br\/noticias\/olhar-o-crucifixo-para-superar-os-desertos-da-nossa-vida.html#breadcrumb","itemListElement":[{"@type":"ListItem","position":1,"name":"Home","item":"https:\/\/franciscanos.org.br\/noticias"},{"@type":"ListItem","position":2,"name":"Olhar o crucifixo para superar os desertos da nossa vida"}]},{"@type":"Person","@id":"https:\/\/franciscanos.org.br\/noticias\/#\/schema\/person\/b38fbf43118f02820bd932f2e4b14ad3","name":"admin","image":{"@type":"ImageObject","inLanguage":"pt-BR","@id":"https:\/\/franciscanos.org.br\/noticias\/#\/schema\/person\/image\/","url":"https:\/\/secure.gravatar.com\/avatar\/e8495742d34d0ba6448ea1c628263b3e?s=96&d=mm&r=g","contentUrl":"https:\/\/secure.gravatar.com\/avatar\/e8495742d34d0ba6448ea1c628263b3e?s=96&d=mm&r=g","caption":"admin"},"url":"https:\/\/franciscanos.org.br\/noticias\/author\/admin"}]}},"_links":{"self":[{"href":"https:\/\/franciscanos.org.br\/noticias\/wp-json\/wp\/v2\/posts\/154478"}],"collection":[{"href":"https:\/\/franciscanos.org.br\/noticias\/wp-json\/wp\/v2\/posts"}],"about":[{"href":"https:\/\/franciscanos.org.br\/noticias\/wp-json\/wp\/v2\/types\/post"}],"author":[{"embeddable":true,"href":"https:\/\/franciscanos.org.br\/noticias\/wp-json\/wp\/v2\/users\/1"}],"replies":[{"embeddable":true,"href":"https:\/\/franciscanos.org.br\/noticias\/wp-json\/wp\/v2\/comments?post=154478"}],"version-history":[{"count":1,"href":"https:\/\/franciscanos.org.br\/noticias\/wp-json\/wp\/v2\/posts\/154478\/revisions"}],"predecessor-version":[{"id":225035,"href":"https:\/\/franciscanos.org.br\/noticias\/wp-json\/wp\/v2\/posts\/154478\/revisions\/225035"}],"wp:featuredmedia":[{"embeddable":true,"href":"https:\/\/franciscanos.org.br\/noticias\/wp-json\/wp\/v2\/media\/200680"}],"wp:attachment":[{"href":"https:\/\/franciscanos.org.br\/noticias\/wp-json\/wp\/v2\/media?parent=154478"}],"wp:term":[{"taxonomy":"category","embeddable":true,"href":"https:\/\/franciscanos.org.br\/noticias\/wp-json\/wp\/v2\/categories?post=154478"},{"taxonomy":"post_tag","embeddable":true,"href":"https:\/\/franciscanos.org.br\/noticias\/wp-json\/wp\/v2\/tags?post=154478"}],"curies":[{"name":"wp","href":"https:\/\/api.w.org\/{rel}","templated":true}]}}