{"id":154444,"date":"2018-03-19T11:38:24","date_gmt":"2018-03-19T14:38:24","guid":{"rendered":"http:\/\/franciscanos.org.br\/?p=154444"},"modified":"2020-08-10T15:48:33","modified_gmt":"2020-08-10T18:48:33","slug":"precisamos-de-voces-pedras-vivas-de-uma-igreja-com-um-rosto-jovem-mas-nao-maquiado","status":"publish","type":"post","link":"https:\/\/franciscanos.org.br\/noticias\/precisamos-de-voces-pedras-vivas-de-uma-igreja-com-um-rosto-jovem-mas-nao-maquiado.html","title":{"rendered":"Precisamos de voc\u00eas, pedras vivas de uma Igreja com um rosto jovem"},"content":{"rendered":"<p>&nbsp;<\/p>\n<p><img loading=\"lazy\" class=\"alignnone\" src=\"http:\/\/franciscanos.org.br\/wp-content\/uploads\/2018\/03\/papa_190318_3.jpg\" alt=\"papa_190318_3\" width=\"830\" height=\"553\" \/><\/p>\n<p>Queridos jovens, o cora\u00e7\u00e3o da Igreja \u00e9 jovem precisamente porque o Evangelho \u00e9 como uma linfa vital que a regenera continuamente\u201d: foi o que disse o Papa Francisco nesta manh\u00e3 de segunda-feira (19\/3) na abertura da reuni\u00e3o pr\u00e9-sinodal em Roma que se realiza no Pontif\u00edcio Col\u00e9gio Internacional \u201cMaria Mater Ecclesiae\u201d.<\/p>\n<p>S\u00e3o cerca de 300 os jovens dos 5 continentes, de v\u00e1rias religi\u00f5es e tamb\u00e9m ateus, que participam a partir de hoje at\u00e9 s\u00e1bado da reuni\u00e3o pr\u00e9-sinodal. Neste encontro, eles ser\u00e3o ouvidos e suas colabora\u00e7\u00f5es utilizadas para preparar o S\u00ednodo, cujo tema ser\u00e1 \u201cOs jovens, a f\u00e9 e o discernimento vocacional\u201d.<\/p>\n<p>Quem n\u00e3o p\u00f4de vir a Roma p\u00f4de participar \u2018on line\u2019 em seus grupos lingu\u00edsticos (portugu\u00eas, ingl\u00eas, espanhol, franc\u00eas, italiano e alem\u00e3o), que foram moderados por outros jovens. No dia de hoje s\u00e3o mais 15 mil os jovens colegados via internet em todas as partes do mundo.<\/p>\n<p>O S\u00ednodo de outubro se ocupar\u00e1 dos problemas dos jovens e buscar\u00e1 adequar sua linguagem ao uso das novas tecnologias para aproximar-se a eles, segundo o documento preparat\u00f3rio divulgado em 2017.<\/p>\n<p><strong>Falar com coragem<\/strong><br \/>\n&#8220;Falem com coragem, digam o que voc\u00eas gostariam de dizer. Se algu\u00e9m se sentir ofendido, pe\u00e7am perd\u00e3o e continuem&#8230;\u201d Foi a exorta\u00e7\u00e3o do Papa Francisco dirigida aos jovens, no in\u00edcio do seu discurso depois da sauda\u00e7\u00e3o do cardeal Lorenzo Baldisseri, secret\u00e1rio geral do S\u00ednodo dos Bispos.<\/p>\n<p>Depois de dar as boas-vindas, o Papa agradeceu aos jovens por terem aceitado o convite para participar do encontro: \u201cAlguns de voc\u00eas tiveram que fazer uma longa viagem&#8221;, disse. \u201cVoc\u00eas vieram de muitas partes do mundo e trazem com voc\u00eas uma grande variedade de povos, culturas e at\u00e9 mesmo religi\u00f5es: voc\u00eas n\u00e3o s\u00e3o todos cat\u00f3licos e crist\u00e3os, nem todos s\u00e3o crentes, mas voc\u00eas certamente est\u00e3o animados pelo desejo de dar o melhor de voc\u00eas\u201d.<\/p>\n<p>&nbsp;<\/p>\n<p><strong>Precisamos de voc\u00eas<\/strong><br \/>\nO Papa recordou que eles foram convidados como representante dos jovens de todo o mundo porque a contribui\u00e7\u00e3o deles \u00e9 indispens\u00e1vel. \u201cPrecisamos de voc\u00eas para preparar o S\u00ednodo que em outubro reunir\u00e1 os Bispos sobre o tema &#8216;Os jovens, a f\u00e9 e o discernimento vocacional&#8217;. Em muitos momentos da hist\u00f3ria da Igreja, bem como em in\u00fameros epis\u00f3dios b\u00edblicos, Deus quis falar atrav\u00e9s do mais jovens: penso, por exemplo, em Samuel, Davi e Daniel. Tenho confian\u00e7a, disse o Papa, acredito que nestes dias tamb\u00e9m falar\u00e1 atrav\u00e9s de voc\u00eas.<\/p>\n<p>O Papa Francisco no seu discurso aos jovens afirmou que frequentemente se fala sobre os jovens sem question\u00e1-los. Mesmo as melhores an\u00e1lises sobre o mundo juvenil, embora sejam \u00fateis, n\u00e3o substituem a necessidade do encontro face a face. Algu\u00e9m pensa que seria mais f\u00e1cil manter voc\u00eas \u201ca uma dist\u00e2ncia segura\u201d para que n\u00e3o sejam provocados por voc\u00eas.<\/p>\n<p>Os jovens devem ser levados a s\u00e9rio, disse o Papa! Parece-me que estamos rodeados por uma cultura que, por um lado, idolatra a juventude, tentando n\u00e3o deix\u00e1-la passar jamais, de outro, exclui tantos jovens de serem protagonistas. Muitas vezes voc\u00eas s\u00e3o marginalizados da vida p\u00fablica e se encontram mendigando ocupa\u00e7\u00f5es que n\u00e3o lhes garantem um futuro. Frequentemente s\u00e3o deixados sozinhos.<\/p>\n<p><strong>A vontade da Igreja de ouvir todos os jovens<\/strong><br \/>\n\u201cNa Igreja, n\u00e3o deve ser assim, afirmou Francisco. O Evangelho nos pede: a sua mensagem de proximidade convida a nos encontrarmos e nos confrontarmos, a nos acolhermos e nos amarmos seriamente, a caminhar juntos e a partilhar sem medo. Esta reuni\u00e3o pr\u00e9-sinodal quer ser um sinal de algo muito grande: a vontade da Igreja de ouvir todos os jovens, ningu\u00e9m exclu\u00eddo\u201d.<\/p>\n<p>O pr\u00f3ximo S\u00ednodo se prop\u00f5e, em particular, desenvolver as condi\u00e7\u00f5es para que os jovens sejam acompanhados com paix\u00e3o e compet\u00eancia no discernimento vocacional, isto \u00e9, no \u201creconhecer e acolher o chamado ao amor e \u00e0 vida em plenitude\u201d. \u201cEsta \u00e9 a certeza b\u00e1sica: Deus ama cada um e a cada um faz pessoalmente um chamado. \u00c9 um presente que, quando \u00e9 descoberto, enche de alegria. Estejam certos: Deus tem confian\u00e7a em voc\u00eas, ele os ama e os chama\u201d.<\/p>\n<p>Deus nunca abandona disse o Papa, porque Ele \u00e9 fiel e cr\u00ea realmente em voc\u00eas. Ele faz a voc\u00eas a pergunta que um dia Ele fez aos primeiros disc\u00edpulos: \u201cO que voc\u00eas est\u00e3o procurando?\u201d. Ele convida voc\u00eas a partilhar a busca da vida com Ele, a caminhar juntos. E n\u00f3s, como Igreja, desejamos fazer o mesmo, porque n\u00e3o podemos deixar de partilhar com entusiasmo a busca pela verdadeira alegria de cada um; e n\u00e3o podemos conservar apenas para n\u00f3s Quem mudou nossas vidas: Jesus. Seus coet\u00e2neos e seus amigos, mesmo sem saber disso, esperem por Ele e pelo seu an\u00fancio de salva\u00e7\u00e3o.<\/p>\n<p><strong>Renovado dinamismo juvenil<\/strong><br \/>\nO pr\u00f3ximo S\u00ednodo \u2013 disse Francisco &#8211; ser\u00e1 tamb\u00e9m um apelo \u00e0 Igreja, para que redescubra \u201cum renovado dinamismo juvenil\u201d. O Papa confidenciou que leu alguns e-mails do question\u00e1rio colocado na internet pela Secretaria do S\u00ednodo e disse que ficou impressionado com o apelo lan\u00e7ado por v\u00e1rios jovens, que pedem aos adultos que estejam pr\u00f3ximos a eles e de ajud\u00e1-los a fazer escolhas importantes. Uma jovem observou que aos jovens faltam pontos de refer\u00eancia e que ningu\u00e9m os encoraja a ativar os recursos que possuem. Ent\u00e3o, ao lado dos aspectos positivos do mundo juvenil, ela destacou os perigos, entre os quais o \u00e1lcool, as drogas, uma sexualidade vivida de modo consumista. E concluiu quase com um grito: \u201cAjudem o nosso mundo juvenil que se desmorona cada vez mais\u201d. N\u00e3o sei se o mundo juvenil se desmorona cada vez mais. Mas eu sinto &#8211; disse o Papa &#8211; que o grito dessa jovem \u00e9 sincero e requer aten\u00e7\u00e3o. Tamb\u00e9m na Igreja devemos aprender novas formas de presen\u00e7a e proximidade. A este respeito, um jovem relatou com entusiasmo a sua participa\u00e7\u00e3o em alguns encontros com essas palavras: \u201cO mais importante foi a presen\u00e7a de religiosos entre n\u00f3s jovens como amigos que nos ouvem, nos conhecem e nos aconselham\u201d.<\/p>\n<p>O Papa recordou, ent\u00e3o, a Mensagem aos jovens do Conc\u00edlio Vaticano II. \u00c9 tamb\u00e9m hoje um incentivo para lutar contra todo ego\u00edsmo e a construir com coragem um mundo melhor. \u00c9 um convite a buscar novos caminhos e a percorr\u00ea-los com coragem e confian\u00e7a, mantendo o olhar fixo em Jesus e abrindo-se ao Esp\u00edrito Santo, para rejuvenescer o pr\u00f3prio rosto da Igreja. Porque \u00e9 em Jesus e no Esp\u00edrito que a Igreja encontra a for\u00e7a para sempre se renovar, fazendo uma revis\u00e3o da vida em seu modo de ser, pedindo perd\u00e3o por suas fragilidades e inadequa\u00e7\u00f5es, n\u00e3o poupando as energias para se colocar a servi\u00e7o de todos, com a \u00fanica inten\u00e7\u00e3o de ser fiel \u00e0 miss\u00e3o que o Senhor lhe confiou: viver e proclamar o Evangelho.<\/p>\n<p><strong>Jovens, o cora\u00e7\u00e3o da Igreja<\/strong><br \/>\n\u201cQueridos jovens, o cora\u00e7\u00e3o da Igreja \u00e9 jovem precisamente porque o Evangelho \u00e9 como uma linfa vital que a regenera continuamente. Cabe a n\u00f3s ser d\u00f3ceis e cooperar nesta fecundidade. N\u00f3s o fazemos tamb\u00e9m neste caminho sinodal, pensando na realidade dos jovens em todo o mundo. Temos necessidade de recuperarmos o entusiasmo da f\u00e9 e o gosto da busca. Precisamos encontrar novamente no Senhor a for\u00e7a para nos levantarmos das fal\u00eancias, de avan\u00e7ar, de fortalecer a confian\u00e7a no futuro. Precisamos ousar novos caminhos, mesmo que isso envolva riscos. Devemos arriscar, porque o amor sabe arriscar; sem arriscar, um jovem envelhece, e a Igreja tamb\u00e9m envelhece. Portanto, precisamos de voc\u00eas, pedras vivas de uma Igreja com um rosto jovem, mas n\u00e3o maquiado: n\u00e3o artificialmente rejuvenescido, mas reavivado de dentro. E voc\u00eas nos provocam a sair da l\u00f3gica do \u201csempre se fez assim\u201d para permanecer de forma criativa nas pegadas da aut\u00eantica tradi\u00e7\u00e3o.<\/p>\n<p>O Papa concluiu suas palavras convidando os jovens, nesta semana, a se exprimirem com franqueza e em toda liberdade. Voc\u00eas s\u00e3o protagonistas e \u00e9 importante que voc\u00eas falem abertamente. Garanto que sua contribui\u00e7\u00e3o ser\u00e1 levada a s\u00e9rio.<\/p>\n<p><em>Silvonei Jos\u00e9 &#8211; Vaticano<\/em><\/p>\n","protected":false},"excerpt":{"rendered":"<p>Pr\u00e9-S\u00ednodo<\/p>\n","protected":false},"author":1,"featured_media":0,"comment_status":"open","ping_status":"open","sticky":false,"template":"","format":"standard","meta":[],"categories":[1428],"tags":[839],"acf":[],"yoast_head":"<!-- This site is optimized with the Yoast SEO plugin v19.2 - https:\/\/yoast.com\/wordpress\/plugins\/seo\/ -->\n<title>Precisamos de voc\u00eas, pedras vivas de uma Igreja com um rosto jovem - Not\u00edcias - Franciscanos<\/title>\n<meta name=\"robots\" content=\"index, follow, max-snippet:-1, max-image-preview:large, max-video-preview:-1\" \/>\n<link rel=\"canonical\" href=\"https:\/\/franciscanos.org.br\/noticias\/precisamos-de-voces-pedras-vivas-de-uma-igreja-com-um-rosto-jovem-mas-nao-maquiado.html\" \/>\n<meta property=\"og:locale\" content=\"pt_BR\" \/>\n<meta property=\"og:type\" content=\"article\" \/>\n<meta property=\"og:title\" content=\"Precisamos de voc\u00eas, pedras vivas de uma Igreja com um rosto jovem - Not\u00edcias - Franciscanos\" \/>\n<meta property=\"og:description\" content=\"Pr\u00e9-S\u00ednodo\" \/>\n<meta property=\"og:url\" content=\"https:\/\/franciscanos.org.br\/noticias\/precisamos-de-voces-pedras-vivas-de-uma-igreja-com-um-rosto-jovem-mas-nao-maquiado.html\" \/>\n<meta property=\"og:site_name\" content=\"Not\u00edcias - Franciscanos\" \/>\n<meta property=\"article:published_time\" content=\"2018-03-19T14:38:24+00:00\" \/>\n<meta property=\"article:modified_time\" content=\"2020-08-10T18:48:33+00:00\" \/>\n<meta property=\"og:image\" content=\"http:\/\/franciscanos.org.br\/wp-content\/uploads\/2018\/03\/papa_190318_3.jpg\" \/>\n<meta name=\"author\" content=\"admin\" \/>\n<meta name=\"twitter:card\" content=\"summary_large_image\" \/>\n<meta name=\"twitter:label1\" content=\"Escrito por\" \/>\n\t<meta name=\"twitter:data1\" content=\"admin\" \/>\n\t<meta name=\"twitter:label2\" content=\"Est. tempo de leitura\" \/>\n\t<meta name=\"twitter:data2\" content=\"7 minutos\" \/>\n<script type=\"application\/ld+json\" class=\"yoast-schema-graph\">{\"@context\":\"https:\/\/schema.org\",\"@graph\":[{\"@type\":\"WebSite\",\"@id\":\"https:\/\/franciscanos.org.br\/noticias\/#website\",\"url\":\"https:\/\/franciscanos.org.br\/noticias\/\",\"name\":\"Not\u00edcias - Franciscanos\",\"description\":\"Prov\u00edncia Franciscana da Imaculada Concei\u00e7\u00e3o do Brasil - Ordem dos Frades Menores - OFM\",\"potentialAction\":[{\"@type\":\"SearchAction\",\"target\":{\"@type\":\"EntryPoint\",\"urlTemplate\":\"https:\/\/franciscanos.org.br\/noticias\/?s={search_term_string}\"},\"query-input\":\"required name=search_term_string\"}],\"inLanguage\":\"pt-BR\"},{\"@type\":\"ImageObject\",\"inLanguage\":\"pt-BR\",\"@id\":\"https:\/\/franciscanos.org.br\/noticias\/precisamos-de-voces-pedras-vivas-de-uma-igreja-com-um-rosto-jovem-mas-nao-maquiado.html#primaryimage\",\"url\":\"http:\/\/franciscanos.org.br\/wp-content\/uploads\/2018\/03\/papa_190318_3.jpg\",\"contentUrl\":\"http:\/\/franciscanos.org.br\/wp-content\/uploads\/2018\/03\/papa_190318_3.jpg\"},{\"@type\":\"WebPage\",\"@id\":\"https:\/\/franciscanos.org.br\/noticias\/precisamos-de-voces-pedras-vivas-de-uma-igreja-com-um-rosto-jovem-mas-nao-maquiado.html#webpage\",\"url\":\"https:\/\/franciscanos.org.br\/noticias\/precisamos-de-voces-pedras-vivas-de-uma-igreja-com-um-rosto-jovem-mas-nao-maquiado.html\",\"name\":\"Precisamos de voc\u00eas, pedras vivas de uma Igreja com um rosto jovem - Not\u00edcias - Franciscanos\",\"isPartOf\":{\"@id\":\"https:\/\/franciscanos.org.br\/noticias\/#website\"},\"primaryImageOfPage\":{\"@id\":\"https:\/\/franciscanos.org.br\/noticias\/precisamos-de-voces-pedras-vivas-de-uma-igreja-com-um-rosto-jovem-mas-nao-maquiado.html#primaryimage\"},\"datePublished\":\"2018-03-19T14:38:24+00:00\",\"dateModified\":\"2020-08-10T18:48:33+00:00\",\"author\":{\"@id\":\"https:\/\/franciscanos.org.br\/noticias\/#\/schema\/person\/b38fbf43118f02820bd932f2e4b14ad3\"},\"breadcrumb\":{\"@id\":\"https:\/\/franciscanos.org.br\/noticias\/precisamos-de-voces-pedras-vivas-de-uma-igreja-com-um-rosto-jovem-mas-nao-maquiado.html#breadcrumb\"},\"inLanguage\":\"pt-BR\",\"potentialAction\":[{\"@type\":\"ReadAction\",\"target\":[\"https:\/\/franciscanos.org.br\/noticias\/precisamos-de-voces-pedras-vivas-de-uma-igreja-com-um-rosto-jovem-mas-nao-maquiado.html\"]}]},{\"@type\":\"BreadcrumbList\",\"@id\":\"https:\/\/franciscanos.org.br\/noticias\/precisamos-de-voces-pedras-vivas-de-uma-igreja-com-um-rosto-jovem-mas-nao-maquiado.html#breadcrumb\",\"itemListElement\":[{\"@type\":\"ListItem\",\"position\":1,\"name\":\"Home\",\"item\":\"https:\/\/franciscanos.org.br\/noticias\"},{\"@type\":\"ListItem\",\"position\":2,\"name\":\"Precisamos de voc\u00eas, pedras vivas de uma Igreja com um rosto jovem\"}]},{\"@type\":\"Person\",\"@id\":\"https:\/\/franciscanos.org.br\/noticias\/#\/schema\/person\/b38fbf43118f02820bd932f2e4b14ad3\",\"name\":\"admin\",\"image\":{\"@type\":\"ImageObject\",\"inLanguage\":\"pt-BR\",\"@id\":\"https:\/\/franciscanos.org.br\/noticias\/#\/schema\/person\/image\/\",\"url\":\"https:\/\/secure.gravatar.com\/avatar\/e8495742d34d0ba6448ea1c628263b3e?s=96&d=mm&r=g\",\"contentUrl\":\"https:\/\/secure.gravatar.com\/avatar\/e8495742d34d0ba6448ea1c628263b3e?s=96&d=mm&r=g\",\"caption\":\"admin\"},\"url\":\"https:\/\/franciscanos.org.br\/noticias\/author\/admin\"}]}<\/script>\n<!-- \/ Yoast SEO plugin. -->","yoast_head_json":{"title":"Precisamos de voc\u00eas, pedras vivas de uma Igreja com um rosto jovem - Not\u00edcias - Franciscanos","robots":{"index":"index","follow":"follow","max-snippet":"max-snippet:-1","max-image-preview":"max-image-preview:large","max-video-preview":"max-video-preview:-1"},"canonical":"https:\/\/franciscanos.org.br\/noticias\/precisamos-de-voces-pedras-vivas-de-uma-igreja-com-um-rosto-jovem-mas-nao-maquiado.html","og_locale":"pt_BR","og_type":"article","og_title":"Precisamos de voc\u00eas, pedras vivas de uma Igreja com um rosto jovem - Not\u00edcias - Franciscanos","og_description":"Pr\u00e9-S\u00ednodo","og_url":"https:\/\/franciscanos.org.br\/noticias\/precisamos-de-voces-pedras-vivas-de-uma-igreja-com-um-rosto-jovem-mas-nao-maquiado.html","og_site_name":"Not\u00edcias - Franciscanos","article_published_time":"2018-03-19T14:38:24+00:00","article_modified_time":"2020-08-10T18:48:33+00:00","og_image":[{"url":"http:\/\/franciscanos.org.br\/wp-content\/uploads\/2018\/03\/papa_190318_3.jpg"}],"author":"admin","twitter_card":"summary_large_image","twitter_misc":{"Escrito por":"admin","Est. tempo de leitura":"7 minutos"},"schema":{"@context":"https:\/\/schema.org","@graph":[{"@type":"WebSite","@id":"https:\/\/franciscanos.org.br\/noticias\/#website","url":"https:\/\/franciscanos.org.br\/noticias\/","name":"Not\u00edcias - Franciscanos","description":"Prov\u00edncia Franciscana da Imaculada Concei\u00e7\u00e3o do Brasil - Ordem dos Frades Menores - OFM","potentialAction":[{"@type":"SearchAction","target":{"@type":"EntryPoint","urlTemplate":"https:\/\/franciscanos.org.br\/noticias\/?s={search_term_string}"},"query-input":"required name=search_term_string"}],"inLanguage":"pt-BR"},{"@type":"ImageObject","inLanguage":"pt-BR","@id":"https:\/\/franciscanos.org.br\/noticias\/precisamos-de-voces-pedras-vivas-de-uma-igreja-com-um-rosto-jovem-mas-nao-maquiado.html#primaryimage","url":"http:\/\/franciscanos.org.br\/wp-content\/uploads\/2018\/03\/papa_190318_3.jpg","contentUrl":"http:\/\/franciscanos.org.br\/wp-content\/uploads\/2018\/03\/papa_190318_3.jpg"},{"@type":"WebPage","@id":"https:\/\/franciscanos.org.br\/noticias\/precisamos-de-voces-pedras-vivas-de-uma-igreja-com-um-rosto-jovem-mas-nao-maquiado.html#webpage","url":"https:\/\/franciscanos.org.br\/noticias\/precisamos-de-voces-pedras-vivas-de-uma-igreja-com-um-rosto-jovem-mas-nao-maquiado.html","name":"Precisamos de voc\u00eas, pedras vivas de uma Igreja com um rosto jovem - Not\u00edcias - Franciscanos","isPartOf":{"@id":"https:\/\/franciscanos.org.br\/noticias\/#website"},"primaryImageOfPage":{"@id":"https:\/\/franciscanos.org.br\/noticias\/precisamos-de-voces-pedras-vivas-de-uma-igreja-com-um-rosto-jovem-mas-nao-maquiado.html#primaryimage"},"datePublished":"2018-03-19T14:38:24+00:00","dateModified":"2020-08-10T18:48:33+00:00","author":{"@id":"https:\/\/franciscanos.org.br\/noticias\/#\/schema\/person\/b38fbf43118f02820bd932f2e4b14ad3"},"breadcrumb":{"@id":"https:\/\/franciscanos.org.br\/noticias\/precisamos-de-voces-pedras-vivas-de-uma-igreja-com-um-rosto-jovem-mas-nao-maquiado.html#breadcrumb"},"inLanguage":"pt-BR","potentialAction":[{"@type":"ReadAction","target":["https:\/\/franciscanos.org.br\/noticias\/precisamos-de-voces-pedras-vivas-de-uma-igreja-com-um-rosto-jovem-mas-nao-maquiado.html"]}]},{"@type":"BreadcrumbList","@id":"https:\/\/franciscanos.org.br\/noticias\/precisamos-de-voces-pedras-vivas-de-uma-igreja-com-um-rosto-jovem-mas-nao-maquiado.html#breadcrumb","itemListElement":[{"@type":"ListItem","position":1,"name":"Home","item":"https:\/\/franciscanos.org.br\/noticias"},{"@type":"ListItem","position":2,"name":"Precisamos de voc\u00eas, pedras vivas de uma Igreja com um rosto jovem"}]},{"@type":"Person","@id":"https:\/\/franciscanos.org.br\/noticias\/#\/schema\/person\/b38fbf43118f02820bd932f2e4b14ad3","name":"admin","image":{"@type":"ImageObject","inLanguage":"pt-BR","@id":"https:\/\/franciscanos.org.br\/noticias\/#\/schema\/person\/image\/","url":"https:\/\/secure.gravatar.com\/avatar\/e8495742d34d0ba6448ea1c628263b3e?s=96&d=mm&r=g","contentUrl":"https:\/\/secure.gravatar.com\/avatar\/e8495742d34d0ba6448ea1c628263b3e?s=96&d=mm&r=g","caption":"admin"},"url":"https:\/\/franciscanos.org.br\/noticias\/author\/admin"}]}},"_links":{"self":[{"href":"https:\/\/franciscanos.org.br\/noticias\/wp-json\/wp\/v2\/posts\/154444"}],"collection":[{"href":"https:\/\/franciscanos.org.br\/noticias\/wp-json\/wp\/v2\/posts"}],"about":[{"href":"https:\/\/franciscanos.org.br\/noticias\/wp-json\/wp\/v2\/types\/post"}],"author":[{"embeddable":true,"href":"https:\/\/franciscanos.org.br\/noticias\/wp-json\/wp\/v2\/users\/1"}],"replies":[{"embeddable":true,"href":"https:\/\/franciscanos.org.br\/noticias\/wp-json\/wp\/v2\/comments?post=154444"}],"version-history":[{"count":2,"href":"https:\/\/franciscanos.org.br\/noticias\/wp-json\/wp\/v2\/posts\/154444\/revisions"}],"predecessor-version":[{"id":227753,"href":"https:\/\/franciscanos.org.br\/noticias\/wp-json\/wp\/v2\/posts\/154444\/revisions\/227753"}],"wp:attachment":[{"href":"https:\/\/franciscanos.org.br\/noticias\/wp-json\/wp\/v2\/media?parent=154444"}],"wp:term":[{"taxonomy":"category","embeddable":true,"href":"https:\/\/franciscanos.org.br\/noticias\/wp-json\/wp\/v2\/categories?post=154444"},{"taxonomy":"post_tag","embeddable":true,"href":"https:\/\/franciscanos.org.br\/noticias\/wp-json\/wp\/v2\/tags?post=154444"}],"curies":[{"name":"wp","href":"https:\/\/api.w.org\/{rel}","templated":true}]}}