{"id":154359,"date":"2018-03-17T22:45:57","date_gmt":"2018-03-18T01:45:57","guid":{"rendered":"http:\/\/franciscanos.org.br\/?p=154359"},"modified":"2019-10-31T10:52:25","modified_gmt":"2019-10-31T13:52:25","slug":"distribuidor-do-misterio-do-amor-de-deus","status":"publish","type":"post","link":"https:\/\/franciscanos.org.br\/noticias\/distribuidor-do-misterio-do-amor-de-deus.html","title":{"rendered":"&#8220;Distribuidor do mist\u00e9rio do amor de Deus&#8221;."},"content":{"rendered":"<p><img loading=\"lazy\" src=\"http:\/\/franciscanos.org.br\/wp-content\/uploads\/2018\/03\/leandro_170318_7.jpg\" alt=\"leandro_170318_7\" width=\"830\" height=\"454\" \/><\/p>\n<p><strong>Vila Velha (ES)<\/strong> \u2013 Tendo recebido a gra\u00e7a de exercer o apostolado da Evangeliza\u00e7\u00e3o no Santu\u00e1rio do Divino Esp\u00edrito Santo em sua primeira transfer\u00eancia, Frei Leandro Costa foi ordenado di\u00e1cono na tarde deste s\u00e1bado, 17 de mar\u00e7o, por Dom Luiz Mancilha Vilela, Arcebispo Metropolitano de Vit\u00f3ria. Al\u00e9m dos paroquianos, tamb\u00e9m fizeram parte da assembleia os confrades das Fraternidades do Regional, colegas de turma e familiares de Frei Leandro, especialmente seus pais, Francisca e Francisco Mois\u00e9s dos Santos, que vieram de S\u00e3o Paulo para participar deste importante momento da vida vocacional do filho.<\/p>\n<p>Representando o Ministro Provincial, Frei Fid\u00eancio Vanboemmel, o Definidor e Guardi\u00e3o do Convento da Penha, Frei Paulo Pereira, pediu a Dom Luiz que ordenasse di\u00e1cono o jovem confrade a atestou a idoneidade do candidato.<\/p>\n<p>Segundo Dom Luiz, na espiritualidade diaconal, de certa maneira a espiritualidade de todos n\u00f3s, n\u00e3o podemos nos entender crist\u00e3os se n\u00e3o formos servos uns dos outros. &#8220;Faz parte da nossa identidade crist\u00e3 ser servo e serva do Senhor. Lembremos da M\u00e3e de Jesus e nossa M\u00e3e querida, quando ela, depois de um di\u00e1logo consciente com o Senhor, percebendo qual era a vontade do Senhor, ela se identificou: &#8216;Eu sou a serva do Senhor, fa\u00e7a em mim segundo a vossa Palavra&#8217;. Eis a\u00ed o ponto de partida de todos os crist\u00e3os. Ela \u00e9 a primeira crist\u00e3, a primeira evangelizadora, a primeira evangelizada, que nos ensina que somos todos servos, que somos convocados a exercer\u00a0 a diaconia, a servi\u00e7alidade entre n\u00f3s. Pais, filhos, comunidades, igreja, servos, servidores, num s\u00f3 cora\u00e7\u00e3o, numa s\u00f3 alma&#8221;, enfatizou o Arcebispo de Vit\u00f3ria.<\/p>\n<p><img loading=\"lazy\" src=\"http:\/\/franciscanos.org.br\/wp-content\/uploads\/2018\/03\/leandro_170318_13.jpg\" alt=\"leandro_170318_13\" width=\"830\" height=\"434\" \/><\/p>\n<p>&#8220;Mas algu\u00e9m pode perguntar: mas o que significa isso ent\u00e3o se o jovem Leandro se encontra aqui e acaba de ser escolhido para ser di\u00e1cono?&#8221;, perguntou o Arcebispo. &#8220;Tem mais ainda meus irm\u00e3os! Leandro, antes de chegar aqui neste momento, batizado como todos n\u00f3s, ele sentiu chamado a entregar seu cora\u00e7\u00e3o, toda a sua pessoa ao Senhor, numa fam\u00edlia consagrada, para viver de maneira radical essa servi\u00e7alidade, que \u00e9 a Fam\u00edlia Franciscana&#8221;, explicou. &#8220;Ele descobriu que ser crist\u00e3o \u00e9 fundamental na vida dele e percebeu o chamado mais profundo em ser crist\u00e3o parecido com aquele irm\u00e3o que se fez menor e, se fazendo menor, n\u00f3s olhamos para ele como grande: S\u00e3o Francisco de Assis. Todos conhecem aqui a vida de S\u00e3o Francisco de Assis. Viveu no despojamento. Esse \u00e9 o caminho que esse jovem escolheu. Ouvindo e percebendo o apelo de Deus, na simplicidade, na servi\u00e7alidade, fez parte de uma fam\u00edlia que n\u00f3s chamamos de franciscanos, para dar testemunho desse despojamento, apontando para aquele que se fez servo de todos e, como servo, nos libertou, nos arrancou do poder da morte, nos arrancou da mis\u00e9ria, Nosso Senhor Jesus Cristo&#8221;, acrescentou D. Luiz.<\/p>\n<p>&#8220;Jesus se fez simples. No dizer de S\u00e3o Paulo, assumiu as consequ\u00eancias do pecado sobre si e abriu as portas do c\u00e9u para n\u00f3s. S\u00e3o Francisco percebeu esse mist\u00e9rio da pessoa de Cristo e despojou-se totalmente, dando testemunho. E muitos irm\u00e3os do mundo inteiro foram se juntando a ele e surgiu a Fam\u00edlia Franciscana&#8221;, lembrou o Arcebispo.<\/p>\n<p><img loading=\"lazy\" src=\"http:\/\/franciscanos.org.br\/wp-content\/uploads\/2018\/03\/leandro_170318_2.jpg\" alt=\"leandro_170318_2\" width=\"830\" height=\"463\" \/><\/p>\n<p>&#8220;Leandro est\u00e1 sendo chamado pela Igreja para exercer de maneira oficial um servi\u00e7o de di\u00e1cono, um servi\u00e7o especial da Palavra de Deus. Como \u00e9 isso? Ele \u00e9 chamado e missionado pela Igreja para distribuir a Palavra, interiorizando a Palavra a Deus, n\u00e3o como verniz por fora, mas deixando que a Palavra o transforme e ajude os irm\u00e3os batizados, as comunidades, a crescerem em santidade. Ele recebe a miss\u00e3o de servo da Palavra, a miss\u00e3o de servo no altar. O que \u00e9 altar? \u00c9 a Palavra que se faz alimento para esse povo e para todos n\u00f3s. Sem a Eucaristia, n\u00f3s ficamos fracos, n\u00e3o conseguimos caminhar. \u00c9 a Palavra que nos educa, nos alimenta, nos sustenta, nos cura. Ele \u00e9 chamado a ser servidor do altar, onde o mist\u00e9rio do Calv\u00e1rio acontece, atualiza-se por obra, por for\u00e7a do Divino Esp\u00edrito Santo&#8221;, detalhou o minist\u00e9rio da diaconia.<\/p>\n<p>&#8220;Ent\u00e3o, di\u00e1cono \u00e9 algu\u00e9m que assimilou todo esse mist\u00e9rio divino e vai ajudar, em nome da Igreja, para que todos sejamos caridosos, para que todos sejamos unidos, para que todos nos deixemos nos transformar pelo amor que vem do alto. Essa \u00e9 a miss\u00e3o do di\u00e1cono. Servidor, homem da caridade. Para ser homem da caridade \u00e9 preciso justamente essa intimidade profunda com Jesus Cristo. Voc\u00ea procura conformar-se a ele, parecendo-se com ele, sendo simples como S\u00e3o Francisco, sendo bondoso como S\u00e3o Francisco, sendo algu\u00e9m da unidade, da simplicidade, que ajude o irm\u00e3o, a irm\u00e3 a serem santos. Para voc\u00ea ajudar a todos a serem santos, voc\u00ea deve ser o exemplo de que busca com seriedade na diaconia&#8221;, pediu o Arcebispo.<\/p>\n<p><img loading=\"lazy\" src=\"http:\/\/franciscanos.org.br\/wp-content\/uploads\/2018\/03\/leandro_170318_6.jpg\" alt=\"leandro_170318_6\" width=\"830\" height=\"458\" \/><\/p>\n<p>&#8220;Ent\u00e3o, meu querido Leandro, \u00e9 o que eu desejo a voc\u00ea. Na sua fam\u00edlia Franciscana, o carisma da sua Ordem vai ajudar muito na sua miss\u00e3o como di\u00e1cono, e futuramente como presb\u00edtero. N\u00e3o se pode separar uma coisa da outra. Voc\u00ea como di\u00e1cono ter\u00e1 a for\u00e7a do esp\u00edrito franciscano porque ele nos ensina e ensina a voc\u00ea a ser o homem da Palavra da Deus, o homem da liturgia do altar, o homem da caridade. Onde voc\u00ea estiver, jamais sua presen\u00e7a poder\u00e1 ser de divis\u00e3o. A sua presen\u00e7a ser\u00e1 uma convoca\u00e7\u00e3o para a conc\u00f3rdia, ser\u00e1 uma convoca\u00e7\u00e3o para a paz, ser\u00e1 uma convoca\u00e7\u00e3o para o amor. Essa \u00e9 a diaconia que Deus espera de voc\u00ea, espera de mim, especialmente este pobre coitado aqui. N\u00f3s temos essa miss\u00e3o sagrada. Que responsabilidade ser distribuidor do mist\u00e9rio do amor de Deus. Mas por outro lado, que beleza de voca\u00e7\u00e3o! Que Deus seja louvado. Que voc\u00ea nunca se engrande\u00e7a, nunca se orgulhe, que voc\u00ea seja sempre simples como o seu irm\u00e3o Francisco e que voc\u00ea, neste servi\u00e7o, tenha coragem de proclamar bem forte como Nossa Senhora: &#8216;Eis aqui o servo\u00a0 do Senhor, fa\u00e7a-se em mim segundo a tua Palavra&#8217;. Isso voc\u00ea vai ter que dizer n\u00e3o nos momentos f\u00e1ceis, mas nos momentos de crise, nos momentos de incompreens\u00e3o, nos momentos de chatea\u00e7\u00e3o e de solid\u00e3o. Que Deus o aben\u00e7oe, aben\u00e7oe a seus pais, os parentes&#8221;, completou Dom Luiz, pedindo aos pais que continuem a ajudar o filho na ora\u00e7\u00e3o para que ele seja fiel na sua voca\u00e7\u00e3o. &#8220;Que Deus o aben\u00e7oe essa fam\u00edlia, a fam\u00edlia franciscana, a Igreja, am\u00e9m!&#8221;, encerrou.<\/p>\n<p>Depois de transcorrido o rito de imposi\u00e7\u00e3o das m\u00e3os, momento central da celebra\u00e7\u00e3o, Frei Leandro foi revestido com a estola e a dalm\u00e1tica, vestes pr\u00f3prias do di\u00e1cono trazidas at\u00e9 o altar por seus pais. O p\u00e1roco e guardi\u00e3o Frei Djalmo Fuck do Santu\u00e1rio ajudou o neodi\u00e1cono a se paramentar. Em seguida, recebeu das m\u00e3os do bispo o Evangeli\u00e1rio, manifestando seu compromisso com a proclama\u00e7\u00e3o e a Palavra de Deus. Conclu\u00eddo o rito de ordena\u00e7\u00e3o, Frei Leandro se postou ao lado de Dom Luiz e j\u00e1 assumiu a fun\u00e7\u00e3o lit\u00fargica pr\u00f3pria do di\u00e1cono.<\/p>\n<p><img loading=\"lazy\" src=\"http:\/\/franciscanos.org.br\/wp-content\/uploads\/2018\/03\/leandro_170318_9.jpg\" alt=\"leandro_170318_9\" width=\"830\" height=\"459\" \/><\/p>\n<p>A Par\u00f3quia homenageou o neodi\u00e1cono com um violino. Nos seus agradecimentos, n\u00e3o conteve a emo\u00e7\u00e3o quando falou de seus confrades e quando falou de sua fam\u00edlia. &#8220;De modo especial, louvo a Deus por meus pais, Francisco e Francisca. Quero com a mesma vontade dos meus pais, prestar um servi\u00e7o aos irm\u00e3os em Cristo&#8221;.<\/p>\n<p>Em prepara\u00e7\u00e3o \u00e0 ordena\u00e7\u00e3o diaconal, houve um tr\u00edduo mission\u00e1rio organizado pelo Servi\u00e7o de Anima\u00e7\u00e3o Vocacional e que contou com o apoio dedicado do Santu\u00e1rio Divino Esp\u00edrito Santo. Filho de Francisca e Francisco Mois\u00e9s dos Santos, Frei Leandro nasceu na capital paulista e \u00e9 o terceiro dos seis filhos. Ingressou no Semin\u00e1rio de Agudos em 2005 e vestiu o h\u00e1bito franciscano em 2009. Cursou em seguida Filosofia e Teologia e, no ano passado, passou a residir na Fraternidade Divino Esp\u00edrito Santo, em Vila Velha (ES).<\/p>\n","protected":false},"excerpt":{"rendered":"<p>Ordena\u00e7\u00e3o diaconal de Frei Leandro Costa<\/p>\n","protected":false},"author":1,"featured_media":200223,"comment_status":"open","ping_status":"open","sticky":false,"template":"","format":"standard","meta":[],"categories":[1],"tags":[1196,275],"acf":[],"yoast_head":"<!-- This site is optimized with the Yoast SEO plugin v19.2 - https:\/\/yoast.com\/wordpress\/plugins\/seo\/ -->\n<title>&quot;Distribuidor do mist\u00e9rio do amor de Deus&quot;. - Not\u00edcias - Franciscanos<\/title>\n<meta name=\"robots\" content=\"index, follow, max-snippet:-1, max-image-preview:large, max-video-preview:-1\" \/>\n<link rel=\"canonical\" href=\"https:\/\/franciscanos.org.br\/noticias\/distribuidor-do-misterio-do-amor-de-deus.html\" \/>\n<meta property=\"og:locale\" content=\"pt_BR\" \/>\n<meta property=\"og:type\" content=\"article\" \/>\n<meta property=\"og:title\" content=\"&quot;Distribuidor do mist\u00e9rio do amor de Deus&quot;. - Not\u00edcias - Franciscanos\" \/>\n<meta property=\"og:description\" content=\"Ordena\u00e7\u00e3o diaconal de Frei Leandro Costa\" \/>\n<meta property=\"og:url\" content=\"https:\/\/franciscanos.org.br\/noticias\/distribuidor-do-misterio-do-amor-de-deus.html\" \/>\n<meta property=\"og:site_name\" content=\"Not\u00edcias - Franciscanos\" \/>\n<meta property=\"article:published_time\" content=\"2018-03-18T01:45:57+00:00\" \/>\n<meta property=\"article:modified_time\" content=\"2019-10-31T13:52:25+00:00\" \/>\n<meta property=\"og:image\" content=\"https:\/\/franciscanos.org.br\/noticias\/wp-content\/uploads\/2018\/03\/leandro_170318_7.jpg\" \/>\n\t<meta property=\"og:image:width\" content=\"273\" \/>\n\t<meta property=\"og:image:height\" content=\"181\" \/>\n\t<meta property=\"og:image:type\" content=\"image\/jpeg\" \/>\n<meta name=\"author\" content=\"admin\" \/>\n<meta name=\"twitter:card\" content=\"summary_large_image\" \/>\n<meta name=\"twitter:label1\" content=\"Escrito por\" \/>\n\t<meta name=\"twitter:data1\" content=\"admin\" \/>\n\t<meta name=\"twitter:label2\" content=\"Est. tempo de leitura\" \/>\n\t<meta name=\"twitter:data2\" content=\"7 minutos\" \/>\n<script type=\"application\/ld+json\" class=\"yoast-schema-graph\">{\"@context\":\"https:\/\/schema.org\",\"@graph\":[{\"@type\":\"WebSite\",\"@id\":\"https:\/\/franciscanos.org.br\/noticias\/#website\",\"url\":\"https:\/\/franciscanos.org.br\/noticias\/\",\"name\":\"Not\u00edcias - Franciscanos\",\"description\":\"Prov\u00edncia Franciscana da Imaculada Concei\u00e7\u00e3o do Brasil - Ordem dos Frades Menores - OFM\",\"potentialAction\":[{\"@type\":\"SearchAction\",\"target\":{\"@type\":\"EntryPoint\",\"urlTemplate\":\"https:\/\/franciscanos.org.br\/noticias\/?s={search_term_string}\"},\"query-input\":\"required name=search_term_string\"}],\"inLanguage\":\"pt-BR\"},{\"@type\":\"ImageObject\",\"inLanguage\":\"pt-BR\",\"@id\":\"https:\/\/franciscanos.org.br\/noticias\/distribuidor-do-misterio-do-amor-de-deus.html#primaryimage\",\"url\":\"https:\/\/franciscanos.org.br\/noticias\/wp-content\/uploads\/2018\/03\/leandro_170318_7.jpg\",\"contentUrl\":\"https:\/\/franciscanos.org.br\/noticias\/wp-content\/uploads\/2018\/03\/leandro_170318_7.jpg\",\"width\":273,\"height\":181},{\"@type\":\"WebPage\",\"@id\":\"https:\/\/franciscanos.org.br\/noticias\/distribuidor-do-misterio-do-amor-de-deus.html#webpage\",\"url\":\"https:\/\/franciscanos.org.br\/noticias\/distribuidor-do-misterio-do-amor-de-deus.html\",\"name\":\"\\\"Distribuidor do mist\u00e9rio do amor de Deus\\\". - Not\u00edcias - Franciscanos\",\"isPartOf\":{\"@id\":\"https:\/\/franciscanos.org.br\/noticias\/#website\"},\"primaryImageOfPage\":{\"@id\":\"https:\/\/franciscanos.org.br\/noticias\/distribuidor-do-misterio-do-amor-de-deus.html#primaryimage\"},\"datePublished\":\"2018-03-18T01:45:57+00:00\",\"dateModified\":\"2019-10-31T13:52:25+00:00\",\"author\":{\"@id\":\"https:\/\/franciscanos.org.br\/noticias\/#\/schema\/person\/b38fbf43118f02820bd932f2e4b14ad3\"},\"breadcrumb\":{\"@id\":\"https:\/\/franciscanos.org.br\/noticias\/distribuidor-do-misterio-do-amor-de-deus.html#breadcrumb\"},\"inLanguage\":\"pt-BR\",\"potentialAction\":[{\"@type\":\"ReadAction\",\"target\":[\"https:\/\/franciscanos.org.br\/noticias\/distribuidor-do-misterio-do-amor-de-deus.html\"]}]},{\"@type\":\"BreadcrumbList\",\"@id\":\"https:\/\/franciscanos.org.br\/noticias\/distribuidor-do-misterio-do-amor-de-deus.html#breadcrumb\",\"itemListElement\":[{\"@type\":\"ListItem\",\"position\":1,\"name\":\"Home\",\"item\":\"https:\/\/franciscanos.org.br\/noticias\"},{\"@type\":\"ListItem\",\"position\":2,\"name\":\"&#8220;Distribuidor do mist\u00e9rio do amor de Deus&#8221;.\"}]},{\"@type\":\"Person\",\"@id\":\"https:\/\/franciscanos.org.br\/noticias\/#\/schema\/person\/b38fbf43118f02820bd932f2e4b14ad3\",\"name\":\"admin\",\"image\":{\"@type\":\"ImageObject\",\"inLanguage\":\"pt-BR\",\"@id\":\"https:\/\/franciscanos.org.br\/noticias\/#\/schema\/person\/image\/\",\"url\":\"https:\/\/secure.gravatar.com\/avatar\/e8495742d34d0ba6448ea1c628263b3e?s=96&d=mm&r=g\",\"contentUrl\":\"https:\/\/secure.gravatar.com\/avatar\/e8495742d34d0ba6448ea1c628263b3e?s=96&d=mm&r=g\",\"caption\":\"admin\"},\"url\":\"https:\/\/franciscanos.org.br\/noticias\/author\/admin\"}]}<\/script>\n<!-- \/ Yoast SEO plugin. -->","yoast_head_json":{"title":"\"Distribuidor do mist\u00e9rio do amor de Deus\". - Not\u00edcias - Franciscanos","robots":{"index":"index","follow":"follow","max-snippet":"max-snippet:-1","max-image-preview":"max-image-preview:large","max-video-preview":"max-video-preview:-1"},"canonical":"https:\/\/franciscanos.org.br\/noticias\/distribuidor-do-misterio-do-amor-de-deus.html","og_locale":"pt_BR","og_type":"article","og_title":"\"Distribuidor do mist\u00e9rio do amor de Deus\". - Not\u00edcias - Franciscanos","og_description":"Ordena\u00e7\u00e3o diaconal de Frei Leandro Costa","og_url":"https:\/\/franciscanos.org.br\/noticias\/distribuidor-do-misterio-do-amor-de-deus.html","og_site_name":"Not\u00edcias - Franciscanos","article_published_time":"2018-03-18T01:45:57+00:00","article_modified_time":"2019-10-31T13:52:25+00:00","og_image":[{"width":273,"height":181,"url":"https:\/\/franciscanos.org.br\/noticias\/wp-content\/uploads\/2018\/03\/leandro_170318_7.jpg","type":"image\/jpeg"}],"author":"admin","twitter_card":"summary_large_image","twitter_misc":{"Escrito por":"admin","Est. tempo de leitura":"7 minutos"},"schema":{"@context":"https:\/\/schema.org","@graph":[{"@type":"WebSite","@id":"https:\/\/franciscanos.org.br\/noticias\/#website","url":"https:\/\/franciscanos.org.br\/noticias\/","name":"Not\u00edcias - Franciscanos","description":"Prov\u00edncia Franciscana da Imaculada Concei\u00e7\u00e3o do Brasil - Ordem dos Frades Menores - OFM","potentialAction":[{"@type":"SearchAction","target":{"@type":"EntryPoint","urlTemplate":"https:\/\/franciscanos.org.br\/noticias\/?s={search_term_string}"},"query-input":"required name=search_term_string"}],"inLanguage":"pt-BR"},{"@type":"ImageObject","inLanguage":"pt-BR","@id":"https:\/\/franciscanos.org.br\/noticias\/distribuidor-do-misterio-do-amor-de-deus.html#primaryimage","url":"https:\/\/franciscanos.org.br\/noticias\/wp-content\/uploads\/2018\/03\/leandro_170318_7.jpg","contentUrl":"https:\/\/franciscanos.org.br\/noticias\/wp-content\/uploads\/2018\/03\/leandro_170318_7.jpg","width":273,"height":181},{"@type":"WebPage","@id":"https:\/\/franciscanos.org.br\/noticias\/distribuidor-do-misterio-do-amor-de-deus.html#webpage","url":"https:\/\/franciscanos.org.br\/noticias\/distribuidor-do-misterio-do-amor-de-deus.html","name":"\"Distribuidor do mist\u00e9rio do amor de Deus\". - Not\u00edcias - Franciscanos","isPartOf":{"@id":"https:\/\/franciscanos.org.br\/noticias\/#website"},"primaryImageOfPage":{"@id":"https:\/\/franciscanos.org.br\/noticias\/distribuidor-do-misterio-do-amor-de-deus.html#primaryimage"},"datePublished":"2018-03-18T01:45:57+00:00","dateModified":"2019-10-31T13:52:25+00:00","author":{"@id":"https:\/\/franciscanos.org.br\/noticias\/#\/schema\/person\/b38fbf43118f02820bd932f2e4b14ad3"},"breadcrumb":{"@id":"https:\/\/franciscanos.org.br\/noticias\/distribuidor-do-misterio-do-amor-de-deus.html#breadcrumb"},"inLanguage":"pt-BR","potentialAction":[{"@type":"ReadAction","target":["https:\/\/franciscanos.org.br\/noticias\/distribuidor-do-misterio-do-amor-de-deus.html"]}]},{"@type":"BreadcrumbList","@id":"https:\/\/franciscanos.org.br\/noticias\/distribuidor-do-misterio-do-amor-de-deus.html#breadcrumb","itemListElement":[{"@type":"ListItem","position":1,"name":"Home","item":"https:\/\/franciscanos.org.br\/noticias"},{"@type":"ListItem","position":2,"name":"&#8220;Distribuidor do mist\u00e9rio do amor de Deus&#8221;."}]},{"@type":"Person","@id":"https:\/\/franciscanos.org.br\/noticias\/#\/schema\/person\/b38fbf43118f02820bd932f2e4b14ad3","name":"admin","image":{"@type":"ImageObject","inLanguage":"pt-BR","@id":"https:\/\/franciscanos.org.br\/noticias\/#\/schema\/person\/image\/","url":"https:\/\/secure.gravatar.com\/avatar\/e8495742d34d0ba6448ea1c628263b3e?s=96&d=mm&r=g","contentUrl":"https:\/\/secure.gravatar.com\/avatar\/e8495742d34d0ba6448ea1c628263b3e?s=96&d=mm&r=g","caption":"admin"},"url":"https:\/\/franciscanos.org.br\/noticias\/author\/admin"}]}},"_links":{"self":[{"href":"https:\/\/franciscanos.org.br\/noticias\/wp-json\/wp\/v2\/posts\/154359"}],"collection":[{"href":"https:\/\/franciscanos.org.br\/noticias\/wp-json\/wp\/v2\/posts"}],"about":[{"href":"https:\/\/franciscanos.org.br\/noticias\/wp-json\/wp\/v2\/types\/post"}],"author":[{"embeddable":true,"href":"https:\/\/franciscanos.org.br\/noticias\/wp-json\/wp\/v2\/users\/1"}],"replies":[{"embeddable":true,"href":"https:\/\/franciscanos.org.br\/noticias\/wp-json\/wp\/v2\/comments?post=154359"}],"version-history":[{"count":0,"href":"https:\/\/franciscanos.org.br\/noticias\/wp-json\/wp\/v2\/posts\/154359\/revisions"}],"wp:featuredmedia":[{"embeddable":true,"href":"https:\/\/franciscanos.org.br\/noticias\/wp-json\/wp\/v2\/media\/200223"}],"wp:attachment":[{"href":"https:\/\/franciscanos.org.br\/noticias\/wp-json\/wp\/v2\/media?parent=154359"}],"wp:term":[{"taxonomy":"category","embeddable":true,"href":"https:\/\/franciscanos.org.br\/noticias\/wp-json\/wp\/v2\/categories?post=154359"},{"taxonomy":"post_tag","embeddable":true,"href":"https:\/\/franciscanos.org.br\/noticias\/wp-json\/wp\/v2\/tags?post=154359"}],"curies":[{"name":"wp","href":"https:\/\/api.w.org\/{rel}","templated":true}]}}