{"id":154272,"date":"2018-03-16T08:16:21","date_gmt":"2018-03-16T11:16:21","guid":{"rendered":"http:\/\/franciscanos.org.br\/?p=154272"},"modified":"2019-04-26T10:44:59","modified_gmt":"2019-04-26T13:44:59","slug":"franciscanos-promovem-experiencia-missionaria-na-amazonia","status":"publish","type":"post","link":"https:\/\/franciscanos.org.br\/noticias\/franciscanos-promovem-experiencia-missionaria-na-amazonia.html","title":{"rendered":"Ordem promove experi\u00eancia na Amaz\u00f4nia"},"content":{"rendered":"<p><img loading=\"lazy\" src=\"http:\/\/franciscanos.org.br\/wp-content\/uploads\/2018\/03\/amazonia_160318.jpg\" alt=\"amazonia_160318\" width=\"830\" height=\"367\" \/><br \/>\nPor um per\u00edodo de tr\u00eas semanas, de 8 a 31 de janeiro, 37 mission\u00e1rios e mission\u00e1rias realizaram uma experi\u00eancia mission\u00e1ria na Amaz\u00f4nia, promovida pela Ordem dos Frades Menores. A experi\u00eancia, que est\u00e1 na sexta edi\u00e7\u00e3o, sempre nos meses de janeiro, \u00e9 organizada pela Fraternidade do Projeto Amaz\u00f4nia, residente em Caballo Cocha, Loreto, Peru, no Baixo Amazonas peruano. A miss\u00e3o se realizou em San Pablo de Loreto, uma pacata cidade \u00e0s margens do Rio Amazonas, que nasceu com a cria\u00e7\u00e3o de um sanat\u00f3rio para portadores de \u201clepra\u201d, criado pelo governo peruano em 1926. Os moradores mais antigos guardam a mem\u00f3ria de muitas hist\u00f3rias de dor, exclus\u00e3o e abandono. Ultimamente, a regi\u00e3o tem recebido muitos migrantes, especialmente da \u201cserra\u201d peruana (Cordilheira dos Andes), que veem na Amaz\u00f4nia a terra prometida.<br \/>\nParticiparam da atividade frades, religiosas, leigos e leigas, procedentes da Argentina, Brasil, Col\u00f4mbia e Peru, dos quais quase a totalidade deles veio pela primeira vez \u00e0 Amaz\u00f4nia e muitos s\u00e3o provenientes de grandes cidades, como Bogot\u00e1, Lima, S\u00e3o Paulo, Rio de Janeiro e Belo Horizonte.<br \/>\n<img loading=\"lazy\" src=\"http:\/\/franciscanos.org.br\/wp-content\/uploads\/2018\/03\/amazonia_160318_3.jpg\" alt=\"amazonia_160318_3\" width=\"830\" height=\"483\" \/><br \/>\nA iniciativa tem como objetivos: 1) Oferecer a possibilidade de uma experi\u00eancia mission\u00e1ria na Amaz\u00f4nia; 2) Anunciar a Boa Not\u00edcia de Jesus Cristo de que o Reino est\u00e1 pr\u00f3ximo; 3) Animar e fortalecer a vida crist\u00e3 nas comunidades; 4) Despertar e promover novas lideran\u00e7as comunit\u00e1rias. Em sua programa\u00e7\u00e3o teve tr\u00eas momentos: 1\u00b0) Ambienta\u00e7\u00e3o clim\u00e1tica, conviv\u00eancia fraterna, estudo da realidade da Amaz\u00f4nia, Igreja local e da comunidade; 2\u00b0) Visita mission\u00e1ria \u00e0s comunidades ribeirinhas; 3\u00b0) Partilha, avalia\u00e7\u00e3o e confraterniza\u00e7\u00e3o.<br \/>\nNo primeiro momento, os mission\u00e1rios ouviram depoimentos do sr. Hildebrando, 92 anos, o enfermo mais antigo da cidade, j\u00e1 cego, com dificuldades de andar, voz fanhosa, consequ\u00eancias da doen\u00e7a, mas com uma lucidez e uma mem\u00f3ria invej\u00e1veis. \u00c9 a mem\u00f3ria viva da hist\u00f3ria da cidade e do sanat\u00f3rio. Conheceram e dialogaram tamb\u00e9m com o presidente de uma das Federa\u00e7\u00f5es das Comunidades Nativas da regi\u00e3o, que falou da realidade dos povos ind\u00edgenas, seus problemas e aspira\u00e7\u00f5es e o descaso com que s\u00e3o tratados pelo governo peruano.<br \/>\n<img loading=\"lazy\" src=\"http:\/\/franciscanos.org.br\/wp-content\/uploads\/2018\/03\/amazonia_160318_2.jpg\" alt=\"amazonia_160318_2\" width=\"830\" height=\"322\" \/><br \/>\n<em>Da Prov\u00edncia da Imaculada estavam presentes: Frei Marx Rodrigues e Frei Johnes Martins (\u00e0 esq., segunda fila)<\/em><br \/>\nEm duas semanas, de domingo (14\/1) a s\u00e1bado (27\/1), em fraternidades de tr\u00eas ou quatro pessoas, os mission\u00e1rios visitaram 39 comunidades da Par\u00f3quia, permanecendo de dois a cinco dias em cada comunidade. Acompanhados e hospedados pelos animadores das comunidades, partilharam a vida e o dia a dia das comunidades, tais como, o transporte, o alimento, o esporte, o banho no rio; visitaram as fam\u00edlias, fizeram encontros com a comunidade de estudos b\u00edblicos, forma\u00e7\u00e3o crist\u00e3, celebra\u00e7\u00f5es, atividades com as crian\u00e7as, reavivaram vida comunit\u00e1ria e motivaram novas lideran\u00e7as.<br \/>\nSentiram um forte impacto com a realidade de pobreza, de descuido com o meio ambiente, da quantidade de lixo, de alcoolismo, a submiss\u00e3o e o sil\u00eancio das mulheres, as enfermidades, as prec\u00e1rias condi\u00e7\u00f5es de higiene, o abandono e a desnutri\u00e7\u00e3o das crian\u00e7as, a presen\u00e7a de muitos grupos religiosos, a divis\u00e3o e o individualismo das comunidades, a desaten\u00e7\u00e3o do Estado \u00e0s comunidades ind\u00edgenas, o cultivo da coca.<br \/>\n<img loading=\"lazy\" src=\"http:\/\/franciscanos.org.br\/wp-content\/uploads\/2018\/03\/amazonia_160318_1.jpg\" alt=\"amazonia_160318_1\" width=\"830\" height=\"445\" \/><br \/>\nA realidade eclesial tamb\u00e9m impactou os mission\u00e1rios: uma igreja em ru\u00ednas, com poucos animadores, comunidades sem capelas, material pastoral e celebra\u00e7\u00e3o dominical. Tamb\u00e9m identificaram que h\u00e1 pessoas sem nenhuma vida de Igreja, mas que s\u00e3o pessoas de f\u00e9. Outras se identificam com a Igreja, mas n\u00e3o t\u00eam atividades religiosas. \u00c9 uma Igreja que necessita acompanhamento pastoral.<br \/>\nOs mission\u00e1rios fizeram tamb\u00e9m experi\u00eancias humanas e pessoais muito marcantes e profundas, como foi testemunhado por muitos.<br \/>\n<strong>Frei At\u00edlio Battistuz, OFM<\/strong><br \/>\n<strong>fratilio@yahoo.com.br<\/strong><\/p>\n","protected":false},"excerpt":{"rendered":"<p>Miss\u00e3o na Amaz\u00f4nia<\/p>\n","protected":false},"author":1,"featured_media":203532,"comment_status":"open","ping_status":"open","sticky":false,"template":"","format":"standard","meta":[],"categories":[1],"tags":[1197,128],"acf":[],"yoast_head":"<!-- This site is optimized with the Yoast SEO plugin v19.2 - https:\/\/yoast.com\/wordpress\/plugins\/seo\/ -->\n<title>Ordem promove experi\u00eancia na Amaz\u00f4nia - Not\u00edcias - Franciscanos<\/title>\n<meta name=\"robots\" content=\"index, follow, max-snippet:-1, max-image-preview:large, max-video-preview:-1\" \/>\n<link rel=\"canonical\" href=\"https:\/\/franciscanos.org.br\/noticias\/franciscanos-promovem-experiencia-missionaria-na-amazonia.html\" \/>\n<meta property=\"og:locale\" content=\"pt_BR\" \/>\n<meta property=\"og:type\" content=\"article\" \/>\n<meta property=\"og:title\" content=\"Ordem promove experi\u00eancia na Amaz\u00f4nia - Not\u00edcias - Franciscanos\" \/>\n<meta property=\"og:description\" content=\"Miss\u00e3o na Amaz\u00f4nia\" \/>\n<meta property=\"og:url\" content=\"https:\/\/franciscanos.org.br\/noticias\/franciscanos-promovem-experiencia-missionaria-na-amazonia.html\" \/>\n<meta property=\"og:site_name\" content=\"Not\u00edcias - Franciscanos\" \/>\n<meta property=\"article:published_time\" content=\"2018-03-16T11:16:21+00:00\" \/>\n<meta property=\"article:modified_time\" content=\"2019-04-26T13:44:59+00:00\" \/>\n<meta property=\"og:image\" content=\"https:\/\/franciscanos.org.br\/noticias\/wp-content\/uploads\/2018\/03\/amazonia_160318.jpg\" \/>\n\t<meta property=\"og:image:width\" content=\"273\" \/>\n\t<meta property=\"og:image:height\" content=\"181\" \/>\n\t<meta property=\"og:image:type\" content=\"image\/jpeg\" \/>\n<meta name=\"author\" content=\"admin\" \/>\n<meta name=\"twitter:card\" content=\"summary_large_image\" \/>\n<meta name=\"twitter:label1\" content=\"Escrito por\" \/>\n\t<meta name=\"twitter:data1\" content=\"admin\" \/>\n\t<meta name=\"twitter:label2\" content=\"Est. tempo de leitura\" \/>\n\t<meta name=\"twitter:data2\" content=\"3 minutos\" \/>\n<script type=\"application\/ld+json\" class=\"yoast-schema-graph\">{\"@context\":\"https:\/\/schema.org\",\"@graph\":[{\"@type\":\"WebSite\",\"@id\":\"https:\/\/franciscanos.org.br\/noticias\/#website\",\"url\":\"https:\/\/franciscanos.org.br\/noticias\/\",\"name\":\"Not\u00edcias - Franciscanos\",\"description\":\"Prov\u00edncia Franciscana da Imaculada Concei\u00e7\u00e3o do Brasil - Ordem dos Frades Menores - OFM\",\"potentialAction\":[{\"@type\":\"SearchAction\",\"target\":{\"@type\":\"EntryPoint\",\"urlTemplate\":\"https:\/\/franciscanos.org.br\/noticias\/?s={search_term_string}\"},\"query-input\":\"required name=search_term_string\"}],\"inLanguage\":\"pt-BR\"},{\"@type\":\"ImageObject\",\"inLanguage\":\"pt-BR\",\"@id\":\"https:\/\/franciscanos.org.br\/noticias\/franciscanos-promovem-experiencia-missionaria-na-amazonia.html#primaryimage\",\"url\":\"https:\/\/franciscanos.org.br\/noticias\/wp-content\/uploads\/2018\/03\/amazonia_160318.jpg\",\"contentUrl\":\"https:\/\/franciscanos.org.br\/noticias\/wp-content\/uploads\/2018\/03\/amazonia_160318.jpg\",\"width\":273,\"height\":181},{\"@type\":\"WebPage\",\"@id\":\"https:\/\/franciscanos.org.br\/noticias\/franciscanos-promovem-experiencia-missionaria-na-amazonia.html#webpage\",\"url\":\"https:\/\/franciscanos.org.br\/noticias\/franciscanos-promovem-experiencia-missionaria-na-amazonia.html\",\"name\":\"Ordem promove experi\u00eancia na Amaz\u00f4nia - Not\u00edcias - Franciscanos\",\"isPartOf\":{\"@id\":\"https:\/\/franciscanos.org.br\/noticias\/#website\"},\"primaryImageOfPage\":{\"@id\":\"https:\/\/franciscanos.org.br\/noticias\/franciscanos-promovem-experiencia-missionaria-na-amazonia.html#primaryimage\"},\"datePublished\":\"2018-03-16T11:16:21+00:00\",\"dateModified\":\"2019-04-26T13:44:59+00:00\",\"author\":{\"@id\":\"https:\/\/franciscanos.org.br\/noticias\/#\/schema\/person\/b38fbf43118f02820bd932f2e4b14ad3\"},\"breadcrumb\":{\"@id\":\"https:\/\/franciscanos.org.br\/noticias\/franciscanos-promovem-experiencia-missionaria-na-amazonia.html#breadcrumb\"},\"inLanguage\":\"pt-BR\",\"potentialAction\":[{\"@type\":\"ReadAction\",\"target\":[\"https:\/\/franciscanos.org.br\/noticias\/franciscanos-promovem-experiencia-missionaria-na-amazonia.html\"]}]},{\"@type\":\"BreadcrumbList\",\"@id\":\"https:\/\/franciscanos.org.br\/noticias\/franciscanos-promovem-experiencia-missionaria-na-amazonia.html#breadcrumb\",\"itemListElement\":[{\"@type\":\"ListItem\",\"position\":1,\"name\":\"Home\",\"item\":\"https:\/\/franciscanos.org.br\/noticias\"},{\"@type\":\"ListItem\",\"position\":2,\"name\":\"Ordem promove experi\u00eancia na Amaz\u00f4nia\"}]},{\"@type\":\"Person\",\"@id\":\"https:\/\/franciscanos.org.br\/noticias\/#\/schema\/person\/b38fbf43118f02820bd932f2e4b14ad3\",\"name\":\"admin\",\"image\":{\"@type\":\"ImageObject\",\"inLanguage\":\"pt-BR\",\"@id\":\"https:\/\/franciscanos.org.br\/noticias\/#\/schema\/person\/image\/\",\"url\":\"https:\/\/secure.gravatar.com\/avatar\/e8495742d34d0ba6448ea1c628263b3e?s=96&d=mm&r=g\",\"contentUrl\":\"https:\/\/secure.gravatar.com\/avatar\/e8495742d34d0ba6448ea1c628263b3e?s=96&d=mm&r=g\",\"caption\":\"admin\"},\"url\":\"https:\/\/franciscanos.org.br\/noticias\/author\/admin\"}]}<\/script>\n<!-- \/ Yoast SEO plugin. -->","yoast_head_json":{"title":"Ordem promove experi\u00eancia na Amaz\u00f4nia - Not\u00edcias - Franciscanos","robots":{"index":"index","follow":"follow","max-snippet":"max-snippet:-1","max-image-preview":"max-image-preview:large","max-video-preview":"max-video-preview:-1"},"canonical":"https:\/\/franciscanos.org.br\/noticias\/franciscanos-promovem-experiencia-missionaria-na-amazonia.html","og_locale":"pt_BR","og_type":"article","og_title":"Ordem promove experi\u00eancia na Amaz\u00f4nia - Not\u00edcias - Franciscanos","og_description":"Miss\u00e3o na Amaz\u00f4nia","og_url":"https:\/\/franciscanos.org.br\/noticias\/franciscanos-promovem-experiencia-missionaria-na-amazonia.html","og_site_name":"Not\u00edcias - Franciscanos","article_published_time":"2018-03-16T11:16:21+00:00","article_modified_time":"2019-04-26T13:44:59+00:00","og_image":[{"width":273,"height":181,"url":"https:\/\/franciscanos.org.br\/noticias\/wp-content\/uploads\/2018\/03\/amazonia_160318.jpg","type":"image\/jpeg"}],"author":"admin","twitter_card":"summary_large_image","twitter_misc":{"Escrito por":"admin","Est. tempo de leitura":"3 minutos"},"schema":{"@context":"https:\/\/schema.org","@graph":[{"@type":"WebSite","@id":"https:\/\/franciscanos.org.br\/noticias\/#website","url":"https:\/\/franciscanos.org.br\/noticias\/","name":"Not\u00edcias - Franciscanos","description":"Prov\u00edncia Franciscana da Imaculada Concei\u00e7\u00e3o do Brasil - Ordem dos Frades Menores - OFM","potentialAction":[{"@type":"SearchAction","target":{"@type":"EntryPoint","urlTemplate":"https:\/\/franciscanos.org.br\/noticias\/?s={search_term_string}"},"query-input":"required name=search_term_string"}],"inLanguage":"pt-BR"},{"@type":"ImageObject","inLanguage":"pt-BR","@id":"https:\/\/franciscanos.org.br\/noticias\/franciscanos-promovem-experiencia-missionaria-na-amazonia.html#primaryimage","url":"https:\/\/franciscanos.org.br\/noticias\/wp-content\/uploads\/2018\/03\/amazonia_160318.jpg","contentUrl":"https:\/\/franciscanos.org.br\/noticias\/wp-content\/uploads\/2018\/03\/amazonia_160318.jpg","width":273,"height":181},{"@type":"WebPage","@id":"https:\/\/franciscanos.org.br\/noticias\/franciscanos-promovem-experiencia-missionaria-na-amazonia.html#webpage","url":"https:\/\/franciscanos.org.br\/noticias\/franciscanos-promovem-experiencia-missionaria-na-amazonia.html","name":"Ordem promove experi\u00eancia na Amaz\u00f4nia - Not\u00edcias - Franciscanos","isPartOf":{"@id":"https:\/\/franciscanos.org.br\/noticias\/#website"},"primaryImageOfPage":{"@id":"https:\/\/franciscanos.org.br\/noticias\/franciscanos-promovem-experiencia-missionaria-na-amazonia.html#primaryimage"},"datePublished":"2018-03-16T11:16:21+00:00","dateModified":"2019-04-26T13:44:59+00:00","author":{"@id":"https:\/\/franciscanos.org.br\/noticias\/#\/schema\/person\/b38fbf43118f02820bd932f2e4b14ad3"},"breadcrumb":{"@id":"https:\/\/franciscanos.org.br\/noticias\/franciscanos-promovem-experiencia-missionaria-na-amazonia.html#breadcrumb"},"inLanguage":"pt-BR","potentialAction":[{"@type":"ReadAction","target":["https:\/\/franciscanos.org.br\/noticias\/franciscanos-promovem-experiencia-missionaria-na-amazonia.html"]}]},{"@type":"BreadcrumbList","@id":"https:\/\/franciscanos.org.br\/noticias\/franciscanos-promovem-experiencia-missionaria-na-amazonia.html#breadcrumb","itemListElement":[{"@type":"ListItem","position":1,"name":"Home","item":"https:\/\/franciscanos.org.br\/noticias"},{"@type":"ListItem","position":2,"name":"Ordem promove experi\u00eancia na Amaz\u00f4nia"}]},{"@type":"Person","@id":"https:\/\/franciscanos.org.br\/noticias\/#\/schema\/person\/b38fbf43118f02820bd932f2e4b14ad3","name":"admin","image":{"@type":"ImageObject","inLanguage":"pt-BR","@id":"https:\/\/franciscanos.org.br\/noticias\/#\/schema\/person\/image\/","url":"https:\/\/secure.gravatar.com\/avatar\/e8495742d34d0ba6448ea1c628263b3e?s=96&d=mm&r=g","contentUrl":"https:\/\/secure.gravatar.com\/avatar\/e8495742d34d0ba6448ea1c628263b3e?s=96&d=mm&r=g","caption":"admin"},"url":"https:\/\/franciscanos.org.br\/noticias\/author\/admin"}]}},"_links":{"self":[{"href":"https:\/\/franciscanos.org.br\/noticias\/wp-json\/wp\/v2\/posts\/154272"}],"collection":[{"href":"https:\/\/franciscanos.org.br\/noticias\/wp-json\/wp\/v2\/posts"}],"about":[{"href":"https:\/\/franciscanos.org.br\/noticias\/wp-json\/wp\/v2\/types\/post"}],"author":[{"embeddable":true,"href":"https:\/\/franciscanos.org.br\/noticias\/wp-json\/wp\/v2\/users\/1"}],"replies":[{"embeddable":true,"href":"https:\/\/franciscanos.org.br\/noticias\/wp-json\/wp\/v2\/comments?post=154272"}],"version-history":[{"count":0,"href":"https:\/\/franciscanos.org.br\/noticias\/wp-json\/wp\/v2\/posts\/154272\/revisions"}],"wp:featuredmedia":[{"embeddable":true,"href":"https:\/\/franciscanos.org.br\/noticias\/wp-json\/wp\/v2\/media\/203532"}],"wp:attachment":[{"href":"https:\/\/franciscanos.org.br\/noticias\/wp-json\/wp\/v2\/media?parent=154272"}],"wp:term":[{"taxonomy":"category","embeddable":true,"href":"https:\/\/franciscanos.org.br\/noticias\/wp-json\/wp\/v2\/categories?post=154272"},{"taxonomy":"post_tag","embeddable":true,"href":"https:\/\/franciscanos.org.br\/noticias\/wp-json\/wp\/v2\/tags?post=154272"}],"curies":[{"name":"wp","href":"https:\/\/api.w.org\/{rel}","templated":true}]}}