{"id":154220,"date":"2018-03-15T11:38:53","date_gmt":"2018-03-15T14:38:53","guid":{"rendered":"http:\/\/franciscanos.org.br\/?p=154220"},"modified":"2019-03-08T07:42:44","modified_gmt":"2019-03-08T10:42:44","slug":"malditas-as-armas-que-ferem-e-matam","status":"publish","type":"post","link":"https:\/\/franciscanos.org.br\/noticias\/malditas-as-armas-que-ferem-e-matam.html","title":{"rendered":"&#8220;Malditas as armas que ferem e matam&#8221;"},"content":{"rendered":"<p><a href=\"http:\/\/franciscanos.org.br\/wp-content\/uploads\/2018\/03\/violencia-830.jpg\"><img loading=\"lazy\" src=\"http:\/\/franciscanos.org.br\/wp-content\/uploads\/2018\/03\/violencia-830.jpg\" alt=\"violencia-830\" width=\"830\" height=\"444\" \/><\/a><\/p>\n<blockquote><p>Acompanhavam Jesus os Doze e tamb\u00e9m algumas mulheres que haviam sido curadas de esp\u00edritos malignos e de enfermidades: Maria, chamada Madalena, da qual tinham sa\u00eddo sete dem\u00f4nios; Joana, mulher de Cuza, o procurador de Herodes; Suzana e muitas outras, que o serviam com seus bens. (Lc 8, 1-3).<\/p><\/blockquote>\n<p>Estimadas irm\u00e3s e irm\u00e3os, Paz e Bem!<\/p>\n<p>Nossa voca\u00e7\u00e3o primeira enquanto franciscanos \u00e9 \u201cseguir os passos de Cristo ao modo de Francisco\u201d. S\u00e3o cristalinamente manifestos na Sagrada Escritura, o respeito, o carinho, a dile\u00e7\u00e3o e a confian\u00e7a que Jesus depositava na figura das mulheres. Desde Maria, sua M\u00e3e, passando por Marta e Maria, grandes amigas, as muitas mulheres que ele curou e libertou, inclusive Maria Madalena, sua disc\u00edpula, o Mestre sempre soube valorizar e promover a participa\u00e7\u00e3o feminina na Miss\u00e3o Evangelizadora por Ele proposta e apresentada.<\/p>\n<p>Diante deste direcionamento que o pr\u00f3prio Senhor nos apresenta, n\u00e3o poderia deixar de manifestar, em nome de todos os frades da Prov\u00edncia Franciscana da Imaculada Concei\u00e7\u00e3o do Brasil, minha indigna\u00e7\u00e3o e tristeza diante de dois fatos que tingiram de sangue esta fat\u00eddica quarta-feira, dia 14 de mar\u00e7o, menos de uma semana ap\u00f3s o Dia Internacional da Mulher. Duas mulheres, atacadas de forma covarde, que encarnam duas lutas profundamente sintonizadas com a proposta do Reino de Deus encarnada em Jesus Cristo.<\/p>\n<p>A primeira, Luciana Xavier, Professora da Rede Municipal de S\u00e3o Paulo h\u00e1 14 anos, teve o nariz fraturado durante uma confus\u00e3o na C\u00e2mara Municipal, onde a Guarda Civil Metropolitana agiu com trucul\u00eancia contra um grande grupo de professores. Eles estavam ali para manifestar seu descontentamento em rela\u00e7\u00e3o \u00e0 Reforma da Previd\u00eancia Municipal que, aos moldes da Reforma Nacional, corta benef\u00edcios e aumenta a taxa\u00e7\u00e3o e o n\u00famero de anos de trabalho para aqueles que j\u00e1 recebem pouco para sobreviver. Desejavam o di\u00e1logo e receberam bomba, g\u00e1s e balas de borracha.<\/p>\n<p>A segunda, Marielle Franco, vereadora da cidade do Rio de Janeiro, morta a tiros na Regi\u00e3o Central da capital fluminense. De acordo com os jornais, a principal linha de investiga\u00e7\u00e3o aponta para o crime de execu\u00e7\u00e3o. Marielle foi morta \u00e0s 21h30, quando voltava de um evento sobre o protagonismo das jovens mulheres negras. Ela tinha 38 anos, foi a quinta vereadora mais votada no Rio nas elei\u00e7\u00f5es de 2016, formou-se pela PUC-Rio e destacava-se pelo firme engajamento nas causas sociais e na defesa dos direitos humanos. Em suas redes sociais vinha denunciando com frequ\u00eancia casos de abuso de autoridade e execu\u00e7\u00e3o de jovens pobres e negros em diversas regi\u00f5es do Rio de Janeiro.<\/p>\n<p>Que estas barb\u00e1ries, sinais de uma sociedade doente e cega por conta de interesses ego\u00edstas e antievang\u00e9licos, nos ajudem a renovar nosso compromisso crist\u00e3o e franciscano no engajamento firme e comprometido pela supera\u00e7\u00e3o da viol\u00eancia. Que o Senhor da Vida nos livre de toda tenta\u00e7\u00e3o ao revanchismo e ao combate da viol\u00eancia com mais viol\u00eancia: malditas as armas que ferem e matam, maldito o dinheiro que oprime ao inv\u00e9s de servir, malditas estruturas que roubam a humanidade das pessoas e as transformam em objetos usados de acordo com a conveni\u00eancia de quem domina.<br \/>\nQue Deus ilumine nossos passos e inspire nossas a\u00e7\u00f5es, hoje e sempre.<\/p>\n<p>Fraternalmente,<br \/>\n<strong>Frei Fid\u00eancio Vanboemmel, OFM<\/strong><br \/>\n<strong> Ministro Provincial<\/strong><\/p>\n","protected":false},"excerpt":{"rendered":"<p>Mensagem da Prov\u00edncia<\/p>\n","protected":false},"author":1,"featured_media":201179,"comment_status":"open","ping_status":"open","sticky":false,"template":"","format":"standard","meta":[],"categories":[1],"tags":[358,1198],"acf":[],"yoast_head":"<!-- This site is optimized with the Yoast SEO plugin v19.2 - https:\/\/yoast.com\/wordpress\/plugins\/seo\/ -->\n<title>&quot;Malditas as armas que ferem e matam&quot; - Not\u00edcias - Franciscanos<\/title>\n<meta name=\"robots\" content=\"index, follow, max-snippet:-1, max-image-preview:large, max-video-preview:-1\" \/>\n<link rel=\"canonical\" href=\"https:\/\/franciscanos.org.br\/noticias\/malditas-as-armas-que-ferem-e-matam.html\" \/>\n<meta property=\"og:locale\" content=\"pt_BR\" \/>\n<meta property=\"og:type\" content=\"article\" \/>\n<meta property=\"og:title\" content=\"&quot;Malditas as armas que ferem e matam&quot; - Not\u00edcias - Franciscanos\" \/>\n<meta property=\"og:description\" content=\"Mensagem da Prov\u00edncia\" \/>\n<meta property=\"og:url\" content=\"https:\/\/franciscanos.org.br\/noticias\/malditas-as-armas-que-ferem-e-matam.html\" \/>\n<meta property=\"og:site_name\" content=\"Not\u00edcias - Franciscanos\" \/>\n<meta property=\"article:published_time\" content=\"2018-03-15T14:38:53+00:00\" \/>\n<meta property=\"article:modified_time\" content=\"2019-03-08T10:42:44+00:00\" \/>\n<meta property=\"og:image\" content=\"https:\/\/franciscanos.org.br\/noticias\/wp-content\/uploads\/2018\/03\/violencio_080319.jpg\" \/>\n\t<meta property=\"og:image:width\" content=\"273\" \/>\n\t<meta property=\"og:image:height\" content=\"181\" \/>\n\t<meta property=\"og:image:type\" content=\"image\/jpeg\" \/>\n<meta name=\"author\" content=\"admin\" \/>\n<meta name=\"twitter:card\" content=\"summary_large_image\" \/>\n<meta name=\"twitter:label1\" content=\"Escrito por\" \/>\n\t<meta name=\"twitter:data1\" content=\"admin\" \/>\n\t<meta name=\"twitter:label2\" content=\"Est. tempo de leitura\" \/>\n\t<meta name=\"twitter:data2\" content=\"3 minutos\" \/>\n<script type=\"application\/ld+json\" class=\"yoast-schema-graph\">{\"@context\":\"https:\/\/schema.org\",\"@graph\":[{\"@type\":\"WebSite\",\"@id\":\"https:\/\/franciscanos.org.br\/noticias\/#website\",\"url\":\"https:\/\/franciscanos.org.br\/noticias\/\",\"name\":\"Not\u00edcias - Franciscanos\",\"description\":\"Prov\u00edncia Franciscana da Imaculada Concei\u00e7\u00e3o do Brasil - Ordem dos Frades Menores - OFM\",\"potentialAction\":[{\"@type\":\"SearchAction\",\"target\":{\"@type\":\"EntryPoint\",\"urlTemplate\":\"https:\/\/franciscanos.org.br\/noticias\/?s={search_term_string}\"},\"query-input\":\"required name=search_term_string\"}],\"inLanguage\":\"pt-BR\"},{\"@type\":\"ImageObject\",\"inLanguage\":\"pt-BR\",\"@id\":\"https:\/\/franciscanos.org.br\/noticias\/malditas-as-armas-que-ferem-e-matam.html#primaryimage\",\"url\":\"https:\/\/franciscanos.org.br\/noticias\/wp-content\/uploads\/2018\/03\/violencio_080319.jpg\",\"contentUrl\":\"https:\/\/franciscanos.org.br\/noticias\/wp-content\/uploads\/2018\/03\/violencio_080319.jpg\",\"width\":273,\"height\":181},{\"@type\":\"WebPage\",\"@id\":\"https:\/\/franciscanos.org.br\/noticias\/malditas-as-armas-que-ferem-e-matam.html#webpage\",\"url\":\"https:\/\/franciscanos.org.br\/noticias\/malditas-as-armas-que-ferem-e-matam.html\",\"name\":\"\\\"Malditas as armas que ferem e matam\\\" - Not\u00edcias - Franciscanos\",\"isPartOf\":{\"@id\":\"https:\/\/franciscanos.org.br\/noticias\/#website\"},\"primaryImageOfPage\":{\"@id\":\"https:\/\/franciscanos.org.br\/noticias\/malditas-as-armas-que-ferem-e-matam.html#primaryimage\"},\"datePublished\":\"2018-03-15T14:38:53+00:00\",\"dateModified\":\"2019-03-08T10:42:44+00:00\",\"author\":{\"@id\":\"https:\/\/franciscanos.org.br\/noticias\/#\/schema\/person\/b38fbf43118f02820bd932f2e4b14ad3\"},\"breadcrumb\":{\"@id\":\"https:\/\/franciscanos.org.br\/noticias\/malditas-as-armas-que-ferem-e-matam.html#breadcrumb\"},\"inLanguage\":\"pt-BR\",\"potentialAction\":[{\"@type\":\"ReadAction\",\"target\":[\"https:\/\/franciscanos.org.br\/noticias\/malditas-as-armas-que-ferem-e-matam.html\"]}]},{\"@type\":\"BreadcrumbList\",\"@id\":\"https:\/\/franciscanos.org.br\/noticias\/malditas-as-armas-que-ferem-e-matam.html#breadcrumb\",\"itemListElement\":[{\"@type\":\"ListItem\",\"position\":1,\"name\":\"Home\",\"item\":\"https:\/\/franciscanos.org.br\/noticias\"},{\"@type\":\"ListItem\",\"position\":2,\"name\":\"&#8220;Malditas as armas que ferem e matam&#8221;\"}]},{\"@type\":\"Person\",\"@id\":\"https:\/\/franciscanos.org.br\/noticias\/#\/schema\/person\/b38fbf43118f02820bd932f2e4b14ad3\",\"name\":\"admin\",\"image\":{\"@type\":\"ImageObject\",\"inLanguage\":\"pt-BR\",\"@id\":\"https:\/\/franciscanos.org.br\/noticias\/#\/schema\/person\/image\/\",\"url\":\"https:\/\/secure.gravatar.com\/avatar\/e8495742d34d0ba6448ea1c628263b3e?s=96&d=mm&r=g\",\"contentUrl\":\"https:\/\/secure.gravatar.com\/avatar\/e8495742d34d0ba6448ea1c628263b3e?s=96&d=mm&r=g\",\"caption\":\"admin\"},\"url\":\"https:\/\/franciscanos.org.br\/noticias\/author\/admin\"}]}<\/script>\n<!-- \/ Yoast SEO plugin. -->","yoast_head_json":{"title":"\"Malditas as armas que ferem e matam\" - Not\u00edcias - Franciscanos","robots":{"index":"index","follow":"follow","max-snippet":"max-snippet:-1","max-image-preview":"max-image-preview:large","max-video-preview":"max-video-preview:-1"},"canonical":"https:\/\/franciscanos.org.br\/noticias\/malditas-as-armas-que-ferem-e-matam.html","og_locale":"pt_BR","og_type":"article","og_title":"\"Malditas as armas que ferem e matam\" - Not\u00edcias - Franciscanos","og_description":"Mensagem da Prov\u00edncia","og_url":"https:\/\/franciscanos.org.br\/noticias\/malditas-as-armas-que-ferem-e-matam.html","og_site_name":"Not\u00edcias - Franciscanos","article_published_time":"2018-03-15T14:38:53+00:00","article_modified_time":"2019-03-08T10:42:44+00:00","og_image":[{"width":273,"height":181,"url":"https:\/\/franciscanos.org.br\/noticias\/wp-content\/uploads\/2018\/03\/violencio_080319.jpg","type":"image\/jpeg"}],"author":"admin","twitter_card":"summary_large_image","twitter_misc":{"Escrito por":"admin","Est. tempo de leitura":"3 minutos"},"schema":{"@context":"https:\/\/schema.org","@graph":[{"@type":"WebSite","@id":"https:\/\/franciscanos.org.br\/noticias\/#website","url":"https:\/\/franciscanos.org.br\/noticias\/","name":"Not\u00edcias - Franciscanos","description":"Prov\u00edncia Franciscana da Imaculada Concei\u00e7\u00e3o do Brasil - Ordem dos Frades Menores - OFM","potentialAction":[{"@type":"SearchAction","target":{"@type":"EntryPoint","urlTemplate":"https:\/\/franciscanos.org.br\/noticias\/?s={search_term_string}"},"query-input":"required name=search_term_string"}],"inLanguage":"pt-BR"},{"@type":"ImageObject","inLanguage":"pt-BR","@id":"https:\/\/franciscanos.org.br\/noticias\/malditas-as-armas-que-ferem-e-matam.html#primaryimage","url":"https:\/\/franciscanos.org.br\/noticias\/wp-content\/uploads\/2018\/03\/violencio_080319.jpg","contentUrl":"https:\/\/franciscanos.org.br\/noticias\/wp-content\/uploads\/2018\/03\/violencio_080319.jpg","width":273,"height":181},{"@type":"WebPage","@id":"https:\/\/franciscanos.org.br\/noticias\/malditas-as-armas-que-ferem-e-matam.html#webpage","url":"https:\/\/franciscanos.org.br\/noticias\/malditas-as-armas-que-ferem-e-matam.html","name":"\"Malditas as armas que ferem e matam\" - Not\u00edcias - Franciscanos","isPartOf":{"@id":"https:\/\/franciscanos.org.br\/noticias\/#website"},"primaryImageOfPage":{"@id":"https:\/\/franciscanos.org.br\/noticias\/malditas-as-armas-que-ferem-e-matam.html#primaryimage"},"datePublished":"2018-03-15T14:38:53+00:00","dateModified":"2019-03-08T10:42:44+00:00","author":{"@id":"https:\/\/franciscanos.org.br\/noticias\/#\/schema\/person\/b38fbf43118f02820bd932f2e4b14ad3"},"breadcrumb":{"@id":"https:\/\/franciscanos.org.br\/noticias\/malditas-as-armas-que-ferem-e-matam.html#breadcrumb"},"inLanguage":"pt-BR","potentialAction":[{"@type":"ReadAction","target":["https:\/\/franciscanos.org.br\/noticias\/malditas-as-armas-que-ferem-e-matam.html"]}]},{"@type":"BreadcrumbList","@id":"https:\/\/franciscanos.org.br\/noticias\/malditas-as-armas-que-ferem-e-matam.html#breadcrumb","itemListElement":[{"@type":"ListItem","position":1,"name":"Home","item":"https:\/\/franciscanos.org.br\/noticias"},{"@type":"ListItem","position":2,"name":"&#8220;Malditas as armas que ferem e matam&#8221;"}]},{"@type":"Person","@id":"https:\/\/franciscanos.org.br\/noticias\/#\/schema\/person\/b38fbf43118f02820bd932f2e4b14ad3","name":"admin","image":{"@type":"ImageObject","inLanguage":"pt-BR","@id":"https:\/\/franciscanos.org.br\/noticias\/#\/schema\/person\/image\/","url":"https:\/\/secure.gravatar.com\/avatar\/e8495742d34d0ba6448ea1c628263b3e?s=96&d=mm&r=g","contentUrl":"https:\/\/secure.gravatar.com\/avatar\/e8495742d34d0ba6448ea1c628263b3e?s=96&d=mm&r=g","caption":"admin"},"url":"https:\/\/franciscanos.org.br\/noticias\/author\/admin"}]}},"_links":{"self":[{"href":"https:\/\/franciscanos.org.br\/noticias\/wp-json\/wp\/v2\/posts\/154220"}],"collection":[{"href":"https:\/\/franciscanos.org.br\/noticias\/wp-json\/wp\/v2\/posts"}],"about":[{"href":"https:\/\/franciscanos.org.br\/noticias\/wp-json\/wp\/v2\/types\/post"}],"author":[{"embeddable":true,"href":"https:\/\/franciscanos.org.br\/noticias\/wp-json\/wp\/v2\/users\/1"}],"replies":[{"embeddable":true,"href":"https:\/\/franciscanos.org.br\/noticias\/wp-json\/wp\/v2\/comments?post=154220"}],"version-history":[{"count":0,"href":"https:\/\/franciscanos.org.br\/noticias\/wp-json\/wp\/v2\/posts\/154220\/revisions"}],"wp:featuredmedia":[{"embeddable":true,"href":"https:\/\/franciscanos.org.br\/noticias\/wp-json\/wp\/v2\/media\/201179"}],"wp:attachment":[{"href":"https:\/\/franciscanos.org.br\/noticias\/wp-json\/wp\/v2\/media?parent=154220"}],"wp:term":[{"taxonomy":"category","embeddable":true,"href":"https:\/\/franciscanos.org.br\/noticias\/wp-json\/wp\/v2\/categories?post=154220"},{"taxonomy":"post_tag","embeddable":true,"href":"https:\/\/franciscanos.org.br\/noticias\/wp-json\/wp\/v2\/tags?post=154220"}],"curies":[{"name":"wp","href":"https:\/\/api.w.org\/{rel}","templated":true}]}}