{"id":154194,"date":"2018-03-15T08:02:04","date_gmt":"2018-03-15T11:02:04","guid":{"rendered":"http:\/\/franciscanos.org.br\/?p=154194"},"modified":"2020-06-07T16:41:36","modified_gmt":"2020-06-07T19:41:36","slug":"nada-de-propina-para-rezar-e-preciso-coragem-e-paciencia","status":"publish","type":"post","link":"https:\/\/franciscanos.org.br\/noticias\/nada-de-propina-para-rezar-e-preciso-coragem-e-paciencia.html","title":{"rendered":"Nada de propina, para rezar \u00e9 preciso coragem e paci\u00eancia"},"content":{"rendered":"<p><img loading=\"lazy\" src=\"http:\/\/franciscanos.org.br\/wp-content\/uploads\/2018\/03\/PAPA_150318.jpg\" alt=\"PAPA_150318\" width=\"820\" height=\"460\" \/><br \/>\n<strong>Cidade do Vaticano<\/strong> &#8211; \u201cCoragem e paci\u00eancia\u201d: estas s\u00e3o as peculiaridades da ora\u00e7\u00e3o, que deve ser elevada a Deus \u201ccom liberdade, como filhos\u201d. Foi o que destacou o Papa Francisco na homilia da Missa celebrada na Casa Santa Marta. O ponto de partida foi a primeira leitura, extra\u00edda do livro do \u00caxodo, com o di\u00e1logo entre o Senhor e Mois\u00e9s sobre a apostasia do seu povo.<\/p>\n<p>O profeta tenta desviar o Senhor dos seus prop\u00f3sitos irasc\u00edveis contra o povo que \u201cdeixou a gl\u00f3ria do Deus vivente para adorar um bezerro de ouro\u201d. No di\u00e1logo audaz que leva avante, Mois\u00e9s \u201cse aproxima com as argumenta\u00e7\u00f5es\u201d e recorda ao Pai o quanto fez por se povo, salvo da escravid\u00e3o no Egito, e a fidelidade de Abra\u00e3o, de Isaac. Nas suas palavras, neste \u201cface a face\u201d, transparece o envolvimento do profeta, o seu amor pelo povo. Mois\u00e9s n\u00e3o teme dizer a verdade, n\u00e3o \u201centra em jogos de propina\u201d, n\u00e3o cede diante da possibilidade \u201cde vender a sua consci\u00eancia\u201d. \u201cE Deus gosta disto\u201d, precisa o Pont\u00edfice, \u201cquando Deus v\u00ea uma alma, uma pessoa que reza e reza e reza por algo, Ele se comove\u201d.<\/p>\n<p>\u201cNada de propina. Eu estou com o povo. E estou Contigo. Esta \u00e9 a ora\u00e7\u00e3o de intercess\u00e3o: uma ora\u00e7\u00e3o que argumenta, que tem a coragem de dizer na cara ao Senhor, que \u00e9 paciente. \u00c9 preciso paci\u00eancia na ora\u00e7\u00e3o de intercess\u00e3o: n\u00f3s n\u00e3o podemos prometer a algu\u00e9m de rezar por ele e depois concluir a coisa com um Pai-Nosso e uma Ave Maria e ir embora. N\u00e3o. Se voc\u00ea diz rezar por outra pessoa, tem que ir por este caminho. E para isso \u00e9 preciso paci\u00eancia\u201d.<\/p>\n<p><strong>Paci\u00eancia e const\u00e2ncia da ora\u00e7\u00e3o<\/strong><br \/>\nNa vida cotidiana, infelizmente, n\u00e3o s\u00e3o raros os casos de dirigentes dispostos a sacrificar a empresa para salvar os pr\u00f3prios interesses, obter uma vantagem pessoal. Mas Mois\u00e9s n\u00e3o entra na \u201cl\u00f3gica da propina\u201d, ele est\u00e1 com o povo e luta pelo povo. As Sagradas Escrituras s\u00e3o repletas de exemplos de \u201cconst\u00e2ncia\u201d, da capacidade de \u201cir avante com paci\u00eancia\u201d: a cananea, o \u201ccego na sa\u00edda de Jeric\u00f3\u201d.<\/p>\n<p>\u201cPara a ora\u00e7\u00e3o de intercess\u00e3o s\u00e3o necess\u00e1rias duas coisas: coragem, isto \u00e9 parresia, coragem e paci\u00eancia. Se eu quero que o Senhor ou\u00e7a algo que eu pe\u00e7o, devo ir, e ir, e ir, bater \u00e0 porta e bato no cora\u00e7\u00e3o de Deus, e bato ali&#8230; mas porque o meu cora\u00e7\u00e3o est\u00e1 envolvido com isso! Mas se o meu cora\u00e7\u00e3o n\u00e3o se envolve com aquela necessidade, com aquela pessoa pela qual devo rezar, n\u00e3o ser\u00e1 capaz nem mesmo da coragem e da paci\u00eancia\u201d.<\/p>\n<p><strong>Ter um cora\u00e7\u00e3o envolvido<\/strong><br \/>\nPapa Francisco indicou, enfim, o \u201ccaminho da ora\u00e7\u00e3o de intercess\u00e3o\u201d: estar envolvidos, lutar, ir avante, jejuar. \u201cQue o Senhor nos d\u00ea esta gra\u00e7a. A gra\u00e7a de rezar diante de Deus com liberdade, como filhos; de rezar com insist\u00eancia, de rezar com paci\u00eancia. Mas, sobretudo, rezar sabendo que eu falo com meu Pai, e meu Pai me ouvir\u00e1. Que o Senhor nos ajude a progredir nesta ora\u00e7\u00e3o de intercess\u00e3o\u201d.<\/p>\n<hr \/>\n<p><em>Fonte: Vatican News<\/em><\/p>\n","protected":false},"excerpt":{"rendered":"<p>Missa em Santa Marta<\/p>\n","protected":false},"author":1,"featured_media":211534,"comment_status":"open","ping_status":"open","sticky":false,"template":"","format":"standard","meta":[],"categories":[1428],"tags":[1586],"acf":[],"yoast_head":"<!-- This site is optimized with the Yoast SEO plugin v19.2 - https:\/\/yoast.com\/wordpress\/plugins\/seo\/ -->\n<title>Nada de propina, para rezar \u00e9 preciso coragem e paci\u00eancia - Not\u00edcias - Franciscanos<\/title>\n<meta name=\"robots\" content=\"index, follow, max-snippet:-1, max-image-preview:large, max-video-preview:-1\" \/>\n<link rel=\"canonical\" href=\"https:\/\/franciscanos.org.br\/noticias\/nada-de-propina-para-rezar-e-preciso-coragem-e-paciencia.html\" \/>\n<meta property=\"og:locale\" content=\"pt_BR\" \/>\n<meta property=\"og:type\" content=\"article\" \/>\n<meta property=\"og:title\" content=\"Nada de propina, para rezar \u00e9 preciso coragem e paci\u00eancia - Not\u00edcias - Franciscanos\" \/>\n<meta property=\"og:description\" content=\"Missa em Santa Marta\" \/>\n<meta property=\"og:url\" content=\"https:\/\/franciscanos.org.br\/noticias\/nada-de-propina-para-rezar-e-preciso-coragem-e-paciencia.html\" \/>\n<meta property=\"og:site_name\" content=\"Not\u00edcias - Franciscanos\" \/>\n<meta property=\"article:published_time\" content=\"2018-03-15T11:02:04+00:00\" \/>\n<meta property=\"article:modified_time\" content=\"2020-06-07T19:41:36+00:00\" \/>\n<meta property=\"og:image\" content=\"https:\/\/franciscanos.org.br\/noticias\/wp-content\/uploads\/2018\/03\/PAPA_150318.jpg\" \/>\n\t<meta property=\"og:image:width\" content=\"273\" \/>\n\t<meta property=\"og:image:height\" content=\"181\" \/>\n\t<meta property=\"og:image:type\" content=\"image\/jpeg\" \/>\n<meta name=\"author\" content=\"admin\" \/>\n<meta name=\"twitter:card\" content=\"summary_large_image\" \/>\n<meta name=\"twitter:label1\" content=\"Escrito por\" \/>\n\t<meta name=\"twitter:data1\" content=\"admin\" \/>\n\t<meta name=\"twitter:label2\" content=\"Est. tempo de leitura\" \/>\n\t<meta name=\"twitter:data2\" content=\"3 minutos\" \/>\n<script type=\"application\/ld+json\" class=\"yoast-schema-graph\">{\"@context\":\"https:\/\/schema.org\",\"@graph\":[{\"@type\":\"WebSite\",\"@id\":\"https:\/\/franciscanos.org.br\/noticias\/#website\",\"url\":\"https:\/\/franciscanos.org.br\/noticias\/\",\"name\":\"Not\u00edcias - Franciscanos\",\"description\":\"Prov\u00edncia Franciscana da Imaculada Concei\u00e7\u00e3o do Brasil - Ordem dos Frades Menores - OFM\",\"potentialAction\":[{\"@type\":\"SearchAction\",\"target\":{\"@type\":\"EntryPoint\",\"urlTemplate\":\"https:\/\/franciscanos.org.br\/noticias\/?s={search_term_string}\"},\"query-input\":\"required name=search_term_string\"}],\"inLanguage\":\"pt-BR\"},{\"@type\":\"ImageObject\",\"inLanguage\":\"pt-BR\",\"@id\":\"https:\/\/franciscanos.org.br\/noticias\/nada-de-propina-para-rezar-e-preciso-coragem-e-paciencia.html#primaryimage\",\"url\":\"https:\/\/franciscanos.org.br\/noticias\/wp-content\/uploads\/2018\/03\/PAPA_150318.jpg\",\"contentUrl\":\"https:\/\/franciscanos.org.br\/noticias\/wp-content\/uploads\/2018\/03\/PAPA_150318.jpg\",\"width\":273,\"height\":181},{\"@type\":\"WebPage\",\"@id\":\"https:\/\/franciscanos.org.br\/noticias\/nada-de-propina-para-rezar-e-preciso-coragem-e-paciencia.html#webpage\",\"url\":\"https:\/\/franciscanos.org.br\/noticias\/nada-de-propina-para-rezar-e-preciso-coragem-e-paciencia.html\",\"name\":\"Nada de propina, para rezar \u00e9 preciso coragem e paci\u00eancia - Not\u00edcias - Franciscanos\",\"isPartOf\":{\"@id\":\"https:\/\/franciscanos.org.br\/noticias\/#website\"},\"primaryImageOfPage\":{\"@id\":\"https:\/\/franciscanos.org.br\/noticias\/nada-de-propina-para-rezar-e-preciso-coragem-e-paciencia.html#primaryimage\"},\"datePublished\":\"2018-03-15T11:02:04+00:00\",\"dateModified\":\"2020-06-07T19:41:36+00:00\",\"author\":{\"@id\":\"https:\/\/franciscanos.org.br\/noticias\/#\/schema\/person\/b38fbf43118f02820bd932f2e4b14ad3\"},\"breadcrumb\":{\"@id\":\"https:\/\/franciscanos.org.br\/noticias\/nada-de-propina-para-rezar-e-preciso-coragem-e-paciencia.html#breadcrumb\"},\"inLanguage\":\"pt-BR\",\"potentialAction\":[{\"@type\":\"ReadAction\",\"target\":[\"https:\/\/franciscanos.org.br\/noticias\/nada-de-propina-para-rezar-e-preciso-coragem-e-paciencia.html\"]}]},{\"@type\":\"BreadcrumbList\",\"@id\":\"https:\/\/franciscanos.org.br\/noticias\/nada-de-propina-para-rezar-e-preciso-coragem-e-paciencia.html#breadcrumb\",\"itemListElement\":[{\"@type\":\"ListItem\",\"position\":1,\"name\":\"Home\",\"item\":\"https:\/\/franciscanos.org.br\/noticias\"},{\"@type\":\"ListItem\",\"position\":2,\"name\":\"Nada de propina, para rezar \u00e9 preciso coragem e paci\u00eancia\"}]},{\"@type\":\"Person\",\"@id\":\"https:\/\/franciscanos.org.br\/noticias\/#\/schema\/person\/b38fbf43118f02820bd932f2e4b14ad3\",\"name\":\"admin\",\"image\":{\"@type\":\"ImageObject\",\"inLanguage\":\"pt-BR\",\"@id\":\"https:\/\/franciscanos.org.br\/noticias\/#\/schema\/person\/image\/\",\"url\":\"https:\/\/secure.gravatar.com\/avatar\/e8495742d34d0ba6448ea1c628263b3e?s=96&d=mm&r=g\",\"contentUrl\":\"https:\/\/secure.gravatar.com\/avatar\/e8495742d34d0ba6448ea1c628263b3e?s=96&d=mm&r=g\",\"caption\":\"admin\"},\"url\":\"https:\/\/franciscanos.org.br\/noticias\/author\/admin\"}]}<\/script>\n<!-- \/ Yoast SEO plugin. -->","yoast_head_json":{"title":"Nada de propina, para rezar \u00e9 preciso coragem e paci\u00eancia - Not\u00edcias - Franciscanos","robots":{"index":"index","follow":"follow","max-snippet":"max-snippet:-1","max-image-preview":"max-image-preview:large","max-video-preview":"max-video-preview:-1"},"canonical":"https:\/\/franciscanos.org.br\/noticias\/nada-de-propina-para-rezar-e-preciso-coragem-e-paciencia.html","og_locale":"pt_BR","og_type":"article","og_title":"Nada de propina, para rezar \u00e9 preciso coragem e paci\u00eancia - Not\u00edcias - Franciscanos","og_description":"Missa em Santa Marta","og_url":"https:\/\/franciscanos.org.br\/noticias\/nada-de-propina-para-rezar-e-preciso-coragem-e-paciencia.html","og_site_name":"Not\u00edcias - Franciscanos","article_published_time":"2018-03-15T11:02:04+00:00","article_modified_time":"2020-06-07T19:41:36+00:00","og_image":[{"width":273,"height":181,"url":"https:\/\/franciscanos.org.br\/noticias\/wp-content\/uploads\/2018\/03\/PAPA_150318.jpg","type":"image\/jpeg"}],"author":"admin","twitter_card":"summary_large_image","twitter_misc":{"Escrito por":"admin","Est. tempo de leitura":"3 minutos"},"schema":{"@context":"https:\/\/schema.org","@graph":[{"@type":"WebSite","@id":"https:\/\/franciscanos.org.br\/noticias\/#website","url":"https:\/\/franciscanos.org.br\/noticias\/","name":"Not\u00edcias - Franciscanos","description":"Prov\u00edncia Franciscana da Imaculada Concei\u00e7\u00e3o do Brasil - Ordem dos Frades Menores - OFM","potentialAction":[{"@type":"SearchAction","target":{"@type":"EntryPoint","urlTemplate":"https:\/\/franciscanos.org.br\/noticias\/?s={search_term_string}"},"query-input":"required name=search_term_string"}],"inLanguage":"pt-BR"},{"@type":"ImageObject","inLanguage":"pt-BR","@id":"https:\/\/franciscanos.org.br\/noticias\/nada-de-propina-para-rezar-e-preciso-coragem-e-paciencia.html#primaryimage","url":"https:\/\/franciscanos.org.br\/noticias\/wp-content\/uploads\/2018\/03\/PAPA_150318.jpg","contentUrl":"https:\/\/franciscanos.org.br\/noticias\/wp-content\/uploads\/2018\/03\/PAPA_150318.jpg","width":273,"height":181},{"@type":"WebPage","@id":"https:\/\/franciscanos.org.br\/noticias\/nada-de-propina-para-rezar-e-preciso-coragem-e-paciencia.html#webpage","url":"https:\/\/franciscanos.org.br\/noticias\/nada-de-propina-para-rezar-e-preciso-coragem-e-paciencia.html","name":"Nada de propina, para rezar \u00e9 preciso coragem e paci\u00eancia - Not\u00edcias - Franciscanos","isPartOf":{"@id":"https:\/\/franciscanos.org.br\/noticias\/#website"},"primaryImageOfPage":{"@id":"https:\/\/franciscanos.org.br\/noticias\/nada-de-propina-para-rezar-e-preciso-coragem-e-paciencia.html#primaryimage"},"datePublished":"2018-03-15T11:02:04+00:00","dateModified":"2020-06-07T19:41:36+00:00","author":{"@id":"https:\/\/franciscanos.org.br\/noticias\/#\/schema\/person\/b38fbf43118f02820bd932f2e4b14ad3"},"breadcrumb":{"@id":"https:\/\/franciscanos.org.br\/noticias\/nada-de-propina-para-rezar-e-preciso-coragem-e-paciencia.html#breadcrumb"},"inLanguage":"pt-BR","potentialAction":[{"@type":"ReadAction","target":["https:\/\/franciscanos.org.br\/noticias\/nada-de-propina-para-rezar-e-preciso-coragem-e-paciencia.html"]}]},{"@type":"BreadcrumbList","@id":"https:\/\/franciscanos.org.br\/noticias\/nada-de-propina-para-rezar-e-preciso-coragem-e-paciencia.html#breadcrumb","itemListElement":[{"@type":"ListItem","position":1,"name":"Home","item":"https:\/\/franciscanos.org.br\/noticias"},{"@type":"ListItem","position":2,"name":"Nada de propina, para rezar \u00e9 preciso coragem e paci\u00eancia"}]},{"@type":"Person","@id":"https:\/\/franciscanos.org.br\/noticias\/#\/schema\/person\/b38fbf43118f02820bd932f2e4b14ad3","name":"admin","image":{"@type":"ImageObject","inLanguage":"pt-BR","@id":"https:\/\/franciscanos.org.br\/noticias\/#\/schema\/person\/image\/","url":"https:\/\/secure.gravatar.com\/avatar\/e8495742d34d0ba6448ea1c628263b3e?s=96&d=mm&r=g","contentUrl":"https:\/\/secure.gravatar.com\/avatar\/e8495742d34d0ba6448ea1c628263b3e?s=96&d=mm&r=g","caption":"admin"},"url":"https:\/\/franciscanos.org.br\/noticias\/author\/admin"}]}},"_links":{"self":[{"href":"https:\/\/franciscanos.org.br\/noticias\/wp-json\/wp\/v2\/posts\/154194"}],"collection":[{"href":"https:\/\/franciscanos.org.br\/noticias\/wp-json\/wp\/v2\/posts"}],"about":[{"href":"https:\/\/franciscanos.org.br\/noticias\/wp-json\/wp\/v2\/types\/post"}],"author":[{"embeddable":true,"href":"https:\/\/franciscanos.org.br\/noticias\/wp-json\/wp\/v2\/users\/1"}],"replies":[{"embeddable":true,"href":"https:\/\/franciscanos.org.br\/noticias\/wp-json\/wp\/v2\/comments?post=154194"}],"version-history":[{"count":1,"href":"https:\/\/franciscanos.org.br\/noticias\/wp-json\/wp\/v2\/posts\/154194\/revisions"}],"predecessor-version":[{"id":225038,"href":"https:\/\/franciscanos.org.br\/noticias\/wp-json\/wp\/v2\/posts\/154194\/revisions\/225038"}],"wp:featuredmedia":[{"embeddable":true,"href":"https:\/\/franciscanos.org.br\/noticias\/wp-json\/wp\/v2\/media\/211534"}],"wp:attachment":[{"href":"https:\/\/franciscanos.org.br\/noticias\/wp-json\/wp\/v2\/media?parent=154194"}],"wp:term":[{"taxonomy":"category","embeddable":true,"href":"https:\/\/franciscanos.org.br\/noticias\/wp-json\/wp\/v2\/categories?post=154194"},{"taxonomy":"post_tag","embeddable":true,"href":"https:\/\/franciscanos.org.br\/noticias\/wp-json\/wp\/v2\/tags?post=154194"}],"curies":[{"name":"wp","href":"https:\/\/api.w.org\/{rel}","templated":true}]}}