{"id":154008,"date":"2018-03-13T09:31:39","date_gmt":"2018-03-13T12:31:39","guid":{"rendered":"http:\/\/franciscanos.org.br\/?p=154008"},"modified":"2020-08-04T14:48:13","modified_gmt":"2020-08-04T17:48:13","slug":"cinco-anos-de-francisco-a-igreja-de-volta","status":"publish","type":"post","link":"https:\/\/franciscanos.org.br\/noticias\/cinco-anos-de-francisco-a-igreja-de-volta.html","title":{"rendered":"Cinco anos de Francisco: a Igreja de volta"},"content":{"rendered":"<div id=\"attachment_225040\" style=\"width: 1376px\" class=\"wp-caption alignnone\"><img aria-describedby=\"caption-attachment-225040\" loading=\"lazy\" class=\"wp-image-225040 size-full\" src=\"https:\/\/franciscanos.org.br\/noticias\/wp-content\/uploads\/2018\/03\/captura.jpg\" alt=\"\" width=\"1366\" height=\"768\" srcset=\"https:\/\/franciscanos.org.br\/noticias\/wp-content\/uploads\/2018\/03\/captura.jpg 1366w, https:\/\/franciscanos.org.br\/noticias\/wp-content\/uploads\/2018\/03\/captura-450x253.jpg 450w, https:\/\/franciscanos.org.br\/noticias\/wp-content\/uploads\/2018\/03\/captura-1024x576.jpg 1024w, https:\/\/franciscanos.org.br\/noticias\/wp-content\/uploads\/2018\/03\/captura-768x432.jpg 768w, https:\/\/franciscanos.org.br\/noticias\/wp-content\/uploads\/2018\/03\/captura-150x84.jpg 150w\" sizes=\"(max-width: 1366px) 100vw, 1366px\" \/><p id=\"caption-attachment-225040\" class=\"wp-caption-text\">\u00a0 \u00a0 \u00a0 \u00a0 \u00a0 \u00a0 \u00a0 \u00a0 \u00a0 \u00a0 \u00a0 \u00a0 \u00a0 \u00a0 \u00a0 \u00a0 \u00a0 \u00a0 \u00a0 \u00a0 \u00a0 \u00a0 \u00a0 \u00a0 \u00a0 \u00a0 \u00a0 \u00a0 \u00a0 \u00a0 \u00a0 \u00a0 \u00a0 \u00a0 \u00a0 \u00a0 \u00a0 \u00a0 \u00a0 \u00a0 \u00a0 \u00a0 \u00a0 \u00a0 \u00a0 \u00a0 \u00a0 \u00a0 \u00a0 \u00a0 \u00a0 \u00a0 \u00a0 \u00a0 \u00a0 \u00a0 \u00a0 \u00a0 \u00a0 \u00a0 \u00a0 \u00a0 \u00a0 \u00a0 \u00a0<em> \u00a0 \u00a0 \u00a0Imagem: Captura de tela do v\u00eddeo da apresenta\u00e7\u00e3o do Papa<\/em><\/p><\/div>\n<p><em>Em cinco anos, Francisco tirou a Igreja da irrelev\u00e2ncia a que se reduzira. Recolocou os pobres no centro da mensagem, da a\u00e7\u00e3o e da ora\u00e7\u00e3o de uma institui\u00e7\u00e3o que havia se rendido aos ricos e \u00e0s regras -e desmoralizada pela falsidade e vida dupla de muitos de seus l\u00edderes<\/em><\/p>\n<p><strong>Por Mauro Lopes (<a href=\"http:\/\/outraspalavras.net\/maurolopes\/apoiecaminhopracasa\/\" target=\"_blank\" rel=\"noopener noreferrer\">Blog Caminho para Casa<\/a>)<\/strong><\/p>\n<p>Neste 13 de mar\u00e7o completam-se cinco anos do papado de Francisco. Tudo o que seria seu papado estava anunciado tr\u00eas gestos na noite em que apareceu diante do povo na Pra\u00e7a S\u00e3o Pedro. Estava tudo l\u00e1. Mas, somos cabe\u00e7as duras \u2013como o texto b\u00edblico afirma textualmente por nada menos que quatro vezes em dois dos textos fundantes do juda\u00edsmo e, por consequ\u00eancia, do cristianismo, no \u00caxodo e no Deuteron\u00f4mio. N\u00e3o entendemos nada.<\/p>\n<p>Mas Francisco apresentou o seu \u201cprograma de governo\u201d naquela noite, com tr\u00eas gestos simples:<\/p>\n<p><strong>1. Escolheu o nome de Francisco<\/strong> \u2013 foi uma confus\u00e3o! Quando seu nome como papa foi anunciado pelo cardeal franc\u00eas Jean Louis Tauran, antes da entrada de Bergoglio na pra\u00e7a, houve confus\u00e3o, que se prolongou: seria o nome tomado de Francisco Xavier, um santo do in\u00edcio do s\u00e9culo XVI, jesu\u00edta como Bergoglio, e tido como aquele que mais gente converteu ao cristianismo na hist\u00f3ria? Seria Francisco I? A confus\u00e3o demorou a dissipar-se. Era apenas Francisco, como o poverello de Assis. E este Francisco, como o outro, parece ter ouvido uma voz surgida das origens da caminhada: \u201cFrancisco, vai e reconstr\u00f3i a minha Igreja que est\u00e1 em ru\u00ednas\u201d. Simples, pobre entre os pobres, alegre e dispon\u00edvel.<\/p>\n<p><strong>2. Apareceu \u00e0 pra\u00e7a vestido de branco<\/strong> \u2013 quando Francisco assomou ao p\u00falpito naquela noite, foi um espanto. Esperava-se um papa como os demais: empetecado, dado ao ouro reluzente, cheio de sobrevestidos. No entanto, apareceu um homem vestido de branco, numa imagem surpreendente: cercado de cardeais, era ele o que se vestia de maneira mais simples. H\u00e1 uma hist\u00f3ria que se conta sobre o momento em que Bergoglio foi vestido para aparecer ao povo, nunca comprovada; mas, como dizem os italianos, \u201cse non \u00e8 vero, \u00e8 ben trovato\u201d (se n\u00e3o \u00e9 verdade, \u00e9 um bom achado\u201d: quando lhe chegaram com as roupas luxuosas para vesti-lo como papa, ele teria rejeitado com um gesto de m\u00e3o e tido \u201cn\u00e3o, n\u00e3o, acabou o Carnaval\u201d. No peito, em vez da cruz de ouro dos papas anteriores, utilizada \u00e0 farta por cardeais e bispos pelo mundo adentro, Francisco apareceu com a cruz peitoral que carrega desde os tempos de Buenos Aires, de ferro. Veja na foto abaixo os sapatos de Bento XVI e os de Francisco; a imagem carrega em si mesma dois projetos de papado.<\/p>\n<p>&nbsp;<\/p>\n<p><strong>3. Curvado diante da humanidade sofredora<\/strong> \u2013 nunca se viu nada parecido como o gesto que marcou sua \u201cestreia\u201d como papa. Em vez de um rei, de aspecto imperial, um homem humilde, que se curvou diante do povo reunido na pra\u00e7a \u2013diante de boa parte da humanidade que assistia \u00e0 cena naquela noite. Pediu que rezassem por ele. Pediu sil\u00eancio. Pediu abertura de cora\u00e7\u00e3o. Veja o v\u00eddeo do momento \u2013no oitavo minuto, o gesto.<\/p>\n<p>Interrompendo 35 anos de inverno conservador, com Jo\u00e3o Paulo II e Bento XVI, Francisco retomou a primavera de Jo\u00e3o XXIII e tem buscado recolocar a Igreja nos passos do Conc\u00edlio Vaticano II.<br \/>\nOlhar para Francisco \u00e9 olhar para o Vaticano II. Mais que isso, \u00e9 olhar para o que de mais importante aconteceu num conc\u00edlio no qual o peso da Igreja imperial ainda se fez presente com desejo de continua\u00e7\u00e3o, como observou um dos grandes nomes do encontro, o padre dominicano Ives Congar, desgostoso com o desfile dos bispos e cardeais vestidos e comportando-se como pr\u00edncipes:<br \/>\n\u201cVejo o peso daquilo a que nunca se renunciou, do per\u00edodo em que a Igreja se comportava como um senhor feudal, quando detinha poder temporal, quando o papa e os bispos eram lordes que tinham suas cortes, eram mecenas de artistas e pretendiam uma pompa igual \u00e0 dos C\u00e9sares. A isso a Igreja nunca repudiou em Roma. Deixar o per\u00edodo constantino para tr\u00e1s nunca fez parte de seu programa\u201d.[1]<\/p>\n<p>O que de mais importante aconteceu no Vaticano n\u00e3o estava nos sal\u00f5es e sim nos subterr\u00e2neos. O cora\u00e7\u00e3o do Conc\u00edlio expressou-se nos subterr\u00e2neos. No <strong><a href=\"http:\/\/outraspalavras.net\/maurolopes\/2017\/04\/13\/ceia-do-senhor-papa-com-os-descartados-nas-prisoes-e-o-pacto-das-catacumbas\/\" target=\"_blank\" rel=\"noopener noreferrer\">Pacto das Catacumbas da Igreja Serva e Pobre<\/a><\/strong> firmado numa eucaristia, em uma bas\u00edlica dentro da Catacumba de Domitila na noite de 16 de novembro de 1965, \u00e0s v\u00e9speras do encerramento do Conc\u00edlio -as catacumbas eram locais de reuni\u00e3o secreta dos crist\u00e3os durante as persegui\u00e7\u00f5es do Imp\u00e9rio Romano.<\/p>\n<p>Naquela noite, 40 participantes assinaram texto, pelo qual comprometeram-se a uma vida eucar\u00edstica, de pobreza, partilha, uma vida de lavar os p\u00e9s dos pobres e com eles conviver. Os signat\u00e1rios assumiram 13 compromissos naquela noite hist\u00f3rica, dentre eles: viver como o povo, abrir m\u00e3o dos t\u00edtulos e roupas luxuosas, assim como do uso e ouro e prata, abrir m\u00e3o de toda propriedade pessoal, estabelecer rela\u00e7\u00f5es horizontais de di\u00e1logo em suas dioceses.<\/p>\n<p>Eles curvaram-se em servi\u00e7o amoroso diante de toda a humanidade. O gesto dos 40 das catacumbas finalmente veio \u00e0 luz com Francisco, curvado na Pra\u00e7a S\u00e3o Pedro na noite de 13 de mar\u00e7o de 2013.<\/p>\n<p>Desde ent\u00e3o, Francisco tem procurado arrancar a Igreja Cat\u00f3lica da irrelev\u00e2ncia a que se reduziu e recolocar os pobres no centro da mensagem, da a\u00e7\u00e3o e da ora\u00e7\u00e3o de uma institui\u00e7\u00e3o se rendeu anos a fio aos ricos e \u00e0s regras, desmoralizada pela falsidade e vida dupla de seus l\u00edderes.<\/p>\n<hr \/>\n<p>[1] CONGAR, Ives. My Journal of the Council. 1\u00aa ed. Adelaide: ATF Press, 2012. P. 124<\/p>\n<hr \/>\n<p><em>Foto: captura da tela do v\u00eddeo de apresenta\u00e7\u00e3o de Francisco<\/em><\/p>\n","protected":false},"excerpt":{"rendered":"<p>ARTIGO<\/p>\n","protected":false},"author":1,"featured_media":225041,"comment_status":"open","ping_status":"open","sticky":false,"template":"","format":"standard","meta":[],"categories":[1428],"tags":[55],"acf":[],"yoast_head":"<!-- This site is optimized with the Yoast SEO plugin v19.2 - https:\/\/yoast.com\/wordpress\/plugins\/seo\/ -->\n<title>Cinco anos de Francisco: a Igreja de volta - Not\u00edcias - Franciscanos<\/title>\n<meta name=\"robots\" content=\"index, follow, max-snippet:-1, max-image-preview:large, max-video-preview:-1\" \/>\n<link rel=\"canonical\" href=\"https:\/\/franciscanos.org.br\/noticias\/cinco-anos-de-francisco-a-igreja-de-volta.html\" \/>\n<meta property=\"og:locale\" content=\"pt_BR\" \/>\n<meta property=\"og:type\" content=\"article\" \/>\n<meta property=\"og:title\" content=\"Cinco anos de Francisco: a Igreja de volta - Not\u00edcias - Franciscanos\" \/>\n<meta property=\"og:description\" content=\"ARTIGO\" \/>\n<meta property=\"og:url\" content=\"https:\/\/franciscanos.org.br\/noticias\/cinco-anos-de-francisco-a-igreja-de-volta.html\" \/>\n<meta property=\"og:site_name\" content=\"Not\u00edcias - Franciscanos\" \/>\n<meta property=\"article:published_time\" content=\"2018-03-13T12:31:39+00:00\" \/>\n<meta property=\"article:modified_time\" content=\"2020-08-04T17:48:13+00:00\" \/>\n<meta property=\"og:image\" content=\"https:\/\/franciscanos.org.br\/noticias\/wp-content\/uploads\/2018\/03\/captura_d.jpg\" \/>\n\t<meta property=\"og:image:width\" content=\"800\" \/>\n\t<meta property=\"og:image:height\" content=\"600\" \/>\n\t<meta property=\"og:image:type\" content=\"image\/jpeg\" \/>\n<meta name=\"author\" content=\"admin\" \/>\n<meta name=\"twitter:card\" content=\"summary_large_image\" \/>\n<meta name=\"twitter:label1\" content=\"Escrito por\" \/>\n\t<meta name=\"twitter:data1\" content=\"admin\" \/>\n\t<meta name=\"twitter:label2\" content=\"Est. tempo de leitura\" \/>\n\t<meta name=\"twitter:data2\" content=\"5 minutos\" \/>\n<script type=\"application\/ld+json\" class=\"yoast-schema-graph\">{\"@context\":\"https:\/\/schema.org\",\"@graph\":[{\"@type\":\"WebSite\",\"@id\":\"https:\/\/franciscanos.org.br\/noticias\/#website\",\"url\":\"https:\/\/franciscanos.org.br\/noticias\/\",\"name\":\"Not\u00edcias - Franciscanos\",\"description\":\"Prov\u00edncia Franciscana da Imaculada Concei\u00e7\u00e3o do Brasil - Ordem dos Frades Menores - OFM\",\"potentialAction\":[{\"@type\":\"SearchAction\",\"target\":{\"@type\":\"EntryPoint\",\"urlTemplate\":\"https:\/\/franciscanos.org.br\/noticias\/?s={search_term_string}\"},\"query-input\":\"required name=search_term_string\"}],\"inLanguage\":\"pt-BR\"},{\"@type\":\"ImageObject\",\"inLanguage\":\"pt-BR\",\"@id\":\"https:\/\/franciscanos.org.br\/noticias\/cinco-anos-de-francisco-a-igreja-de-volta.html#primaryimage\",\"url\":\"https:\/\/franciscanos.org.br\/noticias\/wp-content\/uploads\/2018\/03\/captura_d.jpg\",\"contentUrl\":\"https:\/\/franciscanos.org.br\/noticias\/wp-content\/uploads\/2018\/03\/captura_d.jpg\",\"width\":800,\"height\":600},{\"@type\":\"WebPage\",\"@id\":\"https:\/\/franciscanos.org.br\/noticias\/cinco-anos-de-francisco-a-igreja-de-volta.html#webpage\",\"url\":\"https:\/\/franciscanos.org.br\/noticias\/cinco-anos-de-francisco-a-igreja-de-volta.html\",\"name\":\"Cinco anos de Francisco: a Igreja de volta - Not\u00edcias - Franciscanos\",\"isPartOf\":{\"@id\":\"https:\/\/franciscanos.org.br\/noticias\/#website\"},\"primaryImageOfPage\":{\"@id\":\"https:\/\/franciscanos.org.br\/noticias\/cinco-anos-de-francisco-a-igreja-de-volta.html#primaryimage\"},\"datePublished\":\"2018-03-13T12:31:39+00:00\",\"dateModified\":\"2020-08-04T17:48:13+00:00\",\"author\":{\"@id\":\"https:\/\/franciscanos.org.br\/noticias\/#\/schema\/person\/b38fbf43118f02820bd932f2e4b14ad3\"},\"breadcrumb\":{\"@id\":\"https:\/\/franciscanos.org.br\/noticias\/cinco-anos-de-francisco-a-igreja-de-volta.html#breadcrumb\"},\"inLanguage\":\"pt-BR\",\"potentialAction\":[{\"@type\":\"ReadAction\",\"target\":[\"https:\/\/franciscanos.org.br\/noticias\/cinco-anos-de-francisco-a-igreja-de-volta.html\"]}]},{\"@type\":\"BreadcrumbList\",\"@id\":\"https:\/\/franciscanos.org.br\/noticias\/cinco-anos-de-francisco-a-igreja-de-volta.html#breadcrumb\",\"itemListElement\":[{\"@type\":\"ListItem\",\"position\":1,\"name\":\"Home\",\"item\":\"https:\/\/franciscanos.org.br\/noticias\"},{\"@type\":\"ListItem\",\"position\":2,\"name\":\"Cinco anos de Francisco: a Igreja de volta\"}]},{\"@type\":\"Person\",\"@id\":\"https:\/\/franciscanos.org.br\/noticias\/#\/schema\/person\/b38fbf43118f02820bd932f2e4b14ad3\",\"name\":\"admin\",\"image\":{\"@type\":\"ImageObject\",\"inLanguage\":\"pt-BR\",\"@id\":\"https:\/\/franciscanos.org.br\/noticias\/#\/schema\/person\/image\/\",\"url\":\"https:\/\/secure.gravatar.com\/avatar\/e8495742d34d0ba6448ea1c628263b3e?s=96&d=mm&r=g\",\"contentUrl\":\"https:\/\/secure.gravatar.com\/avatar\/e8495742d34d0ba6448ea1c628263b3e?s=96&d=mm&r=g\",\"caption\":\"admin\"},\"url\":\"https:\/\/franciscanos.org.br\/noticias\/author\/admin\"}]}<\/script>\n<!-- \/ Yoast SEO plugin. -->","yoast_head_json":{"title":"Cinco anos de Francisco: a Igreja de volta - Not\u00edcias - Franciscanos","robots":{"index":"index","follow":"follow","max-snippet":"max-snippet:-1","max-image-preview":"max-image-preview:large","max-video-preview":"max-video-preview:-1"},"canonical":"https:\/\/franciscanos.org.br\/noticias\/cinco-anos-de-francisco-a-igreja-de-volta.html","og_locale":"pt_BR","og_type":"article","og_title":"Cinco anos de Francisco: a Igreja de volta - Not\u00edcias - Franciscanos","og_description":"ARTIGO","og_url":"https:\/\/franciscanos.org.br\/noticias\/cinco-anos-de-francisco-a-igreja-de-volta.html","og_site_name":"Not\u00edcias - Franciscanos","article_published_time":"2018-03-13T12:31:39+00:00","article_modified_time":"2020-08-04T17:48:13+00:00","og_image":[{"width":800,"height":600,"url":"https:\/\/franciscanos.org.br\/noticias\/wp-content\/uploads\/2018\/03\/captura_d.jpg","type":"image\/jpeg"}],"author":"admin","twitter_card":"summary_large_image","twitter_misc":{"Escrito por":"admin","Est. tempo de leitura":"5 minutos"},"schema":{"@context":"https:\/\/schema.org","@graph":[{"@type":"WebSite","@id":"https:\/\/franciscanos.org.br\/noticias\/#website","url":"https:\/\/franciscanos.org.br\/noticias\/","name":"Not\u00edcias - Franciscanos","description":"Prov\u00edncia Franciscana da Imaculada Concei\u00e7\u00e3o do Brasil - Ordem dos Frades Menores - OFM","potentialAction":[{"@type":"SearchAction","target":{"@type":"EntryPoint","urlTemplate":"https:\/\/franciscanos.org.br\/noticias\/?s={search_term_string}"},"query-input":"required name=search_term_string"}],"inLanguage":"pt-BR"},{"@type":"ImageObject","inLanguage":"pt-BR","@id":"https:\/\/franciscanos.org.br\/noticias\/cinco-anos-de-francisco-a-igreja-de-volta.html#primaryimage","url":"https:\/\/franciscanos.org.br\/noticias\/wp-content\/uploads\/2018\/03\/captura_d.jpg","contentUrl":"https:\/\/franciscanos.org.br\/noticias\/wp-content\/uploads\/2018\/03\/captura_d.jpg","width":800,"height":600},{"@type":"WebPage","@id":"https:\/\/franciscanos.org.br\/noticias\/cinco-anos-de-francisco-a-igreja-de-volta.html#webpage","url":"https:\/\/franciscanos.org.br\/noticias\/cinco-anos-de-francisco-a-igreja-de-volta.html","name":"Cinco anos de Francisco: a Igreja de volta - Not\u00edcias - Franciscanos","isPartOf":{"@id":"https:\/\/franciscanos.org.br\/noticias\/#website"},"primaryImageOfPage":{"@id":"https:\/\/franciscanos.org.br\/noticias\/cinco-anos-de-francisco-a-igreja-de-volta.html#primaryimage"},"datePublished":"2018-03-13T12:31:39+00:00","dateModified":"2020-08-04T17:48:13+00:00","author":{"@id":"https:\/\/franciscanos.org.br\/noticias\/#\/schema\/person\/b38fbf43118f02820bd932f2e4b14ad3"},"breadcrumb":{"@id":"https:\/\/franciscanos.org.br\/noticias\/cinco-anos-de-francisco-a-igreja-de-volta.html#breadcrumb"},"inLanguage":"pt-BR","potentialAction":[{"@type":"ReadAction","target":["https:\/\/franciscanos.org.br\/noticias\/cinco-anos-de-francisco-a-igreja-de-volta.html"]}]},{"@type":"BreadcrumbList","@id":"https:\/\/franciscanos.org.br\/noticias\/cinco-anos-de-francisco-a-igreja-de-volta.html#breadcrumb","itemListElement":[{"@type":"ListItem","position":1,"name":"Home","item":"https:\/\/franciscanos.org.br\/noticias"},{"@type":"ListItem","position":2,"name":"Cinco anos de Francisco: a Igreja de volta"}]},{"@type":"Person","@id":"https:\/\/franciscanos.org.br\/noticias\/#\/schema\/person\/b38fbf43118f02820bd932f2e4b14ad3","name":"admin","image":{"@type":"ImageObject","inLanguage":"pt-BR","@id":"https:\/\/franciscanos.org.br\/noticias\/#\/schema\/person\/image\/","url":"https:\/\/secure.gravatar.com\/avatar\/e8495742d34d0ba6448ea1c628263b3e?s=96&d=mm&r=g","contentUrl":"https:\/\/secure.gravatar.com\/avatar\/e8495742d34d0ba6448ea1c628263b3e?s=96&d=mm&r=g","caption":"admin"},"url":"https:\/\/franciscanos.org.br\/noticias\/author\/admin"}]}},"_links":{"self":[{"href":"https:\/\/franciscanos.org.br\/noticias\/wp-json\/wp\/v2\/posts\/154008"}],"collection":[{"href":"https:\/\/franciscanos.org.br\/noticias\/wp-json\/wp\/v2\/posts"}],"about":[{"href":"https:\/\/franciscanos.org.br\/noticias\/wp-json\/wp\/v2\/types\/post"}],"author":[{"embeddable":true,"href":"https:\/\/franciscanos.org.br\/noticias\/wp-json\/wp\/v2\/users\/1"}],"replies":[{"embeddable":true,"href":"https:\/\/franciscanos.org.br\/noticias\/wp-json\/wp\/v2\/comments?post=154008"}],"version-history":[{"count":3,"href":"https:\/\/franciscanos.org.br\/noticias\/wp-json\/wp\/v2\/posts\/154008\/revisions"}],"predecessor-version":[{"id":227461,"href":"https:\/\/franciscanos.org.br\/noticias\/wp-json\/wp\/v2\/posts\/154008\/revisions\/227461"}],"wp:featuredmedia":[{"embeddable":true,"href":"https:\/\/franciscanos.org.br\/noticias\/wp-json\/wp\/v2\/media\/225041"}],"wp:attachment":[{"href":"https:\/\/franciscanos.org.br\/noticias\/wp-json\/wp\/v2\/media?parent=154008"}],"wp:term":[{"taxonomy":"category","embeddable":true,"href":"https:\/\/franciscanos.org.br\/noticias\/wp-json\/wp\/v2\/categories?post=154008"},{"taxonomy":"post_tag","embeddable":true,"href":"https:\/\/franciscanos.org.br\/noticias\/wp-json\/wp\/v2\/tags?post=154008"}],"curies":[{"name":"wp","href":"https:\/\/api.w.org\/{rel}","templated":true}]}}