{"id":153897,"date":"2018-03-12T09:39:12","date_gmt":"2018-03-12T12:39:12","guid":{"rendered":"http:\/\/franciscanos.org.br\/?p=153897"},"modified":"2020-06-07T17:09:34","modified_gmt":"2020-06-07T20:09:34","slug":"nao-ser-cristaos-estacionados-buscar-o-senhor-sem-medo","status":"publish","type":"post","link":"https:\/\/franciscanos.org.br\/noticias\/nao-ser-cristaos-estacionados-buscar-o-senhor-sem-medo.html","title":{"rendered":"N\u00e3o ser crist\u00e3os estacionados, buscar o Senhor sem medo"},"content":{"rendered":"<p><img loading=\"lazy\" src=\"http:\/\/franciscanos.org.br\/wp-content\/uploads\/2018\/03\/marta_120318.jpg\" alt=\"marta_120318\" width=\"830\" height=\"400\" \/><br \/>\n<strong>Cidade do Vaticano<\/strong> &#8211; O Papa Francisco come\u00e7ou a semana celebrando a missa na capela da Casa Santa Marta. Na homilia, comentou o Evangelho do dia, em que Jesus dirige uma cr\u00edtica ao funcion\u00e1rio do rei que vai at\u00e9 a Galileia para pedir a cura do filho doente. \u201cSe n\u00e3o virdes sinais e prod\u00edgios, n\u00e3o acreditais\u201d, \u00e9 a cr\u00edtica de Jesus, que parece perder a paci\u00eancia com o fato de o prod\u00edgio ser a \u00fanica coisa que conta:\u00a0&#8220;Onde est\u00e1 a f\u00e9? Ver um milagre, um prod\u00edgio e dizer: \u2018Mas Tu tens a pot\u00eancia, Tu \u00e9s Deus\u2019, sim, \u00e9 um ato de f\u00e9, mas pequenino assim. Porque \u00e9 evidente que este homem tem um poder forte; mas ali come\u00e7a a f\u00e9, que depois deve ir avante. Onde est\u00e1 o seu desejo de Deus? Porque a f\u00e9 \u00e9 isto: ter o desejo de encontrar Deus, encontr\u00e1-Lo, estar com Ele, ser feliz com Ele&#8221;.<\/p>\n<p>Mas qual \u00e9, ao inv\u00e9s, o grande milagre que o Senhor realiza? A primeira leitura extra\u00edda do livro do profeta Isa\u00edas explica isso, disse o Papa: \u201cEis que eu criarei novos c\u00e9us e nova terra. Haver\u00e1 alegria e exulta\u00e7\u00e3o sem fim em raz\u00e3o das coisas que eu vou criar\u201d. O Senhor atrai o nosso desejo para a alegria de estar com Ele.<\/p>\n<p>&#8220;Quando o Senhor passa na nossa vida e faz um milagre em cada um de n\u00f3s, e cada um de n\u00f3s sabe o que o Senhor fez na sua vida, ali n\u00e3o termina tudo: este \u00e9 o convite a ir avante, a continuar a caminhar, &#8216;buscar a face de Deus&#8217;, afirma o Salmo; buscar esta alegria.&#8221;<\/p>\n<p>O milagre, portanto, \u00e9 somente o in\u00edcio e o Papa se questiona o que pensar\u00e1 Jesus de muitos crist\u00e3os que param ali na primeira gra\u00e7a recebida, que n\u00e3o caminham, como as pessoas que, no restaurante, se saciam com a entrada e voltam para casa sem saber que o melhor est\u00e1 por vir.<\/p>\n<p>\u201cPorque existem muitos crist\u00e3os parados, que n\u00e3o caminham; crist\u00e3os atolados nas coisas de todos os dias \u2013 bons, bons! \u2013 mas n\u00e3o crescem, permanecem pequenos. Crist\u00e3os estacionados: se estacionam. Crist\u00e3os enjaulados que n\u00e3o sabem voar com o sonho a esta bela coisa para a qual o Senhor nos chama\u201d.<\/p>\n<p>\u00c9 uma pergunta que cada um pode fazer, prosseguiu Francisco. \u201cComo \u00e9 o meu desejo? (\u2026) Busco o Senhor assim? Ou tenho medo, sou med\u00edocre? (\u2026) Qual \u00e9 a medida do meu desejo? A entrada ou todo o banquete?\u201d E concluiu: \u00e9 importante \u201cproteger o pr\u00f3prio desejo: n\u00e3o se ajeitar muito, ir mais al\u00e9m, arriscar. O verdadeiro crist\u00e3o arrisca, sai da seguran\u00e7a\u201d.<\/p>\n<hr \/>\n<p><em>Fonte: Vatican News\u00a0<\/em><\/p>\n","protected":false},"excerpt":{"rendered":"<p>Missa em Santa Marta<\/p>\n","protected":false},"author":1,"featured_media":221622,"comment_status":"open","ping_status":"open","sticky":false,"template":"","format":"standard","meta":[],"categories":[1428],"tags":[1586],"acf":[],"yoast_head":"<!-- This site is optimized with the Yoast SEO plugin v19.2 - https:\/\/yoast.com\/wordpress\/plugins\/seo\/ -->\n<title>N\u00e3o ser crist\u00e3os estacionados, buscar o Senhor sem medo - Not\u00edcias - Franciscanos<\/title>\n<meta name=\"robots\" content=\"index, follow, max-snippet:-1, max-image-preview:large, max-video-preview:-1\" \/>\n<link rel=\"canonical\" href=\"https:\/\/franciscanos.org.br\/noticias\/nao-ser-cristaos-estacionados-buscar-o-senhor-sem-medo.html\" \/>\n<meta property=\"og:locale\" content=\"pt_BR\" \/>\n<meta property=\"og:type\" content=\"article\" \/>\n<meta property=\"og:title\" content=\"N\u00e3o ser crist\u00e3os estacionados, buscar o Senhor sem medo - Not\u00edcias - Franciscanos\" \/>\n<meta property=\"og:description\" content=\"Missa em Santa Marta\" \/>\n<meta property=\"og:url\" content=\"https:\/\/franciscanos.org.br\/noticias\/nao-ser-cristaos-estacionados-buscar-o-senhor-sem-medo.html\" \/>\n<meta property=\"og:site_name\" content=\"Not\u00edcias - Franciscanos\" \/>\n<meta property=\"article:published_time\" content=\"2018-03-12T12:39:12+00:00\" \/>\n<meta property=\"article:modified_time\" content=\"2020-06-07T20:09:34+00:00\" \/>\n<meta property=\"og:image\" content=\"https:\/\/franciscanos.org.br\/noticias\/wp-content\/uploads\/2018\/03\/marta_05.jpg\" \/>\n\t<meta property=\"og:image:width\" content=\"273\" \/>\n\t<meta property=\"og:image:height\" content=\"181\" \/>\n\t<meta property=\"og:image:type\" content=\"image\/jpeg\" \/>\n<meta name=\"author\" content=\"admin\" \/>\n<meta name=\"twitter:card\" content=\"summary_large_image\" \/>\n<meta name=\"twitter:label1\" content=\"Escrito por\" \/>\n\t<meta name=\"twitter:data1\" content=\"admin\" \/>\n\t<meta name=\"twitter:label2\" content=\"Est. tempo de leitura\" \/>\n\t<meta name=\"twitter:data2\" content=\"2 minutos\" \/>\n<script type=\"application\/ld+json\" class=\"yoast-schema-graph\">{\"@context\":\"https:\/\/schema.org\",\"@graph\":[{\"@type\":\"WebSite\",\"@id\":\"https:\/\/franciscanos.org.br\/noticias\/#website\",\"url\":\"https:\/\/franciscanos.org.br\/noticias\/\",\"name\":\"Not\u00edcias - Franciscanos\",\"description\":\"Prov\u00edncia Franciscana da Imaculada Concei\u00e7\u00e3o do Brasil - Ordem dos Frades Menores - OFM\",\"potentialAction\":[{\"@type\":\"SearchAction\",\"target\":{\"@type\":\"EntryPoint\",\"urlTemplate\":\"https:\/\/franciscanos.org.br\/noticias\/?s={search_term_string}\"},\"query-input\":\"required name=search_term_string\"}],\"inLanguage\":\"pt-BR\"},{\"@type\":\"ImageObject\",\"inLanguage\":\"pt-BR\",\"@id\":\"https:\/\/franciscanos.org.br\/noticias\/nao-ser-cristaos-estacionados-buscar-o-senhor-sem-medo.html#primaryimage\",\"url\":\"https:\/\/franciscanos.org.br\/noticias\/wp-content\/uploads\/2018\/03\/marta_05.jpg\",\"contentUrl\":\"https:\/\/franciscanos.org.br\/noticias\/wp-content\/uploads\/2018\/03\/marta_05.jpg\",\"width\":273,\"height\":181},{\"@type\":\"WebPage\",\"@id\":\"https:\/\/franciscanos.org.br\/noticias\/nao-ser-cristaos-estacionados-buscar-o-senhor-sem-medo.html#webpage\",\"url\":\"https:\/\/franciscanos.org.br\/noticias\/nao-ser-cristaos-estacionados-buscar-o-senhor-sem-medo.html\",\"name\":\"N\u00e3o ser crist\u00e3os estacionados, buscar o Senhor sem medo - Not\u00edcias - Franciscanos\",\"isPartOf\":{\"@id\":\"https:\/\/franciscanos.org.br\/noticias\/#website\"},\"primaryImageOfPage\":{\"@id\":\"https:\/\/franciscanos.org.br\/noticias\/nao-ser-cristaos-estacionados-buscar-o-senhor-sem-medo.html#primaryimage\"},\"datePublished\":\"2018-03-12T12:39:12+00:00\",\"dateModified\":\"2020-06-07T20:09:34+00:00\",\"author\":{\"@id\":\"https:\/\/franciscanos.org.br\/noticias\/#\/schema\/person\/b38fbf43118f02820bd932f2e4b14ad3\"},\"breadcrumb\":{\"@id\":\"https:\/\/franciscanos.org.br\/noticias\/nao-ser-cristaos-estacionados-buscar-o-senhor-sem-medo.html#breadcrumb\"},\"inLanguage\":\"pt-BR\",\"potentialAction\":[{\"@type\":\"ReadAction\",\"target\":[\"https:\/\/franciscanos.org.br\/noticias\/nao-ser-cristaos-estacionados-buscar-o-senhor-sem-medo.html\"]}]},{\"@type\":\"BreadcrumbList\",\"@id\":\"https:\/\/franciscanos.org.br\/noticias\/nao-ser-cristaos-estacionados-buscar-o-senhor-sem-medo.html#breadcrumb\",\"itemListElement\":[{\"@type\":\"ListItem\",\"position\":1,\"name\":\"Home\",\"item\":\"https:\/\/franciscanos.org.br\/noticias\"},{\"@type\":\"ListItem\",\"position\":2,\"name\":\"N\u00e3o ser crist\u00e3os estacionados, buscar o Senhor sem medo\"}]},{\"@type\":\"Person\",\"@id\":\"https:\/\/franciscanos.org.br\/noticias\/#\/schema\/person\/b38fbf43118f02820bd932f2e4b14ad3\",\"name\":\"admin\",\"image\":{\"@type\":\"ImageObject\",\"inLanguage\":\"pt-BR\",\"@id\":\"https:\/\/franciscanos.org.br\/noticias\/#\/schema\/person\/image\/\",\"url\":\"https:\/\/secure.gravatar.com\/avatar\/e8495742d34d0ba6448ea1c628263b3e?s=96&d=mm&r=g\",\"contentUrl\":\"https:\/\/secure.gravatar.com\/avatar\/e8495742d34d0ba6448ea1c628263b3e?s=96&d=mm&r=g\",\"caption\":\"admin\"},\"url\":\"https:\/\/franciscanos.org.br\/noticias\/author\/admin\"}]}<\/script>\n<!-- \/ Yoast SEO plugin. -->","yoast_head_json":{"title":"N\u00e3o ser crist\u00e3os estacionados, buscar o Senhor sem medo - Not\u00edcias - Franciscanos","robots":{"index":"index","follow":"follow","max-snippet":"max-snippet:-1","max-image-preview":"max-image-preview:large","max-video-preview":"max-video-preview:-1"},"canonical":"https:\/\/franciscanos.org.br\/noticias\/nao-ser-cristaos-estacionados-buscar-o-senhor-sem-medo.html","og_locale":"pt_BR","og_type":"article","og_title":"N\u00e3o ser crist\u00e3os estacionados, buscar o Senhor sem medo - Not\u00edcias - Franciscanos","og_description":"Missa em Santa Marta","og_url":"https:\/\/franciscanos.org.br\/noticias\/nao-ser-cristaos-estacionados-buscar-o-senhor-sem-medo.html","og_site_name":"Not\u00edcias - Franciscanos","article_published_time":"2018-03-12T12:39:12+00:00","article_modified_time":"2020-06-07T20:09:34+00:00","og_image":[{"width":273,"height":181,"url":"https:\/\/franciscanos.org.br\/noticias\/wp-content\/uploads\/2018\/03\/marta_05.jpg","type":"image\/jpeg"}],"author":"admin","twitter_card":"summary_large_image","twitter_misc":{"Escrito por":"admin","Est. tempo de leitura":"2 minutos"},"schema":{"@context":"https:\/\/schema.org","@graph":[{"@type":"WebSite","@id":"https:\/\/franciscanos.org.br\/noticias\/#website","url":"https:\/\/franciscanos.org.br\/noticias\/","name":"Not\u00edcias - Franciscanos","description":"Prov\u00edncia Franciscana da Imaculada Concei\u00e7\u00e3o do Brasil - Ordem dos Frades Menores - OFM","potentialAction":[{"@type":"SearchAction","target":{"@type":"EntryPoint","urlTemplate":"https:\/\/franciscanos.org.br\/noticias\/?s={search_term_string}"},"query-input":"required name=search_term_string"}],"inLanguage":"pt-BR"},{"@type":"ImageObject","inLanguage":"pt-BR","@id":"https:\/\/franciscanos.org.br\/noticias\/nao-ser-cristaos-estacionados-buscar-o-senhor-sem-medo.html#primaryimage","url":"https:\/\/franciscanos.org.br\/noticias\/wp-content\/uploads\/2018\/03\/marta_05.jpg","contentUrl":"https:\/\/franciscanos.org.br\/noticias\/wp-content\/uploads\/2018\/03\/marta_05.jpg","width":273,"height":181},{"@type":"WebPage","@id":"https:\/\/franciscanos.org.br\/noticias\/nao-ser-cristaos-estacionados-buscar-o-senhor-sem-medo.html#webpage","url":"https:\/\/franciscanos.org.br\/noticias\/nao-ser-cristaos-estacionados-buscar-o-senhor-sem-medo.html","name":"N\u00e3o ser crist\u00e3os estacionados, buscar o Senhor sem medo - Not\u00edcias - Franciscanos","isPartOf":{"@id":"https:\/\/franciscanos.org.br\/noticias\/#website"},"primaryImageOfPage":{"@id":"https:\/\/franciscanos.org.br\/noticias\/nao-ser-cristaos-estacionados-buscar-o-senhor-sem-medo.html#primaryimage"},"datePublished":"2018-03-12T12:39:12+00:00","dateModified":"2020-06-07T20:09:34+00:00","author":{"@id":"https:\/\/franciscanos.org.br\/noticias\/#\/schema\/person\/b38fbf43118f02820bd932f2e4b14ad3"},"breadcrumb":{"@id":"https:\/\/franciscanos.org.br\/noticias\/nao-ser-cristaos-estacionados-buscar-o-senhor-sem-medo.html#breadcrumb"},"inLanguage":"pt-BR","potentialAction":[{"@type":"ReadAction","target":["https:\/\/franciscanos.org.br\/noticias\/nao-ser-cristaos-estacionados-buscar-o-senhor-sem-medo.html"]}]},{"@type":"BreadcrumbList","@id":"https:\/\/franciscanos.org.br\/noticias\/nao-ser-cristaos-estacionados-buscar-o-senhor-sem-medo.html#breadcrumb","itemListElement":[{"@type":"ListItem","position":1,"name":"Home","item":"https:\/\/franciscanos.org.br\/noticias"},{"@type":"ListItem","position":2,"name":"N\u00e3o ser crist\u00e3os estacionados, buscar o Senhor sem medo"}]},{"@type":"Person","@id":"https:\/\/franciscanos.org.br\/noticias\/#\/schema\/person\/b38fbf43118f02820bd932f2e4b14ad3","name":"admin","image":{"@type":"ImageObject","inLanguage":"pt-BR","@id":"https:\/\/franciscanos.org.br\/noticias\/#\/schema\/person\/image\/","url":"https:\/\/secure.gravatar.com\/avatar\/e8495742d34d0ba6448ea1c628263b3e?s=96&d=mm&r=g","contentUrl":"https:\/\/secure.gravatar.com\/avatar\/e8495742d34d0ba6448ea1c628263b3e?s=96&d=mm&r=g","caption":"admin"},"url":"https:\/\/franciscanos.org.br\/noticias\/author\/admin"}]}},"_links":{"self":[{"href":"https:\/\/franciscanos.org.br\/noticias\/wp-json\/wp\/v2\/posts\/153897"}],"collection":[{"href":"https:\/\/franciscanos.org.br\/noticias\/wp-json\/wp\/v2\/posts"}],"about":[{"href":"https:\/\/franciscanos.org.br\/noticias\/wp-json\/wp\/v2\/types\/post"}],"author":[{"embeddable":true,"href":"https:\/\/franciscanos.org.br\/noticias\/wp-json\/wp\/v2\/users\/1"}],"replies":[{"embeddable":true,"href":"https:\/\/franciscanos.org.br\/noticias\/wp-json\/wp\/v2\/comments?post=153897"}],"version-history":[{"count":2,"href":"https:\/\/franciscanos.org.br\/noticias\/wp-json\/wp\/v2\/posts\/153897\/revisions"}],"predecessor-version":[{"id":225048,"href":"https:\/\/franciscanos.org.br\/noticias\/wp-json\/wp\/v2\/posts\/153897\/revisions\/225048"}],"wp:featuredmedia":[{"embeddable":true,"href":"https:\/\/franciscanos.org.br\/noticias\/wp-json\/wp\/v2\/media\/221622"}],"wp:attachment":[{"href":"https:\/\/franciscanos.org.br\/noticias\/wp-json\/wp\/v2\/media?parent=153897"}],"wp:term":[{"taxonomy":"category","embeddable":true,"href":"https:\/\/franciscanos.org.br\/noticias\/wp-json\/wp\/v2\/categories?post=153897"},{"taxonomy":"post_tag","embeddable":true,"href":"https:\/\/franciscanos.org.br\/noticias\/wp-json\/wp\/v2\/tags?post=153897"}],"curies":[{"name":"wp","href":"https:\/\/api.w.org\/{rel}","templated":true}]}}