{"id":153880,"date":"2018-03-12T07:50:40","date_gmt":"2018-03-12T10:50:40","guid":{"rendered":"http:\/\/franciscanos.org.br\/?p=153880"},"modified":"2019-10-31T10:56:04","modified_gmt":"2019-10-31T13:56:04","slug":"capitulo-avaliativo-reune-73-fraternidades-em-agudos","status":"publish","type":"post","link":"https:\/\/franciscanos.org.br\/noticias\/capitulo-avaliativo-reune-73-fraternidades-em-agudos.html","title":{"rendered":"Cap\u00edtulo Avaliativo:  73 Fraternidades em Agudos"},"content":{"rendered":"<p><img loading=\"lazy\" src=\"http:\/\/franciscanos.org.br\/wp-content\/uploads\/2018\/03\/capitulo_120318.jpg\" alt=\"capitulo_120318\" width=\"830\" height=\"553\" \/><br \/>\nCom a presen\u00e7a de 151 irm\u00e3os, entre capitulares, observadores e convidados, foi realizado no \u00faltimo final de semana, no Semin\u00e1rio Santo Antonio, em Agudos (SP), o Cap\u00edtulo Ordin\u00e1rio Avaliativo da Fraternidade Regional Sudeste III. Estavam representadas neste Cap\u00edtulo 73 Fraternidades Franciscanas Seculares da Regi\u00e3o. O Ministro Antonio Julio Martins iniciou fazendo uma apresenta\u00e7\u00e3o da situa\u00e7\u00e3o atual onde est\u00e3o presentes essas Fraternidades e destacou que, em meio a tantas dificuldades, o Esp\u00edrito de Assis continua presente entre os seculares. Frei Jos\u00e9 Carlos Correa Paz, TOR, a partir do tema do Cap\u00edtulo: \u201cAnunciando Cristo pela Vida e pela Palavra\u201d e do lema: \u201cFranciscanos Seculares: irm\u00e3s e irm\u00e3os na Igreja em sa\u00edda\u201d, fez uma reflex\u00e3o sobre o s\u00edmbolo do Cap\u00edtulo e destacou a import\u00e2ncia da espiritualidade franciscana. Segundo ele, se no Cap\u00edtulo das Esteiras que realizamos em Aparecida fomos convidados a voltarmos a Assis, neste Cap\u00edtulo todos devem sair em miss\u00e3o a partir do chamado que Francisco recebeu em S\u00e3o Dami\u00e3o e que hoje nos solicita o Papa Francisco: uma \u201cIgreja em Sa\u00edda\u201d.<br \/>\n<img loading=\"lazy\" src=\"http:\/\/franciscanos.org.br\/wp-content\/uploads\/2018\/03\/capitulo_120318_4.jpg\" alt=\"capitulo_120318_4\" width=\"830\" height=\"397\" \/><br \/>\nSomos crist\u00e3os leigos e leigas na Igreja e na sociedade. Estamos em \u00e9poca de mudan\u00e7a, temos uma OFS muito bem organizada, mas precisamos tomar o cuidado para n\u00e3o nos esvaziarmos e perdermos o esp\u00edrito de perten\u00e7a, precisamos mudar e isso d\u00f3i e \u00e9 necess\u00e1rio anunciar Cristo pela vida e pela Palavra. Precisamos acordar para a forma de atua\u00e7\u00e3o com esp\u00edrito de servir. A perten\u00e7a na OFS precisa nascer da intimidade com Deus, do contr\u00e1rio a voca\u00e7\u00e3o fica prejudicada.<\/p>\n<p><img loading=\"lazy\" class=\"alignleft wp-image-153885 \" src=\"http:\/\/franciscanos.org.br\/wp-content\/uploads\/2018\/03\/capitulo_120318_5.jpg\" alt=\"capitulo_120318_5\" width=\"161\" height=\"231\" \/>O Ministro <em>( foto \u00e0 esq.)<\/em> apresentou dados preocupantes, pois h\u00e1 um decl\u00ednio constante no n\u00famero de irm\u00e3os e as novas voca\u00e7\u00f5es ainda s\u00e3o insuficientes para mudar esse quadro, mas ao mesmo tempo vemos com alegria o surgimento de duas novas fraternidades nas cidades de Mogi-Gua\u00e7u, Santo Andr\u00e9 e o renascimento da Fraternidade na cidade de Barretos. Temos recebido frequentes pedidos de pessoas interessadas em conhecer a OFS e que o Regional est\u00e1 auxiliando bastante no crescimento da Juventude Franciscana (Jufra) com bons resultados e esperan\u00e7a de um crescimento ainda maior do carisma franciscano entre os jovens. Ao mesmo tempo, foi criada uma equipe ampliada de forma\u00e7\u00e3o, com a participa\u00e7\u00e3o um representante de cada um dos Distritos que formam a Regi\u00e3o, pois a forma\u00e7\u00e3o \u00e9 o maior desafio para a OFS voltar a crescer.<\/p>\n<p>Em debates separados, os Distritos estabeleceram as prioridades a serem trabalhadas no pr\u00f3ximo tri\u00eanio. Frei Jos\u00e9 Carlos agradeceu a presen\u00e7a participativa de muitos assistentes espirituais e a novidade de que as irm\u00e3s religiosas tamb\u00e9m s\u00e3o assistentes espirituais, deixando de ser chamadas de colaboradoras dos assistentes. O evento foi muito produtivo, fraterno, com muita participa\u00e7\u00e3o e uma grande alegria em celebrar a Eucaristia junto com a comunidade que frequenta a Igreja do Semin\u00e1rio Santo Antonio, na cidade de Agudos.<br \/>\n<img loading=\"lazy\" src=\"http:\/\/franciscanos.org.br\/wp-content\/uploads\/2018\/03\/capitulo_120318_2.jpg\" alt=\"capitulo_120318_2\" width=\"830\" height=\"553\" \/><\/p>\n","protected":false},"excerpt":{"rendered":"<p>OFS<\/p>\n","protected":false},"author":1,"featured_media":204016,"comment_status":"open","ping_status":"open","sticky":false,"template":"","format":"standard","meta":[],"categories":[1],"tags":[60],"acf":[],"yoast_head":"<!-- This site is optimized with the Yoast SEO plugin v19.2 - https:\/\/yoast.com\/wordpress\/plugins\/seo\/ -->\n<title>Cap\u00edtulo Avaliativo: 73 Fraternidades em Agudos - Not\u00edcias - Franciscanos<\/title>\n<meta name=\"robots\" content=\"index, follow, max-snippet:-1, max-image-preview:large, max-video-preview:-1\" \/>\n<link rel=\"canonical\" href=\"https:\/\/franciscanos.org.br\/noticias\/capitulo-avaliativo-reune-73-fraternidades-em-agudos.html\" \/>\n<meta property=\"og:locale\" content=\"pt_BR\" \/>\n<meta property=\"og:type\" content=\"article\" \/>\n<meta property=\"og:title\" content=\"Cap\u00edtulo Avaliativo: 73 Fraternidades em Agudos - Not\u00edcias - Franciscanos\" \/>\n<meta property=\"og:description\" content=\"OFS\" \/>\n<meta property=\"og:url\" content=\"https:\/\/franciscanos.org.br\/noticias\/capitulo-avaliativo-reune-73-fraternidades-em-agudos.html\" \/>\n<meta property=\"og:site_name\" content=\"Not\u00edcias - Franciscanos\" \/>\n<meta property=\"article:published_time\" content=\"2018-03-12T10:50:40+00:00\" \/>\n<meta property=\"article:modified_time\" content=\"2019-10-31T13:56:04+00:00\" \/>\n<meta property=\"og:image\" content=\"https:\/\/franciscanos.org.br\/noticias\/wp-content\/uploads\/2018\/03\/capitulo_120318.jpg\" \/>\n\t<meta property=\"og:image:width\" content=\"273\" \/>\n\t<meta property=\"og:image:height\" content=\"182\" \/>\n\t<meta property=\"og:image:type\" content=\"image\/jpeg\" \/>\n<meta name=\"author\" content=\"admin\" \/>\n<meta name=\"twitter:card\" content=\"summary_large_image\" \/>\n<meta name=\"twitter:label1\" content=\"Escrito por\" \/>\n\t<meta name=\"twitter:data1\" content=\"admin\" \/>\n\t<meta name=\"twitter:label2\" content=\"Est. tempo de leitura\" \/>\n\t<meta name=\"twitter:data2\" content=\"3 minutos\" \/>\n<script type=\"application\/ld+json\" class=\"yoast-schema-graph\">{\"@context\":\"https:\/\/schema.org\",\"@graph\":[{\"@type\":\"WebSite\",\"@id\":\"https:\/\/franciscanos.org.br\/noticias\/#website\",\"url\":\"https:\/\/franciscanos.org.br\/noticias\/\",\"name\":\"Not\u00edcias - Franciscanos\",\"description\":\"Prov\u00edncia Franciscana da Imaculada Concei\u00e7\u00e3o do Brasil - Ordem dos Frades Menores - OFM\",\"potentialAction\":[{\"@type\":\"SearchAction\",\"target\":{\"@type\":\"EntryPoint\",\"urlTemplate\":\"https:\/\/franciscanos.org.br\/noticias\/?s={search_term_string}\"},\"query-input\":\"required name=search_term_string\"}],\"inLanguage\":\"pt-BR\"},{\"@type\":\"ImageObject\",\"inLanguage\":\"pt-BR\",\"@id\":\"https:\/\/franciscanos.org.br\/noticias\/capitulo-avaliativo-reune-73-fraternidades-em-agudos.html#primaryimage\",\"url\":\"https:\/\/franciscanos.org.br\/noticias\/wp-content\/uploads\/2018\/03\/capitulo_120318.jpg\",\"contentUrl\":\"https:\/\/franciscanos.org.br\/noticias\/wp-content\/uploads\/2018\/03\/capitulo_120318.jpg\",\"width\":273,\"height\":182},{\"@type\":\"WebPage\",\"@id\":\"https:\/\/franciscanos.org.br\/noticias\/capitulo-avaliativo-reune-73-fraternidades-em-agudos.html#webpage\",\"url\":\"https:\/\/franciscanos.org.br\/noticias\/capitulo-avaliativo-reune-73-fraternidades-em-agudos.html\",\"name\":\"Cap\u00edtulo Avaliativo: 73 Fraternidades em Agudos - Not\u00edcias - Franciscanos\",\"isPartOf\":{\"@id\":\"https:\/\/franciscanos.org.br\/noticias\/#website\"},\"primaryImageOfPage\":{\"@id\":\"https:\/\/franciscanos.org.br\/noticias\/capitulo-avaliativo-reune-73-fraternidades-em-agudos.html#primaryimage\"},\"datePublished\":\"2018-03-12T10:50:40+00:00\",\"dateModified\":\"2019-10-31T13:56:04+00:00\",\"author\":{\"@id\":\"https:\/\/franciscanos.org.br\/noticias\/#\/schema\/person\/b38fbf43118f02820bd932f2e4b14ad3\"},\"breadcrumb\":{\"@id\":\"https:\/\/franciscanos.org.br\/noticias\/capitulo-avaliativo-reune-73-fraternidades-em-agudos.html#breadcrumb\"},\"inLanguage\":\"pt-BR\",\"potentialAction\":[{\"@type\":\"ReadAction\",\"target\":[\"https:\/\/franciscanos.org.br\/noticias\/capitulo-avaliativo-reune-73-fraternidades-em-agudos.html\"]}]},{\"@type\":\"BreadcrumbList\",\"@id\":\"https:\/\/franciscanos.org.br\/noticias\/capitulo-avaliativo-reune-73-fraternidades-em-agudos.html#breadcrumb\",\"itemListElement\":[{\"@type\":\"ListItem\",\"position\":1,\"name\":\"Home\",\"item\":\"https:\/\/franciscanos.org.br\/noticias\"},{\"@type\":\"ListItem\",\"position\":2,\"name\":\"Cap\u00edtulo Avaliativo: 73 Fraternidades em Agudos\"}]},{\"@type\":\"Person\",\"@id\":\"https:\/\/franciscanos.org.br\/noticias\/#\/schema\/person\/b38fbf43118f02820bd932f2e4b14ad3\",\"name\":\"admin\",\"image\":{\"@type\":\"ImageObject\",\"inLanguage\":\"pt-BR\",\"@id\":\"https:\/\/franciscanos.org.br\/noticias\/#\/schema\/person\/image\/\",\"url\":\"https:\/\/secure.gravatar.com\/avatar\/e8495742d34d0ba6448ea1c628263b3e?s=96&d=mm&r=g\",\"contentUrl\":\"https:\/\/secure.gravatar.com\/avatar\/e8495742d34d0ba6448ea1c628263b3e?s=96&d=mm&r=g\",\"caption\":\"admin\"},\"url\":\"https:\/\/franciscanos.org.br\/noticias\/author\/admin\"}]}<\/script>\n<!-- \/ Yoast SEO plugin. -->","yoast_head_json":{"title":"Cap\u00edtulo Avaliativo: 73 Fraternidades em Agudos - Not\u00edcias - Franciscanos","robots":{"index":"index","follow":"follow","max-snippet":"max-snippet:-1","max-image-preview":"max-image-preview:large","max-video-preview":"max-video-preview:-1"},"canonical":"https:\/\/franciscanos.org.br\/noticias\/capitulo-avaliativo-reune-73-fraternidades-em-agudos.html","og_locale":"pt_BR","og_type":"article","og_title":"Cap\u00edtulo Avaliativo: 73 Fraternidades em Agudos - Not\u00edcias - Franciscanos","og_description":"OFS","og_url":"https:\/\/franciscanos.org.br\/noticias\/capitulo-avaliativo-reune-73-fraternidades-em-agudos.html","og_site_name":"Not\u00edcias - Franciscanos","article_published_time":"2018-03-12T10:50:40+00:00","article_modified_time":"2019-10-31T13:56:04+00:00","og_image":[{"width":273,"height":182,"url":"https:\/\/franciscanos.org.br\/noticias\/wp-content\/uploads\/2018\/03\/capitulo_120318.jpg","type":"image\/jpeg"}],"author":"admin","twitter_card":"summary_large_image","twitter_misc":{"Escrito por":"admin","Est. tempo de leitura":"3 minutos"},"schema":{"@context":"https:\/\/schema.org","@graph":[{"@type":"WebSite","@id":"https:\/\/franciscanos.org.br\/noticias\/#website","url":"https:\/\/franciscanos.org.br\/noticias\/","name":"Not\u00edcias - Franciscanos","description":"Prov\u00edncia Franciscana da Imaculada Concei\u00e7\u00e3o do Brasil - Ordem dos Frades Menores - OFM","potentialAction":[{"@type":"SearchAction","target":{"@type":"EntryPoint","urlTemplate":"https:\/\/franciscanos.org.br\/noticias\/?s={search_term_string}"},"query-input":"required name=search_term_string"}],"inLanguage":"pt-BR"},{"@type":"ImageObject","inLanguage":"pt-BR","@id":"https:\/\/franciscanos.org.br\/noticias\/capitulo-avaliativo-reune-73-fraternidades-em-agudos.html#primaryimage","url":"https:\/\/franciscanos.org.br\/noticias\/wp-content\/uploads\/2018\/03\/capitulo_120318.jpg","contentUrl":"https:\/\/franciscanos.org.br\/noticias\/wp-content\/uploads\/2018\/03\/capitulo_120318.jpg","width":273,"height":182},{"@type":"WebPage","@id":"https:\/\/franciscanos.org.br\/noticias\/capitulo-avaliativo-reune-73-fraternidades-em-agudos.html#webpage","url":"https:\/\/franciscanos.org.br\/noticias\/capitulo-avaliativo-reune-73-fraternidades-em-agudos.html","name":"Cap\u00edtulo Avaliativo: 73 Fraternidades em Agudos - Not\u00edcias - Franciscanos","isPartOf":{"@id":"https:\/\/franciscanos.org.br\/noticias\/#website"},"primaryImageOfPage":{"@id":"https:\/\/franciscanos.org.br\/noticias\/capitulo-avaliativo-reune-73-fraternidades-em-agudos.html#primaryimage"},"datePublished":"2018-03-12T10:50:40+00:00","dateModified":"2019-10-31T13:56:04+00:00","author":{"@id":"https:\/\/franciscanos.org.br\/noticias\/#\/schema\/person\/b38fbf43118f02820bd932f2e4b14ad3"},"breadcrumb":{"@id":"https:\/\/franciscanos.org.br\/noticias\/capitulo-avaliativo-reune-73-fraternidades-em-agudos.html#breadcrumb"},"inLanguage":"pt-BR","potentialAction":[{"@type":"ReadAction","target":["https:\/\/franciscanos.org.br\/noticias\/capitulo-avaliativo-reune-73-fraternidades-em-agudos.html"]}]},{"@type":"BreadcrumbList","@id":"https:\/\/franciscanos.org.br\/noticias\/capitulo-avaliativo-reune-73-fraternidades-em-agudos.html#breadcrumb","itemListElement":[{"@type":"ListItem","position":1,"name":"Home","item":"https:\/\/franciscanos.org.br\/noticias"},{"@type":"ListItem","position":2,"name":"Cap\u00edtulo Avaliativo: 73 Fraternidades em Agudos"}]},{"@type":"Person","@id":"https:\/\/franciscanos.org.br\/noticias\/#\/schema\/person\/b38fbf43118f02820bd932f2e4b14ad3","name":"admin","image":{"@type":"ImageObject","inLanguage":"pt-BR","@id":"https:\/\/franciscanos.org.br\/noticias\/#\/schema\/person\/image\/","url":"https:\/\/secure.gravatar.com\/avatar\/e8495742d34d0ba6448ea1c628263b3e?s=96&d=mm&r=g","contentUrl":"https:\/\/secure.gravatar.com\/avatar\/e8495742d34d0ba6448ea1c628263b3e?s=96&d=mm&r=g","caption":"admin"},"url":"https:\/\/franciscanos.org.br\/noticias\/author\/admin"}]}},"_links":{"self":[{"href":"https:\/\/franciscanos.org.br\/noticias\/wp-json\/wp\/v2\/posts\/153880"}],"collection":[{"href":"https:\/\/franciscanos.org.br\/noticias\/wp-json\/wp\/v2\/posts"}],"about":[{"href":"https:\/\/franciscanos.org.br\/noticias\/wp-json\/wp\/v2\/types\/post"}],"author":[{"embeddable":true,"href":"https:\/\/franciscanos.org.br\/noticias\/wp-json\/wp\/v2\/users\/1"}],"replies":[{"embeddable":true,"href":"https:\/\/franciscanos.org.br\/noticias\/wp-json\/wp\/v2\/comments?post=153880"}],"version-history":[{"count":0,"href":"https:\/\/franciscanos.org.br\/noticias\/wp-json\/wp\/v2\/posts\/153880\/revisions"}],"wp:featuredmedia":[{"embeddable":true,"href":"https:\/\/franciscanos.org.br\/noticias\/wp-json\/wp\/v2\/media\/204016"}],"wp:attachment":[{"href":"https:\/\/franciscanos.org.br\/noticias\/wp-json\/wp\/v2\/media?parent=153880"}],"wp:term":[{"taxonomy":"category","embeddable":true,"href":"https:\/\/franciscanos.org.br\/noticias\/wp-json\/wp\/v2\/categories?post=153880"},{"taxonomy":"post_tag","embeddable":true,"href":"https:\/\/franciscanos.org.br\/noticias\/wp-json\/wp\/v2\/tags?post=153880"}],"curies":[{"name":"wp","href":"https:\/\/api.w.org\/{rel}","templated":true}]}}