{"id":153774,"date":"2018-03-11T16:57:40","date_gmt":"2018-03-11T19:57:40","guid":{"rendered":"http:\/\/franciscanos.org.br\/?p=153774"},"modified":"2020-06-07T17:10:48","modified_gmt":"2020-06-07T20:10:48","slug":"papa-nao-desencorajar-diante-das-fraquezas-deus-esta-conosco","status":"publish","type":"post","link":"https:\/\/franciscanos.org.br\/noticias\/papa-nao-desencorajar-diante-das-fraquezas-deus-esta-conosco.html","title":{"rendered":"&#8220;N\u00e3o desencorajar diante das fraquezas, Deus est\u00e1 conosco&#8221;"},"content":{"rendered":"<p><img loading=\"lazy\" src=\"http:\/\/franciscanos.org.br\/wp-content\/uploads\/2018\/03\/angelus110318.jpg\" alt=\"angelus110318\" width=\"830\" height=\"400\" \/><\/p>\n<p><strong>Cidade do Vaticano &#8211;<\/strong> Devemos reconhecer os nossos limites, fraquezas e pecados, mas n\u00e3o para desesperar-nos, mas para oferec\u00ea-los ao Senhor, que nos cura. Devemos segur\u00e1-lo pela m\u00e3o e seguir em frente. No Angelus deste IV Domingo da Quaresma, chamado de domingo da alegria, o Papa deixou uma mensagem de encorajamento em sua reflex\u00e3o, inspirada no Evangelho de S\u00e3o Jo\u00e3o, proposto pela liturgia do dia.<\/p>\n<p>A alegria e a salva\u00e7\u00e3o \u2013 frisou \u2013 s\u00e3o o centro do an\u00fancio crist\u00e3o, pois \u201cquando a situa\u00e7\u00e3o parece desesperadora\u201d Deus as oferece ao homem, pois n\u00e3o est\u00e1 separado dele, \u201cmas entra na hist\u00f3ria da humanidade, envolve-se na nossa vida, entra, para anim\u00e1-la com a sua gra\u00e7a e salv\u00e1-la\u201d. Neste sentido, devemos estar atentos para \u201cescutar este an\u00fancio, rejeitando a tenta\u00e7\u00e3o de considerar-nos seguros de n\u00f3s mesmos, de querer deixar de lado Deus, reivindicando uma absoluta liberdade d\u2019Ele e da sua Palavra\u201d.<\/p>\n<p>O Papa nos recorda que \u00e9 preciso ter coragem para \u201creconhecer-nos por aquilo que somos\u201d, fr\u00e1geis, limitados. E quando nos deparamos com nossos pecados e fraquezas, \u201cpode acontecer de sermos tomados pela ang\u00fastia, pela inquieta\u00e7\u00e3o pelo amanh\u00e3, pelo medo da doen\u00e7a e da morte\u201d: \u201cIsto explica porque muitas pessoas, buscando uma sa\u00edda, enveredam \u00e0s vezes por perigosos atalhos, como por exemplo o t\u00fanel da droga ou o das supersti\u00e7\u00f5es ou de desastrosos rituais de magia\u201d.<\/p>\n<p><iframe loading=\"lazy\" src=\"https:\/\/www.youtube.com\/embed\/jqMjVNrJrDo\" width=\"100%\" height=\"450\" frameborder=\"0\" allowfullscreen=\"allowfullscreen\"><\/iframe><\/p>\n<p>N\u00f3s devemos sim reconhecer os pr\u00f3prios limites e fragilidades \u2013 disse o Papa &#8211; mas \u201cn\u00e3o para nos desesperar, mas para oferecer ao Senhor e Ele nos ajuda no caminho da cura, nos leva pela m\u00e3o, mas nunca nos deixa sozinhos, nunca. Deus est\u00e1 conosco e por isto me alegro, nos alegramos hoje: \u00abAlegra-te Jerusal\u00e9m \u2013 diz \u2013 porque Deus est\u00e1 conosco\u00bb\u201d.<\/p>\n<p>\u201cQuando somos verdadeiros crist\u00e3os\u201d, mesmo diante das tristezas \u201cexiste aquela esperan\u00e7a que \u00e9 uma pequena alegria que cresce e te d\u00e1 seguran\u00e7a\u201d: \u201cN\u00f3s n\u00e3o devemos nos desencorajar quando vemos os nossos limites, os nossos pecados, as nossas fraquezas: Deus est\u00e1 ali, Jesus est\u00e1 na cruz para nos curar. Este \u00e9 o amor de Deus. Olhar para o Crucifixo e dizer dentro: \u00abDeus me ama\u00bb\u201d. Deus \u201c\u00e9 maior do que as fraquezas, infidelidades e pecados. E tomemos o Senhor pela m\u00e3o, olhemos para o Crucifixo e sigamos em frente\u201d.<\/p>\n<p>Ao concluir, o Santo Padre invocou a prote\u00e7\u00e3o de Maria, M\u00e3e da Miseric\u00f3rdia, para que coloque em nosso cora\u00e7\u00e3o \u201ca certeza de que somos amados por Deus. Que esteja pr\u00f3xima de n\u00f3s nos momentos em que nos sentimos sozinhos, quando somos tentados a nos render \u00e0s dificuldades da vida. Nos comunique os sentimentos de seu Filho Jesus, para que o nosso caminho quaresmal torne-se experi\u00eancia de perd\u00e3o, de acolhida e de caridade\u201d. Ao final, ao saudar os grupos e peregrinos presentes na Pra\u00e7a S\u00e3o Pedro, o Papa Francisco dirigiu-se \u00e0 comunidade brasileira que vive em Roma e que marcou presen\u00e7a no tradicional encontro dominical com bandeiras do Brasil.<\/p>\n<hr \/>\n<p><em>Fonte: Vatican News<\/em><\/p>\n","protected":false},"excerpt":{"rendered":"<p>Angelus<\/p>\n","protected":false},"author":5,"featured_media":216812,"comment_status":"open","ping_status":"open","sticky":false,"template":"","format":"standard","meta":[],"categories":[1428],"tags":[403],"acf":[],"yoast_head":"<!-- This site is optimized with the Yoast SEO plugin v19.2 - https:\/\/yoast.com\/wordpress\/plugins\/seo\/ -->\n<title>&quot;N\u00e3o desencorajar diante das fraquezas, Deus est\u00e1 conosco&quot; - Not\u00edcias - Franciscanos<\/title>\n<meta name=\"robots\" content=\"index, follow, max-snippet:-1, max-image-preview:large, max-video-preview:-1\" \/>\n<link rel=\"canonical\" href=\"https:\/\/franciscanos.org.br\/noticias\/papa-nao-desencorajar-diante-das-fraquezas-deus-esta-conosco.html\" \/>\n<meta property=\"og:locale\" content=\"pt_BR\" \/>\n<meta property=\"og:type\" content=\"article\" \/>\n<meta property=\"og:title\" content=\"&quot;N\u00e3o desencorajar diante das fraquezas, Deus est\u00e1 conosco&quot; - Not\u00edcias - Franciscanos\" \/>\n<meta property=\"og:description\" content=\"Angelus\" \/>\n<meta property=\"og:url\" content=\"https:\/\/franciscanos.org.br\/noticias\/papa-nao-desencorajar-diante-das-fraquezas-deus-esta-conosco.html\" \/>\n<meta property=\"og:site_name\" content=\"Not\u00edcias - Franciscanos\" \/>\n<meta property=\"article:published_time\" content=\"2018-03-11T19:57:40+00:00\" \/>\n<meta property=\"article:modified_time\" content=\"2020-06-07T20:10:48+00:00\" \/>\n<meta property=\"og:image\" content=\"https:\/\/franciscanos.org.br\/noticias\/wp-content\/uploads\/2018\/03\/angelus110318.jpg\" \/>\n\t<meta property=\"og:image:width\" content=\"273\" \/>\n\t<meta property=\"og:image:height\" content=\"181\" \/>\n\t<meta property=\"og:image:type\" content=\"image\/jpeg\" \/>\n<meta name=\"author\" content=\"freiaugusto\" \/>\n<meta name=\"twitter:card\" content=\"summary_large_image\" \/>\n<meta name=\"twitter:label1\" content=\"Escrito por\" \/>\n\t<meta name=\"twitter:data1\" content=\"freiaugusto\" \/>\n\t<meta name=\"twitter:label2\" content=\"Est. tempo de leitura\" \/>\n\t<meta name=\"twitter:data2\" content=\"3 minutos\" \/>\n<script type=\"application\/ld+json\" class=\"yoast-schema-graph\">{\"@context\":\"https:\/\/schema.org\",\"@graph\":[{\"@type\":\"WebSite\",\"@id\":\"https:\/\/franciscanos.org.br\/noticias\/#website\",\"url\":\"https:\/\/franciscanos.org.br\/noticias\/\",\"name\":\"Not\u00edcias - Franciscanos\",\"description\":\"Prov\u00edncia Franciscana da Imaculada Concei\u00e7\u00e3o do Brasil - Ordem dos Frades Menores - OFM\",\"potentialAction\":[{\"@type\":\"SearchAction\",\"target\":{\"@type\":\"EntryPoint\",\"urlTemplate\":\"https:\/\/franciscanos.org.br\/noticias\/?s={search_term_string}\"},\"query-input\":\"required name=search_term_string\"}],\"inLanguage\":\"pt-BR\"},{\"@type\":\"ImageObject\",\"inLanguage\":\"pt-BR\",\"@id\":\"https:\/\/franciscanos.org.br\/noticias\/papa-nao-desencorajar-diante-das-fraquezas-deus-esta-conosco.html#primaryimage\",\"url\":\"https:\/\/franciscanos.org.br\/noticias\/wp-content\/uploads\/2018\/03\/angelus110318.jpg\",\"contentUrl\":\"https:\/\/franciscanos.org.br\/noticias\/wp-content\/uploads\/2018\/03\/angelus110318.jpg\",\"width\":273,\"height\":181},{\"@type\":\"WebPage\",\"@id\":\"https:\/\/franciscanos.org.br\/noticias\/papa-nao-desencorajar-diante-das-fraquezas-deus-esta-conosco.html#webpage\",\"url\":\"https:\/\/franciscanos.org.br\/noticias\/papa-nao-desencorajar-diante-das-fraquezas-deus-esta-conosco.html\",\"name\":\"\\\"N\u00e3o desencorajar diante das fraquezas, Deus est\u00e1 conosco\\\" - Not\u00edcias - Franciscanos\",\"isPartOf\":{\"@id\":\"https:\/\/franciscanos.org.br\/noticias\/#website\"},\"primaryImageOfPage\":{\"@id\":\"https:\/\/franciscanos.org.br\/noticias\/papa-nao-desencorajar-diante-das-fraquezas-deus-esta-conosco.html#primaryimage\"},\"datePublished\":\"2018-03-11T19:57:40+00:00\",\"dateModified\":\"2020-06-07T20:10:48+00:00\",\"author\":{\"@id\":\"https:\/\/franciscanos.org.br\/noticias\/#\/schema\/person\/37f88f0d111cd5358b12a6556a99eb91\"},\"breadcrumb\":{\"@id\":\"https:\/\/franciscanos.org.br\/noticias\/papa-nao-desencorajar-diante-das-fraquezas-deus-esta-conosco.html#breadcrumb\"},\"inLanguage\":\"pt-BR\",\"potentialAction\":[{\"@type\":\"ReadAction\",\"target\":[\"https:\/\/franciscanos.org.br\/noticias\/papa-nao-desencorajar-diante-das-fraquezas-deus-esta-conosco.html\"]}]},{\"@type\":\"BreadcrumbList\",\"@id\":\"https:\/\/franciscanos.org.br\/noticias\/papa-nao-desencorajar-diante-das-fraquezas-deus-esta-conosco.html#breadcrumb\",\"itemListElement\":[{\"@type\":\"ListItem\",\"position\":1,\"name\":\"Home\",\"item\":\"https:\/\/franciscanos.org.br\/noticias\"},{\"@type\":\"ListItem\",\"position\":2,\"name\":\"&#8220;N\u00e3o desencorajar diante das fraquezas, Deus est\u00e1 conosco&#8221;\"}]},{\"@type\":\"Person\",\"@id\":\"https:\/\/franciscanos.org.br\/noticias\/#\/schema\/person\/37f88f0d111cd5358b12a6556a99eb91\",\"name\":\"freiaugusto\",\"image\":{\"@type\":\"ImageObject\",\"inLanguage\":\"pt-BR\",\"@id\":\"https:\/\/franciscanos.org.br\/noticias\/#\/schema\/person\/image\/\",\"url\":\"https:\/\/secure.gravatar.com\/avatar\/9840b940e621801b24f3e6b059efb4b7?s=96&d=mm&r=g\",\"contentUrl\":\"https:\/\/secure.gravatar.com\/avatar\/9840b940e621801b24f3e6b059efb4b7?s=96&d=mm&r=g\",\"caption\":\"freiaugusto\"},\"url\":\"https:\/\/franciscanos.org.br\/noticias\/author\/freiaugusto\"}]}<\/script>\n<!-- \/ Yoast SEO plugin. -->","yoast_head_json":{"title":"\"N\u00e3o desencorajar diante das fraquezas, Deus est\u00e1 conosco\" - Not\u00edcias - Franciscanos","robots":{"index":"index","follow":"follow","max-snippet":"max-snippet:-1","max-image-preview":"max-image-preview:large","max-video-preview":"max-video-preview:-1"},"canonical":"https:\/\/franciscanos.org.br\/noticias\/papa-nao-desencorajar-diante-das-fraquezas-deus-esta-conosco.html","og_locale":"pt_BR","og_type":"article","og_title":"\"N\u00e3o desencorajar diante das fraquezas, Deus est\u00e1 conosco\" - Not\u00edcias - Franciscanos","og_description":"Angelus","og_url":"https:\/\/franciscanos.org.br\/noticias\/papa-nao-desencorajar-diante-das-fraquezas-deus-esta-conosco.html","og_site_name":"Not\u00edcias - Franciscanos","article_published_time":"2018-03-11T19:57:40+00:00","article_modified_time":"2020-06-07T20:10:48+00:00","og_image":[{"width":273,"height":181,"url":"https:\/\/franciscanos.org.br\/noticias\/wp-content\/uploads\/2018\/03\/angelus110318.jpg","type":"image\/jpeg"}],"author":"freiaugusto","twitter_card":"summary_large_image","twitter_misc":{"Escrito por":"freiaugusto","Est. tempo de leitura":"3 minutos"},"schema":{"@context":"https:\/\/schema.org","@graph":[{"@type":"WebSite","@id":"https:\/\/franciscanos.org.br\/noticias\/#website","url":"https:\/\/franciscanos.org.br\/noticias\/","name":"Not\u00edcias - Franciscanos","description":"Prov\u00edncia Franciscana da Imaculada Concei\u00e7\u00e3o do Brasil - Ordem dos Frades Menores - OFM","potentialAction":[{"@type":"SearchAction","target":{"@type":"EntryPoint","urlTemplate":"https:\/\/franciscanos.org.br\/noticias\/?s={search_term_string}"},"query-input":"required name=search_term_string"}],"inLanguage":"pt-BR"},{"@type":"ImageObject","inLanguage":"pt-BR","@id":"https:\/\/franciscanos.org.br\/noticias\/papa-nao-desencorajar-diante-das-fraquezas-deus-esta-conosco.html#primaryimage","url":"https:\/\/franciscanos.org.br\/noticias\/wp-content\/uploads\/2018\/03\/angelus110318.jpg","contentUrl":"https:\/\/franciscanos.org.br\/noticias\/wp-content\/uploads\/2018\/03\/angelus110318.jpg","width":273,"height":181},{"@type":"WebPage","@id":"https:\/\/franciscanos.org.br\/noticias\/papa-nao-desencorajar-diante-das-fraquezas-deus-esta-conosco.html#webpage","url":"https:\/\/franciscanos.org.br\/noticias\/papa-nao-desencorajar-diante-das-fraquezas-deus-esta-conosco.html","name":"\"N\u00e3o desencorajar diante das fraquezas, Deus est\u00e1 conosco\" - Not\u00edcias - Franciscanos","isPartOf":{"@id":"https:\/\/franciscanos.org.br\/noticias\/#website"},"primaryImageOfPage":{"@id":"https:\/\/franciscanos.org.br\/noticias\/papa-nao-desencorajar-diante-das-fraquezas-deus-esta-conosco.html#primaryimage"},"datePublished":"2018-03-11T19:57:40+00:00","dateModified":"2020-06-07T20:10:48+00:00","author":{"@id":"https:\/\/franciscanos.org.br\/noticias\/#\/schema\/person\/37f88f0d111cd5358b12a6556a99eb91"},"breadcrumb":{"@id":"https:\/\/franciscanos.org.br\/noticias\/papa-nao-desencorajar-diante-das-fraquezas-deus-esta-conosco.html#breadcrumb"},"inLanguage":"pt-BR","potentialAction":[{"@type":"ReadAction","target":["https:\/\/franciscanos.org.br\/noticias\/papa-nao-desencorajar-diante-das-fraquezas-deus-esta-conosco.html"]}]},{"@type":"BreadcrumbList","@id":"https:\/\/franciscanos.org.br\/noticias\/papa-nao-desencorajar-diante-das-fraquezas-deus-esta-conosco.html#breadcrumb","itemListElement":[{"@type":"ListItem","position":1,"name":"Home","item":"https:\/\/franciscanos.org.br\/noticias"},{"@type":"ListItem","position":2,"name":"&#8220;N\u00e3o desencorajar diante das fraquezas, Deus est\u00e1 conosco&#8221;"}]},{"@type":"Person","@id":"https:\/\/franciscanos.org.br\/noticias\/#\/schema\/person\/37f88f0d111cd5358b12a6556a99eb91","name":"freiaugusto","image":{"@type":"ImageObject","inLanguage":"pt-BR","@id":"https:\/\/franciscanos.org.br\/noticias\/#\/schema\/person\/image\/","url":"https:\/\/secure.gravatar.com\/avatar\/9840b940e621801b24f3e6b059efb4b7?s=96&d=mm&r=g","contentUrl":"https:\/\/secure.gravatar.com\/avatar\/9840b940e621801b24f3e6b059efb4b7?s=96&d=mm&r=g","caption":"freiaugusto"},"url":"https:\/\/franciscanos.org.br\/noticias\/author\/freiaugusto"}]}},"_links":{"self":[{"href":"https:\/\/franciscanos.org.br\/noticias\/wp-json\/wp\/v2\/posts\/153774"}],"collection":[{"href":"https:\/\/franciscanos.org.br\/noticias\/wp-json\/wp\/v2\/posts"}],"about":[{"href":"https:\/\/franciscanos.org.br\/noticias\/wp-json\/wp\/v2\/types\/post"}],"author":[{"embeddable":true,"href":"https:\/\/franciscanos.org.br\/noticias\/wp-json\/wp\/v2\/users\/5"}],"replies":[{"embeddable":true,"href":"https:\/\/franciscanos.org.br\/noticias\/wp-json\/wp\/v2\/comments?post=153774"}],"version-history":[{"count":1,"href":"https:\/\/franciscanos.org.br\/noticias\/wp-json\/wp\/v2\/posts\/153774\/revisions"}],"predecessor-version":[{"id":225049,"href":"https:\/\/franciscanos.org.br\/noticias\/wp-json\/wp\/v2\/posts\/153774\/revisions\/225049"}],"wp:featuredmedia":[{"embeddable":true,"href":"https:\/\/franciscanos.org.br\/noticias\/wp-json\/wp\/v2\/media\/216812"}],"wp:attachment":[{"href":"https:\/\/franciscanos.org.br\/noticias\/wp-json\/wp\/v2\/media?parent=153774"}],"wp:term":[{"taxonomy":"category","embeddable":true,"href":"https:\/\/franciscanos.org.br\/noticias\/wp-json\/wp\/v2\/categories?post=153774"},{"taxonomy":"post_tag","embeddable":true,"href":"https:\/\/franciscanos.org.br\/noticias\/wp-json\/wp\/v2\/tags?post=153774"}],"curies":[{"name":"wp","href":"https:\/\/api.w.org\/{rel}","templated":true}]}}