{"id":153765,"date":"2018-03-11T16:21:16","date_gmt":"2018-03-11T19:21:16","guid":{"rendered":"http:\/\/franciscanos.org.br\/?p=153765"},"modified":"2019-05-12T22:35:42","modified_gmt":"2019-05-13T01:35:42","slug":"convite-para-se-abrir-ao-amor-de-deus","status":"publish","type":"post","link":"https:\/\/franciscanos.org.br\/noticias\/convite-para-se-abrir-ao-amor-de-deus.html","title":{"rendered":"Convite para se abrir ao amor de Deus, pede D. Eduardo"},"content":{"rendered":"<p><img loading=\"lazy\" src=\"http:\/\/franciscanos.org.br\/wp-content\/uploads\/2018\/03\/marx_110318_2.jpg\" alt=\"marx_110318_2\" width=\"830\" height=\"445\" \/><\/p>\n<p><strong>Frei Augusto Luiz Gabriel \u00a0e Moacir Beggo<\/strong><\/p>\n<p><strong>S\u00e3o Paulo (SP)<\/strong> &#8211; &#8220;A Igreja, atrav\u00e9s dos seus Ministros, pede para proclamar ao mundo o amor de Deus&#8221;. A palavra amor, repetida intensamente por Dom Eduardo Vieira dos Santos, bispo auxiliar de S\u00e3o Paulo, deu o tom na Celebra\u00e7\u00e3o Eucar\u00edstica, \u00e0s 10h30, na Igreja do centen\u00e1rio Convento S\u00e3o Francisco no centro de S\u00e3o Paulo, quando Frei Marx Rodrigues dos Reis recebeu o primeiro grau do Sacramento da Ordem, o Diaconato.<\/p>\n<p><img loading=\"lazy\" class=\"alignright wp-image-153768 size-full\" src=\"http:\/\/franciscanos.org.br\/wp-content\/uploads\/2018\/03\/marx_110318_6.jpg\" alt=\"marx_110318_6\" width=\"400\" height=\"538\" \/>O carioca Frei Marx, filho de Helo\u00edza e Marco Aur\u00e9lio Ribeiro dos Reis, pode servir, agora, ao povo de Deus na &#8216;diaconia&#8217; da liturgia, da palavra e da caridade. Esse momento foi testemunhado pelos familiares, confrades das Fraternidade local e vizinhas, sacerdotes e religiosos (as) na igreja do Convento, repleta de fi\u00e9is. Frei Diego Melo, em seu coment\u00e1rio, introduziu os participantes a esta festa da ordena\u00e7\u00e3o para o minist\u00e9rio do servi\u00e7o. Ao lado de Dom Eduardo estavam como concelebrantes o Ministro Provincial, Frei Fid\u00eancio Vanboemmel, o Guardi\u00e3o Frei M\u00e1rio Tagliari e o P\u00e1roco Frei Alvaci Mendes da Luz.<\/p>\n<p>&#8220;Jesus convida atrav\u00e9s do di\u00e1cono, atrav\u00e9s dos padres, atrav\u00e9s dos frades, o mundo \u00e0 convers\u00e3o. E nesse tempo da Quaresma somos chamados a refletir sobre a nossa vida de crist\u00e3o. Somos chamados a acolher esse amor misericordioso de Deus de modo muito particular na pessoa de Nosso Senhor Jesus Cristo, que n\u00e3o veio\u00a0 para julgar o mundo, mas para salvar&#8221;, refor\u00e7ou o bispo auxiliar, recordando que este 4\u00ba Domingo da Quaresma, 11 de mar\u00e7o de 2018, \u00e9 chamado como o da alegria, ou &#8220;<em>Laetare<\/em>&#8220;, uma &#8220;pausa nesse tempo lit\u00fargico para nos alegrarmos com a vit\u00f3ria sobre a morte&#8221;.<\/p>\n<p>Sempre muito pr\u00f3ximo dos frades das duas Fraternidades que fazem parte da sua regi\u00e3o episcopal &#8211; o Convento S\u00e3o Francisco e a Par\u00f3quia Santo Ant\u00f4nio do Pari -, Dom Eduardo falou de sua alegria de estar presidindo a celebra\u00e7\u00e3o e brincou com o &#8220;cabelo arrepiado&#8221; de Frei Marx, arrancando risos da Assembleia.<\/p>\n<p>Para o bispo ordenante, o di\u00e1cono tem uma dupla miss\u00e3o: ser arauto da alegria e do amor de Deus. &#8220;Todos j\u00e1 sabem que o di\u00e1cono \u00e9 um homem de Deus, n\u00e3o \u00e9? Que o padre \u00e9 um homem de Deus? N\u00e3o \u00e9? Di\u00e1cono \u00e9 aquele que veio para servir e n\u00e3o ser servido. E se coloca a servi\u00e7o, de modo particular, proclamando a Palavra de Deus para o povo de Deus; servindo no altar; e no servi\u00e7o \u00e0 caridade. Esse nem precisamos falar para os franciscanos. \u00c9 pr\u00f3prio do carisma franciscano o amor aos pobres, o amor aos sofredores, o amor aos \u00faltimos. E nesse tempo bonito da Igreja, de modo particular no Pontificado do Papa Francisco, n\u00f3s temos exemplos de sobra, de amor \u00e0 Palavra, de amor \u00e0 Eucaristia, de amor ao povo, de modo especial aos mais simples. Depois tem os demais sacramentos que, como di\u00e1cono, Frei Marx ir\u00e1 desempenhar&#8221;, explicou Dom Eduardo.<\/p>\n<p><img loading=\"lazy\" src=\"http:\/\/franciscanos.org.br\/wp-content\/uploads\/2018\/03\/marx_110318_1.jpg\" alt=\"marx_110318_1\" width=\"830\" height=\"552\" \/><\/p>\n<p>&#8220;Nesse tempo da Quaresma, somos chamados a acolher Jesus, a Palavra de Deus encarnada no mundo, que veio para nos salvar. A miss\u00e3o de Jesus \u00e9 essa: revelar que Deus \u00e9 amor. Ent\u00e3o, maior presente do amor de Deus para humanidade \u00e9 o envio de Jesus Cristo e a sua miss\u00e3o \u00e9 revelar que Deus \u00e9 amor, que Deus \u00e9 Pai, que Deus ama a cada um, a cada uma. Mesmo diante dos erros, Deus ama a todos igualmente&#8221;, enfatizou, refor\u00e7ando o lema escolhido por Frei Marx: &#8220;Permanecei no meu amor\u201d (Jo 15,9b).<\/p>\n<p>&#8220;Agradecemos pelo &#8216;sim&#8217; de Frei de Marx, que nesta Fraternidade, nesta Igreja, \u00e9 chamado, como a cada um e cada uma, a proclamar o amor de Deus&#8221;, completou, desejando felicidade ao neodi\u00e1cono e pedindo que seja &#8220;um fervoroso disc\u00edpulo de Jesus Cristo&#8221;.<\/p>\n<p><img loading=\"lazy\" src=\"http:\/\/franciscanos.org.br\/wp-content\/uploads\/2018\/03\/marx_110318_5.jpg\" alt=\"marx_110318_5\" width=\"830\" height=\"536\" \/><\/p>\n<p><strong>O RITO DIACONAL<\/strong><\/p>\n<p>Ap\u00f3s a liturgia da Palavra, deu-se in\u00edcio ao rito de ordena\u00e7\u00e3o diaconal. Frei Fid\u00eancio apresentou o candidato eleito para o diaconato, pedindo que Dom Eduardo o ordenasse, atestando assim, a sua idoneidade bem como a aprova\u00e7\u00e3o do Governo Provincial.<\/p>\n<p>Acolhendo o chamado e a miss\u00e3o que o pr\u00f3prio Senhor lhe confiava neste momento, Frei Marx confirmou diante da Igreja e de seu pastor, o seu firme prop\u00f3sito de cumprir fielmente o minist\u00e9rio diaconal. Reconhecendo, por\u00e9m, as grandes exig\u00eancias deste minist\u00e9rio e a necessidade da gra\u00e7a divina, Frei Marx prostrou-se por terra, enquanto Dom Eduardo convidou toda a comunidade a implorar, juntamente com todos os santos e santas de Deus, por este irm\u00e3o eleito para o minist\u00e9rio diaconal.<\/p>\n<p>Momento forte e de simbolismo rico quando o eleito ao diaconato se prostra no ch\u00e3o em sinal de total entrega a Deus, confiando plenamente nas m\u00e3os Daquele que tudo pode.<\/p>\n<p><img loading=\"lazy\" src=\"http:\/\/franciscanos.org.br\/wp-content\/uploads\/2018\/03\/marx_110318_9.jpg\" alt=\"marx_110318_9\" width=\"830\" height=\"458\" \/><\/p>\n<p>Em seguida, estando o ordenando de joelho, Dom Eduardo imp\u00f4s as m\u00e3os sobre a sua cabe\u00e7a. No rito de ordena\u00e7\u00e3o diaconal, apenas o bispo \u00e9 quem imp\u00f5e as m\u00e3os, diferentemente da presbiteral, quando todo o colegiado dos presb\u00edteros imp\u00f5e as m\u00e3os tamb\u00e9m. Ap\u00f3s um breve momento de sil\u00eancio, o bispo ordenante, de m\u00e3os estendidas, faz a prece de ordena\u00e7\u00e3o.<\/p>\n<p>Ap\u00f3s a solene imposi\u00e7\u00e3o das m\u00e3os do bispo e a Prece de Ordena\u00e7\u00e3o, os pais trouxeram em prociss\u00e3o a estola diaconal e a dalm\u00e1tica. Frei M\u00e1rio e Frei Roberto Aparecido, seu colega de turma, ajudaram a vesti-lo. Depois, ele recebeu das m\u00e3os do bispo o Evangeli\u00e1rio: \u201cRecebe o Evangelho de Cristo, do qual foste constitu\u00eddo mensageiro; transforma em f\u00e9 viva o que leres, ensina aquilo que creres e procura realizar o que ensinares\u201d, disse D. Eduardo. E, por fim, atrav\u00e9s de um caloroso abra\u00e7o, o bispo acolheu o neodi\u00e1cono e desejou-lhe a paz. Ele tamb\u00e9m foi abra\u00e7ado pelos pais e pelos seus confrades.<\/p>\n<p>Terminado o rito, Frei Marx passou a servir no altar pela primeira vez como di\u00e1cono.<\/p>\n<p><img loading=\"lazy\" src=\"http:\/\/franciscanos.org.br\/wp-content\/uploads\/2018\/03\/marx_110318_7.jpg\" alt=\"marx_110318_7\" width=\"830\" height=\"485\" \/><\/p>\n<p><strong>GRATID\u00c3O E EMO\u00c7\u00c3O<\/strong><\/p>\n<p>Frei Fid\u00eancio, em nome da Fraternidade Provincial, fez os agradecimentos finais e destacou a presen\u00e7a sempre fraterna de Dom Eduardo, agradeceu \u00e0 Fraternidade do Convento S\u00e3o Francisco, que acolheu Frei Marx para viver a primeira transfer\u00eancia e, junto com Frei Diego, &#8220;viver a sua itiner\u00e2ncia&#8221; nessa prioridade que a Prov\u00edncia escolheu, que \u00e9 cuidado na anima\u00e7\u00e3o vocacional. &#8220;Que voc\u00eas possam ser uma dupla din\u00e2mica e, com o seu diaconato, exercer esse minist\u00e9rio como o bispo nos lembrava, sendo um homem de Deus no altar, na Palavra e na caridade, sobretudo nesse servi\u00e7o espec\u00edfico. Que Deus te aben\u00e7oe e conte sempre com a Fraternidade Provincial. Papai e mam\u00e3e, obrigado de cora\u00e7\u00e3o pela presen\u00e7a de voc\u00eas. Voc\u00eas j\u00e1 fazem parte da nossa fam\u00edlia desde que ele entrou na Ordem Franciscana e hoje esse elo, essa comunh\u00e3o, tamb\u00e9m se estende. Obrigado pela presen\u00e7a de todos e todas que vieram de muitas comunidades&#8221;, sublinhou.<\/p>\n<p>Frei Marx agradeceu a Deus, que &#8220;em seu gesto de amor me chamou e chamou a tantos outros e, certamente, chamar\u00e1 muitos homens e mulheres para servir como ponte entre o amor de Deus e toda a cria\u00e7\u00e3o. Por isso, servirei a este amor e ao amor de Deus. O amor de Deus se d\u00e1 na Eucaristia, na mesa da Palavra, e na caridade aos irm\u00e3os&#8221;, disse.<\/p>\n<p>&nbsp;<\/p>\n<p><img loading=\"lazy\" src=\"http:\/\/franciscanos.org.br\/wp-content\/uploads\/2018\/03\/marx_110318_10.jpg\" alt=\"marx_110318_10\" width=\"830\" height=\"586\" \/><\/p>\n<p>Agradeceu o Cardeal D. Odilo e demonstrou todo o seu carinho a Dom Eduardo: &#8220;Entre sempre em nossas vidas como aquele que nos ama e ama Deus sobre todas as coisas&#8221;, enfatizou. Depois, agradeceu especialmente Frei Fid\u00eancio e, em seu nome, a todos os frades da Prov\u00edncia, colaboradores e pessoas que ajudaram na concretiza\u00e7\u00e3o desta celebra\u00e7\u00e3o. Nos agradecimentos a seus pais e familiares, emocionou-se lembrando as dificuldades que a fam\u00edlia enfrentou, mas nunca deixou de &#8220;acreditar na humanidade&#8221; como ensinou seu pai.<\/p>\n<p>Por \u00faltimo agradeceu a Par\u00f3quia e aos paroquianos e todos os fi\u00e9is presentes, entre eles os amigos de Nil\u00f3polis e Imbari\u00ea, onde morou por \u00faltimo.<\/p>\n<p>Frei Marx, filho de Helo\u00edza e Marco Aur\u00e9lio Ribeiro dos Reis, nasceu em S\u00e3o Jo\u00e3o de Meriti (RJ) no dia 28 de setembro de 1989. Tem duas irm\u00e3s: Amanda (33 anos) e Yolanda (30 anos). Ele ingressou no Aspirantado de Ituporanga em 2008 e vestiu o h\u00e1bito franciscano em 2010. Cursou Filosofia e Teologia nos anos seguintes e, atualmente, reside no Convento S\u00e3o Francisco, onde est\u00e1 a servi\u00e7o da Anima\u00e7\u00e3o Vocacional Provincial.<\/p>\n","protected":false},"excerpt":{"rendered":"<p>Ordena\u00e7\u00e3o diaconal de Frei Marx Rodrigues dos Reis<\/p>\n","protected":false},"author":1,"featured_media":204710,"comment_status":"open","ping_status":"open","sticky":false,"template":"","format":"standard","meta":[],"categories":[1],"tags":[275],"acf":[],"yoast_head":"<!-- This site is optimized with the Yoast SEO plugin v19.2 - https:\/\/yoast.com\/wordpress\/plugins\/seo\/ -->\n<title>Convite para se abrir ao amor de Deus, pede D. Eduardo - Not\u00edcias - Franciscanos<\/title>\n<meta name=\"robots\" content=\"index, follow, max-snippet:-1, max-image-preview:large, max-video-preview:-1\" \/>\n<link rel=\"canonical\" href=\"https:\/\/franciscanos.org.br\/noticias\/convite-para-se-abrir-ao-amor-de-deus.html\" \/>\n<meta property=\"og:locale\" content=\"pt_BR\" \/>\n<meta property=\"og:type\" content=\"article\" \/>\n<meta property=\"og:title\" content=\"Convite para se abrir ao amor de Deus, pede D. Eduardo - Not\u00edcias - Franciscanos\" \/>\n<meta property=\"og:description\" content=\"Ordena\u00e7\u00e3o diaconal de Frei Marx Rodrigues dos Reis\" \/>\n<meta property=\"og:url\" content=\"https:\/\/franciscanos.org.br\/noticias\/convite-para-se-abrir-ao-amor-de-deus.html\" \/>\n<meta property=\"og:site_name\" content=\"Not\u00edcias - Franciscanos\" \/>\n<meta property=\"article:published_time\" content=\"2018-03-11T19:21:16+00:00\" \/>\n<meta property=\"article:modified_time\" content=\"2019-05-13T01:35:42+00:00\" \/>\n<meta property=\"og:image\" content=\"https:\/\/franciscanos.org.br\/noticias\/wp-content\/uploads\/2018\/03\/marx_110318_6.jpg\" \/>\n\t<meta property=\"og:image:width\" content=\"273\" \/>\n\t<meta property=\"og:image:height\" content=\"181\" \/>\n\t<meta property=\"og:image:type\" content=\"image\/jpeg\" \/>\n<meta name=\"author\" content=\"admin\" \/>\n<meta name=\"twitter:card\" content=\"summary_large_image\" \/>\n<meta name=\"twitter:label1\" content=\"Escrito por\" \/>\n\t<meta name=\"twitter:data1\" content=\"admin\" \/>\n\t<meta name=\"twitter:label2\" content=\"Est. tempo de leitura\" \/>\n\t<meta name=\"twitter:data2\" content=\"7 minutos\" \/>\n<script type=\"application\/ld+json\" class=\"yoast-schema-graph\">{\"@context\":\"https:\/\/schema.org\",\"@graph\":[{\"@type\":\"WebSite\",\"@id\":\"https:\/\/franciscanos.org.br\/noticias\/#website\",\"url\":\"https:\/\/franciscanos.org.br\/noticias\/\",\"name\":\"Not\u00edcias - Franciscanos\",\"description\":\"Prov\u00edncia Franciscana da Imaculada Concei\u00e7\u00e3o do Brasil - Ordem dos Frades Menores - OFM\",\"potentialAction\":[{\"@type\":\"SearchAction\",\"target\":{\"@type\":\"EntryPoint\",\"urlTemplate\":\"https:\/\/franciscanos.org.br\/noticias\/?s={search_term_string}\"},\"query-input\":\"required name=search_term_string\"}],\"inLanguage\":\"pt-BR\"},{\"@type\":\"ImageObject\",\"inLanguage\":\"pt-BR\",\"@id\":\"https:\/\/franciscanos.org.br\/noticias\/convite-para-se-abrir-ao-amor-de-deus.html#primaryimage\",\"url\":\"https:\/\/franciscanos.org.br\/noticias\/wp-content\/uploads\/2018\/03\/marx_110318_6.jpg\",\"contentUrl\":\"https:\/\/franciscanos.org.br\/noticias\/wp-content\/uploads\/2018\/03\/marx_110318_6.jpg\",\"width\":273,\"height\":181},{\"@type\":\"WebPage\",\"@id\":\"https:\/\/franciscanos.org.br\/noticias\/convite-para-se-abrir-ao-amor-de-deus.html#webpage\",\"url\":\"https:\/\/franciscanos.org.br\/noticias\/convite-para-se-abrir-ao-amor-de-deus.html\",\"name\":\"Convite para se abrir ao amor de Deus, pede D. Eduardo - Not\u00edcias - Franciscanos\",\"isPartOf\":{\"@id\":\"https:\/\/franciscanos.org.br\/noticias\/#website\"},\"primaryImageOfPage\":{\"@id\":\"https:\/\/franciscanos.org.br\/noticias\/convite-para-se-abrir-ao-amor-de-deus.html#primaryimage\"},\"datePublished\":\"2018-03-11T19:21:16+00:00\",\"dateModified\":\"2019-05-13T01:35:42+00:00\",\"author\":{\"@id\":\"https:\/\/franciscanos.org.br\/noticias\/#\/schema\/person\/b38fbf43118f02820bd932f2e4b14ad3\"},\"breadcrumb\":{\"@id\":\"https:\/\/franciscanos.org.br\/noticias\/convite-para-se-abrir-ao-amor-de-deus.html#breadcrumb\"},\"inLanguage\":\"pt-BR\",\"potentialAction\":[{\"@type\":\"ReadAction\",\"target\":[\"https:\/\/franciscanos.org.br\/noticias\/convite-para-se-abrir-ao-amor-de-deus.html\"]}]},{\"@type\":\"BreadcrumbList\",\"@id\":\"https:\/\/franciscanos.org.br\/noticias\/convite-para-se-abrir-ao-amor-de-deus.html#breadcrumb\",\"itemListElement\":[{\"@type\":\"ListItem\",\"position\":1,\"name\":\"Home\",\"item\":\"https:\/\/franciscanos.org.br\/noticias\"},{\"@type\":\"ListItem\",\"position\":2,\"name\":\"Convite para se abrir ao amor de Deus, pede D. Eduardo\"}]},{\"@type\":\"Person\",\"@id\":\"https:\/\/franciscanos.org.br\/noticias\/#\/schema\/person\/b38fbf43118f02820bd932f2e4b14ad3\",\"name\":\"admin\",\"image\":{\"@type\":\"ImageObject\",\"inLanguage\":\"pt-BR\",\"@id\":\"https:\/\/franciscanos.org.br\/noticias\/#\/schema\/person\/image\/\",\"url\":\"https:\/\/secure.gravatar.com\/avatar\/e8495742d34d0ba6448ea1c628263b3e?s=96&d=mm&r=g\",\"contentUrl\":\"https:\/\/secure.gravatar.com\/avatar\/e8495742d34d0ba6448ea1c628263b3e?s=96&d=mm&r=g\",\"caption\":\"admin\"},\"url\":\"https:\/\/franciscanos.org.br\/noticias\/author\/admin\"}]}<\/script>\n<!-- \/ Yoast SEO plugin. -->","yoast_head_json":{"title":"Convite para se abrir ao amor de Deus, pede D. Eduardo - Not\u00edcias - Franciscanos","robots":{"index":"index","follow":"follow","max-snippet":"max-snippet:-1","max-image-preview":"max-image-preview:large","max-video-preview":"max-video-preview:-1"},"canonical":"https:\/\/franciscanos.org.br\/noticias\/convite-para-se-abrir-ao-amor-de-deus.html","og_locale":"pt_BR","og_type":"article","og_title":"Convite para se abrir ao amor de Deus, pede D. Eduardo - Not\u00edcias - Franciscanos","og_description":"Ordena\u00e7\u00e3o diaconal de Frei Marx Rodrigues dos Reis","og_url":"https:\/\/franciscanos.org.br\/noticias\/convite-para-se-abrir-ao-amor-de-deus.html","og_site_name":"Not\u00edcias - Franciscanos","article_published_time":"2018-03-11T19:21:16+00:00","article_modified_time":"2019-05-13T01:35:42+00:00","og_image":[{"width":273,"height":181,"url":"https:\/\/franciscanos.org.br\/noticias\/wp-content\/uploads\/2018\/03\/marx_110318_6.jpg","type":"image\/jpeg"}],"author":"admin","twitter_card":"summary_large_image","twitter_misc":{"Escrito por":"admin","Est. tempo de leitura":"7 minutos"},"schema":{"@context":"https:\/\/schema.org","@graph":[{"@type":"WebSite","@id":"https:\/\/franciscanos.org.br\/noticias\/#website","url":"https:\/\/franciscanos.org.br\/noticias\/","name":"Not\u00edcias - Franciscanos","description":"Prov\u00edncia Franciscana da Imaculada Concei\u00e7\u00e3o do Brasil - Ordem dos Frades Menores - OFM","potentialAction":[{"@type":"SearchAction","target":{"@type":"EntryPoint","urlTemplate":"https:\/\/franciscanos.org.br\/noticias\/?s={search_term_string}"},"query-input":"required name=search_term_string"}],"inLanguage":"pt-BR"},{"@type":"ImageObject","inLanguage":"pt-BR","@id":"https:\/\/franciscanos.org.br\/noticias\/convite-para-se-abrir-ao-amor-de-deus.html#primaryimage","url":"https:\/\/franciscanos.org.br\/noticias\/wp-content\/uploads\/2018\/03\/marx_110318_6.jpg","contentUrl":"https:\/\/franciscanos.org.br\/noticias\/wp-content\/uploads\/2018\/03\/marx_110318_6.jpg","width":273,"height":181},{"@type":"WebPage","@id":"https:\/\/franciscanos.org.br\/noticias\/convite-para-se-abrir-ao-amor-de-deus.html#webpage","url":"https:\/\/franciscanos.org.br\/noticias\/convite-para-se-abrir-ao-amor-de-deus.html","name":"Convite para se abrir ao amor de Deus, pede D. Eduardo - Not\u00edcias - Franciscanos","isPartOf":{"@id":"https:\/\/franciscanos.org.br\/noticias\/#website"},"primaryImageOfPage":{"@id":"https:\/\/franciscanos.org.br\/noticias\/convite-para-se-abrir-ao-amor-de-deus.html#primaryimage"},"datePublished":"2018-03-11T19:21:16+00:00","dateModified":"2019-05-13T01:35:42+00:00","author":{"@id":"https:\/\/franciscanos.org.br\/noticias\/#\/schema\/person\/b38fbf43118f02820bd932f2e4b14ad3"},"breadcrumb":{"@id":"https:\/\/franciscanos.org.br\/noticias\/convite-para-se-abrir-ao-amor-de-deus.html#breadcrumb"},"inLanguage":"pt-BR","potentialAction":[{"@type":"ReadAction","target":["https:\/\/franciscanos.org.br\/noticias\/convite-para-se-abrir-ao-amor-de-deus.html"]}]},{"@type":"BreadcrumbList","@id":"https:\/\/franciscanos.org.br\/noticias\/convite-para-se-abrir-ao-amor-de-deus.html#breadcrumb","itemListElement":[{"@type":"ListItem","position":1,"name":"Home","item":"https:\/\/franciscanos.org.br\/noticias"},{"@type":"ListItem","position":2,"name":"Convite para se abrir ao amor de Deus, pede D. Eduardo"}]},{"@type":"Person","@id":"https:\/\/franciscanos.org.br\/noticias\/#\/schema\/person\/b38fbf43118f02820bd932f2e4b14ad3","name":"admin","image":{"@type":"ImageObject","inLanguage":"pt-BR","@id":"https:\/\/franciscanos.org.br\/noticias\/#\/schema\/person\/image\/","url":"https:\/\/secure.gravatar.com\/avatar\/e8495742d34d0ba6448ea1c628263b3e?s=96&d=mm&r=g","contentUrl":"https:\/\/secure.gravatar.com\/avatar\/e8495742d34d0ba6448ea1c628263b3e?s=96&d=mm&r=g","caption":"admin"},"url":"https:\/\/franciscanos.org.br\/noticias\/author\/admin"}]}},"_links":{"self":[{"href":"https:\/\/franciscanos.org.br\/noticias\/wp-json\/wp\/v2\/posts\/153765"}],"collection":[{"href":"https:\/\/franciscanos.org.br\/noticias\/wp-json\/wp\/v2\/posts"}],"about":[{"href":"https:\/\/franciscanos.org.br\/noticias\/wp-json\/wp\/v2\/types\/post"}],"author":[{"embeddable":true,"href":"https:\/\/franciscanos.org.br\/noticias\/wp-json\/wp\/v2\/users\/1"}],"replies":[{"embeddable":true,"href":"https:\/\/franciscanos.org.br\/noticias\/wp-json\/wp\/v2\/comments?post=153765"}],"version-history":[{"count":0,"href":"https:\/\/franciscanos.org.br\/noticias\/wp-json\/wp\/v2\/posts\/153765\/revisions"}],"wp:featuredmedia":[{"embeddable":true,"href":"https:\/\/franciscanos.org.br\/noticias\/wp-json\/wp\/v2\/media\/204710"}],"wp:attachment":[{"href":"https:\/\/franciscanos.org.br\/noticias\/wp-json\/wp\/v2\/media?parent=153765"}],"wp:term":[{"taxonomy":"category","embeddable":true,"href":"https:\/\/franciscanos.org.br\/noticias\/wp-json\/wp\/v2\/categories?post=153765"},{"taxonomy":"post_tag","embeddable":true,"href":"https:\/\/franciscanos.org.br\/noticias\/wp-json\/wp\/v2\/tags?post=153765"}],"curies":[{"name":"wp","href":"https:\/\/api.w.org\/{rel}","templated":true}]}}