{"id":153669,"date":"2018-03-07T11:32:26","date_gmt":"2018-03-07T14:32:26","guid":{"rendered":"http:\/\/franciscanos.org.br\/?p=153669"},"modified":"2019-08-13T09:01:28","modified_gmt":"2019-08-13T12:01:28","slug":"cultura-da-paz-e-o-tema-do-segundo-encontro-da-frente-da-comunicacao","status":"publish","type":"post","link":"https:\/\/franciscanos.org.br\/noticias\/cultura-da-paz-e-o-tema-do-segundo-encontro-da-frente-da-comunicacao.html","title":{"rendered":"Cultura da Paz \u00e9 o tema do segundo Encontro da Frente da Comunica\u00e7\u00e3o"},"content":{"rendered":"<p><img loading=\"lazy\" class=\"alignnone wp-image-192268 size-full\" src=\"https:\/\/franciscanos.org.br\/noticias\/wp-content\/uploads\/2018\/03\/encontro_comunicacao_2.jpg\" alt=\"\" width=\"890\" height=\"400\" srcset=\"https:\/\/franciscanos.org.br\/noticias\/wp-content\/uploads\/2018\/03\/encontro_comunicacao_2.jpg 890w, https:\/\/franciscanos.org.br\/noticias\/wp-content\/uploads\/2018\/03\/encontro_comunicacao_2-450x202.jpg 450w, https:\/\/franciscanos.org.br\/noticias\/wp-content\/uploads\/2018\/03\/encontro_comunicacao_2-768x345.jpg 768w, https:\/\/franciscanos.org.br\/noticias\/wp-content\/uploads\/2018\/03\/encontro_comunicacao_2-150x67.jpg 150w\" sizes=\"(max-width: 890px) 100vw, 890px\" \/><\/p>\n<p><strong>Frei Augusto Luiz Gabriel<\/strong><\/p>\n<p><strong>S\u00e3o Paulo (SP) \u2013<\/strong> \u201cComunica\u00e7\u00e3o e Cultura de Paz\u201d foi o tema do segundo Encontro de Forma\u00e7\u00e3o Permanente da Frente de Evangeliza\u00e7\u00e3o da Comunica\u00e7\u00e3o da Prov\u00edncia da Imaculada. A convidada foi a professora do Departamento de Comunica\u00e7\u00e3o Social da Universidade Federal do Maranh\u00e3o, Vera Lucia Rolim Salles. A palestra aconteceu via videoconfer\u00eancia em S\u00e3o Paulo no dia (07\/03). Marcaram presen\u00e7a, os colaboradores da Funda\u00e7\u00e3o Frei Rog\u00e9rio, de Curitibanos (SC), Rede Celinauta de Comunica\u00e7\u00e3o, de Pato Branco (PR), Grupo Educacional Bom Jesus, de Curitiba (PR), Servi\u00e7o Franciscano de Solidariedade &#8211; Sefras (SP), Universidade S\u00e3o Francisco &#8211; USF (SP) e da Sede Provincial (SP).<\/p>\n<p>Tendo como base o balan\u00e7o da d\u00e9cada Internacional da promo\u00e7\u00e3o da cultura de paz e n\u00e3o viol\u00eancia em benef\u00edcio das crian\u00e7as do mundo em 2010, organizado pela Organiza\u00e7\u00e3o das Na\u00e7\u00f5es Unidas para a Educa\u00e7\u00e3o, a Ci\u00eancia e a Cultura (UNESCO), a palestrante introduziu o tema apresentando seis princ\u00edpios da cultura de paz: 1) respeitar a vida; 2) rejeitar a viol\u00eancia; 3) ser generoso; 4) ouvir para compreender; 5) preservar o planeta e 6) redescobrir a solidariedade. \u201cEstes princ\u00edpios oferecem a concretude para o nosso quotidiano, pois a paz n\u00e3o \u00e9 abstrata\u201d, adiantou a professora.<\/p>\n<p><img loading=\"lazy\" class=\"alignleft size-full wp-image-153681\" src=\"http:\/\/franciscanos.org.br\/wp-content\/uploads\/2018\/03\/forma\u00e7\u00e3o070318-meio.jpg\" alt=\"forma\u00e7\u00e3o070318 meio\" width=\"350\" height=\"300\" \/>A palestrante afirmou que se faz necess\u00e1rio aprofundar os valores propostos pelo manifesto, mesmo que para a promo\u00e7\u00e3o da justi\u00e7a e da cultura da paz seja necess\u00e1rio transitar por um caminho que marcha na contram\u00e3o da sociedade. \u201cVive-se, atualmente, dentro da perspectiva moderna do toma l\u00e1 da c\u00e1. Por isso, \u00e9 preciso uma sociedade que se baseie nestes valores, principalmente na lei do amor, deixado a n\u00f3s por Jesus Cristo\u201d pediu a professora.<\/p>\n<p>Encontrar meios e pessoas dispostas a mudarem valores, atitudes e comportamentos, que visam \u00e0 promo\u00e7\u00e3o da paz, \u00e9 um grande desafio, pois, quando se fala em cultura de paz refere a uma provoca\u00e7\u00e3o que consiste fundamentalmente em criar meios que solucionem os conflitos e desigualdades presentes na sociedade. Neste sentido, Vera deu continuidade ao tema proposto, trazendo \u00e0 tona a unicidade e singularidade de cada ser humano: \u201cN\u00e3o existem pessoas iguais, por isso precisamos aceitar o outro. Antes, por\u00e9m, \u00e9 necess\u00e1rio uma auto-aceita\u00e7\u00e3o. Necessitamos tamb\u00e9m combater atitudes desrespeitosas, racistas, exacerbadas, radicais, de intoler\u00e2ncia religiosa e de preconceitos. \u00c9 importante criar um meio onde se possa promover esses princ\u00edpios para tentarmos aos poucos mudar esse cen\u00e1rio\u201d, sublinhou a professora Vera Lucia.<\/p>\n<p>Em rela\u00e7\u00e3o \u00e0 cultura de \u00f3dio e desrespeito instalada nas redes sociais, Vera Lucia lan\u00e7ou m\u00e3o da seguinte indaga\u00e7\u00e3o: \u201cComo podemos sair desse c\u00edrculo de \u00f3dio e viol\u00eancia?\u201d segundo acredita: \u201cCriando redes de conviv\u00eancia entre grupos religiosos, comunicadores, entre movimentos que lutam por uma sociedade melhor, mais humana, mais pac\u00edfica. Pac\u00edfica n\u00e3o quer dizer que ela tenha que ser ap\u00e1tica \u2013, mas sim, que respeite todos os valores da cultura de paz\u201d ressaltou.<\/p>\n<p>No final os participantes tiveram um momento de partilha tendo em vista os trabalhos que j\u00e1 s\u00e3o realizados nos meios de comunica\u00e7\u00e3o da Prov\u00edncia. O pr\u00f3ximo Encontro de Forma\u00e7\u00e3o Permanente acontecer\u00e1 no dia 2 de maio e ter\u00e1 como tema: \u201cProjeto Virtudes: da Educa\u00e7\u00e3o a Comunica\u00e7\u00e3o\u201d, assessorado por Frei Claudino Gilz, professor de Ensino Religioso do Grupo Educacional Bom Jesus.<\/p>\n","protected":false},"excerpt":{"rendered":"<p>Frente da Comunica\u00e7\u00e3o<\/p>\n","protected":false},"author":5,"featured_media":192269,"comment_status":"open","ping_status":"open","sticky":false,"template":"","format":"standard","meta":[],"categories":[1],"tags":[550],"acf":[],"yoast_head":"<!-- This site is optimized with the Yoast SEO plugin v19.2 - https:\/\/yoast.com\/wordpress\/plugins\/seo\/ -->\n<title>Cultura da Paz \u00e9 o tema do segundo Encontro da Frente da Comunica\u00e7\u00e3o - Not\u00edcias - Franciscanos<\/title>\n<meta name=\"robots\" content=\"index, follow, max-snippet:-1, max-image-preview:large, max-video-preview:-1\" \/>\n<link rel=\"canonical\" href=\"https:\/\/franciscanos.org.br\/noticias\/cultura-da-paz-e-o-tema-do-segundo-encontro-da-frente-da-comunicacao.html\" \/>\n<meta property=\"og:locale\" content=\"pt_BR\" \/>\n<meta property=\"og:type\" content=\"article\" \/>\n<meta property=\"og:title\" content=\"Cultura da Paz \u00e9 o tema do segundo Encontro da Frente da Comunica\u00e7\u00e3o - Not\u00edcias - Franciscanos\" \/>\n<meta property=\"og:description\" content=\"Frente da Comunica\u00e7\u00e3o\" \/>\n<meta property=\"og:url\" content=\"https:\/\/franciscanos.org.br\/noticias\/cultura-da-paz-e-o-tema-do-segundo-encontro-da-frente-da-comunicacao.html\" \/>\n<meta property=\"og:site_name\" content=\"Not\u00edcias - Franciscanos\" \/>\n<meta property=\"article:published_time\" content=\"2018-03-07T14:32:26+00:00\" \/>\n<meta property=\"article:modified_time\" content=\"2019-08-13T12:01:28+00:00\" \/>\n<meta property=\"og:image\" content=\"https:\/\/franciscanos.org.br\/noticias\/wp-content\/uploads\/2018\/03\/encontro_comunicacao_3.jpg\" \/>\n\t<meta property=\"og:image:width\" content=\"330\" \/>\n\t<meta property=\"og:image:height\" content=\"219\" \/>\n\t<meta property=\"og:image:type\" content=\"image\/jpeg\" \/>\n<meta name=\"author\" content=\"freiaugusto\" \/>\n<meta name=\"twitter:card\" content=\"summary_large_image\" \/>\n<meta name=\"twitter:label1\" content=\"Escrito por\" \/>\n\t<meta name=\"twitter:data1\" content=\"freiaugusto\" \/>\n\t<meta name=\"twitter:label2\" content=\"Est. tempo de leitura\" \/>\n\t<meta name=\"twitter:data2\" content=\"3 minutos\" \/>\n<script type=\"application\/ld+json\" class=\"yoast-schema-graph\">{\"@context\":\"https:\/\/schema.org\",\"@graph\":[{\"@type\":\"WebSite\",\"@id\":\"https:\/\/franciscanos.org.br\/noticias\/#website\",\"url\":\"https:\/\/franciscanos.org.br\/noticias\/\",\"name\":\"Not\u00edcias - Franciscanos\",\"description\":\"Prov\u00edncia Franciscana da Imaculada Concei\u00e7\u00e3o do Brasil - Ordem dos Frades Menores - OFM\",\"potentialAction\":[{\"@type\":\"SearchAction\",\"target\":{\"@type\":\"EntryPoint\",\"urlTemplate\":\"https:\/\/franciscanos.org.br\/noticias\/?s={search_term_string}\"},\"query-input\":\"required name=search_term_string\"}],\"inLanguage\":\"pt-BR\"},{\"@type\":\"ImageObject\",\"inLanguage\":\"pt-BR\",\"@id\":\"https:\/\/franciscanos.org.br\/noticias\/cultura-da-paz-e-o-tema-do-segundo-encontro-da-frente-da-comunicacao.html#primaryimage\",\"url\":\"https:\/\/franciscanos.org.br\/noticias\/wp-content\/uploads\/2018\/03\/encontro_comunicacao_3.jpg\",\"contentUrl\":\"https:\/\/franciscanos.org.br\/noticias\/wp-content\/uploads\/2018\/03\/encontro_comunicacao_3.jpg\",\"width\":330,\"height\":219},{\"@type\":\"WebPage\",\"@id\":\"https:\/\/franciscanos.org.br\/noticias\/cultura-da-paz-e-o-tema-do-segundo-encontro-da-frente-da-comunicacao.html#webpage\",\"url\":\"https:\/\/franciscanos.org.br\/noticias\/cultura-da-paz-e-o-tema-do-segundo-encontro-da-frente-da-comunicacao.html\",\"name\":\"Cultura da Paz \u00e9 o tema do segundo Encontro da Frente da Comunica\u00e7\u00e3o - Not\u00edcias - Franciscanos\",\"isPartOf\":{\"@id\":\"https:\/\/franciscanos.org.br\/noticias\/#website\"},\"primaryImageOfPage\":{\"@id\":\"https:\/\/franciscanos.org.br\/noticias\/cultura-da-paz-e-o-tema-do-segundo-encontro-da-frente-da-comunicacao.html#primaryimage\"},\"datePublished\":\"2018-03-07T14:32:26+00:00\",\"dateModified\":\"2019-08-13T12:01:28+00:00\",\"author\":{\"@id\":\"https:\/\/franciscanos.org.br\/noticias\/#\/schema\/person\/37f88f0d111cd5358b12a6556a99eb91\"},\"breadcrumb\":{\"@id\":\"https:\/\/franciscanos.org.br\/noticias\/cultura-da-paz-e-o-tema-do-segundo-encontro-da-frente-da-comunicacao.html#breadcrumb\"},\"inLanguage\":\"pt-BR\",\"potentialAction\":[{\"@type\":\"ReadAction\",\"target\":[\"https:\/\/franciscanos.org.br\/noticias\/cultura-da-paz-e-o-tema-do-segundo-encontro-da-frente-da-comunicacao.html\"]}]},{\"@type\":\"BreadcrumbList\",\"@id\":\"https:\/\/franciscanos.org.br\/noticias\/cultura-da-paz-e-o-tema-do-segundo-encontro-da-frente-da-comunicacao.html#breadcrumb\",\"itemListElement\":[{\"@type\":\"ListItem\",\"position\":1,\"name\":\"Home\",\"item\":\"https:\/\/franciscanos.org.br\/noticias\"},{\"@type\":\"ListItem\",\"position\":2,\"name\":\"Cultura da Paz \u00e9 o tema do segundo Encontro da Frente da Comunica\u00e7\u00e3o\"}]},{\"@type\":\"Person\",\"@id\":\"https:\/\/franciscanos.org.br\/noticias\/#\/schema\/person\/37f88f0d111cd5358b12a6556a99eb91\",\"name\":\"freiaugusto\",\"image\":{\"@type\":\"ImageObject\",\"inLanguage\":\"pt-BR\",\"@id\":\"https:\/\/franciscanos.org.br\/noticias\/#\/schema\/person\/image\/\",\"url\":\"https:\/\/secure.gravatar.com\/avatar\/9840b940e621801b24f3e6b059efb4b7?s=96&d=mm&r=g\",\"contentUrl\":\"https:\/\/secure.gravatar.com\/avatar\/9840b940e621801b24f3e6b059efb4b7?s=96&d=mm&r=g\",\"caption\":\"freiaugusto\"},\"url\":\"https:\/\/franciscanos.org.br\/noticias\/author\/freiaugusto\"}]}<\/script>\n<!-- \/ Yoast SEO plugin. -->","yoast_head_json":{"title":"Cultura da Paz \u00e9 o tema do segundo Encontro da Frente da Comunica\u00e7\u00e3o - Not\u00edcias - Franciscanos","robots":{"index":"index","follow":"follow","max-snippet":"max-snippet:-1","max-image-preview":"max-image-preview:large","max-video-preview":"max-video-preview:-1"},"canonical":"https:\/\/franciscanos.org.br\/noticias\/cultura-da-paz-e-o-tema-do-segundo-encontro-da-frente-da-comunicacao.html","og_locale":"pt_BR","og_type":"article","og_title":"Cultura da Paz \u00e9 o tema do segundo Encontro da Frente da Comunica\u00e7\u00e3o - Not\u00edcias - Franciscanos","og_description":"Frente da Comunica\u00e7\u00e3o","og_url":"https:\/\/franciscanos.org.br\/noticias\/cultura-da-paz-e-o-tema-do-segundo-encontro-da-frente-da-comunicacao.html","og_site_name":"Not\u00edcias - Franciscanos","article_published_time":"2018-03-07T14:32:26+00:00","article_modified_time":"2019-08-13T12:01:28+00:00","og_image":[{"width":330,"height":219,"url":"https:\/\/franciscanos.org.br\/noticias\/wp-content\/uploads\/2018\/03\/encontro_comunicacao_3.jpg","type":"image\/jpeg"}],"author":"freiaugusto","twitter_card":"summary_large_image","twitter_misc":{"Escrito por":"freiaugusto","Est. tempo de leitura":"3 minutos"},"schema":{"@context":"https:\/\/schema.org","@graph":[{"@type":"WebSite","@id":"https:\/\/franciscanos.org.br\/noticias\/#website","url":"https:\/\/franciscanos.org.br\/noticias\/","name":"Not\u00edcias - Franciscanos","description":"Prov\u00edncia Franciscana da Imaculada Concei\u00e7\u00e3o do Brasil - Ordem dos Frades Menores - OFM","potentialAction":[{"@type":"SearchAction","target":{"@type":"EntryPoint","urlTemplate":"https:\/\/franciscanos.org.br\/noticias\/?s={search_term_string}"},"query-input":"required name=search_term_string"}],"inLanguage":"pt-BR"},{"@type":"ImageObject","inLanguage":"pt-BR","@id":"https:\/\/franciscanos.org.br\/noticias\/cultura-da-paz-e-o-tema-do-segundo-encontro-da-frente-da-comunicacao.html#primaryimage","url":"https:\/\/franciscanos.org.br\/noticias\/wp-content\/uploads\/2018\/03\/encontro_comunicacao_3.jpg","contentUrl":"https:\/\/franciscanos.org.br\/noticias\/wp-content\/uploads\/2018\/03\/encontro_comunicacao_3.jpg","width":330,"height":219},{"@type":"WebPage","@id":"https:\/\/franciscanos.org.br\/noticias\/cultura-da-paz-e-o-tema-do-segundo-encontro-da-frente-da-comunicacao.html#webpage","url":"https:\/\/franciscanos.org.br\/noticias\/cultura-da-paz-e-o-tema-do-segundo-encontro-da-frente-da-comunicacao.html","name":"Cultura da Paz \u00e9 o tema do segundo Encontro da Frente da Comunica\u00e7\u00e3o - Not\u00edcias - Franciscanos","isPartOf":{"@id":"https:\/\/franciscanos.org.br\/noticias\/#website"},"primaryImageOfPage":{"@id":"https:\/\/franciscanos.org.br\/noticias\/cultura-da-paz-e-o-tema-do-segundo-encontro-da-frente-da-comunicacao.html#primaryimage"},"datePublished":"2018-03-07T14:32:26+00:00","dateModified":"2019-08-13T12:01:28+00:00","author":{"@id":"https:\/\/franciscanos.org.br\/noticias\/#\/schema\/person\/37f88f0d111cd5358b12a6556a99eb91"},"breadcrumb":{"@id":"https:\/\/franciscanos.org.br\/noticias\/cultura-da-paz-e-o-tema-do-segundo-encontro-da-frente-da-comunicacao.html#breadcrumb"},"inLanguage":"pt-BR","potentialAction":[{"@type":"ReadAction","target":["https:\/\/franciscanos.org.br\/noticias\/cultura-da-paz-e-o-tema-do-segundo-encontro-da-frente-da-comunicacao.html"]}]},{"@type":"BreadcrumbList","@id":"https:\/\/franciscanos.org.br\/noticias\/cultura-da-paz-e-o-tema-do-segundo-encontro-da-frente-da-comunicacao.html#breadcrumb","itemListElement":[{"@type":"ListItem","position":1,"name":"Home","item":"https:\/\/franciscanos.org.br\/noticias"},{"@type":"ListItem","position":2,"name":"Cultura da Paz \u00e9 o tema do segundo Encontro da Frente da Comunica\u00e7\u00e3o"}]},{"@type":"Person","@id":"https:\/\/franciscanos.org.br\/noticias\/#\/schema\/person\/37f88f0d111cd5358b12a6556a99eb91","name":"freiaugusto","image":{"@type":"ImageObject","inLanguage":"pt-BR","@id":"https:\/\/franciscanos.org.br\/noticias\/#\/schema\/person\/image\/","url":"https:\/\/secure.gravatar.com\/avatar\/9840b940e621801b24f3e6b059efb4b7?s=96&d=mm&r=g","contentUrl":"https:\/\/secure.gravatar.com\/avatar\/9840b940e621801b24f3e6b059efb4b7?s=96&d=mm&r=g","caption":"freiaugusto"},"url":"https:\/\/franciscanos.org.br\/noticias\/author\/freiaugusto"}]}},"_links":{"self":[{"href":"https:\/\/franciscanos.org.br\/noticias\/wp-json\/wp\/v2\/posts\/153669"}],"collection":[{"href":"https:\/\/franciscanos.org.br\/noticias\/wp-json\/wp\/v2\/posts"}],"about":[{"href":"https:\/\/franciscanos.org.br\/noticias\/wp-json\/wp\/v2\/types\/post"}],"author":[{"embeddable":true,"href":"https:\/\/franciscanos.org.br\/noticias\/wp-json\/wp\/v2\/users\/5"}],"replies":[{"embeddable":true,"href":"https:\/\/franciscanos.org.br\/noticias\/wp-json\/wp\/v2\/comments?post=153669"}],"version-history":[{"count":0,"href":"https:\/\/franciscanos.org.br\/noticias\/wp-json\/wp\/v2\/posts\/153669\/revisions"}],"wp:featuredmedia":[{"embeddable":true,"href":"https:\/\/franciscanos.org.br\/noticias\/wp-json\/wp\/v2\/media\/192269"}],"wp:attachment":[{"href":"https:\/\/franciscanos.org.br\/noticias\/wp-json\/wp\/v2\/media?parent=153669"}],"wp:term":[{"taxonomy":"category","embeddable":true,"href":"https:\/\/franciscanos.org.br\/noticias\/wp-json\/wp\/v2\/categories?post=153669"},{"taxonomy":"post_tag","embeddable":true,"href":"https:\/\/franciscanos.org.br\/noticias\/wp-json\/wp\/v2\/tags?post=153669"}],"curies":[{"name":"wp","href":"https:\/\/api.w.org\/{rel}","templated":true}]}}