{"id":153644,"date":"2018-03-09T11:18:46","date_gmt":"2018-03-09T14:18:46","guid":{"rendered":"http:\/\/franciscanos.org.br\/?p=153644"},"modified":"2019-08-08T10:44:17","modified_gmt":"2019-08-08T13:44:17","slug":"frei-domingos-faz-a-primeira-profissao-em-rodeio","status":"publish","type":"post","link":"https:\/\/franciscanos.org.br\/noticias\/frei-domingos-faz-a-primeira-profissao-em-rodeio.html","title":{"rendered":"Frei Domingos faz a Primeira Profiss\u00e3o  em Rodeio"},"content":{"rendered":"<p><img loading=\"lazy\" src=\"http:\/\/franciscanos.org.br\/wp-content\/uploads\/2018\/03\/domingos_090318.jpg\" alt=\"domingos_090318\" width=\"830\" height=\"623\" \/><\/p>\n<p><strong>Rodeio (SC)<\/strong> &#8211; A turma de novi\u00e7os do angolano Frei Domingos Macuva Paulo fez a Primeira Profiss\u00e3o na Ordem dos Frades Menores no \u00faltimo dia 7 de janeiro, em Rodeio. Devido a um problema de sa\u00fade, o ano de prova\u00e7\u00e3o de Frei Domingos acabou adiado e, no pr\u00f3ximo dia 14 de mar\u00e7o, na Igreja Matriz S\u00e3o Francisco de Assis, em Rodeio (SC), ser\u00e1, enfim, a sua vez de dizer o seu primeiro &#8216;sim&#8217; radicalmente evang\u00e9lico para seguir mais de perto os passos de Jesus Cristo na Ordem Ser\u00e1fica. Esse momento se dar\u00e1 durante a Celebra\u00e7\u00e3o Eucar\u00edstica, \u00e0s 19h30.<\/p>\n<p>Frei Domingos \u00e9 natural de Caluquembe, da Prov\u00edncia da Hu\u00edla, em Angola, onde nasceu no dia 22 de maio de 1992. \u00c9 terceiro filho de Ruth Katumbo e Augusto Paulo e irm\u00e3o de Isabel K\u00e1mia, Augusto Munene, Marisa Rita, Jos\u00e9 Sessa, Ant\u00f3nio Francisco. Sua fam\u00edlia reside em Benguela desde 1995.<\/p>\n<p>Simples, fraterno, dedicado aos estudos e trabalho, Frei Domingos conta que ainda pequeno acompanhava os pais \u00e0 igreja e, com os amigos, faziam parte do grupo IAM (Inf\u00e2ncia e adolesc\u00eancia mission\u00e1ria) e POM (Pontif\u00edcias Obras Mission\u00e1rias), que t\u00eam como objetivo suscitar e promover o esp\u00edrito mission\u00e1rio universal nas crian\u00e7as e adolescentes, desenvolvendo o seu protagonismo mission\u00e1rio: Ajudar as crian\u00e7as por meio delas mesmas.<\/p>\n<p>&#8220;Desde sempre tive dentro do meu cora\u00e7\u00e3o o forte desejo de ajudar o pr\u00f3ximo. Com o passar do tempo, tornei-me coroinha e isso j\u00e1 ajudou a minha voca\u00e7\u00e3o, mas o que mais influenciou no discernimento vocacional foi o exemplo de vida do Padre Kapuputa, de feliz mem\u00f3ria, que era o p\u00e1roco da Par\u00f3quia de Santo Agostinho, em Benguela. Homem simples e humilde, visitava os doentes, era amigo das crian\u00e7as, convidava-as para passeios e aproveitava para ensinar-lhes uma vida de ora\u00e7\u00e3o e f\u00e9. Isso me deu coragem e despertou o anseio de viver somente para Deus&#8221;, conta Frei Domingos.<\/p>\n<p>Depois de alguns anos, ouviu falar dos frades franciscanos, mas pouco conhecia da vida deles. &#8220;Certo dia, marquei encontro com a Irm\u00e3 Regina das Franciscanas Mission\u00e1rias de Maria, oriunda do Congo e superiora do convento de Benguela. Ela me acolheu carinhosamente para esclarecer melhor a voca\u00e7\u00e3o. Foi ent\u00e3o que procurei saber quem era o promotor vocacional franciscano e logo comecei o acompanhamento. Frei Alisson Zanetti, mission\u00e1rio da Prov\u00edncia da Franciscana Imaculada Concei\u00e7\u00e3o do Brasil, fez o acompanhamento e, com a gra\u00e7a do Divino Esp\u00edrito Santo, fui admitido na Ordem Franciscana pela Funda\u00e7\u00e3o Imaculada M\u00e3e de Deus de Angola em 2014&#8221;, acrescentou.<\/p>\n<p>&#8220;Hoje, em prepara\u00e7\u00e3o para a minha profiss\u00e3o no dia 14, fa\u00e7o minhas as palavras de S\u00e3o Francisco: &#8216;\u00c9 isso que quero; \u00e9 isso que procuro; \u00e9 isso que desejo de todo o meu cora\u00e7\u00e3o&#8217;, promete o jovem frade, agradecendo: &#8220;Na minoridade e no seguimento de Cristo pobre e crucificado, a exemplo de Francisco, s\u00f3 quero agradecer a Deus pelos irm\u00e3os que o Ele me concedeu &#8216;a fim de cumprir o sagrado encargo que na verdade acabais de me dar'&#8221;.<\/p>\n<p>Segundo a Ordem dos Frades Menores, o tempo da profiss\u00e3o tempor\u00e1ria \u00e9 o \u201cper\u00edodo durante o qual se completa a forma\u00e7\u00e3o para viver de modo mais pleno a vida pr\u00f3pria da Ordem e melhor cumprir sua miss\u00e3o\u201d. Na Ordem Franciscana, os votos dos professos tempor\u00e1rios s\u00e3o renovados anualmente at\u00e9 o momento da profiss\u00e3o solene.<\/p>\n<p>A profiss\u00e3o religiosa na Ordem Franciscana, emitida nas m\u00e3os do Ministro Provincial, faz-se nos seguintes termos:\u00a0 \u201cPara louvor e gl\u00f3ria da Sant\u00edssima Trindade. Eu, Frei N.N. , tendo o Senhor me dado a gra\u00e7a de seguir mais de perto o Evangelho e os passos de nosso Senhor Jesus Cristo, em tuas m\u00e3os, Frei Fid\u00eancio Vanboemmel, com firme f\u00e9 e vontade, fa\u00e7o voto a Deus, Pai santo e todo-poderoso, de viver por um ano, em obedi\u00eancia, sem nada de pr\u00f3prio e em castidade. Ao mesmo tempo, professo a vida e a regra dos Frades Menores, confirmada pelo Papa Hon\u00f3rio, e prometo observ\u00e1-la fielmente segundo as Constitui\u00e7\u00f5es da Ordem dos Frades Menores. Entrego-me, pois, de todo o cora\u00e7\u00e3o a esta Fraternidade, para que, pela a\u00e7\u00e3o eficaz do Esp\u00edrito Santo, guiado pelo exemplo de Maria Imaculada, por intercess\u00e3o de nosso Pai Francisco e de todos os santos, e com a ajuda fraterna de todos, eu possa tender constantemente para a perfeita caridade, no servi\u00e7o a Deus, \u00e0 Igreja e aos homens\u201d.<\/p>\n<p><img loading=\"lazy\" src=\"http:\/\/franciscanos.org.br\/wp-content\/uploads\/2018\/03\/convite_090818.jpg\" alt=\"Apresenta\u00e7\u00e3o do PowerPoint\" width=\"830\" height=\"533\" \/><\/p>\n<p>&nbsp;<\/p>\n","protected":false},"excerpt":{"rendered":"<p>Forma\u00e7\u00e3o e Estudos<\/p>\n","protected":false},"author":1,"featured_media":209158,"comment_status":"open","ping_status":"open","sticky":false,"template":"","format":"standard","meta":[],"categories":[1],"tags":[334],"acf":[],"yoast_head":"<!-- This site is optimized with the Yoast SEO plugin v19.2 - https:\/\/yoast.com\/wordpress\/plugins\/seo\/ -->\n<title>Frei Domingos faz a Primeira Profiss\u00e3o em Rodeio - Not\u00edcias - Franciscanos<\/title>\n<meta name=\"robots\" content=\"index, follow, max-snippet:-1, max-image-preview:large, max-video-preview:-1\" \/>\n<link rel=\"canonical\" href=\"https:\/\/franciscanos.org.br\/noticias\/frei-domingos-faz-a-primeira-profissao-em-rodeio.html\" \/>\n<meta property=\"og:locale\" content=\"pt_BR\" \/>\n<meta property=\"og:type\" content=\"article\" \/>\n<meta property=\"og:title\" content=\"Frei Domingos faz a Primeira Profiss\u00e3o em Rodeio - Not\u00edcias - Franciscanos\" \/>\n<meta property=\"og:description\" content=\"Forma\u00e7\u00e3o e Estudos\" \/>\n<meta property=\"og:url\" content=\"https:\/\/franciscanos.org.br\/noticias\/frei-domingos-faz-a-primeira-profissao-em-rodeio.html\" \/>\n<meta property=\"og:site_name\" content=\"Not\u00edcias - Franciscanos\" \/>\n<meta property=\"article:published_time\" content=\"2018-03-09T14:18:46+00:00\" \/>\n<meta property=\"article:modified_time\" content=\"2019-08-08T13:44:17+00:00\" \/>\n<meta property=\"og:image\" content=\"https:\/\/franciscanos.org.br\/noticias\/wp-content\/uploads\/2018\/03\/domingos_090318.jpg\" \/>\n\t<meta property=\"og:image:width\" content=\"273\" \/>\n\t<meta property=\"og:image:height\" content=\"181\" \/>\n\t<meta property=\"og:image:type\" content=\"image\/jpeg\" \/>\n<meta name=\"author\" content=\"admin\" \/>\n<meta name=\"twitter:card\" content=\"summary_large_image\" \/>\n<meta name=\"twitter:label1\" content=\"Escrito por\" \/>\n\t<meta name=\"twitter:data1\" content=\"admin\" \/>\n\t<meta name=\"twitter:label2\" content=\"Est. tempo de leitura\" \/>\n\t<meta name=\"twitter:data2\" content=\"4 minutos\" \/>\n<script type=\"application\/ld+json\" class=\"yoast-schema-graph\">{\"@context\":\"https:\/\/schema.org\",\"@graph\":[{\"@type\":\"WebSite\",\"@id\":\"https:\/\/franciscanos.org.br\/noticias\/#website\",\"url\":\"https:\/\/franciscanos.org.br\/noticias\/\",\"name\":\"Not\u00edcias - Franciscanos\",\"description\":\"Prov\u00edncia Franciscana da Imaculada Concei\u00e7\u00e3o do Brasil - Ordem dos Frades Menores - OFM\",\"potentialAction\":[{\"@type\":\"SearchAction\",\"target\":{\"@type\":\"EntryPoint\",\"urlTemplate\":\"https:\/\/franciscanos.org.br\/noticias\/?s={search_term_string}\"},\"query-input\":\"required name=search_term_string\"}],\"inLanguage\":\"pt-BR\"},{\"@type\":\"ImageObject\",\"inLanguage\":\"pt-BR\",\"@id\":\"https:\/\/franciscanos.org.br\/noticias\/frei-domingos-faz-a-primeira-profissao-em-rodeio.html#primaryimage\",\"url\":\"https:\/\/franciscanos.org.br\/noticias\/wp-content\/uploads\/2018\/03\/domingos_090318.jpg\",\"contentUrl\":\"https:\/\/franciscanos.org.br\/noticias\/wp-content\/uploads\/2018\/03\/domingos_090318.jpg\",\"width\":273,\"height\":181},{\"@type\":\"WebPage\",\"@id\":\"https:\/\/franciscanos.org.br\/noticias\/frei-domingos-faz-a-primeira-profissao-em-rodeio.html#webpage\",\"url\":\"https:\/\/franciscanos.org.br\/noticias\/frei-domingos-faz-a-primeira-profissao-em-rodeio.html\",\"name\":\"Frei Domingos faz a Primeira Profiss\u00e3o em Rodeio - Not\u00edcias - Franciscanos\",\"isPartOf\":{\"@id\":\"https:\/\/franciscanos.org.br\/noticias\/#website\"},\"primaryImageOfPage\":{\"@id\":\"https:\/\/franciscanos.org.br\/noticias\/frei-domingos-faz-a-primeira-profissao-em-rodeio.html#primaryimage\"},\"datePublished\":\"2018-03-09T14:18:46+00:00\",\"dateModified\":\"2019-08-08T13:44:17+00:00\",\"author\":{\"@id\":\"https:\/\/franciscanos.org.br\/noticias\/#\/schema\/person\/b38fbf43118f02820bd932f2e4b14ad3\"},\"breadcrumb\":{\"@id\":\"https:\/\/franciscanos.org.br\/noticias\/frei-domingos-faz-a-primeira-profissao-em-rodeio.html#breadcrumb\"},\"inLanguage\":\"pt-BR\",\"potentialAction\":[{\"@type\":\"ReadAction\",\"target\":[\"https:\/\/franciscanos.org.br\/noticias\/frei-domingos-faz-a-primeira-profissao-em-rodeio.html\"]}]},{\"@type\":\"BreadcrumbList\",\"@id\":\"https:\/\/franciscanos.org.br\/noticias\/frei-domingos-faz-a-primeira-profissao-em-rodeio.html#breadcrumb\",\"itemListElement\":[{\"@type\":\"ListItem\",\"position\":1,\"name\":\"Home\",\"item\":\"https:\/\/franciscanos.org.br\/noticias\"},{\"@type\":\"ListItem\",\"position\":2,\"name\":\"Frei Domingos faz a Primeira Profiss\u00e3o em Rodeio\"}]},{\"@type\":\"Person\",\"@id\":\"https:\/\/franciscanos.org.br\/noticias\/#\/schema\/person\/b38fbf43118f02820bd932f2e4b14ad3\",\"name\":\"admin\",\"image\":{\"@type\":\"ImageObject\",\"inLanguage\":\"pt-BR\",\"@id\":\"https:\/\/franciscanos.org.br\/noticias\/#\/schema\/person\/image\/\",\"url\":\"https:\/\/secure.gravatar.com\/avatar\/e8495742d34d0ba6448ea1c628263b3e?s=96&d=mm&r=g\",\"contentUrl\":\"https:\/\/secure.gravatar.com\/avatar\/e8495742d34d0ba6448ea1c628263b3e?s=96&d=mm&r=g\",\"caption\":\"admin\"},\"url\":\"https:\/\/franciscanos.org.br\/noticias\/author\/admin\"}]}<\/script>\n<!-- \/ Yoast SEO plugin. -->","yoast_head_json":{"title":"Frei Domingos faz a Primeira Profiss\u00e3o em Rodeio - Not\u00edcias - Franciscanos","robots":{"index":"index","follow":"follow","max-snippet":"max-snippet:-1","max-image-preview":"max-image-preview:large","max-video-preview":"max-video-preview:-1"},"canonical":"https:\/\/franciscanos.org.br\/noticias\/frei-domingos-faz-a-primeira-profissao-em-rodeio.html","og_locale":"pt_BR","og_type":"article","og_title":"Frei Domingos faz a Primeira Profiss\u00e3o em Rodeio - Not\u00edcias - Franciscanos","og_description":"Forma\u00e7\u00e3o e Estudos","og_url":"https:\/\/franciscanos.org.br\/noticias\/frei-domingos-faz-a-primeira-profissao-em-rodeio.html","og_site_name":"Not\u00edcias - Franciscanos","article_published_time":"2018-03-09T14:18:46+00:00","article_modified_time":"2019-08-08T13:44:17+00:00","og_image":[{"width":273,"height":181,"url":"https:\/\/franciscanos.org.br\/noticias\/wp-content\/uploads\/2018\/03\/domingos_090318.jpg","type":"image\/jpeg"}],"author":"admin","twitter_card":"summary_large_image","twitter_misc":{"Escrito por":"admin","Est. tempo de leitura":"4 minutos"},"schema":{"@context":"https:\/\/schema.org","@graph":[{"@type":"WebSite","@id":"https:\/\/franciscanos.org.br\/noticias\/#website","url":"https:\/\/franciscanos.org.br\/noticias\/","name":"Not\u00edcias - Franciscanos","description":"Prov\u00edncia Franciscana da Imaculada Concei\u00e7\u00e3o do Brasil - Ordem dos Frades Menores - OFM","potentialAction":[{"@type":"SearchAction","target":{"@type":"EntryPoint","urlTemplate":"https:\/\/franciscanos.org.br\/noticias\/?s={search_term_string}"},"query-input":"required name=search_term_string"}],"inLanguage":"pt-BR"},{"@type":"ImageObject","inLanguage":"pt-BR","@id":"https:\/\/franciscanos.org.br\/noticias\/frei-domingos-faz-a-primeira-profissao-em-rodeio.html#primaryimage","url":"https:\/\/franciscanos.org.br\/noticias\/wp-content\/uploads\/2018\/03\/domingos_090318.jpg","contentUrl":"https:\/\/franciscanos.org.br\/noticias\/wp-content\/uploads\/2018\/03\/domingos_090318.jpg","width":273,"height":181},{"@type":"WebPage","@id":"https:\/\/franciscanos.org.br\/noticias\/frei-domingos-faz-a-primeira-profissao-em-rodeio.html#webpage","url":"https:\/\/franciscanos.org.br\/noticias\/frei-domingos-faz-a-primeira-profissao-em-rodeio.html","name":"Frei Domingos faz a Primeira Profiss\u00e3o em Rodeio - Not\u00edcias - Franciscanos","isPartOf":{"@id":"https:\/\/franciscanos.org.br\/noticias\/#website"},"primaryImageOfPage":{"@id":"https:\/\/franciscanos.org.br\/noticias\/frei-domingos-faz-a-primeira-profissao-em-rodeio.html#primaryimage"},"datePublished":"2018-03-09T14:18:46+00:00","dateModified":"2019-08-08T13:44:17+00:00","author":{"@id":"https:\/\/franciscanos.org.br\/noticias\/#\/schema\/person\/b38fbf43118f02820bd932f2e4b14ad3"},"breadcrumb":{"@id":"https:\/\/franciscanos.org.br\/noticias\/frei-domingos-faz-a-primeira-profissao-em-rodeio.html#breadcrumb"},"inLanguage":"pt-BR","potentialAction":[{"@type":"ReadAction","target":["https:\/\/franciscanos.org.br\/noticias\/frei-domingos-faz-a-primeira-profissao-em-rodeio.html"]}]},{"@type":"BreadcrumbList","@id":"https:\/\/franciscanos.org.br\/noticias\/frei-domingos-faz-a-primeira-profissao-em-rodeio.html#breadcrumb","itemListElement":[{"@type":"ListItem","position":1,"name":"Home","item":"https:\/\/franciscanos.org.br\/noticias"},{"@type":"ListItem","position":2,"name":"Frei Domingos faz a Primeira Profiss\u00e3o em Rodeio"}]},{"@type":"Person","@id":"https:\/\/franciscanos.org.br\/noticias\/#\/schema\/person\/b38fbf43118f02820bd932f2e4b14ad3","name":"admin","image":{"@type":"ImageObject","inLanguage":"pt-BR","@id":"https:\/\/franciscanos.org.br\/noticias\/#\/schema\/person\/image\/","url":"https:\/\/secure.gravatar.com\/avatar\/e8495742d34d0ba6448ea1c628263b3e?s=96&d=mm&r=g","contentUrl":"https:\/\/secure.gravatar.com\/avatar\/e8495742d34d0ba6448ea1c628263b3e?s=96&d=mm&r=g","caption":"admin"},"url":"https:\/\/franciscanos.org.br\/noticias\/author\/admin"}]}},"_links":{"self":[{"href":"https:\/\/franciscanos.org.br\/noticias\/wp-json\/wp\/v2\/posts\/153644"}],"collection":[{"href":"https:\/\/franciscanos.org.br\/noticias\/wp-json\/wp\/v2\/posts"}],"about":[{"href":"https:\/\/franciscanos.org.br\/noticias\/wp-json\/wp\/v2\/types\/post"}],"author":[{"embeddable":true,"href":"https:\/\/franciscanos.org.br\/noticias\/wp-json\/wp\/v2\/users\/1"}],"replies":[{"embeddable":true,"href":"https:\/\/franciscanos.org.br\/noticias\/wp-json\/wp\/v2\/comments?post=153644"}],"version-history":[{"count":0,"href":"https:\/\/franciscanos.org.br\/noticias\/wp-json\/wp\/v2\/posts\/153644\/revisions"}],"wp:featuredmedia":[{"embeddable":true,"href":"https:\/\/franciscanos.org.br\/noticias\/wp-json\/wp\/v2\/media\/209158"}],"wp:attachment":[{"href":"https:\/\/franciscanos.org.br\/noticias\/wp-json\/wp\/v2\/media?parent=153644"}],"wp:term":[{"taxonomy":"category","embeddable":true,"href":"https:\/\/franciscanos.org.br\/noticias\/wp-json\/wp\/v2\/categories?post=153644"},{"taxonomy":"post_tag","embeddable":true,"href":"https:\/\/franciscanos.org.br\/noticias\/wp-json\/wp\/v2\/tags?post=153644"}],"curies":[{"name":"wp","href":"https:\/\/api.w.org\/{rel}","templated":true}]}}