{"id":153581,"date":"2018-03-06T07:44:46","date_gmt":"2018-03-06T10:44:46","guid":{"rendered":"http:\/\/franciscanos.org.br\/?p=153581"},"modified":"2020-06-07T17:13:28","modified_gmt":"2020-06-07T20:13:28","slug":"o-perdao-de-deus-vem-forte-em-nos-desde-que-perdoemos","status":"publish","type":"post","link":"https:\/\/franciscanos.org.br\/noticias\/o-perdao-de-deus-vem-forte-em-nos-desde-que-perdoemos.html","title":{"rendered":"&#8220;O Senhor nos perdoa se perdoarmos os outros&#8221;"},"content":{"rendered":"<p><img loading=\"lazy\" src=\"http:\/\/franciscanos.org.br\/wp-content\/uploads\/2018\/03\/papa_060318.jpg\" alt=\"papa_060318\" width=\"820\" height=\"460\" \/><\/p>\n<p><strong>Cidade do Vaticano<\/strong> \u2013 O Papa Francisco celebrou na manh\u00e3 de ter\u00e7a-feira (06\/03) a Missa na capela da sua resid\u00eancia, a Casa Santa Marta. O Pont\u00edfice resumiu a mensagem proposta pela liturgia de hoje em duas express\u00f5es: \u201cinfelizmente\u201d e \u201cdesde que\u201d. O tema comum \u00e9 o perd\u00e3o, afirmou o Papa, o que \u00e9 e de onde vem.<\/p>\n<p>A primeira Leitura \u00e9 extra\u00edda do Livro do profeta Daniel. Trata-se do epis\u00f3dio de Azarias que, lan\u00e7ado ao fogo por n\u00e3o ter renegado o Senhor, n\u00e3o se lamenta com Deus pelo tratamento dispensado, n\u00e3o o repreende reivindicando a sua fidelidade. Continua a professar a grandeza de Deus, dizendo: \u201cTu sempre nos salvastes, mas infelizmente pecamos\u201d. Acusa a si mesmo e o seu povo. E Francisco afirmou: \u201cA acusa\u00e7\u00e3o de n\u00f3s mesmos \u00e9 o primeiro passo rumo ao perd\u00e3o\u201d.<\/p>\n<p>Acusar a si mesmos \u00e9 parte da sabedoria crist\u00e3; n\u00e3o acusar os outros, n\u00e3o&#8230; A si mesmos. Eu pequei. E quando n\u00f3s nos aproximamos do sacramento da penit\u00eancia, ter isto em mente: Deus \u00e9 grande e nos deu tantas coisas e infelizmente eu pequei, eu ofendi o Senhor e pe\u00e7o salva\u00e7\u00e3o. Mas se vou ao sacramento da confiss\u00e3o, da penit\u00eancia e come\u00e7o a falar dos pecados dos outros, n\u00e3o sei o que estou buscando: n\u00e3o busco o perd\u00e3o. Tento me justificar. E ningu\u00e9m pode justificar a si mesmo, somente Deus nos justifica.<\/p>\n<p><strong>Confessar os pr\u00f3prios pecados<\/strong><\/p>\n<p>O Papa citou o caso de uma senhora que no confession\u00e1rio contava os pecados da sogra, tentando se justificar, at\u00e9 que o sacerdote lhe disse: \u2018Tudo bem, agora confesse os pr\u00f3prios pecados\u2019.<\/p>\n<p>O Senhor quer isto, porque o Senhor recebe o cora\u00e7\u00e3o contrito porque \u00e9 como de Azarias: \u201cN\u00e3o se sentir\u00e1 frustrado quem p\u00f5e em ti sua confian\u00e7a\u201d, o cora\u00e7\u00e3o contrito que diz a verdade ao Senhor: \u201cEu fiz isso, Senhor. Pequei contra Ti\u201d. O Senhor lhe tapa a boca, como o pai ao filho pr\u00f3digo; n\u00e3o o deixa falar. O seu amor o cobre. Perdoa tudo.<\/p>\n<p>Francisco convidou a n\u00e3o ter vergonha de dizer os pr\u00f3prios pecados porque \u00e9 o Senhor que nos justifica, perdoando-nos n\u00e3o uma vez, mas sempre: O perd\u00e3o de Deus vem forte em n\u00f3s desde que n\u00f3s perdoemos os outros. E isso n\u00e3o \u00e9 f\u00e1cil, porque o rancor se aninha em nosso cora\u00e7\u00e3o e sempre existe aquela amargura. Muitas vezes, carregamos conosco a lista das coisas que me fizeram: \u201cEsta pessoa me fez isto, fez aquilo, fez aquilo outro&#8230;\u201d.<\/p>\n<p>O Papa advertiu para n\u00e3o se deixar escravizar pelo \u00f3dio a ponto de n\u00e3o conseguir perdoar e concluiu: \u201cEssas s\u00e3o as duas coisas que nos ajudar\u00e3o a entender o caminho do perd\u00e3o: \u2018O Senhor \u00e9 grande, mas infelizmente eu pequei\u2019 e \u2018Sim, eu o perdoo 77 vezes desde que voc\u00ea perdoe os outros\u2019.<\/p>\n<p><strong>RITO PENITENCIAL<\/strong><br \/>\nO Papa Francisco presidir\u00e1 na pr\u00f3xima sexta-feira na Bas\u00edlica de S\u00e3o Pedro, a partir das 17 horas, o Rito para a Reconcilia\u00e7\u00e3o, com a confiss\u00e3o e a absolvi\u00e7\u00e3o individual.<\/p>\n<p>O <strong>Vatican News<\/strong> transmitir\u00e1 a celebra\u00e7\u00e3o penitencial com coment\u00e1rios em portugu\u00eas, a partir das 12h55, hor\u00e1rio de Bras\u00edlia.<\/p>\n<p>A Penitenciaria Apost\u00f3lica colocar\u00e1 \u00e0 disposi\u00e7\u00e3o mais de 60 confessores escolhidos entre os penitencieiros menores das bas\u00edlicas da Urbe. A eles somam-se o pr\u00f3prio cardeal penitencieiro-mor, o regente, os prelados e os oficiais sacerdotes do dicast\u00e9rio.<\/p>\n<p>Esta celebra\u00e7\u00e3o tamb\u00e9m conclui o Curso de forma\u00e7\u00e3o que tem in\u00edcio esta segunda-feira, 5 de mar\u00e7o, para os novos sacerdotes e seminaristas pr\u00f3ximos \u00e0 ordena\u00e7\u00e3o, em prepara\u00e7\u00e3o \u00e0 miss\u00e3o a qual s\u00e3o chamados, ou seja, administrar aos penitentes o Sacramento da Reconcilia\u00e7\u00e3o. Eles ser\u00e3o recebidos pelo Santo Padre ao meio-dia de sexta-feira.<\/p>\n<hr \/>\n<p><em>Fonte: Vatican News<\/em><\/p>\n","protected":false},"excerpt":{"rendered":"<p>Missa em Santa Marta<\/p>\n","protected":false},"author":1,"featured_media":202267,"comment_status":"open","ping_status":"open","sticky":false,"template":"","format":"standard","meta":[],"categories":[1428],"tags":[1586],"acf":[],"yoast_head":"<!-- This site is optimized with the Yoast SEO plugin v19.2 - https:\/\/yoast.com\/wordpress\/plugins\/seo\/ -->\n<title>&quot;O Senhor nos perdoa se perdoarmos os outros&quot; - Not\u00edcias - Franciscanos<\/title>\n<meta name=\"robots\" content=\"index, follow, max-snippet:-1, max-image-preview:large, max-video-preview:-1\" \/>\n<link rel=\"canonical\" href=\"https:\/\/franciscanos.org.br\/noticias\/o-perdao-de-deus-vem-forte-em-nos-desde-que-perdoemos.html\" \/>\n<meta property=\"og:locale\" content=\"pt_BR\" \/>\n<meta property=\"og:type\" content=\"article\" \/>\n<meta property=\"og:title\" content=\"&quot;O Senhor nos perdoa se perdoarmos os outros&quot; - Not\u00edcias - Franciscanos\" \/>\n<meta property=\"og:description\" content=\"Missa em Santa Marta\" \/>\n<meta property=\"og:url\" content=\"https:\/\/franciscanos.org.br\/noticias\/o-perdao-de-deus-vem-forte-em-nos-desde-que-perdoemos.html\" \/>\n<meta property=\"og:site_name\" content=\"Not\u00edcias - Franciscanos\" \/>\n<meta property=\"article:published_time\" content=\"2018-03-06T10:44:46+00:00\" \/>\n<meta property=\"article:modified_time\" content=\"2020-06-07T20:13:28+00:00\" \/>\n<meta property=\"og:image\" content=\"https:\/\/franciscanos.org.br\/noticias\/wp-content\/uploads\/2018\/03\/papa_060318.jpg\" \/>\n\t<meta property=\"og:image:width\" content=\"273\" \/>\n\t<meta property=\"og:image:height\" content=\"181\" \/>\n\t<meta property=\"og:image:type\" content=\"image\/jpeg\" \/>\n<meta name=\"author\" content=\"admin\" \/>\n<meta name=\"twitter:card\" content=\"summary_large_image\" \/>\n<meta name=\"twitter:label1\" content=\"Escrito por\" \/>\n\t<meta name=\"twitter:data1\" content=\"admin\" \/>\n\t<meta name=\"twitter:label2\" content=\"Est. tempo de leitura\" \/>\n\t<meta name=\"twitter:data2\" content=\"3 minutos\" \/>\n<script type=\"application\/ld+json\" class=\"yoast-schema-graph\">{\"@context\":\"https:\/\/schema.org\",\"@graph\":[{\"@type\":\"WebSite\",\"@id\":\"https:\/\/franciscanos.org.br\/noticias\/#website\",\"url\":\"https:\/\/franciscanos.org.br\/noticias\/\",\"name\":\"Not\u00edcias - Franciscanos\",\"description\":\"Prov\u00edncia Franciscana da Imaculada Concei\u00e7\u00e3o do Brasil - Ordem dos Frades Menores - OFM\",\"potentialAction\":[{\"@type\":\"SearchAction\",\"target\":{\"@type\":\"EntryPoint\",\"urlTemplate\":\"https:\/\/franciscanos.org.br\/noticias\/?s={search_term_string}\"},\"query-input\":\"required name=search_term_string\"}],\"inLanguage\":\"pt-BR\"},{\"@type\":\"ImageObject\",\"inLanguage\":\"pt-BR\",\"@id\":\"https:\/\/franciscanos.org.br\/noticias\/o-perdao-de-deus-vem-forte-em-nos-desde-que-perdoemos.html#primaryimage\",\"url\":\"https:\/\/franciscanos.org.br\/noticias\/wp-content\/uploads\/2018\/03\/papa_060318.jpg\",\"contentUrl\":\"https:\/\/franciscanos.org.br\/noticias\/wp-content\/uploads\/2018\/03\/papa_060318.jpg\",\"width\":273,\"height\":181},{\"@type\":\"WebPage\",\"@id\":\"https:\/\/franciscanos.org.br\/noticias\/o-perdao-de-deus-vem-forte-em-nos-desde-que-perdoemos.html#webpage\",\"url\":\"https:\/\/franciscanos.org.br\/noticias\/o-perdao-de-deus-vem-forte-em-nos-desde-que-perdoemos.html\",\"name\":\"\\\"O Senhor nos perdoa se perdoarmos os outros\\\" - Not\u00edcias - Franciscanos\",\"isPartOf\":{\"@id\":\"https:\/\/franciscanos.org.br\/noticias\/#website\"},\"primaryImageOfPage\":{\"@id\":\"https:\/\/franciscanos.org.br\/noticias\/o-perdao-de-deus-vem-forte-em-nos-desde-que-perdoemos.html#primaryimage\"},\"datePublished\":\"2018-03-06T10:44:46+00:00\",\"dateModified\":\"2020-06-07T20:13:28+00:00\",\"author\":{\"@id\":\"https:\/\/franciscanos.org.br\/noticias\/#\/schema\/person\/b38fbf43118f02820bd932f2e4b14ad3\"},\"breadcrumb\":{\"@id\":\"https:\/\/franciscanos.org.br\/noticias\/o-perdao-de-deus-vem-forte-em-nos-desde-que-perdoemos.html#breadcrumb\"},\"inLanguage\":\"pt-BR\",\"potentialAction\":[{\"@type\":\"ReadAction\",\"target\":[\"https:\/\/franciscanos.org.br\/noticias\/o-perdao-de-deus-vem-forte-em-nos-desde-que-perdoemos.html\"]}]},{\"@type\":\"BreadcrumbList\",\"@id\":\"https:\/\/franciscanos.org.br\/noticias\/o-perdao-de-deus-vem-forte-em-nos-desde-que-perdoemos.html#breadcrumb\",\"itemListElement\":[{\"@type\":\"ListItem\",\"position\":1,\"name\":\"Home\",\"item\":\"https:\/\/franciscanos.org.br\/noticias\"},{\"@type\":\"ListItem\",\"position\":2,\"name\":\"&#8220;O Senhor nos perdoa se perdoarmos os outros&#8221;\"}]},{\"@type\":\"Person\",\"@id\":\"https:\/\/franciscanos.org.br\/noticias\/#\/schema\/person\/b38fbf43118f02820bd932f2e4b14ad3\",\"name\":\"admin\",\"image\":{\"@type\":\"ImageObject\",\"inLanguage\":\"pt-BR\",\"@id\":\"https:\/\/franciscanos.org.br\/noticias\/#\/schema\/person\/image\/\",\"url\":\"https:\/\/secure.gravatar.com\/avatar\/e8495742d34d0ba6448ea1c628263b3e?s=96&d=mm&r=g\",\"contentUrl\":\"https:\/\/secure.gravatar.com\/avatar\/e8495742d34d0ba6448ea1c628263b3e?s=96&d=mm&r=g\",\"caption\":\"admin\"},\"url\":\"https:\/\/franciscanos.org.br\/noticias\/author\/admin\"}]}<\/script>\n<!-- \/ Yoast SEO plugin. -->","yoast_head_json":{"title":"\"O Senhor nos perdoa se perdoarmos os outros\" - Not\u00edcias - Franciscanos","robots":{"index":"index","follow":"follow","max-snippet":"max-snippet:-1","max-image-preview":"max-image-preview:large","max-video-preview":"max-video-preview:-1"},"canonical":"https:\/\/franciscanos.org.br\/noticias\/o-perdao-de-deus-vem-forte-em-nos-desde-que-perdoemos.html","og_locale":"pt_BR","og_type":"article","og_title":"\"O Senhor nos perdoa se perdoarmos os outros\" - Not\u00edcias - Franciscanos","og_description":"Missa em Santa Marta","og_url":"https:\/\/franciscanos.org.br\/noticias\/o-perdao-de-deus-vem-forte-em-nos-desde-que-perdoemos.html","og_site_name":"Not\u00edcias - Franciscanos","article_published_time":"2018-03-06T10:44:46+00:00","article_modified_time":"2020-06-07T20:13:28+00:00","og_image":[{"width":273,"height":181,"url":"https:\/\/franciscanos.org.br\/noticias\/wp-content\/uploads\/2018\/03\/papa_060318.jpg","type":"image\/jpeg"}],"author":"admin","twitter_card":"summary_large_image","twitter_misc":{"Escrito por":"admin","Est. tempo de leitura":"3 minutos"},"schema":{"@context":"https:\/\/schema.org","@graph":[{"@type":"WebSite","@id":"https:\/\/franciscanos.org.br\/noticias\/#website","url":"https:\/\/franciscanos.org.br\/noticias\/","name":"Not\u00edcias - Franciscanos","description":"Prov\u00edncia Franciscana da Imaculada Concei\u00e7\u00e3o do Brasil - Ordem dos Frades Menores - OFM","potentialAction":[{"@type":"SearchAction","target":{"@type":"EntryPoint","urlTemplate":"https:\/\/franciscanos.org.br\/noticias\/?s={search_term_string}"},"query-input":"required name=search_term_string"}],"inLanguage":"pt-BR"},{"@type":"ImageObject","inLanguage":"pt-BR","@id":"https:\/\/franciscanos.org.br\/noticias\/o-perdao-de-deus-vem-forte-em-nos-desde-que-perdoemos.html#primaryimage","url":"https:\/\/franciscanos.org.br\/noticias\/wp-content\/uploads\/2018\/03\/papa_060318.jpg","contentUrl":"https:\/\/franciscanos.org.br\/noticias\/wp-content\/uploads\/2018\/03\/papa_060318.jpg","width":273,"height":181},{"@type":"WebPage","@id":"https:\/\/franciscanos.org.br\/noticias\/o-perdao-de-deus-vem-forte-em-nos-desde-que-perdoemos.html#webpage","url":"https:\/\/franciscanos.org.br\/noticias\/o-perdao-de-deus-vem-forte-em-nos-desde-que-perdoemos.html","name":"\"O Senhor nos perdoa se perdoarmos os outros\" - Not\u00edcias - Franciscanos","isPartOf":{"@id":"https:\/\/franciscanos.org.br\/noticias\/#website"},"primaryImageOfPage":{"@id":"https:\/\/franciscanos.org.br\/noticias\/o-perdao-de-deus-vem-forte-em-nos-desde-que-perdoemos.html#primaryimage"},"datePublished":"2018-03-06T10:44:46+00:00","dateModified":"2020-06-07T20:13:28+00:00","author":{"@id":"https:\/\/franciscanos.org.br\/noticias\/#\/schema\/person\/b38fbf43118f02820bd932f2e4b14ad3"},"breadcrumb":{"@id":"https:\/\/franciscanos.org.br\/noticias\/o-perdao-de-deus-vem-forte-em-nos-desde-que-perdoemos.html#breadcrumb"},"inLanguage":"pt-BR","potentialAction":[{"@type":"ReadAction","target":["https:\/\/franciscanos.org.br\/noticias\/o-perdao-de-deus-vem-forte-em-nos-desde-que-perdoemos.html"]}]},{"@type":"BreadcrumbList","@id":"https:\/\/franciscanos.org.br\/noticias\/o-perdao-de-deus-vem-forte-em-nos-desde-que-perdoemos.html#breadcrumb","itemListElement":[{"@type":"ListItem","position":1,"name":"Home","item":"https:\/\/franciscanos.org.br\/noticias"},{"@type":"ListItem","position":2,"name":"&#8220;O Senhor nos perdoa se perdoarmos os outros&#8221;"}]},{"@type":"Person","@id":"https:\/\/franciscanos.org.br\/noticias\/#\/schema\/person\/b38fbf43118f02820bd932f2e4b14ad3","name":"admin","image":{"@type":"ImageObject","inLanguage":"pt-BR","@id":"https:\/\/franciscanos.org.br\/noticias\/#\/schema\/person\/image\/","url":"https:\/\/secure.gravatar.com\/avatar\/e8495742d34d0ba6448ea1c628263b3e?s=96&d=mm&r=g","contentUrl":"https:\/\/secure.gravatar.com\/avatar\/e8495742d34d0ba6448ea1c628263b3e?s=96&d=mm&r=g","caption":"admin"},"url":"https:\/\/franciscanos.org.br\/noticias\/author\/admin"}]}},"_links":{"self":[{"href":"https:\/\/franciscanos.org.br\/noticias\/wp-json\/wp\/v2\/posts\/153581"}],"collection":[{"href":"https:\/\/franciscanos.org.br\/noticias\/wp-json\/wp\/v2\/posts"}],"about":[{"href":"https:\/\/franciscanos.org.br\/noticias\/wp-json\/wp\/v2\/types\/post"}],"author":[{"embeddable":true,"href":"https:\/\/franciscanos.org.br\/noticias\/wp-json\/wp\/v2\/users\/1"}],"replies":[{"embeddable":true,"href":"https:\/\/franciscanos.org.br\/noticias\/wp-json\/wp\/v2\/comments?post=153581"}],"version-history":[{"count":1,"href":"https:\/\/franciscanos.org.br\/noticias\/wp-json\/wp\/v2\/posts\/153581\/revisions"}],"predecessor-version":[{"id":225051,"href":"https:\/\/franciscanos.org.br\/noticias\/wp-json\/wp\/v2\/posts\/153581\/revisions\/225051"}],"wp:featuredmedia":[{"embeddable":true,"href":"https:\/\/franciscanos.org.br\/noticias\/wp-json\/wp\/v2\/media\/202267"}],"wp:attachment":[{"href":"https:\/\/franciscanos.org.br\/noticias\/wp-json\/wp\/v2\/media?parent=153581"}],"wp:term":[{"taxonomy":"category","embeddable":true,"href":"https:\/\/franciscanos.org.br\/noticias\/wp-json\/wp\/v2\/categories?post=153581"},{"taxonomy":"post_tag","embeddable":true,"href":"https:\/\/franciscanos.org.br\/noticias\/wp-json\/wp\/v2\/tags?post=153581"}],"curies":[{"name":"wp","href":"https:\/\/api.w.org\/{rel}","templated":true}]}}