{"id":153538,"date":"2018-03-05T10:59:56","date_gmt":"2018-03-05T13:59:56","guid":{"rendered":"http:\/\/franciscanos.org.br\/?p=153538"},"modified":"2020-06-07T17:14:39","modified_gmt":"2020-06-07T20:14:39","slug":"a-religiao-nao-e-um-espetaculo-a-fe-nao-e-um-espetaculo","status":"publish","type":"post","link":"https:\/\/franciscanos.org.br\/noticias\/a-religiao-nao-e-um-espetaculo-a-fe-nao-e-um-espetaculo.html","title":{"rendered":"&#8220;A religi\u00e3o n\u00e3o \u00e9 um espet\u00e1culo. A f\u00e9 n\u00e3o \u00e9 um espet\u00e1culo.&#8221;"},"content":{"rendered":"<p><img loading=\"lazy\" src=\"http:\/\/franciscanos.org.br\/wp-content\/uploads\/2018\/03\/papa_050318.jpg\" alt=\"papa_050318\" width=\"820\" height=\"432\" \/><\/p>\n<p><strong>Cidade do Vaticano<\/strong> &#8211; A religi\u00e3o e a f\u00e9 n\u00e3o s\u00e3o \u201cum espet\u00e1culo\u201d. O Papa come\u00e7ou a semana celebrando a missa na capela da Casa Santa Marta. Na homilia, comentou as leituras do dia: a Primeira dedicada a Naam\u00e3 o S\u00edrio e o Evangelho de Lucas, em que Jesus explica que nenhum profeta \u00e9 bem recebido em sua p\u00e1tria. O Pont\u00edfice explicou que neste tempo da Quaresma a Igreja nos faz refletir hoje sobre a convers\u00e3o do pensamento, das obras e dos sentimentos.<\/p>\n<p>\u201cA Igreja nos diz que as nossas obras devem se converter, e nos fala do jejum, da esmola, da penit\u00eancia: \u00e9 uma convers\u00e3o das obras. Fazer obras novas, obras com estilo crist\u00e3o, o estilo que vem das Bem-aventuran\u00e7as, em Mateus 25: fazer isto. Tamb\u00e9m a Igreja nos fala da convers\u00e3o dos sentimentos: tamb\u00e9m os sentimentos devem se converter. Pensemos por exemplo na Par\u00e1bola do Bom Samaritano: converter-se \u00e0 compaix\u00e3o. Sentimentos crist\u00e3os. Convers\u00e3o das obras; convers\u00e3o dos sentimentos; mas, hoje, nos fala da \u2018convers\u00e3o do pensamento\u2019: n\u00e3o daquilo que pensamos, mas tamb\u00e9m de como pensamos, do estilo do pensamento. Eu penso com um estilo crist\u00e3o ou com um estilo pag\u00e3o? Esta \u00e9 a mensagem que hoje a Igreja nos d\u00e1\u201d.<\/p>\n<p><strong>Deus n\u00e3o faz espet\u00e1culo<\/strong><\/p>\n<p>A prop\u00f3sito do epis\u00f3dio de Naam\u00e3 o S\u00edrio, doente de lepra, o Papa lembra que ele \u201cvai at\u00e9 Eliseu para ser curado\u201d e \u00e9 aconselhado a se banhar sete vezes no Jord\u00e3o. Ao contr\u00e1rio, ele pensa que os rios de Damasco s\u00e3o melhores do que as \u00e1guas de Israel, \u201cfica irritado e vai embora sem faz\u00ea-lo\u201d, recorda Francisco, porque \u201ceste homem queria o espet\u00e1culo\u201d.<\/p>\n<p>\u201cPensava que Deus vinha somente no espet\u00e1culo. E, dentro do espet\u00e1culo, a cura. \u2018Eu pensava que ele sairia para me receber e que, de p\u00e9, invocaria o nome do Senhor, seu Deus, e que tocaria com sua m\u00e3o o lugar da lepra e me curaria\u2019, esperava o espet\u00e1culo. E o estilo de Deus \u00e9 outro: cura de outro modo. Ele deve aprender a pensar num estilo novo, deve converter o modo de pensar\u201d.<\/p>\n<p>O Pont\u00edfice notou que o mesmo acontece com Jesus que volta a Nazar\u00e9 e vai at\u00e9 Sinagoga. Inicialmente \u201cas pessoas o olhavam\u201d, \u201cestavam impressionadas\u201d, \u201ccontentes\u201d.<\/p>\n<p>\u201cMas sempre tem um falador que come\u00e7ou a dizer: Mas este, este \u00e9 o filho do carpinteiro. O que nos ensina? Em que universidade ele estudou? Sim! \u00c9 o filho de Jos\u00e9. Come\u00e7am a cruzar opini\u00f5es, muda o comportamento das pessoas e querem mat\u00e1-lo. Da admira\u00e7\u00e3o e surpresa ao desejo de mat\u00e1-lo. Eles tamb\u00e9m queriam espet\u00e1culo. Dizem que fez milagres na Galileia e n\u00f3s acreditamos. Jesus explica: \u201cEu garanto a voc\u00eas: nenhum profeta \u00e9 bem recebido em sua p\u00e1tria\u201d. Isso porque n\u00f3s resistimos em dizer que alguns de n\u00f3s podem nos corrigir. Deve vir algu\u00e9m com o espet\u00e1culo a nos corrigir. A religi\u00e3o n\u00e3o \u00e9 um espet\u00e1culo. A f\u00e9 n\u00e3o \u00e9 um espet\u00e1culo: \u00e9 a Palavra de Deus e o Esp\u00edrito Santo que age nos cora\u00e7\u00f5es.\u201d<\/p>\n<p><strong>A gra\u00e7a da convers\u00e3o<\/strong><\/p>\n<p>\u201cA Igreja\u201d, sublinhou Francisco, \u201cnos convida a mudar a maneira de pensar, o estilo de pensar. Podemos recitar o Credo e todos os dogmas da Igreja\u201d, mas: \u201cA convers\u00e3o do pensamento. N\u00e3o \u00e9 usual que pensemos desse modo. N\u00e3o \u00e9 usual. Tamb\u00e9m a maneira de pensar, a maneira de crer deve ser convertida. Podemos nos fazer uma pergunta: com que esp\u00edrito eu penso? Com o esp\u00edrito do Senhor ou com o pr\u00f3prio esp\u00edrito, com o esp\u00edrito da comunidade \u00e0 qual perten\u00e7o ou do grupinho ou da classe social da qual fa\u00e7o parte, com o do partido pol\u00edtico ao qual perten\u00e7o? Com que esp\u00edrito eu penso? E procurar saber se penso realmente com o esp\u00edrito de Deus. Pedir a gra\u00e7a de discernir quando penso com o esp\u00edrito do mundo e quando penso com o esp\u00edrito de Deus. Pedir a gra\u00e7a da convers\u00e3o do pensamento.\u201d<\/p>\n<hr \/>\n<p><em>Fonte: Vatican News<\/em><\/p>\n","protected":false},"excerpt":{"rendered":"<p>Missa em Santa Marta<\/p>\n","protected":false},"author":1,"featured_media":222711,"comment_status":"open","ping_status":"open","sticky":false,"template":"","format":"standard","meta":[],"categories":[1428],"tags":[1586],"acf":[],"yoast_head":"<!-- This site is optimized with the Yoast SEO plugin v19.2 - https:\/\/yoast.com\/wordpress\/plugins\/seo\/ -->\n<title>&quot;A religi\u00e3o n\u00e3o \u00e9 um espet\u00e1culo. A f\u00e9 n\u00e3o \u00e9 um espet\u00e1culo.&quot; - Not\u00edcias - Franciscanos<\/title>\n<meta name=\"robots\" content=\"index, follow, max-snippet:-1, max-image-preview:large, max-video-preview:-1\" \/>\n<link rel=\"canonical\" href=\"https:\/\/franciscanos.org.br\/noticias\/a-religiao-nao-e-um-espetaculo-a-fe-nao-e-um-espetaculo.html\" \/>\n<meta property=\"og:locale\" content=\"pt_BR\" \/>\n<meta property=\"og:type\" content=\"article\" \/>\n<meta property=\"og:title\" content=\"&quot;A religi\u00e3o n\u00e3o \u00e9 um espet\u00e1culo. A f\u00e9 n\u00e3o \u00e9 um espet\u00e1culo.&quot; - Not\u00edcias - Franciscanos\" \/>\n<meta property=\"og:description\" content=\"Missa em Santa Marta\" \/>\n<meta property=\"og:url\" content=\"https:\/\/franciscanos.org.br\/noticias\/a-religiao-nao-e-um-espetaculo-a-fe-nao-e-um-espetaculo.html\" \/>\n<meta property=\"og:site_name\" content=\"Not\u00edcias - Franciscanos\" \/>\n<meta property=\"article:published_time\" content=\"2018-03-05T13:59:56+00:00\" \/>\n<meta property=\"article:modified_time\" content=\"2020-06-07T20:14:39+00:00\" \/>\n<meta property=\"og:image\" content=\"https:\/\/franciscanos.org.br\/noticias\/wp-content\/uploads\/2018\/03\/papa_050318-1.jpg\" \/>\n\t<meta property=\"og:image:width\" content=\"273\" \/>\n\t<meta property=\"og:image:height\" content=\"181\" \/>\n\t<meta property=\"og:image:type\" content=\"image\/jpeg\" \/>\n<meta name=\"author\" content=\"admin\" \/>\n<meta name=\"twitter:card\" content=\"summary_large_image\" \/>\n<meta name=\"twitter:label1\" content=\"Escrito por\" \/>\n\t<meta name=\"twitter:data1\" content=\"admin\" \/>\n\t<meta name=\"twitter:label2\" content=\"Est. tempo de leitura\" \/>\n\t<meta name=\"twitter:data2\" content=\"4 minutos\" \/>\n<script type=\"application\/ld+json\" class=\"yoast-schema-graph\">{\"@context\":\"https:\/\/schema.org\",\"@graph\":[{\"@type\":\"WebSite\",\"@id\":\"https:\/\/franciscanos.org.br\/noticias\/#website\",\"url\":\"https:\/\/franciscanos.org.br\/noticias\/\",\"name\":\"Not\u00edcias - Franciscanos\",\"description\":\"Prov\u00edncia Franciscana da Imaculada Concei\u00e7\u00e3o do Brasil - Ordem dos Frades Menores - OFM\",\"potentialAction\":[{\"@type\":\"SearchAction\",\"target\":{\"@type\":\"EntryPoint\",\"urlTemplate\":\"https:\/\/franciscanos.org.br\/noticias\/?s={search_term_string}\"},\"query-input\":\"required name=search_term_string\"}],\"inLanguage\":\"pt-BR\"},{\"@type\":\"ImageObject\",\"inLanguage\":\"pt-BR\",\"@id\":\"https:\/\/franciscanos.org.br\/noticias\/a-religiao-nao-e-um-espetaculo-a-fe-nao-e-um-espetaculo.html#primaryimage\",\"url\":\"https:\/\/franciscanos.org.br\/noticias\/wp-content\/uploads\/2018\/03\/papa_050318-1.jpg\",\"contentUrl\":\"https:\/\/franciscanos.org.br\/noticias\/wp-content\/uploads\/2018\/03\/papa_050318-1.jpg\",\"width\":273,\"height\":181},{\"@type\":\"WebPage\",\"@id\":\"https:\/\/franciscanos.org.br\/noticias\/a-religiao-nao-e-um-espetaculo-a-fe-nao-e-um-espetaculo.html#webpage\",\"url\":\"https:\/\/franciscanos.org.br\/noticias\/a-religiao-nao-e-um-espetaculo-a-fe-nao-e-um-espetaculo.html\",\"name\":\"\\\"A religi\u00e3o n\u00e3o \u00e9 um espet\u00e1culo. A f\u00e9 n\u00e3o \u00e9 um espet\u00e1culo.\\\" - Not\u00edcias - Franciscanos\",\"isPartOf\":{\"@id\":\"https:\/\/franciscanos.org.br\/noticias\/#website\"},\"primaryImageOfPage\":{\"@id\":\"https:\/\/franciscanos.org.br\/noticias\/a-religiao-nao-e-um-espetaculo-a-fe-nao-e-um-espetaculo.html#primaryimage\"},\"datePublished\":\"2018-03-05T13:59:56+00:00\",\"dateModified\":\"2020-06-07T20:14:39+00:00\",\"author\":{\"@id\":\"https:\/\/franciscanos.org.br\/noticias\/#\/schema\/person\/b38fbf43118f02820bd932f2e4b14ad3\"},\"breadcrumb\":{\"@id\":\"https:\/\/franciscanos.org.br\/noticias\/a-religiao-nao-e-um-espetaculo-a-fe-nao-e-um-espetaculo.html#breadcrumb\"},\"inLanguage\":\"pt-BR\",\"potentialAction\":[{\"@type\":\"ReadAction\",\"target\":[\"https:\/\/franciscanos.org.br\/noticias\/a-religiao-nao-e-um-espetaculo-a-fe-nao-e-um-espetaculo.html\"]}]},{\"@type\":\"BreadcrumbList\",\"@id\":\"https:\/\/franciscanos.org.br\/noticias\/a-religiao-nao-e-um-espetaculo-a-fe-nao-e-um-espetaculo.html#breadcrumb\",\"itemListElement\":[{\"@type\":\"ListItem\",\"position\":1,\"name\":\"Home\",\"item\":\"https:\/\/franciscanos.org.br\/noticias\"},{\"@type\":\"ListItem\",\"position\":2,\"name\":\"&#8220;A religi\u00e3o n\u00e3o \u00e9 um espet\u00e1culo. A f\u00e9 n\u00e3o \u00e9 um espet\u00e1culo.&#8221;\"}]},{\"@type\":\"Person\",\"@id\":\"https:\/\/franciscanos.org.br\/noticias\/#\/schema\/person\/b38fbf43118f02820bd932f2e4b14ad3\",\"name\":\"admin\",\"image\":{\"@type\":\"ImageObject\",\"inLanguage\":\"pt-BR\",\"@id\":\"https:\/\/franciscanos.org.br\/noticias\/#\/schema\/person\/image\/\",\"url\":\"https:\/\/secure.gravatar.com\/avatar\/e8495742d34d0ba6448ea1c628263b3e?s=96&d=mm&r=g\",\"contentUrl\":\"https:\/\/secure.gravatar.com\/avatar\/e8495742d34d0ba6448ea1c628263b3e?s=96&d=mm&r=g\",\"caption\":\"admin\"},\"url\":\"https:\/\/franciscanos.org.br\/noticias\/author\/admin\"}]}<\/script>\n<!-- \/ Yoast SEO plugin. -->","yoast_head_json":{"title":"\"A religi\u00e3o n\u00e3o \u00e9 um espet\u00e1culo. A f\u00e9 n\u00e3o \u00e9 um espet\u00e1culo.\" - Not\u00edcias - Franciscanos","robots":{"index":"index","follow":"follow","max-snippet":"max-snippet:-1","max-image-preview":"max-image-preview:large","max-video-preview":"max-video-preview:-1"},"canonical":"https:\/\/franciscanos.org.br\/noticias\/a-religiao-nao-e-um-espetaculo-a-fe-nao-e-um-espetaculo.html","og_locale":"pt_BR","og_type":"article","og_title":"\"A religi\u00e3o n\u00e3o \u00e9 um espet\u00e1culo. A f\u00e9 n\u00e3o \u00e9 um espet\u00e1culo.\" - Not\u00edcias - Franciscanos","og_description":"Missa em Santa Marta","og_url":"https:\/\/franciscanos.org.br\/noticias\/a-religiao-nao-e-um-espetaculo-a-fe-nao-e-um-espetaculo.html","og_site_name":"Not\u00edcias - Franciscanos","article_published_time":"2018-03-05T13:59:56+00:00","article_modified_time":"2020-06-07T20:14:39+00:00","og_image":[{"width":273,"height":181,"url":"https:\/\/franciscanos.org.br\/noticias\/wp-content\/uploads\/2018\/03\/papa_050318-1.jpg","type":"image\/jpeg"}],"author":"admin","twitter_card":"summary_large_image","twitter_misc":{"Escrito por":"admin","Est. tempo de leitura":"4 minutos"},"schema":{"@context":"https:\/\/schema.org","@graph":[{"@type":"WebSite","@id":"https:\/\/franciscanos.org.br\/noticias\/#website","url":"https:\/\/franciscanos.org.br\/noticias\/","name":"Not\u00edcias - Franciscanos","description":"Prov\u00edncia Franciscana da Imaculada Concei\u00e7\u00e3o do Brasil - Ordem dos Frades Menores - OFM","potentialAction":[{"@type":"SearchAction","target":{"@type":"EntryPoint","urlTemplate":"https:\/\/franciscanos.org.br\/noticias\/?s={search_term_string}"},"query-input":"required name=search_term_string"}],"inLanguage":"pt-BR"},{"@type":"ImageObject","inLanguage":"pt-BR","@id":"https:\/\/franciscanos.org.br\/noticias\/a-religiao-nao-e-um-espetaculo-a-fe-nao-e-um-espetaculo.html#primaryimage","url":"https:\/\/franciscanos.org.br\/noticias\/wp-content\/uploads\/2018\/03\/papa_050318-1.jpg","contentUrl":"https:\/\/franciscanos.org.br\/noticias\/wp-content\/uploads\/2018\/03\/papa_050318-1.jpg","width":273,"height":181},{"@type":"WebPage","@id":"https:\/\/franciscanos.org.br\/noticias\/a-religiao-nao-e-um-espetaculo-a-fe-nao-e-um-espetaculo.html#webpage","url":"https:\/\/franciscanos.org.br\/noticias\/a-religiao-nao-e-um-espetaculo-a-fe-nao-e-um-espetaculo.html","name":"\"A religi\u00e3o n\u00e3o \u00e9 um espet\u00e1culo. A f\u00e9 n\u00e3o \u00e9 um espet\u00e1culo.\" - Not\u00edcias - Franciscanos","isPartOf":{"@id":"https:\/\/franciscanos.org.br\/noticias\/#website"},"primaryImageOfPage":{"@id":"https:\/\/franciscanos.org.br\/noticias\/a-religiao-nao-e-um-espetaculo-a-fe-nao-e-um-espetaculo.html#primaryimage"},"datePublished":"2018-03-05T13:59:56+00:00","dateModified":"2020-06-07T20:14:39+00:00","author":{"@id":"https:\/\/franciscanos.org.br\/noticias\/#\/schema\/person\/b38fbf43118f02820bd932f2e4b14ad3"},"breadcrumb":{"@id":"https:\/\/franciscanos.org.br\/noticias\/a-religiao-nao-e-um-espetaculo-a-fe-nao-e-um-espetaculo.html#breadcrumb"},"inLanguage":"pt-BR","potentialAction":[{"@type":"ReadAction","target":["https:\/\/franciscanos.org.br\/noticias\/a-religiao-nao-e-um-espetaculo-a-fe-nao-e-um-espetaculo.html"]}]},{"@type":"BreadcrumbList","@id":"https:\/\/franciscanos.org.br\/noticias\/a-religiao-nao-e-um-espetaculo-a-fe-nao-e-um-espetaculo.html#breadcrumb","itemListElement":[{"@type":"ListItem","position":1,"name":"Home","item":"https:\/\/franciscanos.org.br\/noticias"},{"@type":"ListItem","position":2,"name":"&#8220;A religi\u00e3o n\u00e3o \u00e9 um espet\u00e1culo. A f\u00e9 n\u00e3o \u00e9 um espet\u00e1culo.&#8221;"}]},{"@type":"Person","@id":"https:\/\/franciscanos.org.br\/noticias\/#\/schema\/person\/b38fbf43118f02820bd932f2e4b14ad3","name":"admin","image":{"@type":"ImageObject","inLanguage":"pt-BR","@id":"https:\/\/franciscanos.org.br\/noticias\/#\/schema\/person\/image\/","url":"https:\/\/secure.gravatar.com\/avatar\/e8495742d34d0ba6448ea1c628263b3e?s=96&d=mm&r=g","contentUrl":"https:\/\/secure.gravatar.com\/avatar\/e8495742d34d0ba6448ea1c628263b3e?s=96&d=mm&r=g","caption":"admin"},"url":"https:\/\/franciscanos.org.br\/noticias\/author\/admin"}]}},"_links":{"self":[{"href":"https:\/\/franciscanos.org.br\/noticias\/wp-json\/wp\/v2\/posts\/153538"}],"collection":[{"href":"https:\/\/franciscanos.org.br\/noticias\/wp-json\/wp\/v2\/posts"}],"about":[{"href":"https:\/\/franciscanos.org.br\/noticias\/wp-json\/wp\/v2\/types\/post"}],"author":[{"embeddable":true,"href":"https:\/\/franciscanos.org.br\/noticias\/wp-json\/wp\/v2\/users\/1"}],"replies":[{"embeddable":true,"href":"https:\/\/franciscanos.org.br\/noticias\/wp-json\/wp\/v2\/comments?post=153538"}],"version-history":[{"count":2,"href":"https:\/\/franciscanos.org.br\/noticias\/wp-json\/wp\/v2\/posts\/153538\/revisions"}],"predecessor-version":[{"id":225052,"href":"https:\/\/franciscanos.org.br\/noticias\/wp-json\/wp\/v2\/posts\/153538\/revisions\/225052"}],"wp:featuredmedia":[{"embeddable":true,"href":"https:\/\/franciscanos.org.br\/noticias\/wp-json\/wp\/v2\/media\/222711"}],"wp:attachment":[{"href":"https:\/\/franciscanos.org.br\/noticias\/wp-json\/wp\/v2\/media?parent=153538"}],"wp:term":[{"taxonomy":"category","embeddable":true,"href":"https:\/\/franciscanos.org.br\/noticias\/wp-json\/wp\/v2\/categories?post=153538"},{"taxonomy":"post_tag","embeddable":true,"href":"https:\/\/franciscanos.org.br\/noticias\/wp-json\/wp\/v2\/tags?post=153538"}],"curies":[{"name":"wp","href":"https:\/\/api.w.org\/{rel}","templated":true}]}}