{"id":153534,"date":"2020-03-05T00:52:18","date_gmt":"2020-03-05T03:52:18","guid":{"rendered":"http:\/\/franciscanos.org.br\/?p=153534"},"modified":"2020-03-05T07:06:27","modified_gmt":"2020-03-05T10:06:27","slug":"editora-vozes-completa-119-anos-hoje","status":"publish","type":"post","link":"https:\/\/franciscanos.org.br\/noticias\/editora-vozes-completa-119-anos-hoje.html","title":{"rendered":"Editora Vozes completa 119 anos &#8216;pelo bom livro&#8217;"},"content":{"rendered":"<p><img loading=\"lazy\" src=\"http:\/\/franciscanos.org.br\/wp-content\/uploads\/2018\/03\/vozes_050318.jpg\" alt=\"vozes_050318\" width=\"820\" height=\"481\" \/><\/p>\n<p>A Editora Vozes completa, neste dia 5 de mar\u00e7o, 119 anos &#8220;de uma vida pelo bom livro&#8221;, como diz o seu lema. Atualmente, \u00e9 uma das institui\u00e7\u00f5es culturais mais importante na Am\u00e9rica Latina e na Ordem Franciscana mundial. Ela \u00e9 respons\u00e1vel por uma fatia do mercado editorial de livros de qualidade,\u00a0 refer\u00eancia em diversas \u00e1reas do conhecimento, entre elas, filosofia, sociologia, educa\u00e7\u00e3o e psicologia. Em suma, pode-se dizer que a Editora Vozes se constitui numa das mais antigas e conhecidas editoras do Brasil.<\/p>\n<p>A partir de sua sede em Petr\u00f3polis, regi\u00e3o serrana do Estado do Rio de Janeiro, onde tamb\u00e9m se situa seu moderno parque gr\u00e1fico, seus livros e revistas chegam a todo o Brasil atrav\u00e9s de seus 12 centros de distribui\u00e7\u00e3o, e de sua rede de livrarias.<\/p>\n<p>O cat\u00e1logo da Editora Vozes soma mais de 2 mil t\u00edtulos ativos, n\u00famero este que \u00e9 acrescido a cada m\u00eas com uma m\u00e9dia de 15 lan\u00e7amentos. Ao longo dos anos, as linhas de publica\u00e7\u00e3o da Editora Vozes passaram a ser reconhecidas por sua seriedade e consist\u00eancia, consolidando assim uma lideran\u00e7a editorial em diversas \u00e1reas do conhecimento como: Pedagogia, Filosofia, Psicologia, Sociologia, Antropologia, Ci\u00eancias Pol\u00edticas, Din\u00e2micas de grupo, Metodologia de ensino e pesquisa, Hist\u00f3ria, Comunica\u00e7\u00e3o, Letras, Servi\u00e7o Social, Ecologia, Sa\u00fade, Teologia, Sagrada Escritura, Liturgia, Espiritualidade, Literatura de autoconhecimento, Franciscanismo, Devocionais, Catequese, Pastoral e Ensino Religioso.<\/p>\n<p>A editora tem dois produtos tradicionais: o Almanaque Santo Ant\u00f4nio e a Folhinha do Sagrado Cora\u00e7\u00e3o de Jesus, editadas por Frei Edrian Pasini<\/p>\n<p>A Vozes tamb\u00e9m possui o Selo Nobilis, uma linha editorial especial que tem o objetivo de publicar obras diferenciadas com uma qualidade superior e alto valor agregado. Traz importantes autores, entre eles Leonardo Boff e Mario Sergio Cortella.<\/p>\n<p><strong><a href=\"http:\/\/franciscanos.org.br\/wp-content\/uploads\/2011\/11\/1080_081111.jpg\"><img loading=\"lazy\" class=\"alignright\" style=\"margin: 5px;\" title=\"1080_081111\" src=\"http:\/\/franciscanos.org.br\/wp-content\/uploads\/2011\/11\/1080_081111.jpg\" alt=\"\" width=\"250\" height=\"174\" \/><\/a>O IN\u00cdCIO COM FREI IN\u00c1CIO HINTE<\/strong><\/p>\n<p>Sua hist\u00f3ria come\u00e7a com a iniciativa de um frade, Frei In\u00e1cio Hinte, que adquiriu, em Petr\u00f3polis, uma velha impressora Alauzet dos padres lazaristas. Para isso, contou com o apoio de Frei Cir\u00edaco Hielscher, que foi o respons\u00e1vel pela constru\u00e7\u00e3o do primeiro Convento Franciscano de Petr\u00f3polis e o fundador da Escola Gratuita S\u00e3o Jos\u00e9, da qual foi o primeiro diretor. Como guardi\u00e3o do convento, foi tamb\u00e9m o primeiro respons\u00e1vel pela Editora Vozes, assinando a ata da reuni\u00e3o de funda\u00e7\u00e3o da editora, em 5 de mar\u00e7o de 1901. A editora nasceu com o nome de Typographia da Escola Gratuita S\u00e3o Jos\u00e9.<\/p>\n<p>Tocada a m\u00e3o pelo Irm\u00e3o Frei Matias Hermanns e sob a dire\u00e7\u00e3o t\u00e9cnica de Frei In\u00e1cio Hinte, a restaurada Alauzet funcionou pela primeira vez imprimindo cart\u00f5es de visita para o guardi\u00e3o Frei Cir\u00edaco.<\/p>\n<p>Quando Frei Cir\u00edaco foi transferido, o novo guardi\u00e3o Frei Celso Dreiling continuou apoiando a Typographia, deixando Frei In\u00e1cio como respons\u00e1vel. Ele ainda incentivou a compra das m\u00e1quinas Sollo e Phoenix, que substitu\u00edram a Alauzet. A m\u00e1quina Sollo dispensava a a\u00e7\u00e3o humana para tocar a alavanca de impress\u00e3o, pois ela possu\u00eda um motor. Estas duas m\u00e1quinas aumentaram a capacidade de produ\u00e7\u00e3o da Typographia, possibilitando o atendimento ao aumento de pedidos de livros, especialmente aos escolares.<\/p>\n<p><a href=\"http:\/\/franciscanos.org.br\/wp-content\/uploads\/2011\/11\/1081_081111.jpg\"><img loading=\"lazy\" class=\"alignleft\" title=\"1081_081111\" src=\"http:\/\/franciscanos.org.br\/wp-content\/uploads\/2011\/11\/1081_081111.jpg\" alt=\"\" width=\"250\" height=\"421\" \/><\/a>Por muitos anos, os funcion\u00e1rios que auxiliavam Frei In\u00e1cio na Typographia da Escola Gratuita S\u00e3o Jos\u00e9 eram alunos ou ex-alunos da pr\u00f3pria escola, que destacavam-se nos estudos e iam a\u00ed trabalhar. Entre os primeiros livros publicados pela Typographia est\u00e3o: &#8220;O primeiro livro de leitura&#8221;, editado pelos professores da Escola Gratuita S\u00e3o Jos\u00e9, &#8220;A vida e o culto de Santo Ant\u00f4nio&#8221;, de Frei Lu\u00eds Reinke, &#8220;Cec\u00edlia&#8221;, de Frei Bas\u00edlio R\u00f6wer, &#8220;Breves medita\u00e7\u00f5es para todos os dias do anno&#8221;, de Frei Pedro Sinzig, e &#8220;Mann\u00e1: o alimento da alma devota&#8221;, um livro de ora\u00e7\u00f5es populares escrito por Frei Ambr\u00f3sio Johanning.<\/p>\n<p>Em 1939, ela ganhava uma nova raz\u00e3o social: Editora Vozes Ltda. Tinha 50 funcion\u00e1rios e v\u00e1rias m\u00e1quinas. Neste ano, o grande lan\u00e7amento foi a Folhinha do Sagrado Cora\u00e7\u00e3o de Jesus. Frei Ludovico Gomes de Castro deu outro impulso em 1963, com novos equipamentos, como a m\u00e1quina \u201coffset\u201d, que aumentou a produ\u00e7\u00e3o e permitiu a impress\u00e3o de um caderno de 64 p\u00e1ginas de cada vez. Em 1968 tinha quatro filiais no Brasil.<\/p>\n<p>Durante a d\u00e9cada de 70 viria nova expans\u00e3o gr\u00e1fica e comercial. A Editora comprava a impressora Speed Master, uma guilhotina Guarani, de fabrica\u00e7\u00e3o nacional, e outras m\u00e1quinas da marca Heidelberg para fazer capas. Durante o per\u00edodo de repress\u00e3o, a editora destacou-se pela corajosa publica\u00e7\u00e3o de obras em defesa da liberdade, como &#8220;Tortura Nunca Mais&#8221; e a &#8220;Voz dos Vencidos&#8221;. Em 1989, a editora tinha 600 funcion\u00e1rios e 30 lojas.<\/p>\n<p>Mas o mercado editorial entrou em crise no final do s\u00e9culo passado e, junto a dificuldades internas, a Vozes sofreu a pior crise de sua hist\u00f3ria. A partir de 1999 assumiu a empresa a diretoria formada por uma gest\u00e3o colegiada, que equilibrou as finan\u00e7as e, dentro de uma economia globalizada, prepara-se para atravessar mais um s\u00e9culo.<\/p>\n<p>Em 2005, a Editora Vozes inaugurou um novo segmento de publica\u00e7\u00f5es, a Vozes Nobilis: uma linha editorial especial, com importantes autores, alto valor agregado e qualidade superior, como Anselm Gr\u00fcn, M\u00e1rio Cortella, entre outros. No \u201cranking\u201d dos livros mais vendidos destacam-se \u201cMinutos de Sabedoria\u201d, um pequeno grande livro de bolso repleto de pensamentos que inspiram e alentam.<\/p>\n<p><em>(Fonte: &#8220;Editora Vozes: 100 anos de hist\u00f3ria&#8221;, de Marcelo Fereira de Andrades (2001).<\/em><\/p>\n","protected":false},"excerpt":{"rendered":"<p>Prov\u00edncia da Imaculada Concei\u00e7\u00e3o<\/p>\n","protected":false},"author":5,"featured_media":201203,"comment_status":"open","ping_status":"open","sticky":false,"template":"","format":"standard","meta":[],"categories":[1],"tags":[238],"acf":[],"yoast_head":"<!-- This site is optimized with the Yoast SEO plugin v19.2 - https:\/\/yoast.com\/wordpress\/plugins\/seo\/ -->\n<title>Editora Vozes completa 119 anos &#039;pelo bom livro&#039; - Not\u00edcias - Franciscanos<\/title>\n<meta name=\"robots\" content=\"index, follow, max-snippet:-1, max-image-preview:large, max-video-preview:-1\" \/>\n<link rel=\"canonical\" href=\"https:\/\/franciscanos.org.br\/noticias\/editora-vozes-completa-119-anos-hoje.html\" \/>\n<meta property=\"og:locale\" content=\"pt_BR\" \/>\n<meta property=\"og:type\" content=\"article\" \/>\n<meta property=\"og:title\" content=\"Editora Vozes completa 119 anos &#039;pelo bom livro&#039; - Not\u00edcias - Franciscanos\" \/>\n<meta property=\"og:description\" content=\"Prov\u00edncia da Imaculada Concei\u00e7\u00e3o\" \/>\n<meta property=\"og:url\" content=\"https:\/\/franciscanos.org.br\/noticias\/editora-vozes-completa-119-anos-hoje.html\" \/>\n<meta property=\"og:site_name\" content=\"Not\u00edcias - Franciscanos\" \/>\n<meta property=\"article:published_time\" content=\"2020-03-05T03:52:18+00:00\" \/>\n<meta property=\"article:modified_time\" content=\"2020-03-05T10:06:27+00:00\" \/>\n<meta property=\"og:image\" content=\"https:\/\/franciscanos.org.br\/noticias\/wp-content\/uploads\/2018\/03\/vozes_050318.jpg\" \/>\n\t<meta property=\"og:image:width\" content=\"273\" \/>\n\t<meta property=\"og:image:height\" content=\"181\" \/>\n\t<meta property=\"og:image:type\" content=\"image\/jpeg\" \/>\n<meta name=\"author\" content=\"freiaugusto\" \/>\n<meta name=\"twitter:card\" content=\"summary_large_image\" \/>\n<meta name=\"twitter:label1\" content=\"Escrito por\" \/>\n\t<meta name=\"twitter:data1\" content=\"freiaugusto\" \/>\n\t<meta name=\"twitter:label2\" content=\"Est. tempo de leitura\" \/>\n\t<meta name=\"twitter:data2\" content=\"5 minutos\" \/>\n<script type=\"application\/ld+json\" class=\"yoast-schema-graph\">{\"@context\":\"https:\/\/schema.org\",\"@graph\":[{\"@type\":\"WebSite\",\"@id\":\"https:\/\/franciscanos.org.br\/noticias\/#website\",\"url\":\"https:\/\/franciscanos.org.br\/noticias\/\",\"name\":\"Not\u00edcias - Franciscanos\",\"description\":\"Prov\u00edncia Franciscana da Imaculada Concei\u00e7\u00e3o do Brasil - Ordem dos Frades Menores - OFM\",\"potentialAction\":[{\"@type\":\"SearchAction\",\"target\":{\"@type\":\"EntryPoint\",\"urlTemplate\":\"https:\/\/franciscanos.org.br\/noticias\/?s={search_term_string}\"},\"query-input\":\"required name=search_term_string\"}],\"inLanguage\":\"pt-BR\"},{\"@type\":\"ImageObject\",\"inLanguage\":\"pt-BR\",\"@id\":\"https:\/\/franciscanos.org.br\/noticias\/editora-vozes-completa-119-anos-hoje.html#primaryimage\",\"url\":\"https:\/\/franciscanos.org.br\/noticias\/wp-content\/uploads\/2018\/03\/vozes_050318.jpg\",\"contentUrl\":\"https:\/\/franciscanos.org.br\/noticias\/wp-content\/uploads\/2018\/03\/vozes_050318.jpg\",\"width\":273,\"height\":181},{\"@type\":\"WebPage\",\"@id\":\"https:\/\/franciscanos.org.br\/noticias\/editora-vozes-completa-119-anos-hoje.html#webpage\",\"url\":\"https:\/\/franciscanos.org.br\/noticias\/editora-vozes-completa-119-anos-hoje.html\",\"name\":\"Editora Vozes completa 119 anos 'pelo bom livro' - Not\u00edcias - Franciscanos\",\"isPartOf\":{\"@id\":\"https:\/\/franciscanos.org.br\/noticias\/#website\"},\"primaryImageOfPage\":{\"@id\":\"https:\/\/franciscanos.org.br\/noticias\/editora-vozes-completa-119-anos-hoje.html#primaryimage\"},\"datePublished\":\"2020-03-05T03:52:18+00:00\",\"dateModified\":\"2020-03-05T10:06:27+00:00\",\"author\":{\"@id\":\"https:\/\/franciscanos.org.br\/noticias\/#\/schema\/person\/37f88f0d111cd5358b12a6556a99eb91\"},\"breadcrumb\":{\"@id\":\"https:\/\/franciscanos.org.br\/noticias\/editora-vozes-completa-119-anos-hoje.html#breadcrumb\"},\"inLanguage\":\"pt-BR\",\"potentialAction\":[{\"@type\":\"ReadAction\",\"target\":[\"https:\/\/franciscanos.org.br\/noticias\/editora-vozes-completa-119-anos-hoje.html\"]}]},{\"@type\":\"BreadcrumbList\",\"@id\":\"https:\/\/franciscanos.org.br\/noticias\/editora-vozes-completa-119-anos-hoje.html#breadcrumb\",\"itemListElement\":[{\"@type\":\"ListItem\",\"position\":1,\"name\":\"Home\",\"item\":\"https:\/\/franciscanos.org.br\/noticias\"},{\"@type\":\"ListItem\",\"position\":2,\"name\":\"Editora Vozes completa 119 anos &#8216;pelo bom livro&#8217;\"}]},{\"@type\":\"Person\",\"@id\":\"https:\/\/franciscanos.org.br\/noticias\/#\/schema\/person\/37f88f0d111cd5358b12a6556a99eb91\",\"name\":\"freiaugusto\",\"image\":{\"@type\":\"ImageObject\",\"inLanguage\":\"pt-BR\",\"@id\":\"https:\/\/franciscanos.org.br\/noticias\/#\/schema\/person\/image\/\",\"url\":\"https:\/\/secure.gravatar.com\/avatar\/9840b940e621801b24f3e6b059efb4b7?s=96&d=mm&r=g\",\"contentUrl\":\"https:\/\/secure.gravatar.com\/avatar\/9840b940e621801b24f3e6b059efb4b7?s=96&d=mm&r=g\",\"caption\":\"freiaugusto\"},\"url\":\"https:\/\/franciscanos.org.br\/noticias\/author\/freiaugusto\"}]}<\/script>\n<!-- \/ Yoast SEO plugin. -->","yoast_head_json":{"title":"Editora Vozes completa 119 anos 'pelo bom livro' - Not\u00edcias - Franciscanos","robots":{"index":"index","follow":"follow","max-snippet":"max-snippet:-1","max-image-preview":"max-image-preview:large","max-video-preview":"max-video-preview:-1"},"canonical":"https:\/\/franciscanos.org.br\/noticias\/editora-vozes-completa-119-anos-hoje.html","og_locale":"pt_BR","og_type":"article","og_title":"Editora Vozes completa 119 anos 'pelo bom livro' - Not\u00edcias - Franciscanos","og_description":"Prov\u00edncia da Imaculada Concei\u00e7\u00e3o","og_url":"https:\/\/franciscanos.org.br\/noticias\/editora-vozes-completa-119-anos-hoje.html","og_site_name":"Not\u00edcias - Franciscanos","article_published_time":"2020-03-05T03:52:18+00:00","article_modified_time":"2020-03-05T10:06:27+00:00","og_image":[{"width":273,"height":181,"url":"https:\/\/franciscanos.org.br\/noticias\/wp-content\/uploads\/2018\/03\/vozes_050318.jpg","type":"image\/jpeg"}],"author":"freiaugusto","twitter_card":"summary_large_image","twitter_misc":{"Escrito por":"freiaugusto","Est. tempo de leitura":"5 minutos"},"schema":{"@context":"https:\/\/schema.org","@graph":[{"@type":"WebSite","@id":"https:\/\/franciscanos.org.br\/noticias\/#website","url":"https:\/\/franciscanos.org.br\/noticias\/","name":"Not\u00edcias - Franciscanos","description":"Prov\u00edncia Franciscana da Imaculada Concei\u00e7\u00e3o do Brasil - Ordem dos Frades Menores - OFM","potentialAction":[{"@type":"SearchAction","target":{"@type":"EntryPoint","urlTemplate":"https:\/\/franciscanos.org.br\/noticias\/?s={search_term_string}"},"query-input":"required name=search_term_string"}],"inLanguage":"pt-BR"},{"@type":"ImageObject","inLanguage":"pt-BR","@id":"https:\/\/franciscanos.org.br\/noticias\/editora-vozes-completa-119-anos-hoje.html#primaryimage","url":"https:\/\/franciscanos.org.br\/noticias\/wp-content\/uploads\/2018\/03\/vozes_050318.jpg","contentUrl":"https:\/\/franciscanos.org.br\/noticias\/wp-content\/uploads\/2018\/03\/vozes_050318.jpg","width":273,"height":181},{"@type":"WebPage","@id":"https:\/\/franciscanos.org.br\/noticias\/editora-vozes-completa-119-anos-hoje.html#webpage","url":"https:\/\/franciscanos.org.br\/noticias\/editora-vozes-completa-119-anos-hoje.html","name":"Editora Vozes completa 119 anos 'pelo bom livro' - Not\u00edcias - Franciscanos","isPartOf":{"@id":"https:\/\/franciscanos.org.br\/noticias\/#website"},"primaryImageOfPage":{"@id":"https:\/\/franciscanos.org.br\/noticias\/editora-vozes-completa-119-anos-hoje.html#primaryimage"},"datePublished":"2020-03-05T03:52:18+00:00","dateModified":"2020-03-05T10:06:27+00:00","author":{"@id":"https:\/\/franciscanos.org.br\/noticias\/#\/schema\/person\/37f88f0d111cd5358b12a6556a99eb91"},"breadcrumb":{"@id":"https:\/\/franciscanos.org.br\/noticias\/editora-vozes-completa-119-anos-hoje.html#breadcrumb"},"inLanguage":"pt-BR","potentialAction":[{"@type":"ReadAction","target":["https:\/\/franciscanos.org.br\/noticias\/editora-vozes-completa-119-anos-hoje.html"]}]},{"@type":"BreadcrumbList","@id":"https:\/\/franciscanos.org.br\/noticias\/editora-vozes-completa-119-anos-hoje.html#breadcrumb","itemListElement":[{"@type":"ListItem","position":1,"name":"Home","item":"https:\/\/franciscanos.org.br\/noticias"},{"@type":"ListItem","position":2,"name":"Editora Vozes completa 119 anos &#8216;pelo bom livro&#8217;"}]},{"@type":"Person","@id":"https:\/\/franciscanos.org.br\/noticias\/#\/schema\/person\/37f88f0d111cd5358b12a6556a99eb91","name":"freiaugusto","image":{"@type":"ImageObject","inLanguage":"pt-BR","@id":"https:\/\/franciscanos.org.br\/noticias\/#\/schema\/person\/image\/","url":"https:\/\/secure.gravatar.com\/avatar\/9840b940e621801b24f3e6b059efb4b7?s=96&d=mm&r=g","contentUrl":"https:\/\/secure.gravatar.com\/avatar\/9840b940e621801b24f3e6b059efb4b7?s=96&d=mm&r=g","caption":"freiaugusto"},"url":"https:\/\/franciscanos.org.br\/noticias\/author\/freiaugusto"}]}},"_links":{"self":[{"href":"https:\/\/franciscanos.org.br\/noticias\/wp-json\/wp\/v2\/posts\/153534"}],"collection":[{"href":"https:\/\/franciscanos.org.br\/noticias\/wp-json\/wp\/v2\/posts"}],"about":[{"href":"https:\/\/franciscanos.org.br\/noticias\/wp-json\/wp\/v2\/types\/post"}],"author":[{"embeddable":true,"href":"https:\/\/franciscanos.org.br\/noticias\/wp-json\/wp\/v2\/users\/5"}],"replies":[{"embeddable":true,"href":"https:\/\/franciscanos.org.br\/noticias\/wp-json\/wp\/v2\/comments?post=153534"}],"version-history":[{"count":0,"href":"https:\/\/franciscanos.org.br\/noticias\/wp-json\/wp\/v2\/posts\/153534\/revisions"}],"wp:featuredmedia":[{"embeddable":true,"href":"https:\/\/franciscanos.org.br\/noticias\/wp-json\/wp\/v2\/media\/201203"}],"wp:attachment":[{"href":"https:\/\/franciscanos.org.br\/noticias\/wp-json\/wp\/v2\/media?parent=153534"}],"wp:term":[{"taxonomy":"category","embeddable":true,"href":"https:\/\/franciscanos.org.br\/noticias\/wp-json\/wp\/v2\/categories?post=153534"},{"taxonomy":"post_tag","embeddable":true,"href":"https:\/\/franciscanos.org.br\/noticias\/wp-json\/wp\/v2\/tags?post=153534"}],"curies":[{"name":"wp","href":"https:\/\/api.w.org\/{rel}","templated":true}]}}