{"id":153518,"date":"2018-03-27T07:54:29","date_gmt":"2018-03-27T10:54:29","guid":{"rendered":"http:\/\/franciscanos.org.br\/?p=153518"},"modified":"2019-04-08T21:25:55","modified_gmt":"2019-04-09T00:25:55","slug":"festa-da-penha-2018","status":"publish","type":"post","link":"https:\/\/franciscanos.org.br\/noticias\/festa-da-penha-2018.html","title":{"rendered":"Festa da Penha come\u00e7a com Oitav\u00e1rio no dia 1\u00ba de abril"},"content":{"rendered":"<p><img loading=\"lazy\" class=\"wp-image-202326  aligncenter\" src=\"https:\/\/franciscanos.org.br\/noticias\/wp-content\/uploads\/2018\/03\/festadapenha-1.png\" alt=\"\" width=\"890\" height=\"1230\" srcset=\"https:\/\/franciscanos.org.br\/noticias\/wp-content\/uploads\/2018\/03\/festadapenha-1.png 741w, https:\/\/franciscanos.org.br\/noticias\/wp-content\/uploads\/2018\/03\/festadapenha-1-326x450.png 326w, https:\/\/franciscanos.org.br\/noticias\/wp-content\/uploads\/2018\/03\/festadapenha-1-150x207.png 150w\" sizes=\"(max-width: 890px) 100vw, 890px\" \/><\/p>\n<p>Com o tema \u201cVirgem da Penha, minha alegria\u201d, tem in\u00edcio no dia 1\u00ba de abril (domingo) o Oitav\u00e1rio da Festa da Penha, as celebra\u00e7\u00f5es preparat\u00f3rias para a grande festa da Padroeira do Esp\u00edrito Santo, no dia 9 de abril. Mais de 1,5 milh\u00e3o de peregrinos \u00e9 esperado no tradicional Convento da Penha, que foi erguido pelos franciscanos em 1558. \u201cA miss\u00e3o do Convento se estende para al\u00e9m do aspecto devocional, supera os espa\u00e7os dos exerc\u00edcios de piedade, amplifica a dimens\u00e3o da penit\u00eancia e da romaria. O Convento, ao longo do tempo, foi convertido no \u00edcone da identidade do povo capixaba; n\u00e3o erra quem diz que todo capixaba tem uma parte do Convento no seu cora\u00e7\u00e3o. Tais elementos justificam o gigantismo da Festa da Penha\u201d, diz o guardi\u00e3o do Convento, Frei Paulo Pereira.<\/p>\n<p>O tema deste ano foi tirado do hino composto por Frei Alfredo Setaro e Padre Jo\u00e3o L\u00edrio Tagliarico h\u00e1 60 anos. A festa, tradicional pelas suas romarias, acontecer\u00e1 de 1\u00ba a 9 de abril de 2018.<\/p>\n<p>Este ano, a Festa da Penha ter\u00e1 onze romarias e uma Remaria, entre elas a tradicional Romaria dos Homens, que tem a maior participa\u00e7\u00e3o de todo o Oitav\u00e1rio. A Romaria dos Homens nasceu em 1958 e n\u00e3o tem similar no mundo, principalmente pelo expressivo n\u00famero de mais de 500 mil participantes que percorrem 14 quil\u00f4metros, entoando c\u00e2nticos e ora\u00e7\u00f5es. \u00c9 realizada no primeiro s\u00e1bado ap\u00f3s a P\u00e1scoa, \u00e0 noite, saindo da pra\u00e7a da Catedral Metropolitana de Vit\u00f3ria at\u00e9 o Parque da Prainha, quando se d\u00e1 a Celebra\u00e7\u00e3o Eucar\u00edstica por volta das 23h30. Por tr\u00e1s de todas as romarias e celebra\u00e7\u00f5es est\u00e1 um \u2018ex\u00e9rcito\u2019 de volunt\u00e1rios. \u201cPode-se afirmar que a alma da Festa da Penha tem a marca da boa vontade e do generoso servi\u00e7o\u201d, explica Frei Paulo.<\/p>\n<p>A Festa da Penha \u00e9 a maior manifesta\u00e7\u00e3o religiosa do Esp\u00edrito Santo e a terceira maior festa religiosa do pa\u00eds, atr\u00e1s apenas da festa da Padroeira do Brasil, Nossa Senhora Aparecida, no estado de S\u00e3o Paulo, e a do C\u00edrio de Nazar\u00e9, em Bel\u00e9m, no Par\u00e1.<\/p>\n<p>Ao contr\u00e1rio da palavra novena, muito comum na liturgia, a palavra oitav\u00e1rio n\u00e3o \u00e9 muito conhecida. O oitav\u00e1rio acontece em vista da grande festa de Nossa Senhora das 7 Alegrias, que \u00e9 celebrada na segunda-feira ap\u00f3s a oitava da P\u00e1scoa.<\/p>\n<p><a href=\"http:\/\/franciscanos.org.br\/wp-content\/uploads\/2018\/03\/penha-programa\u00e7\u00e3o.jpg\"><img loading=\"lazy\" src=\"http:\/\/franciscanos.org.br\/wp-content\/uploads\/2018\/03\/penha-programa\u00e7\u00e3o.jpg\" alt=\"penha-programa\u00e7\u00e3o\" width=\"830\" height=\"976\" \/><\/a><\/p>\n","protected":false},"excerpt":{"rendered":"<p>Convento da Penha<\/p>\n","protected":false},"author":1,"featured_media":202324,"comment_status":"open","ping_status":"open","sticky":false,"template":"","format":"standard","meta":[],"categories":[1],"tags":[245],"acf":[],"yoast_head":"<!-- This site is optimized with the Yoast SEO plugin v19.2 - https:\/\/yoast.com\/wordpress\/plugins\/seo\/ -->\n<title>Festa da Penha come\u00e7a com Oitav\u00e1rio no dia 1\u00ba de abril - Not\u00edcias - Franciscanos<\/title>\n<meta name=\"robots\" content=\"index, follow, max-snippet:-1, max-image-preview:large, max-video-preview:-1\" \/>\n<link rel=\"canonical\" href=\"https:\/\/franciscanos.org.br\/noticias\/festa-da-penha-2018.html\" \/>\n<meta property=\"og:locale\" content=\"pt_BR\" \/>\n<meta property=\"og:type\" content=\"article\" \/>\n<meta property=\"og:title\" content=\"Festa da Penha come\u00e7a com Oitav\u00e1rio no dia 1\u00ba de abril - Not\u00edcias - Franciscanos\" \/>\n<meta property=\"og:description\" content=\"Convento da Penha\" \/>\n<meta property=\"og:url\" content=\"https:\/\/franciscanos.org.br\/noticias\/festa-da-penha-2018.html\" \/>\n<meta property=\"og:site_name\" content=\"Not\u00edcias - Franciscanos\" \/>\n<meta property=\"article:published_time\" content=\"2018-03-27T10:54:29+00:00\" \/>\n<meta property=\"article:modified_time\" content=\"2019-04-09T00:25:55+00:00\" \/>\n<meta property=\"og:image\" content=\"https:\/\/franciscanos.org.br\/noticias\/wp-content\/uploads\/2018\/03\/festadapenha.jpg\" \/>\n\t<meta property=\"og:image:width\" content=\"273\" \/>\n\t<meta property=\"og:image:height\" content=\"181\" \/>\n\t<meta property=\"og:image:type\" content=\"image\/jpeg\" \/>\n<meta name=\"author\" content=\"admin\" \/>\n<meta name=\"twitter:card\" content=\"summary_large_image\" \/>\n<meta name=\"twitter:label1\" content=\"Escrito por\" \/>\n\t<meta name=\"twitter:data1\" content=\"admin\" \/>\n\t<meta name=\"twitter:label2\" content=\"Est. tempo de leitura\" \/>\n\t<meta name=\"twitter:data2\" content=\"2 minutos\" \/>\n<script type=\"application\/ld+json\" class=\"yoast-schema-graph\">{\"@context\":\"https:\/\/schema.org\",\"@graph\":[{\"@type\":\"WebSite\",\"@id\":\"https:\/\/franciscanos.org.br\/noticias\/#website\",\"url\":\"https:\/\/franciscanos.org.br\/noticias\/\",\"name\":\"Not\u00edcias - Franciscanos\",\"description\":\"Prov\u00edncia Franciscana da Imaculada Concei\u00e7\u00e3o do Brasil - Ordem dos Frades Menores - OFM\",\"potentialAction\":[{\"@type\":\"SearchAction\",\"target\":{\"@type\":\"EntryPoint\",\"urlTemplate\":\"https:\/\/franciscanos.org.br\/noticias\/?s={search_term_string}\"},\"query-input\":\"required name=search_term_string\"}],\"inLanguage\":\"pt-BR\"},{\"@type\":\"ImageObject\",\"inLanguage\":\"pt-BR\",\"@id\":\"https:\/\/franciscanos.org.br\/noticias\/festa-da-penha-2018.html#primaryimage\",\"url\":\"https:\/\/franciscanos.org.br\/noticias\/wp-content\/uploads\/2018\/03\/festadapenha.jpg\",\"contentUrl\":\"https:\/\/franciscanos.org.br\/noticias\/wp-content\/uploads\/2018\/03\/festadapenha.jpg\",\"width\":273,\"height\":181},{\"@type\":\"WebPage\",\"@id\":\"https:\/\/franciscanos.org.br\/noticias\/festa-da-penha-2018.html#webpage\",\"url\":\"https:\/\/franciscanos.org.br\/noticias\/festa-da-penha-2018.html\",\"name\":\"Festa da Penha come\u00e7a com Oitav\u00e1rio no dia 1\u00ba de abril - Not\u00edcias - Franciscanos\",\"isPartOf\":{\"@id\":\"https:\/\/franciscanos.org.br\/noticias\/#website\"},\"primaryImageOfPage\":{\"@id\":\"https:\/\/franciscanos.org.br\/noticias\/festa-da-penha-2018.html#primaryimage\"},\"datePublished\":\"2018-03-27T10:54:29+00:00\",\"dateModified\":\"2019-04-09T00:25:55+00:00\",\"author\":{\"@id\":\"https:\/\/franciscanos.org.br\/noticias\/#\/schema\/person\/b38fbf43118f02820bd932f2e4b14ad3\"},\"breadcrumb\":{\"@id\":\"https:\/\/franciscanos.org.br\/noticias\/festa-da-penha-2018.html#breadcrumb\"},\"inLanguage\":\"pt-BR\",\"potentialAction\":[{\"@type\":\"ReadAction\",\"target\":[\"https:\/\/franciscanos.org.br\/noticias\/festa-da-penha-2018.html\"]}]},{\"@type\":\"BreadcrumbList\",\"@id\":\"https:\/\/franciscanos.org.br\/noticias\/festa-da-penha-2018.html#breadcrumb\",\"itemListElement\":[{\"@type\":\"ListItem\",\"position\":1,\"name\":\"Home\",\"item\":\"https:\/\/franciscanos.org.br\/noticias\"},{\"@type\":\"ListItem\",\"position\":2,\"name\":\"Festa da Penha come\u00e7a com Oitav\u00e1rio no dia 1\u00ba de abril\"}]},{\"@type\":\"Person\",\"@id\":\"https:\/\/franciscanos.org.br\/noticias\/#\/schema\/person\/b38fbf43118f02820bd932f2e4b14ad3\",\"name\":\"admin\",\"image\":{\"@type\":\"ImageObject\",\"inLanguage\":\"pt-BR\",\"@id\":\"https:\/\/franciscanos.org.br\/noticias\/#\/schema\/person\/image\/\",\"url\":\"https:\/\/secure.gravatar.com\/avatar\/e8495742d34d0ba6448ea1c628263b3e?s=96&d=mm&r=g\",\"contentUrl\":\"https:\/\/secure.gravatar.com\/avatar\/e8495742d34d0ba6448ea1c628263b3e?s=96&d=mm&r=g\",\"caption\":\"admin\"},\"url\":\"https:\/\/franciscanos.org.br\/noticias\/author\/admin\"}]}<\/script>\n<!-- \/ Yoast SEO plugin. -->","yoast_head_json":{"title":"Festa da Penha come\u00e7a com Oitav\u00e1rio no dia 1\u00ba de abril - Not\u00edcias - Franciscanos","robots":{"index":"index","follow":"follow","max-snippet":"max-snippet:-1","max-image-preview":"max-image-preview:large","max-video-preview":"max-video-preview:-1"},"canonical":"https:\/\/franciscanos.org.br\/noticias\/festa-da-penha-2018.html","og_locale":"pt_BR","og_type":"article","og_title":"Festa da Penha come\u00e7a com Oitav\u00e1rio no dia 1\u00ba de abril - Not\u00edcias - Franciscanos","og_description":"Convento da Penha","og_url":"https:\/\/franciscanos.org.br\/noticias\/festa-da-penha-2018.html","og_site_name":"Not\u00edcias - Franciscanos","article_published_time":"2018-03-27T10:54:29+00:00","article_modified_time":"2019-04-09T00:25:55+00:00","og_image":[{"width":273,"height":181,"url":"https:\/\/franciscanos.org.br\/noticias\/wp-content\/uploads\/2018\/03\/festadapenha.jpg","type":"image\/jpeg"}],"author":"admin","twitter_card":"summary_large_image","twitter_misc":{"Escrito por":"admin","Est. tempo de leitura":"2 minutos"},"schema":{"@context":"https:\/\/schema.org","@graph":[{"@type":"WebSite","@id":"https:\/\/franciscanos.org.br\/noticias\/#website","url":"https:\/\/franciscanos.org.br\/noticias\/","name":"Not\u00edcias - Franciscanos","description":"Prov\u00edncia Franciscana da Imaculada Concei\u00e7\u00e3o do Brasil - Ordem dos Frades Menores - OFM","potentialAction":[{"@type":"SearchAction","target":{"@type":"EntryPoint","urlTemplate":"https:\/\/franciscanos.org.br\/noticias\/?s={search_term_string}"},"query-input":"required name=search_term_string"}],"inLanguage":"pt-BR"},{"@type":"ImageObject","inLanguage":"pt-BR","@id":"https:\/\/franciscanos.org.br\/noticias\/festa-da-penha-2018.html#primaryimage","url":"https:\/\/franciscanos.org.br\/noticias\/wp-content\/uploads\/2018\/03\/festadapenha.jpg","contentUrl":"https:\/\/franciscanos.org.br\/noticias\/wp-content\/uploads\/2018\/03\/festadapenha.jpg","width":273,"height":181},{"@type":"WebPage","@id":"https:\/\/franciscanos.org.br\/noticias\/festa-da-penha-2018.html#webpage","url":"https:\/\/franciscanos.org.br\/noticias\/festa-da-penha-2018.html","name":"Festa da Penha come\u00e7a com Oitav\u00e1rio no dia 1\u00ba de abril - Not\u00edcias - Franciscanos","isPartOf":{"@id":"https:\/\/franciscanos.org.br\/noticias\/#website"},"primaryImageOfPage":{"@id":"https:\/\/franciscanos.org.br\/noticias\/festa-da-penha-2018.html#primaryimage"},"datePublished":"2018-03-27T10:54:29+00:00","dateModified":"2019-04-09T00:25:55+00:00","author":{"@id":"https:\/\/franciscanos.org.br\/noticias\/#\/schema\/person\/b38fbf43118f02820bd932f2e4b14ad3"},"breadcrumb":{"@id":"https:\/\/franciscanos.org.br\/noticias\/festa-da-penha-2018.html#breadcrumb"},"inLanguage":"pt-BR","potentialAction":[{"@type":"ReadAction","target":["https:\/\/franciscanos.org.br\/noticias\/festa-da-penha-2018.html"]}]},{"@type":"BreadcrumbList","@id":"https:\/\/franciscanos.org.br\/noticias\/festa-da-penha-2018.html#breadcrumb","itemListElement":[{"@type":"ListItem","position":1,"name":"Home","item":"https:\/\/franciscanos.org.br\/noticias"},{"@type":"ListItem","position":2,"name":"Festa da Penha come\u00e7a com Oitav\u00e1rio no dia 1\u00ba de abril"}]},{"@type":"Person","@id":"https:\/\/franciscanos.org.br\/noticias\/#\/schema\/person\/b38fbf43118f02820bd932f2e4b14ad3","name":"admin","image":{"@type":"ImageObject","inLanguage":"pt-BR","@id":"https:\/\/franciscanos.org.br\/noticias\/#\/schema\/person\/image\/","url":"https:\/\/secure.gravatar.com\/avatar\/e8495742d34d0ba6448ea1c628263b3e?s=96&d=mm&r=g","contentUrl":"https:\/\/secure.gravatar.com\/avatar\/e8495742d34d0ba6448ea1c628263b3e?s=96&d=mm&r=g","caption":"admin"},"url":"https:\/\/franciscanos.org.br\/noticias\/author\/admin"}]}},"_links":{"self":[{"href":"https:\/\/franciscanos.org.br\/noticias\/wp-json\/wp\/v2\/posts\/153518"}],"collection":[{"href":"https:\/\/franciscanos.org.br\/noticias\/wp-json\/wp\/v2\/posts"}],"about":[{"href":"https:\/\/franciscanos.org.br\/noticias\/wp-json\/wp\/v2\/types\/post"}],"author":[{"embeddable":true,"href":"https:\/\/franciscanos.org.br\/noticias\/wp-json\/wp\/v2\/users\/1"}],"replies":[{"embeddable":true,"href":"https:\/\/franciscanos.org.br\/noticias\/wp-json\/wp\/v2\/comments?post=153518"}],"version-history":[{"count":0,"href":"https:\/\/franciscanos.org.br\/noticias\/wp-json\/wp\/v2\/posts\/153518\/revisions"}],"wp:featuredmedia":[{"embeddable":true,"href":"https:\/\/franciscanos.org.br\/noticias\/wp-json\/wp\/v2\/media\/202324"}],"wp:attachment":[{"href":"https:\/\/franciscanos.org.br\/noticias\/wp-json\/wp\/v2\/media?parent=153518"}],"wp:term":[{"taxonomy":"category","embeddable":true,"href":"https:\/\/franciscanos.org.br\/noticias\/wp-json\/wp\/v2\/categories?post=153518"},{"taxonomy":"post_tag","embeddable":true,"href":"https:\/\/franciscanos.org.br\/noticias\/wp-json\/wp\/v2\/tags?post=153518"}],"curies":[{"name":"wp","href":"https:\/\/api.w.org\/{rel}","templated":true}]}}