{"id":153297,"date":"2018-03-01T22:32:03","date_gmt":"2018-03-02T01:32:03","guid":{"rendered":"http:\/\/franciscanos.org.br\/?p=153297"},"modified":"2019-11-08T10:31:27","modified_gmt":"2019-11-08T13:31:27","slug":"itf-oferecera-curso-de-canto-gregoriano","status":"publish","type":"post","link":"https:\/\/franciscanos.org.br\/noticias\/itf-oferecera-curso-de-canto-gregoriano.html","title":{"rendered":"ITF oferecer\u00e1 curso de canto gregoriano"},"content":{"rendered":"<p><img loading=\"lazy\" class=\"aligncenter size-full wp-image-153298\" src=\"http:\/\/franciscanos.org.br\/wp-content\/uploads\/2018\/03\/curso_itf_830.jpg\" alt=\"curso_itf_830\" width=\"830\" height=\"400\" \/><\/p>\n<p>O Instituto Teol\u00f3gico Franciscano (ITF) iniciou as\u00a0atividades acad\u00eamicas do ano de 2018 na \u00faltima segunda-feira (26\/02). A abertura do semestre letivo\u00a0teve in\u00edcio com\u00a0a celebra\u00e7\u00e3o eucar\u00edstica, presidida por\u00a0Frei Jo\u00e3o Francisco da Silva, representando o governo provincial da Prov\u00edncia Franciscana da Imaculada Concei\u00e7\u00e3o do Brasil.<\/p>\n<p>Frei Ant\u00f4nio Everaldo Palubiack Marinho, diretor do ITF, renovou as boas-vindas a todos e apresentou os estudantes do primeiro ano do curso de Teologia. O local sediou a aula inaugural que, neste ano, ficou por conta de Frei Ademir Jos\u00e9 Peixer, rec\u00e9m-chegado da It\u00e1lia, onde concluiu seu mestrado em M\u00fasica Sacra. Na ocasi\u00e3o, Frei Peixer apresentou o orat\u00f3rio musical \u201cM\u00e3e Aparecida das \u00c1guas\u201d, resultado de seus anos de estudo no Pontif\u00edcio Instituto de M\u00fasica Sacra, de Roma<\/p>\n<p>Rec\u00e9m-chegado da It\u00e1lia, onde concluiu seu mestrado em M\u00fasica Sacra, Frei Ademir Jos\u00e9 Peixer est\u00e1 empolgado e com bastante disposi\u00e7\u00e3o para enfrentar os desafios que ter\u00e1 pela frente. Entre eles, a implanta\u00e7\u00e3o de um curso de Canto Gregoriano, no ITF. Acompanhe a entrevista concedida a equipe de comunica\u00e7\u00e3o do ITF:<\/p>\n<p><strong><img loading=\"lazy\" class=\"alignright wp-image-153300 \" src=\"http:\/\/franciscanos.org.br\/wp-content\/uploads\/2018\/03\/frei_peixer-e1519953761991.jpg\" alt=\"frei_peixer\" width=\"279\" height=\"427\" \/>Site do ITF: Quando e como come\u00e7ou a sua paix\u00e3o pela m\u00fasica?<\/strong><\/p>\n<p>Come\u00e7ou quando eu ainda nem tinha consci\u00eancia. A minha m\u00e3e conta que quando eu era pequeno, n\u00f3s t\u00ednhamos ido a uma festa, onde havia um grupo que tocava (naquela \u00e9poca, a m\u00fasica era \u201cao vivo\u201d), e eu me perdi deles. Quando minha m\u00e3e me viu, eu estava em frente aos m\u00fasicos, parado, im\u00f3vel. Talvez tenha sido ali. Mas na minha fam\u00edlia, meu av\u00f4 materno era gaiteiro e meu pai sempre gostou de m\u00fasica. Posso dizer que \u201c\u00e9 de fam\u00edlia\u201d, porque ela \u00e9 o ber\u00e7o, \u00e9 ela que d\u00e1 as nossas inclina\u00e7\u00f5es para a vida. Quando eu fui para o semin\u00e1rio, tinha aula de m\u00fasica e foi a\u00ed que eu comecei a estudar.<\/p>\n<p><strong>Site do ITF:\u00a0O que significa vir morar no ITF?<\/strong><\/p>\n<p>Para mim, essa casa representa, na Prov\u00edncia, a casa dos estudos. Ent\u00e3o vir morar aqui e respirar este ar \u00e9 uma grande satisfa\u00e7\u00e3o. Inclusive, eu vejo com muita alegria o fato de poder come\u00e7ar, aqui, um trabalho com m\u00fasica, visto que \u00e9 um instituto teol\u00f3gico e franciscano e isso vai somar \u00e0 teologia. S\u00e3o Francisco \u00e9 muito musical, ele pregava cantando. \u00c9 o autor do\u00a0<em>C\u00e2ntico das Criaturas<\/em>. Portanto est\u00e1 tudo interligado: m\u00fasica e teologia. Uma teologia que \u00e9 alegre, que inspira, que encanta, como a M\u00fasica de Francisco.<\/p>\n<p><strong>Site do ITF:\u00a0Voc\u00ea \u00e9 o respons\u00e1vel pela implanta\u00e7\u00e3o de um Curso de Extens\u00e3o e de um grupo de pr\u00e1tica musical, no ITF. Qual \u00e9 o objetivo do curso? Conte-nos mais a esse respeito.<\/strong><\/p>\n<p>Estamos lan\u00e7ando um\u00a0<em>Curso de Extens\u00e3o<\/em>\u00a0e um\u00a0<em>grupo de pr\u00e1tica musical<\/em>. O curso vai ser enfocado no Canto Gregoriano e o grupo ser\u00e1 um grupo de pr\u00e1tica de Canto Gregoriano.<\/p>\n<p>O curso buscar\u00e1 oferecer aos interessados em Canto Gregoriano a possibilidade de estudar a sua origem e hist\u00f3ria, reconhecendo na pr\u00e1tica elementos de semiologia gregoriana. Teremos inclusive um m\u00f3dulo de pr\u00e1tica de canto gregoriano com a inten\u00e7\u00e3o de se tornar no futuro uma\u00a0<em>Schola<\/em>\u00a0<em>Cantorum<\/em>\u00a0do ITF. Vale lembrar que o Canto Gregoriano utiliza o latim e o ITF oferece j\u00e1 aulas de latim. Aqui, n\u00f3s temos o Frei Ronaldo Fi\u00faza, que \u00e9 o professor dessa disciplina.<\/p>\n<p>Nosso objetivo, aqui, \u00e9 fazer o Canto Gregoriano chegar a todos. At\u00e9 mesmo \u00e0quelas pessoas que n\u00e3o possuem forma\u00e7\u00e3o musical espec\u00edfica. Atrav\u00e9s da did\u00e1tica pr\u00f3pria da cantila\u00e7\u00e3o queremos criar o gosto pelo canto gregoriano, partindo de um repert\u00f3rio leve e f\u00e1cil. Como podemos amar uma coisa que n\u00e3o conhecemos? Temos que conhecer para amar. Inclusive na forma\u00e7\u00e3o dos frades, na Prov\u00edncia, est\u00e1 inclu\u00eddo o Canto Gregoriano.<\/p>\n<p><strong>Site do ITF:\u00a0Qual a import\u00e2ncia do Canto Gregoriano?<\/strong><\/p>\n<p>Ele \u00e9 o tesouro musical da Igreja. \u00c9 a fonte onde a gente vai beber e ter a inspira\u00e7\u00e3o para compor os cantos lit\u00fargicos. E por que n\u00e3o levar esse conhecimento, esse repert\u00f3rio, \u00e0s nossas igrejas? Ensinar o povo a cantar o Canto Gregoriano s\u00f3 viria a edificar ainda mais o nosso repert\u00f3rio lit\u00fargico. N\u00e3o se trata de julgar se esse \u00e9 o melhor tipo de m\u00fasica. Aqui no Instituto, nossa inten\u00e7\u00e3o \u00e9 levar as pessoas ao conhecimento desse patrim\u00f4nio que \u00e9 do Povo de Deus.<\/p>\n<p><strong>Site do ITF:\u00a0Para participar desse grupo de pr\u00e1tica musical \u00e9 necess\u00e1rio algum conhecimento pr\u00e9vio, como a leitura de uma partitura?<\/strong><\/p>\n<p>No grupo de pr\u00e1tica, por exemplo, basta ter a boa vontade. Porque o Canto Gregoriano, no in\u00edcio, era para todos. \u00c9 claro que temos n\u00edveis de dificuldade diferentes. Alguns cantos foram feitos para especialistas. Mas tamb\u00e9m temos melodias que podem ser entoadas com facilidade. O Canto Gregoriano nasceu com as pessoas ouvindo, repetindo e cantando.\u00a0 Come\u00e7aremos \u201cdo in\u00edcio\u201d, da silaba\u00e7\u00e3o, da coisa mais simples, de pequenas frases.<\/p>\n<p><strong>Site do ITF:\u00a0Exemplifique um Canto Gregoriano f\u00e1cil de cantar.<\/strong><\/p>\n<p>As ant\u00edfonas marianas e a\u00a0<em>Missa VIII<\/em>, que \u00e9 a mais conhecida, s\u00e3o f\u00e1ceis de cantar. Inclusive na Europa ela \u00e9 cantada nas igrejas. Quando o organista come\u00e7a a toc\u00e1-la, o povo a canta praticamente sozinho. Ela \u00e9 composta pelo\u00a0<em>Kyrie, Gloria<\/em>,\u00a0<em>Sanctus<\/em>\u00a0e\u00a0<em>Agnus Dei<\/em>, ou seja, o \u201cSenhor tende piedade\u201d, o \u201cGl\u00f3ria\u201d, o \u201cSanto\u201d e o \u201cCordeiro de Deus\u201d que s\u00e3o as partes fixas da missa.<\/p>\n<p><strong>Site do ITF:\u00a0O Canto Gregoriano pode ser inserido na nossa liturgia di\u00e1ria?<\/strong><\/p>\n<p>Ele pode ser reinserido na Liturgia, mas n\u00e3o de modo generalizado. Porque um dos principais aspectos da Liturgia \u00e9 a participa\u00e7\u00e3o ativa dos fi\u00e9is. Eles t\u00eam que entender e participar ativamente do canto. Para inserirmos um Canto Gregoriano, por mais simples que seja, \u00e9 necess\u00e1rio que as pessoas compreendam o que est\u00e3o cantando.<\/p>\n<p><strong>Site do ITF:\u00a0Quando iniciar\u00e3o as aulas?<\/strong><\/p>\n<p>O curso come\u00e7ar\u00e1 no m\u00eas de abril. Em breve, divulgaremos os detalhes. Basta acompanhar o\u00a0<a href=\"http:\/\/www.itf.org.br\/\" target=\"_blank\" rel=\"noopener noreferrer\"><em>site<\/em>\u00a0do ITF<\/a>.<\/p>\n","protected":false},"excerpt":{"rendered":"<p>Instituto Teol\u00f3gico Franciscano<\/p>\n","protected":false},"author":5,"featured_media":213795,"comment_status":"open","ping_status":"open","sticky":false,"template":"","format":"standard","meta":[],"categories":[1],"tags":[189],"acf":[],"yoast_head":"<!-- This site is optimized with the Yoast SEO plugin v19.2 - https:\/\/yoast.com\/wordpress\/plugins\/seo\/ -->\n<title>ITF oferecer\u00e1 curso de canto gregoriano - Not\u00edcias - Franciscanos<\/title>\n<meta name=\"robots\" content=\"index, follow, max-snippet:-1, max-image-preview:large, max-video-preview:-1\" \/>\n<link rel=\"canonical\" href=\"https:\/\/franciscanos.org.br\/noticias\/itf-oferecera-curso-de-canto-gregoriano.html\" \/>\n<meta property=\"og:locale\" content=\"pt_BR\" \/>\n<meta property=\"og:type\" content=\"article\" \/>\n<meta property=\"og:title\" content=\"ITF oferecer\u00e1 curso de canto gregoriano - Not\u00edcias - Franciscanos\" \/>\n<meta property=\"og:description\" content=\"Instituto Teol\u00f3gico Franciscano\" \/>\n<meta property=\"og:url\" content=\"https:\/\/franciscanos.org.br\/noticias\/itf-oferecera-curso-de-canto-gregoriano.html\" \/>\n<meta property=\"og:site_name\" content=\"Not\u00edcias - Franciscanos\" \/>\n<meta property=\"article:published_time\" content=\"2018-03-02T01:32:03+00:00\" \/>\n<meta property=\"article:modified_time\" content=\"2019-11-08T13:31:27+00:00\" \/>\n<meta property=\"og:image\" content=\"https:\/\/franciscanos.org.br\/noticias\/wp-content\/uploads\/2018\/03\/curso_itf_830.jpg\" \/>\n\t<meta property=\"og:image:width\" content=\"273\" \/>\n\t<meta property=\"og:image:height\" content=\"181\" \/>\n\t<meta property=\"og:image:type\" content=\"image\/jpeg\" \/>\n<meta name=\"author\" content=\"freiaugusto\" \/>\n<meta name=\"twitter:card\" content=\"summary_large_image\" \/>\n<meta name=\"twitter:label1\" content=\"Escrito por\" \/>\n\t<meta name=\"twitter:data1\" content=\"freiaugusto\" \/>\n\t<meta name=\"twitter:label2\" content=\"Est. tempo de leitura\" \/>\n\t<meta name=\"twitter:data2\" content=\"5 minutos\" \/>\n<script type=\"application\/ld+json\" class=\"yoast-schema-graph\">{\"@context\":\"https:\/\/schema.org\",\"@graph\":[{\"@type\":\"WebSite\",\"@id\":\"https:\/\/franciscanos.org.br\/noticias\/#website\",\"url\":\"https:\/\/franciscanos.org.br\/noticias\/\",\"name\":\"Not\u00edcias - Franciscanos\",\"description\":\"Prov\u00edncia Franciscana da Imaculada Concei\u00e7\u00e3o do Brasil - Ordem dos Frades Menores - OFM\",\"potentialAction\":[{\"@type\":\"SearchAction\",\"target\":{\"@type\":\"EntryPoint\",\"urlTemplate\":\"https:\/\/franciscanos.org.br\/noticias\/?s={search_term_string}\"},\"query-input\":\"required name=search_term_string\"}],\"inLanguage\":\"pt-BR\"},{\"@type\":\"ImageObject\",\"inLanguage\":\"pt-BR\",\"@id\":\"https:\/\/franciscanos.org.br\/noticias\/itf-oferecera-curso-de-canto-gregoriano.html#primaryimage\",\"url\":\"https:\/\/franciscanos.org.br\/noticias\/wp-content\/uploads\/2018\/03\/curso_itf_830.jpg\",\"contentUrl\":\"https:\/\/franciscanos.org.br\/noticias\/wp-content\/uploads\/2018\/03\/curso_itf_830.jpg\",\"width\":273,\"height\":181},{\"@type\":\"WebPage\",\"@id\":\"https:\/\/franciscanos.org.br\/noticias\/itf-oferecera-curso-de-canto-gregoriano.html#webpage\",\"url\":\"https:\/\/franciscanos.org.br\/noticias\/itf-oferecera-curso-de-canto-gregoriano.html\",\"name\":\"ITF oferecer\u00e1 curso de canto gregoriano - Not\u00edcias - Franciscanos\",\"isPartOf\":{\"@id\":\"https:\/\/franciscanos.org.br\/noticias\/#website\"},\"primaryImageOfPage\":{\"@id\":\"https:\/\/franciscanos.org.br\/noticias\/itf-oferecera-curso-de-canto-gregoriano.html#primaryimage\"},\"datePublished\":\"2018-03-02T01:32:03+00:00\",\"dateModified\":\"2019-11-08T13:31:27+00:00\",\"author\":{\"@id\":\"https:\/\/franciscanos.org.br\/noticias\/#\/schema\/person\/37f88f0d111cd5358b12a6556a99eb91\"},\"breadcrumb\":{\"@id\":\"https:\/\/franciscanos.org.br\/noticias\/itf-oferecera-curso-de-canto-gregoriano.html#breadcrumb\"},\"inLanguage\":\"pt-BR\",\"potentialAction\":[{\"@type\":\"ReadAction\",\"target\":[\"https:\/\/franciscanos.org.br\/noticias\/itf-oferecera-curso-de-canto-gregoriano.html\"]}]},{\"@type\":\"BreadcrumbList\",\"@id\":\"https:\/\/franciscanos.org.br\/noticias\/itf-oferecera-curso-de-canto-gregoriano.html#breadcrumb\",\"itemListElement\":[{\"@type\":\"ListItem\",\"position\":1,\"name\":\"Home\",\"item\":\"https:\/\/franciscanos.org.br\/noticias\"},{\"@type\":\"ListItem\",\"position\":2,\"name\":\"ITF oferecer\u00e1 curso de canto gregoriano\"}]},{\"@type\":\"Person\",\"@id\":\"https:\/\/franciscanos.org.br\/noticias\/#\/schema\/person\/37f88f0d111cd5358b12a6556a99eb91\",\"name\":\"freiaugusto\",\"image\":{\"@type\":\"ImageObject\",\"inLanguage\":\"pt-BR\",\"@id\":\"https:\/\/franciscanos.org.br\/noticias\/#\/schema\/person\/image\/\",\"url\":\"https:\/\/secure.gravatar.com\/avatar\/9840b940e621801b24f3e6b059efb4b7?s=96&d=mm&r=g\",\"contentUrl\":\"https:\/\/secure.gravatar.com\/avatar\/9840b940e621801b24f3e6b059efb4b7?s=96&d=mm&r=g\",\"caption\":\"freiaugusto\"},\"url\":\"https:\/\/franciscanos.org.br\/noticias\/author\/freiaugusto\"}]}<\/script>\n<!-- \/ Yoast SEO plugin. -->","yoast_head_json":{"title":"ITF oferecer\u00e1 curso de canto gregoriano - Not\u00edcias - Franciscanos","robots":{"index":"index","follow":"follow","max-snippet":"max-snippet:-1","max-image-preview":"max-image-preview:large","max-video-preview":"max-video-preview:-1"},"canonical":"https:\/\/franciscanos.org.br\/noticias\/itf-oferecera-curso-de-canto-gregoriano.html","og_locale":"pt_BR","og_type":"article","og_title":"ITF oferecer\u00e1 curso de canto gregoriano - Not\u00edcias - Franciscanos","og_description":"Instituto Teol\u00f3gico Franciscano","og_url":"https:\/\/franciscanos.org.br\/noticias\/itf-oferecera-curso-de-canto-gregoriano.html","og_site_name":"Not\u00edcias - Franciscanos","article_published_time":"2018-03-02T01:32:03+00:00","article_modified_time":"2019-11-08T13:31:27+00:00","og_image":[{"width":273,"height":181,"url":"https:\/\/franciscanos.org.br\/noticias\/wp-content\/uploads\/2018\/03\/curso_itf_830.jpg","type":"image\/jpeg"}],"author":"freiaugusto","twitter_card":"summary_large_image","twitter_misc":{"Escrito por":"freiaugusto","Est. tempo de leitura":"5 minutos"},"schema":{"@context":"https:\/\/schema.org","@graph":[{"@type":"WebSite","@id":"https:\/\/franciscanos.org.br\/noticias\/#website","url":"https:\/\/franciscanos.org.br\/noticias\/","name":"Not\u00edcias - Franciscanos","description":"Prov\u00edncia Franciscana da Imaculada Concei\u00e7\u00e3o do Brasil - Ordem dos Frades Menores - OFM","potentialAction":[{"@type":"SearchAction","target":{"@type":"EntryPoint","urlTemplate":"https:\/\/franciscanos.org.br\/noticias\/?s={search_term_string}"},"query-input":"required name=search_term_string"}],"inLanguage":"pt-BR"},{"@type":"ImageObject","inLanguage":"pt-BR","@id":"https:\/\/franciscanos.org.br\/noticias\/itf-oferecera-curso-de-canto-gregoriano.html#primaryimage","url":"https:\/\/franciscanos.org.br\/noticias\/wp-content\/uploads\/2018\/03\/curso_itf_830.jpg","contentUrl":"https:\/\/franciscanos.org.br\/noticias\/wp-content\/uploads\/2018\/03\/curso_itf_830.jpg","width":273,"height":181},{"@type":"WebPage","@id":"https:\/\/franciscanos.org.br\/noticias\/itf-oferecera-curso-de-canto-gregoriano.html#webpage","url":"https:\/\/franciscanos.org.br\/noticias\/itf-oferecera-curso-de-canto-gregoriano.html","name":"ITF oferecer\u00e1 curso de canto gregoriano - Not\u00edcias - Franciscanos","isPartOf":{"@id":"https:\/\/franciscanos.org.br\/noticias\/#website"},"primaryImageOfPage":{"@id":"https:\/\/franciscanos.org.br\/noticias\/itf-oferecera-curso-de-canto-gregoriano.html#primaryimage"},"datePublished":"2018-03-02T01:32:03+00:00","dateModified":"2019-11-08T13:31:27+00:00","author":{"@id":"https:\/\/franciscanos.org.br\/noticias\/#\/schema\/person\/37f88f0d111cd5358b12a6556a99eb91"},"breadcrumb":{"@id":"https:\/\/franciscanos.org.br\/noticias\/itf-oferecera-curso-de-canto-gregoriano.html#breadcrumb"},"inLanguage":"pt-BR","potentialAction":[{"@type":"ReadAction","target":["https:\/\/franciscanos.org.br\/noticias\/itf-oferecera-curso-de-canto-gregoriano.html"]}]},{"@type":"BreadcrumbList","@id":"https:\/\/franciscanos.org.br\/noticias\/itf-oferecera-curso-de-canto-gregoriano.html#breadcrumb","itemListElement":[{"@type":"ListItem","position":1,"name":"Home","item":"https:\/\/franciscanos.org.br\/noticias"},{"@type":"ListItem","position":2,"name":"ITF oferecer\u00e1 curso de canto gregoriano"}]},{"@type":"Person","@id":"https:\/\/franciscanos.org.br\/noticias\/#\/schema\/person\/37f88f0d111cd5358b12a6556a99eb91","name":"freiaugusto","image":{"@type":"ImageObject","inLanguage":"pt-BR","@id":"https:\/\/franciscanos.org.br\/noticias\/#\/schema\/person\/image\/","url":"https:\/\/secure.gravatar.com\/avatar\/9840b940e621801b24f3e6b059efb4b7?s=96&d=mm&r=g","contentUrl":"https:\/\/secure.gravatar.com\/avatar\/9840b940e621801b24f3e6b059efb4b7?s=96&d=mm&r=g","caption":"freiaugusto"},"url":"https:\/\/franciscanos.org.br\/noticias\/author\/freiaugusto"}]}},"_links":{"self":[{"href":"https:\/\/franciscanos.org.br\/noticias\/wp-json\/wp\/v2\/posts\/153297"}],"collection":[{"href":"https:\/\/franciscanos.org.br\/noticias\/wp-json\/wp\/v2\/posts"}],"about":[{"href":"https:\/\/franciscanos.org.br\/noticias\/wp-json\/wp\/v2\/types\/post"}],"author":[{"embeddable":true,"href":"https:\/\/franciscanos.org.br\/noticias\/wp-json\/wp\/v2\/users\/5"}],"replies":[{"embeddable":true,"href":"https:\/\/franciscanos.org.br\/noticias\/wp-json\/wp\/v2\/comments?post=153297"}],"version-history":[{"count":0,"href":"https:\/\/franciscanos.org.br\/noticias\/wp-json\/wp\/v2\/posts\/153297\/revisions"}],"wp:featuredmedia":[{"embeddable":true,"href":"https:\/\/franciscanos.org.br\/noticias\/wp-json\/wp\/v2\/media\/213795"}],"wp:attachment":[{"href":"https:\/\/franciscanos.org.br\/noticias\/wp-json\/wp\/v2\/media?parent=153297"}],"wp:term":[{"taxonomy":"category","embeddable":true,"href":"https:\/\/franciscanos.org.br\/noticias\/wp-json\/wp\/v2\/categories?post=153297"},{"taxonomy":"post_tag","embeddable":true,"href":"https:\/\/franciscanos.org.br\/noticias\/wp-json\/wp\/v2\/tags?post=153297"}],"curies":[{"name":"wp","href":"https:\/\/api.w.org\/{rel}","templated":true}]}}