{"id":153055,"date":"2018-03-12T00:45:26","date_gmt":"2018-03-12T03:45:26","guid":{"rendered":"http:\/\/franciscanos.org.br\/?p=153055"},"modified":"2019-01-04T10:42:21","modified_gmt":"2019-01-04T12:42:21","slug":"lancamento-politica-nos-tambem-sabemos-fazer","status":"publish","type":"post","link":"https:\/\/franciscanos.org.br\/noticias\/lancamento-politica-nos-tambem-sabemos-fazer.html","title":{"rendered":"Lan\u00e7amento: &quot;Pol\u00edtica &#8211; N\u00f3s tamb\u00e9m sabemos fazer&quot;"},"content":{"rendered":"<p><img loading=\"lazy\" class=\"alignright wp-image-153056\" src=\"http:\/\/franciscanos.org.br\/wp-content\/uploads\/2018\/02\/DIVULGACAO-POLITICA.jpg\" alt=\"DIVULGACAO POLITICA\" width=\"421\" height=\"617\" \/><br \/>\nA Editora Vozes, em parceria com a Casa do Saber, Livraria Martins Fontes e Usina Pensamento, lan\u00e7a no pr\u00f3ximo dia 12, \u00e0s 19h, o livro<strong> &#8220;Pol\u00edtica &#8211; N\u00f3s tamb\u00e9m sabemos fazer&#8221;<\/strong>, escrito por Cl\u00f3vis de Barros Filho, Viviane Mos\u00e9, Eduarda La Rocque e Oswaldo Giacoia Junior no Teatro Gazeta, em S\u00e3o Paulo (SP).<\/p>\n<p>Os quatro autores ir\u00e3o se reunir para um debate seguido de sess\u00e3o de aut\u00f3grafos. A media\u00e7\u00e3o do debate ficar\u00e1 a cargo de Mario Vitor Santos, diretor executivo da Casa do Saber.<\/p>\n<p>A entrada \u00e9 franca, mas \u00e9 necess\u00e1rio retirar uma senha, que ser\u00e1 distribu\u00edda \u00e0s 17h, no mesmo local.<\/p>\n<p><strong>Servi\u00e7o:<\/strong><br \/>\nLocal: Teatro Gazeta<br \/>\nAvenida Paulista, 900, Bela Vista \u2013 SP (pr\u00f3ximo a esta\u00e7\u00e3o de metr\u00f4 Trianon-Masp)<br \/>\nData: 12\/03\/2018 (segunda-feira)<br \/>\nHor\u00e1rio: 19h<br \/>\nEvento gratuito<br \/>\nPara mais informa\u00e7\u00f5es: (11) 2081-7944.<\/p>\n<p><strong><a href=\"https:\/\/www.facebook.com\/events\/326902667817375\/\" target=\"_blank\" rel=\"noopener\">Veja o evento no Facebook<\/a><\/strong><\/p>\n<p><big><strong>Pol\u00edtica &#8211; N\u00f3s tamb\u00e9m sabemos fazer<\/strong><\/big><\/p>\n<p><strong><em>Cl\u00f3vis de Barros Filho, Viviane Mos\u00e9, Eduarda La Rocque e Oswaldo Giacoia Jr.<\/em><\/strong><br \/>\nEste n\u00e3o \u00e9 mais um livro sobre pol\u00edtica, \u00e9 sim um livro para pensar a pol\u00edtica e nos fazer lembrar que somos indispens\u00e1veis para que ela funcione. O entendimento da pol\u00edtica como caracter\u00edstica da vida humana tem se desgastado e isso faz com que se entenda a pol\u00edtica como algo a ser evitado.<br \/>\nA descren\u00e7a em rela\u00e7\u00e3o \u00e0 pol\u00edtica parece ser a t\u00f4nica da sociedade atual. Votar tornou-se um ato banal, ocupar-se da participa\u00e7\u00e3o pol\u00edtica toma contornos de um trabalho desperdi\u00e7ado. Para muitos n\u00e3o h\u00e1 o que fazer. Seria o fim da pol\u00edtica? Para n\u00f3s, n\u00e3o. N\u00f3s sabemos fazer pol\u00edtica, e sabemos fazer porque somos seres pol\u00edticos. Fazemos op\u00e7\u00f5es pol\u00edticas a todo o momento, por isso n\u00e3o h\u00e1 como n\u00e3o ser pol\u00edtico e isso porque n\u00e3o h\u00e1 como n\u00e3o fazer uma op\u00e7\u00e3o. Sabemos que a \u00fanica forma de construir as rela\u00e7\u00f5es pol\u00edticas \u00e9 pela participa\u00e7\u00e3o. \u00c9 isso que temos a fazer.<\/p>\n<p>Cl\u00f3vis de Barros Filho, Viviane Mos\u00e9, Eduarda La Rocque e Oswaldo Giacoia Jr., se reuniram para desenvolver esta valiosa obra que busca trazer, com linguagem clara e objetiva para o p\u00fablico geral, a reflex\u00e3o pol\u00edtica para al\u00e9m do partidarismo, resgatando o conceito do ser humano como ser pol\u00edtico. Quatro perguntas formam os eixos destes artigos, O que \u00e9 pol\u00edtica?, Como fazer pol\u00edtica hoje?, Como transformar a gest\u00e3o das cidades?, e para finalizar, a pergunta essencial, O que \u00e9 \u00e9tica pol\u00edtica?<\/p>\n<p><strong>O que \u00e9 Pol\u00edtica?<\/strong>, primeiro artigo do livro, escrito por Cl\u00f3vis de Barros Filho, trata do entendimento do ser humano como ser pol\u00edtico como algo inerente \u00e0 vida, passando por reflex\u00f5es sobre como acontece a participa\u00e7\u00e3o pol\u00edtica hoje, o uso da palavra pol\u00edtica na m\u00eddia, no senso comum, entre especialistas. A pol\u00edtica nasce do conflito de interesses, se todos n\u00f3s concord\u00e1ssemos com tudo n\u00e3o haveria pol\u00edtica, ele afirma.<\/p>\n<p><strong>O Poder e as redes<\/strong>, escrito por Viviane Mos\u00e9, coloca em quest\u00e3o o fazer pol\u00edtico, as estrat\u00e9gias das lutas pol\u00edticas cotidianas, partindo da compreens\u00e3o que t\u00ednhamos do poder na d\u00e9cada de oitenta e de como esta concep\u00e7\u00e3o se transformou levando a novas estrat\u00e9gias de a\u00e7\u00e3o pol\u00edtica, especialmente considerando a sociedade em rede. Como cegos em tiroteio vivemos a guerra da informa\u00e7\u00e3o, ela afirma, este \u00e9 o nosso novo campo de batalha.<\/p>\n<p><strong>Democracia e informa\u00e7\u00e3o<\/strong>, escrito por Eduarda La Rocque, discute a exaust\u00e3o do modelo democr\u00e1tico, pautado no mercado de votos, em negociatas e aponta para o uso e a democratiza\u00e7\u00e3o do acesso \u00e0 informa\u00e7\u00e3o qualificada como instrumento de resgate da democracia. O eleitor quer ser cidad\u00e3o, o que implica em participar diretamente da gest\u00e3o de sua cidade, com os direitos e deveres que isso implica, ela afirma.<\/p>\n<p><strong>\u00c9tica e pol\u00edtica<\/strong>, escrito por Oswaldo Giacoia Jr., mostra como o debate \u00e9tico nasce da crise contempor\u00e2nea e de como a filosofia, formulando um diagn\u00f3stico cr\u00edtico do presente, com algum lastro hist\u00f3rico pode trazer alguma clareza em momentos de instabilidade e incerteza, como o que vivemos. Temos que tomar como ponto de partida um di\u00e1logo com a tradi\u00e7\u00e3o, e conclui com uma expectativa afirmativa, a capacidade de ser \u00e9 cada vez um come\u00e7ar de novo, ele diz.<\/p>\n","protected":false},"excerpt":{"rendered":"<p>Editora Vozes<\/p>\n","protected":false},"author":1,"featured_media":193995,"comment_status":"open","ping_status":"open","sticky":false,"template":"","format":"standard","meta":[],"categories":[1],"tags":[238],"acf":[],"yoast_head":"<!-- This site is optimized with the Yoast SEO plugin v19.2 - https:\/\/yoast.com\/wordpress\/plugins\/seo\/ -->\n<title>Lan\u00e7amento: &quot;Pol\u00edtica - N\u00f3s tamb\u00e9m sabemos fazer&quot; - Not\u00edcias - Franciscanos<\/title>\n<meta name=\"robots\" content=\"index, follow, max-snippet:-1, max-image-preview:large, max-video-preview:-1\" \/>\n<link rel=\"canonical\" href=\"https:\/\/franciscanos.org.br\/noticias\/lancamento-politica-nos-tambem-sabemos-fazer.html\" \/>\n<meta property=\"og:locale\" content=\"pt_BR\" \/>\n<meta property=\"og:type\" content=\"article\" \/>\n<meta property=\"og:title\" content=\"Lan\u00e7amento: &quot;Pol\u00edtica - N\u00f3s tamb\u00e9m sabemos fazer&quot; - Not\u00edcias - Franciscanos\" \/>\n<meta property=\"og:description\" content=\"Editora Vozes\" \/>\n<meta property=\"og:url\" content=\"https:\/\/franciscanos.org.br\/noticias\/lancamento-politica-nos-tambem-sabemos-fazer.html\" \/>\n<meta property=\"og:site_name\" content=\"Not\u00edcias - Franciscanos\" \/>\n<meta property=\"article:published_time\" content=\"2018-03-12T03:45:26+00:00\" \/>\n<meta property=\"article:modified_time\" content=\"2019-01-04T12:42:21+00:00\" \/>\n<meta property=\"og:image\" content=\"https:\/\/franciscanos.org.br\/noticias\/wp-content\/uploads\/2018\/03\/vozes_040119d_1.jpg\" \/>\n\t<meta property=\"og:image:width\" content=\"273\" \/>\n\t<meta property=\"og:image:height\" content=\"181\" \/>\n\t<meta property=\"og:image:type\" content=\"image\/jpeg\" \/>\n<meta name=\"author\" content=\"admin\" \/>\n<meta name=\"twitter:card\" content=\"summary_large_image\" \/>\n<meta name=\"twitter:label1\" content=\"Escrito por\" \/>\n\t<meta name=\"twitter:data1\" content=\"admin\" \/>\n\t<meta name=\"twitter:label2\" content=\"Est. tempo de leitura\" \/>\n\t<meta name=\"twitter:data2\" content=\"4 minutos\" \/>\n<script type=\"application\/ld+json\" class=\"yoast-schema-graph\">{\"@context\":\"https:\/\/schema.org\",\"@graph\":[{\"@type\":\"WebSite\",\"@id\":\"https:\/\/franciscanos.org.br\/noticias\/#website\",\"url\":\"https:\/\/franciscanos.org.br\/noticias\/\",\"name\":\"Not\u00edcias - Franciscanos\",\"description\":\"Prov\u00edncia Franciscana da Imaculada Concei\u00e7\u00e3o do Brasil - Ordem dos Frades Menores - OFM\",\"potentialAction\":[{\"@type\":\"SearchAction\",\"target\":{\"@type\":\"EntryPoint\",\"urlTemplate\":\"https:\/\/franciscanos.org.br\/noticias\/?s={search_term_string}\"},\"query-input\":\"required name=search_term_string\"}],\"inLanguage\":\"pt-BR\"},{\"@type\":\"ImageObject\",\"inLanguage\":\"pt-BR\",\"@id\":\"https:\/\/franciscanos.org.br\/noticias\/lancamento-politica-nos-tambem-sabemos-fazer.html#primaryimage\",\"url\":\"https:\/\/franciscanos.org.br\/noticias\/wp-content\/uploads\/2018\/03\/vozes_040119d_1.jpg\",\"contentUrl\":\"https:\/\/franciscanos.org.br\/noticias\/wp-content\/uploads\/2018\/03\/vozes_040119d_1.jpg\",\"width\":273,\"height\":181},{\"@type\":\"WebPage\",\"@id\":\"https:\/\/franciscanos.org.br\/noticias\/lancamento-politica-nos-tambem-sabemos-fazer.html#webpage\",\"url\":\"https:\/\/franciscanos.org.br\/noticias\/lancamento-politica-nos-tambem-sabemos-fazer.html\",\"name\":\"Lan\u00e7amento: &quot;Pol\u00edtica - N\u00f3s tamb\u00e9m sabemos fazer&quot; - Not\u00edcias - Franciscanos\",\"isPartOf\":{\"@id\":\"https:\/\/franciscanos.org.br\/noticias\/#website\"},\"primaryImageOfPage\":{\"@id\":\"https:\/\/franciscanos.org.br\/noticias\/lancamento-politica-nos-tambem-sabemos-fazer.html#primaryimage\"},\"datePublished\":\"2018-03-12T03:45:26+00:00\",\"dateModified\":\"2019-01-04T12:42:21+00:00\",\"author\":{\"@id\":\"https:\/\/franciscanos.org.br\/noticias\/#\/schema\/person\/b38fbf43118f02820bd932f2e4b14ad3\"},\"breadcrumb\":{\"@id\":\"https:\/\/franciscanos.org.br\/noticias\/lancamento-politica-nos-tambem-sabemos-fazer.html#breadcrumb\"},\"inLanguage\":\"pt-BR\",\"potentialAction\":[{\"@type\":\"ReadAction\",\"target\":[\"https:\/\/franciscanos.org.br\/noticias\/lancamento-politica-nos-tambem-sabemos-fazer.html\"]}]},{\"@type\":\"BreadcrumbList\",\"@id\":\"https:\/\/franciscanos.org.br\/noticias\/lancamento-politica-nos-tambem-sabemos-fazer.html#breadcrumb\",\"itemListElement\":[{\"@type\":\"ListItem\",\"position\":1,\"name\":\"Home\",\"item\":\"https:\/\/franciscanos.org.br\/noticias\"},{\"@type\":\"ListItem\",\"position\":2,\"name\":\"Lan\u00e7amento: &quot;Pol\u00edtica &#8211; N\u00f3s tamb\u00e9m sabemos fazer&quot;\"}]},{\"@type\":\"Person\",\"@id\":\"https:\/\/franciscanos.org.br\/noticias\/#\/schema\/person\/b38fbf43118f02820bd932f2e4b14ad3\",\"name\":\"admin\",\"image\":{\"@type\":\"ImageObject\",\"inLanguage\":\"pt-BR\",\"@id\":\"https:\/\/franciscanos.org.br\/noticias\/#\/schema\/person\/image\/\",\"url\":\"https:\/\/secure.gravatar.com\/avatar\/e8495742d34d0ba6448ea1c628263b3e?s=96&d=mm&r=g\",\"contentUrl\":\"https:\/\/secure.gravatar.com\/avatar\/e8495742d34d0ba6448ea1c628263b3e?s=96&d=mm&r=g\",\"caption\":\"admin\"},\"url\":\"https:\/\/franciscanos.org.br\/noticias\/author\/admin\"}]}<\/script>\n<!-- \/ Yoast SEO plugin. -->","yoast_head_json":{"title":"Lan\u00e7amento: &quot;Pol\u00edtica - N\u00f3s tamb\u00e9m sabemos fazer&quot; - Not\u00edcias - Franciscanos","robots":{"index":"index","follow":"follow","max-snippet":"max-snippet:-1","max-image-preview":"max-image-preview:large","max-video-preview":"max-video-preview:-1"},"canonical":"https:\/\/franciscanos.org.br\/noticias\/lancamento-politica-nos-tambem-sabemos-fazer.html","og_locale":"pt_BR","og_type":"article","og_title":"Lan\u00e7amento: &quot;Pol\u00edtica - N\u00f3s tamb\u00e9m sabemos fazer&quot; - Not\u00edcias - Franciscanos","og_description":"Editora Vozes","og_url":"https:\/\/franciscanos.org.br\/noticias\/lancamento-politica-nos-tambem-sabemos-fazer.html","og_site_name":"Not\u00edcias - Franciscanos","article_published_time":"2018-03-12T03:45:26+00:00","article_modified_time":"2019-01-04T12:42:21+00:00","og_image":[{"width":273,"height":181,"url":"https:\/\/franciscanos.org.br\/noticias\/wp-content\/uploads\/2018\/03\/vozes_040119d_1.jpg","type":"image\/jpeg"}],"author":"admin","twitter_card":"summary_large_image","twitter_misc":{"Escrito por":"admin","Est. tempo de leitura":"4 minutos"},"schema":{"@context":"https:\/\/schema.org","@graph":[{"@type":"WebSite","@id":"https:\/\/franciscanos.org.br\/noticias\/#website","url":"https:\/\/franciscanos.org.br\/noticias\/","name":"Not\u00edcias - Franciscanos","description":"Prov\u00edncia Franciscana da Imaculada Concei\u00e7\u00e3o do Brasil - Ordem dos Frades Menores - OFM","potentialAction":[{"@type":"SearchAction","target":{"@type":"EntryPoint","urlTemplate":"https:\/\/franciscanos.org.br\/noticias\/?s={search_term_string}"},"query-input":"required name=search_term_string"}],"inLanguage":"pt-BR"},{"@type":"ImageObject","inLanguage":"pt-BR","@id":"https:\/\/franciscanos.org.br\/noticias\/lancamento-politica-nos-tambem-sabemos-fazer.html#primaryimage","url":"https:\/\/franciscanos.org.br\/noticias\/wp-content\/uploads\/2018\/03\/vozes_040119d_1.jpg","contentUrl":"https:\/\/franciscanos.org.br\/noticias\/wp-content\/uploads\/2018\/03\/vozes_040119d_1.jpg","width":273,"height":181},{"@type":"WebPage","@id":"https:\/\/franciscanos.org.br\/noticias\/lancamento-politica-nos-tambem-sabemos-fazer.html#webpage","url":"https:\/\/franciscanos.org.br\/noticias\/lancamento-politica-nos-tambem-sabemos-fazer.html","name":"Lan\u00e7amento: &quot;Pol\u00edtica - N\u00f3s tamb\u00e9m sabemos fazer&quot; - Not\u00edcias - Franciscanos","isPartOf":{"@id":"https:\/\/franciscanos.org.br\/noticias\/#website"},"primaryImageOfPage":{"@id":"https:\/\/franciscanos.org.br\/noticias\/lancamento-politica-nos-tambem-sabemos-fazer.html#primaryimage"},"datePublished":"2018-03-12T03:45:26+00:00","dateModified":"2019-01-04T12:42:21+00:00","author":{"@id":"https:\/\/franciscanos.org.br\/noticias\/#\/schema\/person\/b38fbf43118f02820bd932f2e4b14ad3"},"breadcrumb":{"@id":"https:\/\/franciscanos.org.br\/noticias\/lancamento-politica-nos-tambem-sabemos-fazer.html#breadcrumb"},"inLanguage":"pt-BR","potentialAction":[{"@type":"ReadAction","target":["https:\/\/franciscanos.org.br\/noticias\/lancamento-politica-nos-tambem-sabemos-fazer.html"]}]},{"@type":"BreadcrumbList","@id":"https:\/\/franciscanos.org.br\/noticias\/lancamento-politica-nos-tambem-sabemos-fazer.html#breadcrumb","itemListElement":[{"@type":"ListItem","position":1,"name":"Home","item":"https:\/\/franciscanos.org.br\/noticias"},{"@type":"ListItem","position":2,"name":"Lan\u00e7amento: &quot;Pol\u00edtica &#8211; N\u00f3s tamb\u00e9m sabemos fazer&quot;"}]},{"@type":"Person","@id":"https:\/\/franciscanos.org.br\/noticias\/#\/schema\/person\/b38fbf43118f02820bd932f2e4b14ad3","name":"admin","image":{"@type":"ImageObject","inLanguage":"pt-BR","@id":"https:\/\/franciscanos.org.br\/noticias\/#\/schema\/person\/image\/","url":"https:\/\/secure.gravatar.com\/avatar\/e8495742d34d0ba6448ea1c628263b3e?s=96&d=mm&r=g","contentUrl":"https:\/\/secure.gravatar.com\/avatar\/e8495742d34d0ba6448ea1c628263b3e?s=96&d=mm&r=g","caption":"admin"},"url":"https:\/\/franciscanos.org.br\/noticias\/author\/admin"}]}},"_links":{"self":[{"href":"https:\/\/franciscanos.org.br\/noticias\/wp-json\/wp\/v2\/posts\/153055"}],"collection":[{"href":"https:\/\/franciscanos.org.br\/noticias\/wp-json\/wp\/v2\/posts"}],"about":[{"href":"https:\/\/franciscanos.org.br\/noticias\/wp-json\/wp\/v2\/types\/post"}],"author":[{"embeddable":true,"href":"https:\/\/franciscanos.org.br\/noticias\/wp-json\/wp\/v2\/users\/1"}],"replies":[{"embeddable":true,"href":"https:\/\/franciscanos.org.br\/noticias\/wp-json\/wp\/v2\/comments?post=153055"}],"version-history":[{"count":0,"href":"https:\/\/franciscanos.org.br\/noticias\/wp-json\/wp\/v2\/posts\/153055\/revisions"}],"wp:featuredmedia":[{"embeddable":true,"href":"https:\/\/franciscanos.org.br\/noticias\/wp-json\/wp\/v2\/media\/193995"}],"wp:attachment":[{"href":"https:\/\/franciscanos.org.br\/noticias\/wp-json\/wp\/v2\/media?parent=153055"}],"wp:term":[{"taxonomy":"category","embeddable":true,"href":"https:\/\/franciscanos.org.br\/noticias\/wp-json\/wp\/v2\/categories?post=153055"},{"taxonomy":"post_tag","embeddable":true,"href":"https:\/\/franciscanos.org.br\/noticias\/wp-json\/wp\/v2\/tags?post=153055"}],"curies":[{"name":"wp","href":"https:\/\/api.w.org\/{rel}","templated":true}]}}