{"id":153004,"date":"2018-02-27T11:17:13","date_gmt":"2018-02-27T14:17:13","guid":{"rendered":"http:\/\/franciscanos.org.br\/?p=153004"},"modified":"2019-02-27T11:57:34","modified_gmt":"2019-02-27T14:57:34","slug":"presidente-da-cnbb-lamenta-agressividade-nas-redes-sociais","status":"publish","type":"post","link":"https:\/\/franciscanos.org.br\/noticias\/presidente-da-cnbb-lamenta-agressividade-nas-redes-sociais.html","title":{"rendered":"CNBB lamenta agressividade nas redes sociais"},"content":{"rendered":"<p><img loading=\"lazy\" src=\"http:\/\/franciscanos.org.br\/wp-content\/uploads\/2018\/02\/cnbb_270218G.jpg\" alt=\"cnbb_270218G\" width=\"830\" height=\"400\" \/><br \/>\n<strong>Bras\u00edlia (DF) &#8211;<\/strong> \u201cEscutar a voz de Jesus implica em viver no amor fraterno\u201d. Este \u00e9 o ponto de partida da reflex\u00e3o apresentada pelo arcebispo de Bras\u00edlia (DF) e presidente da Confer\u00eancia Nacional dos Bispos do Brasil (CNBB), cardeal Sergio da Rocha, no folheto O Povo de Deus do \u00faltimo domingo, 25. No texto, dom Sergio lamenta que muitos cat\u00f3licos t\u00eam compartilhado e alimentado agressividade nas redes sociais e exorta: \u201c\u00c9 pecado grave usar o nome de Deus ou qualquer religi\u00e3o para praticar ou justificar a viol\u00eancia\u201d.<\/p>\n<p>Comentando o Evangelho do dia, sobre a Transfigura\u00e7\u00e3o do Senhor, dom Sergio destaca o convite do Pai para escutar a voz de Jesus e indica a Quaresma como \u201ctempo especial de convers\u00e3o em prepara\u00e7\u00e3o para a P\u00e1scoa\u201d, e que deve ser vivido atrav\u00e9s da caridade, como ensina a Igreja.<\/p>\n<p>A Campanha da Fraternidade (CF) est\u00e1 entre os principais meios de viv\u00eancia do amor ao pr\u00f3ximo na Quaresma, segundo o presidente da CNBB: \u201cEla \u00e9 um meio especial para a convers\u00e3o e a verdadeira caridade\u201d. Para dom Sergio, o lema \u201cV\u00f3s sois todos irm\u00e3os\u201d pretende contribuir para superar a viol\u00eancia e promover a paz.<\/p>\n<p>O cardeal ressalta que muitas iniciativas podem ser desenvolvidas para alcan\u00e7ar os objetivos da CF deste ano e que cada um pode dar a sua contribui\u00e7\u00e3o \u201cpara superar a viol\u00eancia e construir a fraternidade e paz nos ambientes em que vive\u201d. Mas lamenta a agressividade crescente \u201ccompartilhada e alimentada por muitos cat\u00f3licos nas redes sociais\u201d.<\/p>\n<p>\u201cDiga n\u00e3o \u00e0 viol\u00eancia nas redes sociais! N\u00e3o compartilhe conte\u00fados ofensivos e desrespeitosos. N\u00e3o participe de grupos de WhatsApp ou de outras redes sociais que disseminam fofocas, fazem linchamento moral e cr\u00edticas destrutivas, atingindo at\u00e9 mesmo a Igreja\u201d, conclama.<\/p>\n<p>Para o cardeal, \u00e9 lament\u00e1vel que haja pessoas ou grupos que se dizem crist\u00e3os ou cat\u00f3licos recorrendo \u00e0 viol\u00eancia para fazer valer a sua opini\u00e3o e interesses: \u201c\u00c9 pecado grave usar o nome de Deus ou qualquer religi\u00e3o para praticar ou justificar a viol\u00eancia\u201d, exorta.<\/p>\n<p>\u201cQuem escuta a voz de Jesus Cristo n\u00e3o alimenta, nem reproduz a viol\u00eancia disseminada na sociedade. Ao contr\u00e1rio, contribui para a paz, atrav\u00e9s do respeito e do di\u00e1logo, da miseric\u00f3rdia e do perd\u00e3o. Quem escuta a voz de Jesus testemunha a sua palavra \u201cV\u00f3s sois todos irm\u00e3os\u201d, jamais tratando o outro que pensa diferente como um inimigo a ser combatido, mas como um irm\u00e3o a ser amado, se necess\u00e1rio com a corre\u00e7\u00e3o fraterna e o perd\u00e3o. A paz \u00e9 dom de Deus a ser compartilhado nesta Quaresma\u201d, finaliza.<\/p>\n","protected":false},"excerpt":{"rendered":"<p>Nota oficial<\/p>\n","protected":false},"author":1,"featured_media":200726,"comment_status":"open","ping_status":"open","sticky":false,"template":"","format":"standard","meta":[],"categories":[1],"tags":[29],"acf":[],"yoast_head":"<!-- This site is optimized with the Yoast SEO plugin v19.2 - https:\/\/yoast.com\/wordpress\/plugins\/seo\/ -->\n<title>CNBB lamenta agressividade nas redes sociais - Not\u00edcias - Franciscanos<\/title>\n<meta name=\"robots\" content=\"index, follow, max-snippet:-1, max-image-preview:large, max-video-preview:-1\" \/>\n<link rel=\"canonical\" href=\"https:\/\/franciscanos.org.br\/noticias\/presidente-da-cnbb-lamenta-agressividade-nas-redes-sociais.html\" \/>\n<meta property=\"og:locale\" content=\"pt_BR\" \/>\n<meta property=\"og:type\" content=\"article\" \/>\n<meta property=\"og:title\" content=\"CNBB lamenta agressividade nas redes sociais - Not\u00edcias - Franciscanos\" \/>\n<meta property=\"og:description\" content=\"Nota oficial\" \/>\n<meta property=\"og:url\" content=\"https:\/\/franciscanos.org.br\/noticias\/presidente-da-cnbb-lamenta-agressividade-nas-redes-sociais.html\" \/>\n<meta property=\"og:site_name\" content=\"Not\u00edcias - Franciscanos\" \/>\n<meta property=\"article:published_time\" content=\"2018-02-27T14:17:13+00:00\" \/>\n<meta property=\"article:modified_time\" content=\"2019-02-27T14:57:34+00:00\" \/>\n<meta property=\"og:image\" content=\"https:\/\/franciscanos.org.br\/noticias\/wp-content\/uploads\/2018\/02\/cnbb_270218G.jpg\" \/>\n\t<meta property=\"og:image:width\" content=\"273\" \/>\n\t<meta property=\"og:image:height\" content=\"181\" \/>\n\t<meta property=\"og:image:type\" content=\"image\/jpeg\" \/>\n<meta name=\"author\" content=\"admin\" \/>\n<meta name=\"twitter:card\" content=\"summary_large_image\" \/>\n<meta name=\"twitter:label1\" content=\"Escrito por\" \/>\n\t<meta name=\"twitter:data1\" content=\"admin\" \/>\n\t<meta name=\"twitter:label2\" content=\"Est. tempo de leitura\" \/>\n\t<meta name=\"twitter:data2\" content=\"2 minutos\" \/>\n<script type=\"application\/ld+json\" class=\"yoast-schema-graph\">{\"@context\":\"https:\/\/schema.org\",\"@graph\":[{\"@type\":\"WebSite\",\"@id\":\"https:\/\/franciscanos.org.br\/noticias\/#website\",\"url\":\"https:\/\/franciscanos.org.br\/noticias\/\",\"name\":\"Not\u00edcias - Franciscanos\",\"description\":\"Prov\u00edncia Franciscana da Imaculada Concei\u00e7\u00e3o do Brasil - Ordem dos Frades Menores - OFM\",\"potentialAction\":[{\"@type\":\"SearchAction\",\"target\":{\"@type\":\"EntryPoint\",\"urlTemplate\":\"https:\/\/franciscanos.org.br\/noticias\/?s={search_term_string}\"},\"query-input\":\"required name=search_term_string\"}],\"inLanguage\":\"pt-BR\"},{\"@type\":\"ImageObject\",\"inLanguage\":\"pt-BR\",\"@id\":\"https:\/\/franciscanos.org.br\/noticias\/presidente-da-cnbb-lamenta-agressividade-nas-redes-sociais.html#primaryimage\",\"url\":\"https:\/\/franciscanos.org.br\/noticias\/wp-content\/uploads\/2018\/02\/cnbb_270218G.jpg\",\"contentUrl\":\"https:\/\/franciscanos.org.br\/noticias\/wp-content\/uploads\/2018\/02\/cnbb_270218G.jpg\",\"width\":273,\"height\":181},{\"@type\":\"WebPage\",\"@id\":\"https:\/\/franciscanos.org.br\/noticias\/presidente-da-cnbb-lamenta-agressividade-nas-redes-sociais.html#webpage\",\"url\":\"https:\/\/franciscanos.org.br\/noticias\/presidente-da-cnbb-lamenta-agressividade-nas-redes-sociais.html\",\"name\":\"CNBB lamenta agressividade nas redes sociais - Not\u00edcias - Franciscanos\",\"isPartOf\":{\"@id\":\"https:\/\/franciscanos.org.br\/noticias\/#website\"},\"primaryImageOfPage\":{\"@id\":\"https:\/\/franciscanos.org.br\/noticias\/presidente-da-cnbb-lamenta-agressividade-nas-redes-sociais.html#primaryimage\"},\"datePublished\":\"2018-02-27T14:17:13+00:00\",\"dateModified\":\"2019-02-27T14:57:34+00:00\",\"author\":{\"@id\":\"https:\/\/franciscanos.org.br\/noticias\/#\/schema\/person\/b38fbf43118f02820bd932f2e4b14ad3\"},\"breadcrumb\":{\"@id\":\"https:\/\/franciscanos.org.br\/noticias\/presidente-da-cnbb-lamenta-agressividade-nas-redes-sociais.html#breadcrumb\"},\"inLanguage\":\"pt-BR\",\"potentialAction\":[{\"@type\":\"ReadAction\",\"target\":[\"https:\/\/franciscanos.org.br\/noticias\/presidente-da-cnbb-lamenta-agressividade-nas-redes-sociais.html\"]}]},{\"@type\":\"BreadcrumbList\",\"@id\":\"https:\/\/franciscanos.org.br\/noticias\/presidente-da-cnbb-lamenta-agressividade-nas-redes-sociais.html#breadcrumb\",\"itemListElement\":[{\"@type\":\"ListItem\",\"position\":1,\"name\":\"Home\",\"item\":\"https:\/\/franciscanos.org.br\/noticias\"},{\"@type\":\"ListItem\",\"position\":2,\"name\":\"CNBB lamenta agressividade nas redes sociais\"}]},{\"@type\":\"Person\",\"@id\":\"https:\/\/franciscanos.org.br\/noticias\/#\/schema\/person\/b38fbf43118f02820bd932f2e4b14ad3\",\"name\":\"admin\",\"image\":{\"@type\":\"ImageObject\",\"inLanguage\":\"pt-BR\",\"@id\":\"https:\/\/franciscanos.org.br\/noticias\/#\/schema\/person\/image\/\",\"url\":\"https:\/\/secure.gravatar.com\/avatar\/e8495742d34d0ba6448ea1c628263b3e?s=96&d=mm&r=g\",\"contentUrl\":\"https:\/\/secure.gravatar.com\/avatar\/e8495742d34d0ba6448ea1c628263b3e?s=96&d=mm&r=g\",\"caption\":\"admin\"},\"url\":\"https:\/\/franciscanos.org.br\/noticias\/author\/admin\"}]}<\/script>\n<!-- \/ Yoast SEO plugin. -->","yoast_head_json":{"title":"CNBB lamenta agressividade nas redes sociais - Not\u00edcias - Franciscanos","robots":{"index":"index","follow":"follow","max-snippet":"max-snippet:-1","max-image-preview":"max-image-preview:large","max-video-preview":"max-video-preview:-1"},"canonical":"https:\/\/franciscanos.org.br\/noticias\/presidente-da-cnbb-lamenta-agressividade-nas-redes-sociais.html","og_locale":"pt_BR","og_type":"article","og_title":"CNBB lamenta agressividade nas redes sociais - Not\u00edcias - Franciscanos","og_description":"Nota oficial","og_url":"https:\/\/franciscanos.org.br\/noticias\/presidente-da-cnbb-lamenta-agressividade-nas-redes-sociais.html","og_site_name":"Not\u00edcias - Franciscanos","article_published_time":"2018-02-27T14:17:13+00:00","article_modified_time":"2019-02-27T14:57:34+00:00","og_image":[{"width":273,"height":181,"url":"https:\/\/franciscanos.org.br\/noticias\/wp-content\/uploads\/2018\/02\/cnbb_270218G.jpg","type":"image\/jpeg"}],"author":"admin","twitter_card":"summary_large_image","twitter_misc":{"Escrito por":"admin","Est. tempo de leitura":"2 minutos"},"schema":{"@context":"https:\/\/schema.org","@graph":[{"@type":"WebSite","@id":"https:\/\/franciscanos.org.br\/noticias\/#website","url":"https:\/\/franciscanos.org.br\/noticias\/","name":"Not\u00edcias - Franciscanos","description":"Prov\u00edncia Franciscana da Imaculada Concei\u00e7\u00e3o do Brasil - Ordem dos Frades Menores - OFM","potentialAction":[{"@type":"SearchAction","target":{"@type":"EntryPoint","urlTemplate":"https:\/\/franciscanos.org.br\/noticias\/?s={search_term_string}"},"query-input":"required name=search_term_string"}],"inLanguage":"pt-BR"},{"@type":"ImageObject","inLanguage":"pt-BR","@id":"https:\/\/franciscanos.org.br\/noticias\/presidente-da-cnbb-lamenta-agressividade-nas-redes-sociais.html#primaryimage","url":"https:\/\/franciscanos.org.br\/noticias\/wp-content\/uploads\/2018\/02\/cnbb_270218G.jpg","contentUrl":"https:\/\/franciscanos.org.br\/noticias\/wp-content\/uploads\/2018\/02\/cnbb_270218G.jpg","width":273,"height":181},{"@type":"WebPage","@id":"https:\/\/franciscanos.org.br\/noticias\/presidente-da-cnbb-lamenta-agressividade-nas-redes-sociais.html#webpage","url":"https:\/\/franciscanos.org.br\/noticias\/presidente-da-cnbb-lamenta-agressividade-nas-redes-sociais.html","name":"CNBB lamenta agressividade nas redes sociais - Not\u00edcias - Franciscanos","isPartOf":{"@id":"https:\/\/franciscanos.org.br\/noticias\/#website"},"primaryImageOfPage":{"@id":"https:\/\/franciscanos.org.br\/noticias\/presidente-da-cnbb-lamenta-agressividade-nas-redes-sociais.html#primaryimage"},"datePublished":"2018-02-27T14:17:13+00:00","dateModified":"2019-02-27T14:57:34+00:00","author":{"@id":"https:\/\/franciscanos.org.br\/noticias\/#\/schema\/person\/b38fbf43118f02820bd932f2e4b14ad3"},"breadcrumb":{"@id":"https:\/\/franciscanos.org.br\/noticias\/presidente-da-cnbb-lamenta-agressividade-nas-redes-sociais.html#breadcrumb"},"inLanguage":"pt-BR","potentialAction":[{"@type":"ReadAction","target":["https:\/\/franciscanos.org.br\/noticias\/presidente-da-cnbb-lamenta-agressividade-nas-redes-sociais.html"]}]},{"@type":"BreadcrumbList","@id":"https:\/\/franciscanos.org.br\/noticias\/presidente-da-cnbb-lamenta-agressividade-nas-redes-sociais.html#breadcrumb","itemListElement":[{"@type":"ListItem","position":1,"name":"Home","item":"https:\/\/franciscanos.org.br\/noticias"},{"@type":"ListItem","position":2,"name":"CNBB lamenta agressividade nas redes sociais"}]},{"@type":"Person","@id":"https:\/\/franciscanos.org.br\/noticias\/#\/schema\/person\/b38fbf43118f02820bd932f2e4b14ad3","name":"admin","image":{"@type":"ImageObject","inLanguage":"pt-BR","@id":"https:\/\/franciscanos.org.br\/noticias\/#\/schema\/person\/image\/","url":"https:\/\/secure.gravatar.com\/avatar\/e8495742d34d0ba6448ea1c628263b3e?s=96&d=mm&r=g","contentUrl":"https:\/\/secure.gravatar.com\/avatar\/e8495742d34d0ba6448ea1c628263b3e?s=96&d=mm&r=g","caption":"admin"},"url":"https:\/\/franciscanos.org.br\/noticias\/author\/admin"}]}},"_links":{"self":[{"href":"https:\/\/franciscanos.org.br\/noticias\/wp-json\/wp\/v2\/posts\/153004"}],"collection":[{"href":"https:\/\/franciscanos.org.br\/noticias\/wp-json\/wp\/v2\/posts"}],"about":[{"href":"https:\/\/franciscanos.org.br\/noticias\/wp-json\/wp\/v2\/types\/post"}],"author":[{"embeddable":true,"href":"https:\/\/franciscanos.org.br\/noticias\/wp-json\/wp\/v2\/users\/1"}],"replies":[{"embeddable":true,"href":"https:\/\/franciscanos.org.br\/noticias\/wp-json\/wp\/v2\/comments?post=153004"}],"version-history":[{"count":0,"href":"https:\/\/franciscanos.org.br\/noticias\/wp-json\/wp\/v2\/posts\/153004\/revisions"}],"wp:featuredmedia":[{"embeddable":true,"href":"https:\/\/franciscanos.org.br\/noticias\/wp-json\/wp\/v2\/media\/200726"}],"wp:attachment":[{"href":"https:\/\/franciscanos.org.br\/noticias\/wp-json\/wp\/v2\/media?parent=153004"}],"wp:term":[{"taxonomy":"category","embeddable":true,"href":"https:\/\/franciscanos.org.br\/noticias\/wp-json\/wp\/v2\/categories?post=153004"},{"taxonomy":"post_tag","embeddable":true,"href":"https:\/\/franciscanos.org.br\/noticias\/wp-json\/wp\/v2\/tags?post=153004"}],"curies":[{"name":"wp","href":"https:\/\/api.w.org\/{rel}","templated":true}]}}